{"id":8635,"date":"2016-10-21T01:26:45","date_gmt":"2016-10-21T01:26:45","guid":{"rendered":"http:\/\/osnovnaskolakrk.hr\/malinska\/?p=8635"},"modified":"2017-02-27T23:52:44","modified_gmt":"2017-02-27T23:52:44","slug":"prica-o-jabuci-kraljici-voca","status":"publish","type":"post","link":"https:\/\/osnovnaskolamalinskadubasnica.hr\/?p=8635","title":{"rendered":"Pri\u010da o jabuci, kraljici vo\u0107a"},"content":{"rendered":"<p style=\"text-align: justify;\"><a href=\"http:\/\/osnovnaskolamalinskadubasnica.hr\/wp-content\/uploads\/dan-jabuka.jpg\" data-rel=\"lightbox-image-0\" data-rl_title=\"\" data-rl_caption=\"\" title=\"\"><img loading=\"lazy\" decoding=\"async\" class=\"alignleft wp-image-8636\" src=\"http:\/\/osnovnaskolamalinskadubasnica.hr\/wp-content\/uploads\/dan-jabuka.jpg\" width=\"272\" height=\"163\" srcset=\"https:\/\/osnovnaskolamalinskadubasnica.hr\/wp-content\/uploads\/dan-jabuka.jpg 759w, https:\/\/osnovnaskolamalinskadubasnica.hr\/wp-content\/uploads\/dan-jabuka-250x150.jpg 250w\" sizes=\"auto, (max-width: 272px) 100vw, 272px\" \/><\/a><span style=\"color: #000000;\">Izradiv\u0161i prekrasnu veliku jabuku u tehnici ka\u0161iranja papira, u\u010denici iz produ\u017eenog boravka sa svojim u\u010diteljicama Ivanom i Sanjom, obilje\u017eili su Svjetski dan jabuka. ?<\/span><\/p>\n<p style=\"text-align: justify;\"><em><!--more--><\/em><\/p>\n<p style=\"text-align: justify;\"><span style=\"color: #000000;\">Svjetski dan jabuka obilje\u017eava se u Hrvatskoj 20. listopada, a prvi se puta obilje\u017eio 1900. godine u Engleskoj u organizaciji Common Ground i vrlo brzo su ga prihvatile brojne druge zemlje diljem svijeta.<\/span><\/p>\n<p style=\"text-align: justify;\"><a href=\"http:\/\/osnovnaskolamalinskadubasnica.hr\/wp-content\/uploads\/jabuke-02.jpg\" data-rel=\"lightbox-image-1\" data-rl_title=\"\" data-rl_caption=\"\" title=\"\"><img loading=\"lazy\" decoding=\"async\" class=\"alignright wp-image-8637\" src=\"http:\/\/osnovnaskolamalinskadubasnica.hr\/wp-content\/uploads\/jabuke-02.jpg\" width=\"300\" height=\"294\" srcset=\"https:\/\/osnovnaskolamalinskadubasnica.hr\/wp-content\/uploads\/jabuke-02.jpg 850w, https:\/\/osnovnaskolamalinskadubasnica.hr\/wp-content\/uploads\/jabuke-02-768x754.jpg 768w, https:\/\/osnovnaskolamalinskadubasnica.hr\/wp-content\/uploads\/jabuke-02-250x245.jpg 250w\" sizes=\"auto, (max-width: 300px) 100vw, 300px\" \/><\/a><span style=\"color: #000000;\">Jabuka je porijeklom iz Azije, a prvotno je uzgajana u Turskoj i Kavkazu odakle se pro\u0161irila po Europi. Uzgajali su je stari Feni\u010dani, Grci i Rimljani. Aleksandar veliki ju je donio u Gr\u010dku oko 300 g. p. n. e., a Karlo Veliki naredio je sadnju jabuka u frana\u010dkim zemljama oko 800. godine. Na ameri\u010dki kontinent, jabuka je doputovala oko 1600. godine sa engleskim kolonizatorima. <\/span><\/p>\n<p style=\"text-align: justify;\"><span style=\"color: #000000;\">Ljudi su jabuku rado prihvatili u svojoj prehrani i ona je vrlo brzo postala kraljica vo\u0107a. Oduvijek je bila vrlo cijenjena zbog svoje arome, slatko\u0107e i ljepote, ali i zato \u0161to je jako dobra za na\u0161e zdravlje.\u00a0<\/span><\/p>\n<p style=\"text-align: justify;\"><span style=\"color: #000000;\">Jabuka pripada rodu iz porodice ru\u017ea. Njezini bijeli ili ru\u017ei\u010dasti cvjetovi cvatu u travnju ili svibnju. I ba\u0161 zbog toga \u0161to cvate kasnije u prolje\u0107e, kada vi\u0161e nema smrzavanja, drvo jabuke raste i u hladnijim krajevima. 1600. godine bilo je poznato oko 200 sorti, a danas se uzgaja \u010dak 8000 razli\u010ditih sorti jabuka u svim nijansama crvene, zelene i \u017eute boje. Iako se najvi\u0161e jede svje\u017ea, rado je upotrebljavamo u kuhanju i pripremi kola\u010da.<\/span><\/p>\n<p style=\"text-align: justify;\"><span style=\"color: #000000;\">Neka vas prekrasna crvena jabuka koju su izradili na\u0161i u\u010denici iz produ\u017eenog boravka, podsjeti da \u0161to vi\u0161e u\u017eivate u ovom slatkom, mirisnom i zdravom vo\u0107u. \ud83d\ude42<\/span><\/p>\n<p style=\"text-align: justify;\"><strong><span style=\"color: #800000;\">FOTOGALERIJA:<\/span><\/strong><\/p>\n<div id='gallery-1' class='gallery galleryid-8635 gallery-columns-3 gallery-size-thumbnail'><dl class='gallery-item'>\n\t\t\t<dt class='gallery-icon portrait'>\n\t\t\t\t<a href='https:\/\/osnovnaskolamalinskadubasnica.hr\/wp-content\/uploads\/jabuke-04.jpg' title=\"\" data-rl_title=\"\" class=\"rl-gallery-link\" data-rl_caption=\"\" data-rel=\"lightbox-gallery-1\"><img loading=\"lazy\" decoding=\"async\" width=\"150\" height=\"150\" src=\"https:\/\/osnovnaskolamalinskadubasnica.hr\/wp-content\/uploads\/jabuke-04-150x150.jpg\" class=\"attachment-thumbnail size-thumbnail\" alt=\"\" \/><\/a>\n\t\t\t<\/dt><\/dl><dl class='gallery-item'>\n\t\t\t<dt class='gallery-icon landscape'>\n\t\t\t\t<a href='https:\/\/osnovnaskolamalinskadubasnica.hr\/wp-content\/uploads\/jabuke-05.jpg' title=\"\" data-rl_title=\"\" class=\"rl-gallery-link\" data-rl_caption=\"\" data-rel=\"lightbox-gallery-1\"><img loading=\"lazy\" decoding=\"async\" width=\"150\" height=\"150\" src=\"https:\/\/osnovnaskolamalinskadubasnica.hr\/wp-content\/uploads\/jabuke-05-150x150.jpg\" class=\"attachment-thumbnail size-thumbnail\" alt=\"\" \/><\/a>\n\t\t\t<\/dt><\/dl><dl class='gallery-item'>\n\t\t\t<dt class='gallery-icon portrait'>\n\t\t\t\t<a href='https:\/\/osnovnaskolamalinskadubasnica.hr\/wp-content\/uploads\/jabuke-03.jpg' title=\"\" data-rl_title=\"\" class=\"rl-gallery-link\" data-rl_caption=\"\" data-rel=\"lightbox-gallery-1\"><img loading=\"lazy\" decoding=\"async\" width=\"150\" height=\"150\" src=\"https:\/\/osnovnaskolamalinskadubasnica.hr\/wp-content\/uploads\/jabuke-03-150x150.jpg\" class=\"attachment-thumbnail size-thumbnail\" alt=\"\" srcset=\"https:\/\/osnovnaskolamalinskadubasnica.hr\/wp-content\/uploads\/jabuke-03-150x150.jpg 150w, https:\/\/osnovnaskolamalinskadubasnica.hr\/wp-content\/uploads\/jabuke-03-510x509.jpg 510w\" sizes=\"auto, (max-width: 150px) 100vw, 150px\" \/><\/a>\n\t\t\t<\/dt><\/dl><br style=\"clear: both\" \/><dl class='gallery-item'>\n\t\t\t<dt class='gallery-icon portrait'>\n\t\t\t\t<a href='https:\/\/osnovnaskolamalinskadubasnica.hr\/wp-content\/uploads\/image-0-02-05-dc4fc92f64efabcb89ccbd9001796431e4f93c8a1215b04121251ba201b72c22-V.jpg' title=\"\" data-rl_title=\"\" class=\"rl-gallery-link\" data-rl_caption=\"\" data-rel=\"lightbox-gallery-1\"><img loading=\"lazy\" decoding=\"async\" width=\"150\" height=\"150\" src=\"https:\/\/osnovnaskolamalinskadubasnica.hr\/wp-content\/uploads\/image-0-02-05-dc4fc92f64efabcb89ccbd9001796431e4f93c8a1215b04121251ba201b72c22-V-150x150.jpg\" class=\"attachment-thumbnail size-thumbnail\" alt=\"\" \/><\/a>\n\t\t\t<\/dt><\/dl><dl class='gallery-item'>\n\t\t\t<dt class='gallery-icon landscape'>\n\t\t\t\t<a href='https:\/\/osnovnaskolamalinskadubasnica.hr\/wp-content\/uploads\/jabuke-02.jpg' title=\"\" data-rl_title=\"\" class=\"rl-gallery-link\" data-rl_caption=\"\" data-rel=\"lightbox-gallery-1\"><img loading=\"lazy\" decoding=\"async\" width=\"150\" height=\"150\" src=\"https:\/\/osnovnaskolamalinskadubasnica.hr\/wp-content\/uploads\/jabuke-02-150x150.jpg\" class=\"attachment-thumbnail size-thumbnail\" alt=\"\" \/><\/a>\n\t\t\t<\/dt><\/dl><dl class='gallery-item'>\n\t\t\t<dt class='gallery-icon landscape'>\n\t\t\t\t<a href='https:\/\/osnovnaskolamalinskadubasnica.hr\/wp-content\/uploads\/dan-jabuka.jpg' title=\"\" data-rl_title=\"\" class=\"rl-gallery-link\" data-rl_caption=\"\" data-rel=\"lightbox-gallery-1\"><img loading=\"lazy\" decoding=\"async\" width=\"150\" height=\"150\" src=\"https:\/\/osnovnaskolamalinskadubasnica.hr\/wp-content\/uploads\/dan-jabuka-150x150.jpg\" class=\"attachment-thumbnail size-thumbnail\" alt=\"\" \/><\/a>\n\t\t\t<\/dt><\/dl><br style=\"clear: both\" \/>\n\t\t<\/div>\n\n","protected":false},"excerpt":{"rendered":"<p>Izradiv\u0161i prekrasnu veliku jabuku u tehnici ka\u0161iranja papira, u\u010denici iz produ\u017eenog boravka sa svojim u\u010diteljicama Ivanom i Sanjom, obilje\u017eili su Svjetski dan jabuka. ?<\/p>\n","protected":false},"author":1,"featured_media":0,"comment_status":"closed","ping_status":"closed","sticky":false,"template":"","format":"standard","meta":{"footnotes":""},"categories":[242,120,154,9,102],"tags":[493,490,494,477,491,492,543,544,489],"class_list":["post-8635","post","type-post","status-publish","format-standard","hentry","category-cuvari-prirode","category-kalendar-2","category-kreativac","category-vijesti","category-zanimljivosti-2","tag-ivana-miskovic","tag-jabuka","tag-kasiranje-papira","tag-osnovna-skola-malinska","tag-produzeni-boravak","tag-sanja-spalj","tag-skola-dubasnica","tag-skola-malinska","tag-svjetski-dan-jabuke"],"yoast_head":"<!-- This site is optimized with the Yoast SEO plugin v27.5 - https:\/\/yoast.com\/product\/yoast-seo-wordpress\/ -->\n<title>Pri\u010da o jabuci, kraljici vo\u0107a - Osnovna \u0161kola Malinska-Duba\u0161nica<\/title>\n<meta name=\"robots\" content=\"index, follow, max-snippet:-1, max-image-preview:large, max-video-preview:-1\" \/>\n<link rel=\"canonical\" href=\"https:\/\/osnovnaskolamalinskadubasnica.hr\/?p=8635\" \/>\n<meta property=\"og:locale\" content=\"hr_HR\" \/>\n<meta property=\"og:type\" content=\"article\" \/>\n<meta property=\"og:title\" content=\"Pri\u010da o jabuci, kraljici vo\u0107a - Osnovna \u0161kola Malinska-Duba\u0161nica\" \/>\n<meta property=\"og:description\" content=\"Izradiv\u0161i prekrasnu veliku jabuku u tehnici ka\u0161iranja papira, u\u010denici iz produ\u017eenog boravka sa svojim u\u010diteljicama Ivanom i Sanjom, obilje\u017eili su Svjetski dan jabuka. ?\" \/>\n<meta property=\"og:url\" content=\"https:\/\/osnovnaskolamalinskadubasnica.hr\/?p=8635\" \/>\n<meta property=\"og:site_name\" content=\"Osnovna \u0161kola Malinska-Duba\u0161nica\" \/>\n<meta property=\"article:publisher\" content=\"https:\/\/www.facebook.com\/osmalinskadubasnica\/\" \/>\n<meta property=\"article:published_time\" content=\"2016-10-21T01:26:45+00:00\" \/>\n<meta property=\"article:modified_time\" content=\"2017-02-27T23:52:44+00:00\" \/>\n<meta property=\"og:image\" content=\"https:\/\/osnovnaskolamalinskadubasnica.hr\/wp-content\/uploads\/jabuke-04-150x150.jpg\" \/>\n<meta name=\"author\" content=\"O\u0160 Malinska-Duba\u0161nica\" \/>\n<meta name=\"twitter:card\" content=\"summary_large_image\" \/>\n<meta name=\"twitter:label1\" content=\"Napisao\/la\" \/>\n\t<meta name=\"twitter:data1\" content=\"O\u0160 Malinska-Duba\u0161nica\" \/>\n\t<meta name=\"twitter:label2\" content=\"Procijenjeno vrijeme \u010ditanja\" \/>\n\t<meta name=\"twitter:data2\" content=\"1 minuta\" \/>\n<script type=\"application\/ld+json\" class=\"yoast-schema-graph\">{\"@context\":\"https:\\\/\\\/schema.org\",\"@graph\":[{\"@type\":\"Article\",\"@id\":\"https:\\\/\\\/osnovnaskolamalinskadubasnica.hr\\\/?p=8635#article\",\"isPartOf\":{\"@id\":\"https:\\\/\\\/osnovnaskolamalinskadubasnica.hr\\\/?p=8635\"},\"author\":{\"name\":\"O\u0160 Malinska-Duba\u0161nica\",\"@id\":\"http:\\\/\\\/osnovnaskolamalinskadubasnica.hr\\\/#\\\/schema\\\/person\\\/ab4ffae0c646af016b083db5e2445e8f\"},\"headline\":\"Pri\u010da o jabuci, kraljici vo\u0107a\",\"datePublished\":\"2016-10-21T01:26:45+00:00\",\"dateModified\":\"2017-02-27T23:52:44+00:00\",\"mainEntityOfPage\":{\"@id\":\"https:\\\/\\\/osnovnaskolamalinskadubasnica.hr\\\/?p=8635\"},\"wordCount\":289,\"image\":{\"@id\":\"https:\\\/\\\/osnovnaskolamalinskadubasnica.hr\\\/?p=8635#primaryimage\"},\"thumbnailUrl\":\"http:\\\/\\\/osnovnaskolamalinskadubasnica.hr\\\/wp-content\\\/uploads\\\/dan-jabuka.jpg\",\"keywords\":[\"Ivana Mi\u0161kovi\u0107\",\"jabuka\",\"ka\u0161iranje papira\",\"Osnovna \u0161kola Malinska\",\"produ\u017eeni boravak\",\"Sanja \u0160palj\",\"\u0160kola Duba\u0161nica\",\"\u0161kola Malinska\",\"svjetski dan jabuke\"],\"articleSection\":[\"\u010cuvari prirode\",\"Kalendar\",\"Kreativac\",\"Vijesti\",\"Zanimljivosti\"],\"inLanguage\":\"hr\"},{\"@type\":\"WebPage\",\"@id\":\"https:\\\/\\\/osnovnaskolamalinskadubasnica.hr\\\/?p=8635\",\"url\":\"https:\\\/\\\/osnovnaskolamalinskadubasnica.hr\\\/?p=8635\",\"name\":\"Pri\u010da o jabuci, kraljici vo\u0107a - Osnovna \u0161kola Malinska-Duba\u0161nica\",\"isPartOf\":{\"@id\":\"http:\\\/\\\/osnovnaskolamalinskadubasnica.hr\\\/#website\"},\"primaryImageOfPage\":{\"@id\":\"https:\\\/\\\/osnovnaskolamalinskadubasnica.hr\\\/?p=8635#primaryimage\"},\"image\":{\"@id\":\"https:\\\/\\\/osnovnaskolamalinskadubasnica.hr\\\/?p=8635#primaryimage\"},\"thumbnailUrl\":\"http:\\\/\\\/osnovnaskolamalinskadubasnica.hr\\\/wp-content\\\/uploads\\\/dan-jabuka.jpg\",\"datePublished\":\"2016-10-21T01:26:45+00:00\",\"dateModified\":\"2017-02-27T23:52:44+00:00\",\"author\":{\"@id\":\"http:\\\/\\\/osnovnaskolamalinskadubasnica.hr\\\/#\\\/schema\\\/person\\\/ab4ffae0c646af016b083db5e2445e8f\"},\"breadcrumb\":{\"@id\":\"https:\\\/\\\/osnovnaskolamalinskadubasnica.hr\\\/?p=8635#breadcrumb\"},\"inLanguage\":\"hr\",\"potentialAction\":[{\"@type\":\"ReadAction\",\"target\":[\"https:\\\/\\\/osnovnaskolamalinskadubasnica.hr\\\/?p=8635\"]}]},{\"@type\":\"ImageObject\",\"inLanguage\":\"hr\",\"@id\":\"https:\\\/\\\/osnovnaskolamalinskadubasnica.hr\\\/?p=8635#primaryimage\",\"url\":\"https:\\\/\\\/osnovnaskolamalinskadubasnica.hr\\\/wp-content\\\/uploads\\\/dan-jabuka.jpg\",\"contentUrl\":\"https:\\\/\\\/osnovnaskolamalinskadubasnica.hr\\\/wp-content\\\/uploads\\\/dan-jabuka.jpg\",\"width\":759,\"height\":456},{\"@type\":\"BreadcrumbList\",\"@id\":\"https:\\\/\\\/osnovnaskolamalinskadubasnica.hr\\\/?p=8635#breadcrumb\",\"itemListElement\":[{\"@type\":\"ListItem\",\"position\":1,\"name\":\"Po\u010detna stranica\",\"item\":\"http:\\\/\\\/osnovnaskolamalinskadubasnica.hr\\\/\"},{\"@type\":\"ListItem\",\"position\":2,\"name\":\"Pri\u010da o jabuci, kraljici vo\u0107a\"}]},{\"@type\":\"WebSite\",\"@id\":\"http:\\\/\\\/osnovnaskolamalinskadubasnica.hr\\\/#website\",\"url\":\"http:\\\/\\\/osnovnaskolamalinskadubasnica.hr\\\/\",\"name\":\"Osnovna \u0161kola Malinska-Duba\u0161nica\",\"description\":\"\",\"potentialAction\":[{\"@type\":\"SearchAction\",\"target\":{\"@type\":\"EntryPoint\",\"urlTemplate\":\"http:\\\/\\\/osnovnaskolamalinskadubasnica.hr\\\/?s={search_term_string}\"},\"query-input\":{\"@type\":\"PropertyValueSpecification\",\"valueRequired\":true,\"valueName\":\"search_term_string\"}}],\"inLanguage\":\"hr\"},{\"@type\":\"Person\",\"@id\":\"http:\\\/\\\/osnovnaskolamalinskadubasnica.hr\\\/#\\\/schema\\\/person\\\/ab4ffae0c646af016b083db5e2445e8f\",\"name\":\"O\u0160 Malinska-Duba\u0161nica\",\"url\":\"https:\\\/\\\/osnovnaskolamalinskadubasnica.hr\\\/?author=1\"}]}<\/script>\n<!-- \/ Yoast SEO plugin. -->","yoast_head_json":{"title":"Pri\u010da o jabuci, kraljici vo\u0107a - Osnovna \u0161kola Malinska-Duba\u0161nica","robots":{"index":"index","follow":"follow","max-snippet":"max-snippet:-1","max-image-preview":"max-image-preview:large","max-video-preview":"max-video-preview:-1"},"canonical":"https:\/\/osnovnaskolamalinskadubasnica.hr\/?p=8635","og_locale":"hr_HR","og_type":"article","og_title":"Pri\u010da o jabuci, kraljici vo\u0107a - Osnovna \u0161kola Malinska-Duba\u0161nica","og_description":"Izradiv\u0161i prekrasnu veliku jabuku u tehnici ka\u0161iranja papira, u\u010denici iz produ\u017eenog boravka sa svojim u\u010diteljicama Ivanom i Sanjom, obilje\u017eili su Svjetski dan jabuka. ?","og_url":"https:\/\/osnovnaskolamalinskadubasnica.hr\/?p=8635","og_site_name":"Osnovna \u0161kola Malinska-Duba\u0161nica","article_publisher":"https:\/\/www.facebook.com\/osmalinskadubasnica\/","article_published_time":"2016-10-21T01:26:45+00:00","article_modified_time":"2017-02-27T23:52:44+00:00","og_image":[{"url":"https:\/\/osnovnaskolamalinskadubasnica.hr\/wp-content\/uploads\/jabuke-04-150x150.jpg","type":"","width":"","height":""}],"author":"O\u0160 Malinska-Duba\u0161nica","twitter_card":"summary_large_image","twitter_misc":{"Napisao\/la":"O\u0160 Malinska-Duba\u0161nica","Procijenjeno vrijeme \u010ditanja":"1 minuta"},"schema":{"@context":"https:\/\/schema.org","@graph":[{"@type":"Article","@id":"https:\/\/osnovnaskolamalinskadubasnica.hr\/?p=8635#article","isPartOf":{"@id":"https:\/\/osnovnaskolamalinskadubasnica.hr\/?p=8635"},"author":{"name":"O\u0160 Malinska-Duba\u0161nica","@id":"http:\/\/osnovnaskolamalinskadubasnica.hr\/#\/schema\/person\/ab4ffae0c646af016b083db5e2445e8f"},"headline":"Pri\u010da o jabuci, kraljici vo\u0107a","datePublished":"2016-10-21T01:26:45+00:00","dateModified":"2017-02-27T23:52:44+00:00","mainEntityOfPage":{"@id":"https:\/\/osnovnaskolamalinskadubasnica.hr\/?p=8635"},"wordCount":289,"image":{"@id":"https:\/\/osnovnaskolamalinskadubasnica.hr\/?p=8635#primaryimage"},"thumbnailUrl":"http:\/\/osnovnaskolamalinskadubasnica.hr\/wp-content\/uploads\/dan-jabuka.jpg","keywords":["Ivana Mi\u0161kovi\u0107","jabuka","ka\u0161iranje papira","Osnovna \u0161kola Malinska","produ\u017eeni boravak","Sanja \u0160palj","\u0160kola Duba\u0161nica","\u0161kola Malinska","svjetski dan jabuke"],"articleSection":["\u010cuvari prirode","Kalendar","Kreativac","Vijesti","Zanimljivosti"],"inLanguage":"hr"},{"@type":"WebPage","@id":"https:\/\/osnovnaskolamalinskadubasnica.hr\/?p=8635","url":"https:\/\/osnovnaskolamalinskadubasnica.hr\/?p=8635","name":"Pri\u010da o jabuci, kraljici vo\u0107a - Osnovna \u0161kola Malinska-Duba\u0161nica","isPartOf":{"@id":"http:\/\/osnovnaskolamalinskadubasnica.hr\/#website"},"primaryImageOfPage":{"@id":"https:\/\/osnovnaskolamalinskadubasnica.hr\/?p=8635#primaryimage"},"image":{"@id":"https:\/\/osnovnaskolamalinskadubasnica.hr\/?p=8635#primaryimage"},"thumbnailUrl":"http:\/\/osnovnaskolamalinskadubasnica.hr\/wp-content\/uploads\/dan-jabuka.jpg","datePublished":"2016-10-21T01:26:45+00:00","dateModified":"2017-02-27T23:52:44+00:00","author":{"@id":"http:\/\/osnovnaskolamalinskadubasnica.hr\/#\/schema\/person\/ab4ffae0c646af016b083db5e2445e8f"},"breadcrumb":{"@id":"https:\/\/osnovnaskolamalinskadubasnica.hr\/?p=8635#breadcrumb"},"inLanguage":"hr","potentialAction":[{"@type":"ReadAction","target":["https:\/\/osnovnaskolamalinskadubasnica.hr\/?p=8635"]}]},{"@type":"ImageObject","inLanguage":"hr","@id":"https:\/\/osnovnaskolamalinskadubasnica.hr\/?p=8635#primaryimage","url":"https:\/\/osnovnaskolamalinskadubasnica.hr\/wp-content\/uploads\/dan-jabuka.jpg","contentUrl":"https:\/\/osnovnaskolamalinskadubasnica.hr\/wp-content\/uploads\/dan-jabuka.jpg","width":759,"height":456},{"@type":"BreadcrumbList","@id":"https:\/\/osnovnaskolamalinskadubasnica.hr\/?p=8635#breadcrumb","itemListElement":[{"@type":"ListItem","position":1,"name":"Po\u010detna stranica","item":"http:\/\/osnovnaskolamalinskadubasnica.hr\/"},{"@type":"ListItem","position":2,"name":"Pri\u010da o jabuci, kraljici vo\u0107a"}]},{"@type":"WebSite","@id":"http:\/\/osnovnaskolamalinskadubasnica.hr\/#website","url":"http:\/\/osnovnaskolamalinskadubasnica.hr\/","name":"Osnovna \u0161kola Malinska-Duba\u0161nica","description":"","potentialAction":[{"@type":"SearchAction","target":{"@type":"EntryPoint","urlTemplate":"http:\/\/osnovnaskolamalinskadubasnica.hr\/?s={search_term_string}"},"query-input":{"@type":"PropertyValueSpecification","valueRequired":true,"valueName":"search_term_string"}}],"inLanguage":"hr"},{"@type":"Person","@id":"http:\/\/osnovnaskolamalinskadubasnica.hr\/#\/schema\/person\/ab4ffae0c646af016b083db5e2445e8f","name":"O\u0160 Malinska-Duba\u0161nica","url":"https:\/\/osnovnaskolamalinskadubasnica.hr\/?author=1"}]}},"_links":{"self":[{"href":"https:\/\/osnovnaskolamalinskadubasnica.hr\/index.php?rest_route=\/wp\/v2\/posts\/8635","targetHints":{"allow":["GET"]}}],"collection":[{"href":"https:\/\/osnovnaskolamalinskadubasnica.hr\/index.php?rest_route=\/wp\/v2\/posts"}],"about":[{"href":"https:\/\/osnovnaskolamalinskadubasnica.hr\/index.php?rest_route=\/wp\/v2\/types\/post"}],"author":[{"embeddable":true,"href":"https:\/\/osnovnaskolamalinskadubasnica.hr\/index.php?rest_route=\/wp\/v2\/users\/1"}],"replies":[{"embeddable":true,"href":"https:\/\/osnovnaskolamalinskadubasnica.hr\/index.php?rest_route=%2Fwp%2Fv2%2Fcomments&post=8635"}],"version-history":[{"count":4,"href":"https:\/\/osnovnaskolamalinskadubasnica.hr\/index.php?rest_route=\/wp\/v2\/posts\/8635\/revisions"}],"predecessor-version":[{"id":9275,"href":"https:\/\/osnovnaskolamalinskadubasnica.hr\/index.php?rest_route=\/wp\/v2\/posts\/8635\/revisions\/9275"}],"wp:attachment":[{"href":"https:\/\/osnovnaskolamalinskadubasnica.hr\/index.php?rest_route=%2Fwp%2Fv2%2Fmedia&parent=8635"}],"wp:term":[{"taxonomy":"category","embeddable":true,"href":"https:\/\/osnovnaskolamalinskadubasnica.hr\/index.php?rest_route=%2Fwp%2Fv2%2Fcategories&post=8635"},{"taxonomy":"post_tag","embeddable":true,"href":"https:\/\/osnovnaskolamalinskadubasnica.hr\/index.php?rest_route=%2Fwp%2Fv2%2Ftags&post=8635"}],"curies":[{"name":"wp","href":"https:\/\/api.w.org\/{rel}","templated":true}]}}