{"id":8547,"date":"2016-10-08T23:28:44","date_gmt":"2016-10-08T23:28:44","guid":{"rendered":"http:\/\/osnovnaskolakrk.hr\/malinska\/?p=8547"},"modified":"2017-02-22T15:28:46","modified_gmt":"2017-02-22T15:28:46","slug":"tiho-o-tiho-govori-mi-jesen","status":"publish","type":"post","link":"https:\/\/osnovnaskolamalinskadubasnica.hr\/?p=8547","title":{"rendered":"Tiho, o tiho govori mi jesen"},"content":{"rendered":"<p style=\"text-align: justify;\"><a href=\"http:\/\/osnovnaskolamalinskadubasnica.hr\/wp-content\/uploads\/Jesenko-i-Jesenka.jpg\" data-rel=\"lightbox-image-0\" data-rl_title=\"\" data-rl_caption=\"\" title=\"\"><img loading=\"lazy\" decoding=\"async\" class=\"alignleft wp-image-8548\" src=\"http:\/\/osnovnaskolamalinskadubasnica.hr\/wp-content\/uploads\/Jesenko-i-Jesenka.jpg\" width=\"272\" height=\"192\" srcset=\"https:\/\/osnovnaskolamalinskadubasnica.hr\/wp-content\/uploads\/Jesenko-i-Jesenka.jpg 850w, https:\/\/osnovnaskolamalinskadubasnica.hr\/wp-content\/uploads\/Jesenko-i-Jesenka-768x541.jpg 768w, https:\/\/osnovnaskolamalinskadubasnica.hr\/wp-content\/uploads\/Jesenko-i-Jesenka-720x509.jpg 720w, https:\/\/osnovnaskolamalinskadubasnica.hr\/wp-content\/uploads\/Jesenko-i-Jesenka-250x176.jpg 250w\" sizes=\"auto, (max-width: 272px) 100vw, 272px\" \/><\/a><span style=\"color: #000000;\">Malo koje godi\u0161nje doba pru\u017ea umjetnicima toliko inspiracije kao \u0161to to oduvijek, svojom ljepotom, \u010dini jesen. <\/span><span style=\"color: #000000;\">U nastavku, pogledajte izlo\u017ebu prekrasnih kola\u017ea koji nas na najljep\u0161i na\u010din, uz stihove poznatih hrvatskih pjesnika,\u00a0 pozivaju na jesensku \u0161etnju.<\/span><\/p>\n<p style=\"text-align: justify;\"><em><!--more--><\/em><\/p>\n<p style=\"text-align: justify;\"><span style=\"color: #000000;\">Ove zanimljive likovne radove u mje\u0161anoj tehnici izradili su u\u010denici 4.b razreda sa svojom u\u010diteljicom Jasenkom Znaor. Koristili su isklju\u010divo prirodne materijale, li\u0161\u0107e obojano u prekrasne jesenske boje i ostale plodove prirode.<\/span><\/p>\n<h3 style=\"text-align: justify;\"><a href=\"http:\/\/osnovnaskolamalinskadubasnica.hr\/wp-content\/uploads\/jesen-05.jpg\" data-rel=\"lightbox-image-1\" data-rl_title=\"\" data-rl_caption=\"\" title=\"\"><img loading=\"lazy\" decoding=\"async\" class=\"alignright wp-image-8554\" src=\"http:\/\/osnovnaskolamalinskadubasnica.hr\/wp-content\/uploads\/jesen-05.jpg\" width=\"300\" height=\"406\" srcset=\"https:\/\/osnovnaskolamalinskadubasnica.hr\/wp-content\/uploads\/jesen-05.jpg 607w, https:\/\/osnovnaskolamalinskadubasnica.hr\/wp-content\/uploads\/jesen-05-250x338.jpg 250w\" sizes=\"auto, (max-width: 300px) 100vw, 300px\" \/><\/a>Poznati hrvatski pjesnik <strong>Dobri\u0161a Cesari\u0107<\/strong> \u010desto je pisao o jeseni i njezinoj ljepoti kojom na \u010dudesan na\u010din doti\u010de prirodu.<\/h3>\n<p style=\"text-align: center;\"><strong><span style=\"color: #800000;\">JESEN<\/span><\/strong><\/p>\n<p style=\"text-align: center;\"><em><span style=\"color: #800000;\">Ona je tu. U tuzi ki\u0161e<\/span><\/em><br \/>\n<em><span style=\"color: #800000;\"> Po poljanama tiho hoda,<\/span><\/em><br \/>\n<em><span style=\"color: #800000;\"> I kuda sti\u017ee u vis di\u017ee<\/span><\/em><br \/>\n<em><span style=\"color: #800000;\"> Usplahirena jata roda&#8230;<\/span><\/em><\/p>\n<p style=\"text-align: center;\"><em><span style=\"color: #800000;\">Polako penje se u brda,<\/span><\/em><br \/>\n<em><span style=\"color: #800000;\"> A kuda pro\u0111e, njezin put<\/span><\/em><br \/>\n<em><span style=\"color: #800000;\"> Od otpalog je li\u0161\u0107a \u017eut.<\/span><\/em><br \/>\n<em><span style=\"color: #800000;\"> I u dol njime idu krda.<\/span><\/em><\/p>\n<h3 style=\"text-align: center;\"><em><span style=\"color: #800000;\">\u00a0<\/span><\/em><\/h3>\n<p style=\"text-align: center;\"><a href=\"http:\/\/osnovnaskolamalinskadubasnica.hr\/wp-content\/uploads\/jesen-07.jpg\" data-rel=\"lightbox-image-2\" data-rl_title=\"\" data-rl_caption=\"\" title=\"\"><img loading=\"lazy\" decoding=\"async\" class=\"alignleft wp-image-8556\" src=\"http:\/\/osnovnaskolamalinskadubasnica.hr\/wp-content\/uploads\/jesen-07.jpg\" width=\"300\" height=\"413\" srcset=\"https:\/\/osnovnaskolamalinskadubasnica.hr\/wp-content\/uploads\/jesen-07.jpg 612w, https:\/\/osnovnaskolamalinskadubasnica.hr\/wp-content\/uploads\/jesen-07-250x344.jpg 250w\" sizes=\"auto, (max-width: 300px) 100vw, 300px\" \/><\/a><em><span style=\"color: #800000;\">U jezero unese nemir, <\/span><\/em><br \/>\n<em><span style=\"color: #800000;\">I ne vidi\u0161 mu vi\u0161e dna,<\/span><\/em><br \/>\n<em><span style=\"color: #800000;\">A medvjed, koga putem sretne,<\/span><\/em><br \/>\n<em><span style=\"color: #800000;\">Odjednom za\u017eeli se sna.<\/span><\/em><\/p>\n<p style=\"text-align: center;\"><em><span style=\"color: #800000;\">A kada livadama dune<\/span><\/em><br \/>\n<em><span style=\"color: #800000;\"> Njen vjetar, uzbune se travke.<\/span><\/em><br \/>\n<em><span style=\"color: #800000;\"> U strni\u0161tima tu\u017eno \u0161u\u0161ti:<\/span><\/em><br \/>\n<em><span style=\"color: #800000;\"> To polja slute snijeg i \u010davke.<\/span><\/em><\/p>\n<p style=\"text-align: center;\"><em><span style=\"color: #800000;\"> Na cesti uveli se list<\/span><\/em><br \/>\n<em><span style=\"color: #800000;\"> U \u010dudu digo: gle, ja ska\u010dem!<\/span><\/em><br \/>\n<em><span style=\"color: #800000;\"> A \u010dovjek koji hoda drumom<\/span><\/em><br \/>\n<em><span style=\"color: #800000;\"> Zagrnuo se ogrta\u010dem.<\/span><\/em><\/p>\n<p style=\"text-align: center;\"><a href=\"http:\/\/osnovnaskolamalinskadubasnica.hr\/wp-content\/uploads\/jesen-06.jpg\" data-rel=\"lightbox-image-3\" data-rl_title=\"\" data-rl_caption=\"\" title=\"\"><img loading=\"lazy\" decoding=\"async\" class=\"alignright wp-image-8555\" src=\"http:\/\/osnovnaskolamalinskadubasnica.hr\/wp-content\/uploads\/jesen-06.jpg\" width=\"300\" height=\"386\" srcset=\"https:\/\/osnovnaskolamalinskadubasnica.hr\/wp-content\/uploads\/jesen-06.jpg 661w, https:\/\/osnovnaskolamalinskadubasnica.hr\/wp-content\/uploads\/jesen-06-250x321.jpg 250w\" sizes=\"auto, (max-width: 300px) 100vw, 300px\" \/><\/a><span style=\"color: #ffffff;\">.<\/span><\/p>\n<p style=\"text-align: center;\"><strong><span style=\"color: #800000;\">JESENJE JUTRO<\/span><\/strong><\/p>\n<p style=\"text-align: center;\"><em><span style=\"color: #800000;\">Obukoh se.<\/span><\/em><br \/>\n<em><span style=\"color: #800000;\">Prozoru pri\u0111oh,<\/span><\/em><br \/>\n<em><span style=\"color: #800000;\">a vani: jesen.<\/span><\/em><br \/>\n<em><span style=\"color: #800000;\">Moj prijatelj u\u0111e u mokrom kaputu<\/span><\/em><br \/>\n<em><span style=\"color: #800000;\">i cijelu mi sobu namiri\u0161e ki\u0161om.<\/span><\/em><br \/>\n<em><span style=\"color: #800000;\">Ne veli ni: zdravo!<\/span><\/em><br \/>\n<em><span style=\"color: #800000;\">Sjedne.<\/span><\/em><br \/>\n<em><span style=\"color: #800000;\">Zanesen<\/span><\/em><br \/>\n<em><span style=\"color: #800000;\">izusti: &#8220;Jesen&#8221;.<\/span><\/em><br \/>\n<em><span style=\"color: #800000;\">Ta rije\u010d je bila tako svje\u017ea<\/span><\/em><br \/>\n<em><span style=\"color: #800000;\">ko naran\u010da na grani<\/span><\/em><br \/>\n<em><span style=\"color: #800000;\">nakon ki\u0161e.<\/span><\/em><\/p>\n<h3 style=\"text-align: center;\"><a href=\"http:\/\/osnovnaskolamalinskadubasnica.hr\/wp-content\/uploads\/jesen-09.jpg\" data-rel=\"lightbox-image-4\" data-rl_title=\"\" data-rl_caption=\"\" title=\"\"><img loading=\"lazy\" decoding=\"async\" class=\"alignleft wp-image-8558\" src=\"http:\/\/osnovnaskolamalinskadubasnica.hr\/wp-content\/uploads\/jesen-09.jpg\" width=\"300\" height=\"394\" srcset=\"https:\/\/osnovnaskolamalinskadubasnica.hr\/wp-content\/uploads\/jesen-09.jpg 645w, https:\/\/osnovnaskolamalinskadubasnica.hr\/wp-content\/uploads\/jesen-09-250x328.jpg 250w\" sizes=\"auto, (max-width: 300px) 100vw, 300px\" \/><\/a><span style=\"color: #ffffff;\">.<\/span><\/h3>\n<p style=\"text-align: center;\"><strong><span style=\"color: #800000;\">TIHO, O TIHO GOVORI MI JESEN<\/span><\/strong><\/p>\n<p style=\"text-align: center;\"><em><span style=\"color: #800000;\">Tiho, o tiho govori mi jesen:<\/span><\/em><br \/>\n<em><span style=\"color: #800000;\"> \u0160u\u0161tanjem li\u0161\u0107a i \u0161apatom ki\u0161e.<\/span><\/em><br \/>\n<em><span style=\"color: #800000;\"> Al zima srcu govori jo\u0161 ti\u0161e.<\/span><\/em><br \/>\n<em><span style=\"color: #800000;\"> I kada snije\u017ei, a spu\u0161ta se tama,<\/span><\/em><br \/>\n<em><span style=\"color: #800000;\"> U pahuljama ti\u0161ina je sama.<\/span><\/em><\/p>\n<p style=\"text-align: justify;\"><span style=\"color: #000000;\">Jesen je tiha, poput nje\u017ene melodije pjeva o kraju ljeta i svojim zla\u0107anim li\u0161\u0107em pri\u010da pri\u010du o suncu koje je svoju toplinu utkalo u bogatstvo mirisnih plodova zemlje i ljudskih ruku. Ona \u0161apu\u0107e vjetrom i kapljicama ki\u0161e, hladnim jutrima, prvim pahuljama i priprema put zimi koja dolazi.<\/span><\/p>\n<p style=\"text-align: justify;\"><a href=\"http:\/\/osnovnaskolamalinskadubasnica.hr\/wp-content\/uploads\/jesen-10.jpg\" data-rel=\"lightbox-image-5\" data-rl_title=\"\" data-rl_caption=\"\" title=\"\"><img loading=\"lazy\" decoding=\"async\" class=\"alignright wp-image-8559\" src=\"http:\/\/osnovnaskolamalinskadubasnica.hr\/wp-content\/uploads\/jesen-10.jpg\" width=\"300\" height=\"424\" srcset=\"https:\/\/osnovnaskolamalinskadubasnica.hr\/wp-content\/uploads\/jesen-10.jpg 602w, https:\/\/osnovnaskolamalinskadubasnica.hr\/wp-content\/uploads\/jesen-10-250x353.jpg 250w\" sizes=\"auto, (max-width: 300px) 100vw, 300px\" \/><\/a><span style=\"color: #ffffff;\">.<\/span><\/p>\n<p style=\"text-align: center;\"><strong><span style=\"color: #800000;\">KASNA JESEN<\/span><\/strong><\/p>\n<p style=\"text-align: center;\"><em><span style=\"color: #800000;\">Posve polako, u maglenom pla\u0161tu,<\/span><\/em><br \/>\n<em><span style=\"color: #800000;\"> Jutros je u\u0161la u selo. Kroz ba\u0161tu<\/span><\/em><br \/>\n<em><span style=\"color: #800000;\"> Pro\u0161la je pored ocvalih lijeha,<\/span><\/em><br \/>\n<em><span style=\"color: #800000;\"> Na\u0111oh je ispod snu\u017edenih streha.<\/span><\/em><\/p>\n<p style=\"text-align: center;\"><em><span style=\"color: #800000;\"> List je za listom, dr\u0161\u0107u\u0107 od straha,<\/span><\/em><br \/>\n<em><span style=\"color: #800000;\"> Po\u010deo padat od njezina daha.<\/span><\/em><br \/>\n<em><span style=\"color: #800000;\"> Otkrih je skritu u dimnjaka dimu,<\/span><\/em><br \/>\n<em><span style=\"color: #800000;\"> I \u010duh je kako doziva zimu.<\/span><\/em><\/p>\n<p><span style=\"color: #ffffff;\">.<\/span><\/p>\n<p><span style=\"color: #000000;\">Evo i nekoliko jesenskih pjesama knji\u017eevnice <strong>Vere Zemuni\u0107<\/strong>:<\/span><\/p>\n<p><a href=\"http:\/\/osnovnaskolamalinskadubasnica.hr\/wp-content\/uploads\/jesen-11.jpg\" data-rel=\"lightbox-image-6\" data-rl_title=\"\" data-rl_caption=\"\" title=\"\"><img loading=\"lazy\" decoding=\"async\" class=\"alignleft wp-image-8560\" src=\"http:\/\/osnovnaskolamalinskadubasnica.hr\/wp-content\/uploads\/jesen-11.jpg\" width=\"300\" height=\"409\" srcset=\"https:\/\/osnovnaskolamalinskadubasnica.hr\/wp-content\/uploads\/jesen-11.jpg 620w, https:\/\/osnovnaskolamalinskadubasnica.hr\/wp-content\/uploads\/jesen-11-250x341.jpg 250w\" sizes=\"auto, (max-width: 300px) 100vw, 300px\" \/><\/a><\/p>\n<p style=\"text-align: center;\"><strong><span style=\"color: #01236e;\">JESEN U \u0160UMI<\/span><\/strong><\/p>\n<p style=\"text-align: center;\"><em><span style=\"color: #01236e;\">Pao \u017eir<\/span><\/em><br \/>\n<em><span style=\"color: #01236e;\">na \u0161e\u0161ir<\/span><\/em><br \/>\n<em><span style=\"color: #01236e;\">stri\u010deka vrganja.<\/span><\/em><\/p>\n<p style=\"text-align: center;\"><em><span style=\"color: #01236e;\">Ba\u0161 u vrijeme<\/span><\/em><br \/>\n<em><span style=\"color: #01236e;\">dok vrganj\u010dek<\/span><\/em><br \/>\n<em><span style=\"color: #01236e;\">jo\u0161 o ljetu sanja.<\/span><\/em><\/p>\n<p style=\"text-align: center;\"><em><span style=\"color: #01236e;\">Od \u017eirova skoka<\/span><\/em><br \/>\n<em><span style=\"color: #01236e;\">gljivac je potresen.<\/span><\/em><br \/>\n<em><span style=\"color: #01236e;\">&#8211; Gle, \u0161uma se<\/span><\/em><br \/>\n<em><span style=\"color: #01236e;\">\u00a0pozlatila,<\/span><\/em><br \/>\n<em><span style=\"color: #01236e;\">pa zar je ve\u0107 jesen?!<\/span><\/em><\/p>\n<p style=\"text-align: center;\"><a href=\"http:\/\/osnovnaskolamalinskadubasnica.hr\/wp-content\/uploads\/jesen-08.jpg\" data-rel=\"lightbox-image-7\" data-rl_title=\"\" data-rl_caption=\"\" title=\"\"><img loading=\"lazy\" decoding=\"async\" class=\"alignright wp-image-8557\" src=\"http:\/\/osnovnaskolamalinskadubasnica.hr\/wp-content\/uploads\/jesen-08.jpg\" width=\"300\" height=\"405\" srcset=\"https:\/\/osnovnaskolamalinskadubasnica.hr\/wp-content\/uploads\/jesen-08.jpg 621w, https:\/\/osnovnaskolamalinskadubasnica.hr\/wp-content\/uploads\/jesen-08-250x338.jpg 250w\" sizes=\"auto, (max-width: 300px) 100vw, 300px\" \/><\/a><span style=\"color: #ffffff;\">.<\/span><br \/>\n<strong><span style=\"color: #01236e;\">\u0160UMSKA \u010cAROLIJA<\/span><\/strong><\/p>\n<p style=\"text-align: center;\"><em><span style=\"color: #01236e;\">Kad jesen na \u0161umsku stazu zakora\u010di,<\/span><\/em><br \/>\n<em><span style=\"color: #01236e;\">\u0161uma se u zlatno presvla\u010di.<\/span><\/em><\/p>\n<p style=\"text-align: center;\"><em><span style=\"color: #01236e;\">Svako je drvo,<\/span><\/em><br \/>\n<em><span style=\"color: #01236e;\">svaka grana<\/span><\/em><br \/>\n<em><span style=\"color: #01236e;\">zlatnim prahom posipana.<\/span><\/em><\/p>\n<p style=\"text-align: center;\"><em><span style=\"color: #01236e;\">I svaki list prije nego je pao<\/span><\/em><br \/>\n<em><span style=\"color: #01236e;\">u zlatno se presvukao.<\/span><\/em><\/p>\n<p style=\"text-align: center;\"><em><span style=\"color: #01236e;\">I rep prepelica,<\/span><\/em><br \/>\n<em><span style=\"color: #01236e;\">i \u0161evina krila<\/span><\/em><br \/>\n<em><span style=\"color: #01236e;\">od tolikog sjaja<\/span><\/em><br \/>\n<em><span style=\"color: #01236e;\">zla\u0107ana su bila.<\/span><\/em><\/p>\n<p style=\"text-align: center;\"><a href=\"http:\/\/osnovnaskolamalinskadubasnica.hr\/wp-content\/uploads\/jesen-01.jpg\" data-rel=\"lightbox-image-8\" data-rl_title=\"\" data-rl_caption=\"\" title=\"\"><img loading=\"lazy\" decoding=\"async\" class=\"alignleft wp-image-8550\" src=\"http:\/\/osnovnaskolamalinskadubasnica.hr\/wp-content\/uploads\/jesen-01.jpg\" width=\"300\" height=\"431\" srcset=\"https:\/\/osnovnaskolamalinskadubasnica.hr\/wp-content\/uploads\/jesen-01.jpg 592w, https:\/\/osnovnaskolamalinskadubasnica.hr\/wp-content\/uploads\/jesen-01-250x359.jpg 250w\" sizes=\"auto, (max-width: 300px) 100vw, 300px\" \/><\/a><\/p>\n<p style=\"text-align: center;\"><span style=\"color: #ffffff;\">.<\/span><\/p>\n<p style=\"text-align: center;\"><em><span style=\"color: #01236e;\">A kad je zraka sunca<\/span><\/em><br \/>\n<em><span style=\"color: #01236e;\">postelju na\u0161la u sjeni paprati,<\/span><\/em><br \/>\n<em><span style=\"color: #01236e;\">povi\u010de \u0161umi:<\/span><\/em><br \/>\n<em><span style=\"color: #01236e;\">&#8211; Vrijeme je za spati!<\/span><\/em><br \/>\n<em><span style=\"color: #01236e;\">I sutra je dan.<\/span><\/em><\/p>\n<p style=\"text-align: center;\"><em><span style=\"color: #01236e;\">Listopad tad magleno dahne,<\/span><\/em><br \/>\n<em><span style=\"color: #01236e;\">\u0161arenom lepezom jo\u0161 jednom zamahne<\/span><\/em><br \/>\n<em><span style=\"color: #01236e;\">i \u0161uma utone u san.<\/span><\/em><\/p>\n<p style=\"text-align: center;\"><strong><span style=\"color: #01236e;\">JESENSKA SKITNJA<\/span><\/strong><\/p>\n<p style=\"text-align: center;\"><em><span style=\"color: #01236e;\">Jesenji vjetar potepuh<\/span><\/em><br \/>\n<em><span style=\"color: #01236e;\">i hrastov listi\u0107 suh<\/span><\/em><br \/>\n<em><span style=\"color: #01236e;\">krenuli u svijet bijeli.<\/span><\/em><br \/>\n<em><span style=\"color: #01236e;\">Ruku pod ruku<\/span><\/em><br \/>\n<em><span style=\"color: #01236e;\">poljem poletjeli.<\/span><\/em><\/p>\n<p style=\"text-align: center;\"><a href=\"http:\/\/osnovnaskolamalinskadubasnica.hr\/wp-content\/uploads\/jesen-02.jpg\" data-rel=\"lightbox-image-9\" data-rl_title=\"\" data-rl_caption=\"\" title=\"\"><img loading=\"lazy\" decoding=\"async\" class=\"alignright wp-image-8551\" src=\"http:\/\/osnovnaskolamalinskadubasnica.hr\/wp-content\/uploads\/jesen-02.jpg\" width=\"300\" height=\"443\" srcset=\"https:\/\/osnovnaskolamalinskadubasnica.hr\/wp-content\/uploads\/jesen-02.jpg 576w, https:\/\/osnovnaskolamalinskadubasnica.hr\/wp-content\/uploads\/jesen-02-250x369.jpg 250w\" sizes=\"auto, (max-width: 300px) 100vw, 300px\" \/><\/a><span style=\"color: #ffffff;\">.<\/span><\/p>\n<p style=\"text-align: center;\"><em><span style=\"color: #01236e;\">Skitali su oni \u010ditave jeseni,<\/span><\/em><br \/>\n<em><span style=\"color: #01236e;\">danju razigrani,<\/span><\/em><br \/>\n<em><span style=\"color: #01236e;\">a no\u0107 bi prosanjali<\/span><\/em><br \/>\n<em><span style=\"color: #01236e;\">u plastu sijena sjeni.<\/span><\/em><\/p>\n<div>\n<p style=\"text-align: center;\"><em><span style=\"color: #01236e;\">A onda stigo\u0161e<\/span><\/em><br \/>\n<em><span style=\"color: #01236e;\">Studenog dani posrebreni,<\/span><\/em><br \/>\n<em><span style=\"color: #01236e;\">pa vjetar potepuh<\/span><\/em><br \/>\n<em><span style=\"color: #01236e;\">i hrastov listi\u0107 suh<\/span><\/em><br \/>\n<em><span style=\"color: #01236e;\">jedan drugome zbogom reko\u0161e.<\/span><\/em><\/p>\n<p style=\"text-align: center;\"><em><span style=\"color: #01236e;\">List \u0107e za koji dan<\/span><\/em><br \/>\n<em><span style=\"color: #01236e;\">pod snijegom utonuti u zimski san,<\/span><\/em><br \/>\n<em><span style=\"color: #01236e;\">a vjetar odjenuti bundu bijelu<\/span><\/em><br \/>\n<em><span style=\"color: #01236e;\">i raznositi naramke pahulja<\/span><\/em><br \/>\n<em><span style=\"color: #01236e;\">po \u0161umi, njivama,<\/span><\/em><br \/>\n<em><span style=\"color: #01236e;\">po selu&#8230;<\/span><\/em><\/p>\n<p style=\"text-align: center;\"><a href=\"http:\/\/osnovnaskolamalinskadubasnica.hr\/wp-content\/uploads\/jesen-03.jpg\" data-rel=\"lightbox-image-10\" data-rl_title=\"\" data-rl_caption=\"\" title=\"\"><img loading=\"lazy\" decoding=\"async\" class=\"alignleft wp-image-8552\" src=\"http:\/\/osnovnaskolamalinskadubasnica.hr\/wp-content\/uploads\/jesen-03.jpg\" width=\"300\" height=\"401\" srcset=\"https:\/\/osnovnaskolamalinskadubasnica.hr\/wp-content\/uploads\/jesen-03.jpg 633w, https:\/\/osnovnaskolamalinskadubasnica.hr\/wp-content\/uploads\/jesen-03-250x335.jpg 250w\" sizes=\"auto, (max-width: 300px) 100vw, 300px\" \/><\/a><strong><span style=\"color: #01236e;\">KI\u0160OBRANI<\/span><\/strong><\/p>\n<p style=\"text-align: center;\"><em><span style=\"color: #01236e;\">Tek tri kapi sitne ki\u0161e<\/span><\/em><br \/>\n<em><span style=\"color: #01236e;\">Tvrdi asfalt orosi\u0161e\u2026<\/span><\/em><br \/>\n<em><span style=\"color: #01236e;\">I gle \u010duda iznenada<\/span><\/em><br \/>\n<em><span style=\"color: #01236e;\">Usred grada kao cvije\u0107e<\/span><\/em><br \/>\n<em><span style=\"color: #01236e;\">Na suhoj grani<\/span><\/em><br \/>\n<em><span style=\"color: #01236e;\">Rascvali se ki\u0161obrani<\/span><\/em><br \/>\n<em><span style=\"color: #01236e;\">Ljuljaju se u sto boja<\/span><\/em><br \/>\n<em><span style=\"color: #01236e;\">\u017duta, plava iznad glava<\/span><\/em><br \/>\n<em><span style=\"color: #01236e;\">Poput gljiva nekih \u017eivih<\/span><\/em><br \/>\n<em><span style=\"color: #01236e;\">\u0160e\u0107u s nama ulicama\u2026<\/span><\/em><\/p>\n<p style=\"text-align: center;\"><strong><em><span style=\"color: #000000;\">Mladen Ku\u0161ec<\/span><\/em><\/strong><\/p>\n<p style=\"text-align: center;\"><a href=\"http:\/\/osnovnaskolamalinskadubasnica.hr\/wp-content\/uploads\/ac.jpg\" data-rel=\"lightbox-image-11\" data-rl_title=\"\" data-rl_caption=\"\" title=\"\"><img loading=\"lazy\" decoding=\"async\" class=\"alignleft wp-image-8571\" src=\"http:\/\/osnovnaskolamalinskadubasnica.hr\/wp-content\/uploads\/ac.jpg\" width=\"300\" height=\"306\" srcset=\"https:\/\/osnovnaskolamalinskadubasnica.hr\/wp-content\/uploads\/ac.jpg 416w, https:\/\/osnovnaskolamalinskadubasnica.hr\/wp-content\/uploads\/ac-250x255.jpg 250w\" sizes=\"auto, (max-width: 300px) 100vw, 300px\" \/><\/a><a href=\"http:\/\/osnovnaskolamalinskadubasnica.hr\/wp-content\/uploads\/jesen-04.jpg\" data-rel=\"lightbox-image-12\" data-rl_title=\"\" data-rl_caption=\"\" title=\"\"><img loading=\"lazy\" decoding=\"async\" class=\"alignleft wp-image-8553\" src=\"http:\/\/osnovnaskolamalinskadubasnica.hr\/wp-content\/uploads\/jesen-04.jpg\" width=\"211\" height=\"282\" srcset=\"https:\/\/osnovnaskolamalinskadubasnica.hr\/wp-content\/uploads\/jesen-04.jpg 622w, https:\/\/osnovnaskolamalinskadubasnica.hr\/wp-content\/uploads\/jesen-04-250x333.jpg 250w\" sizes=\"auto, (max-width: 211px) 100vw, 211px\" \/><\/a><\/p>\n<p><br style=\"color: #ffffff;\" \/><span style=\"color: #ffffff;\">.<\/span><\/p>\n<h2 style=\"text-align: center;\"><\/h2>\n<h2 style=\"text-align: center;\"><\/h2>\n<h2 style=\"text-align: center;\"><\/h2>\n<p>&nbsp;<\/p>\n<\/div>\n","protected":false},"excerpt":{"rendered":"<p>Malo koje godi\u0161nje doba pru\u017ea umjetnicima toliko inspiracije kao \u0161to to oduvijek, svojom ljepotom, \u010dini jesen. U nastavku, pogledajte izlo\u017ebu prekrasnih kola\u017ea koji nas na najljep\u0161i na\u010din, uz stihove poznatih hrvatskih pjesnika,\u00a0 pozivaju na jesensku \u0161etnju.<\/p>\n","protected":false},"author":1,"featured_media":0,"comment_status":"closed","ping_status":"closed","sticky":false,"template":"","format":"standard","meta":{"footnotes":""},"categories":[242,154],"tags":[111,482,481,315,479,478,480,364],"class_list":["post-8547","post","type-post","status-publish","format-standard","hentry","category-cuvari-prirode","category-kreativac","tag-cetvrtasi","tag-dobrisa-cesaric","tag-jasenka-znaor","tag-jesen","tag-jesenka","tag-jesenko","tag-plodovi-zemlje","tag-poezija"],"yoast_head":"<!-- This site is optimized with the Yoast SEO plugin v27.5 - https:\/\/yoast.com\/product\/yoast-seo-wordpress\/ -->\n<title>Tiho, o tiho govori mi jesen - Osnovna \u0161kola Malinska-Duba\u0161nica<\/title>\n<meta name=\"robots\" content=\"index, follow, max-snippet:-1, max-image-preview:large, max-video-preview:-1\" \/>\n<link rel=\"canonical\" href=\"https:\/\/osnovnaskolamalinskadubasnica.hr\/?p=8547\" \/>\n<meta property=\"og:locale\" content=\"hr_HR\" \/>\n<meta property=\"og:type\" content=\"article\" \/>\n<meta property=\"og:title\" content=\"Tiho, o tiho govori mi jesen - Osnovna \u0161kola Malinska-Duba\u0161nica\" \/>\n<meta property=\"og:description\" content=\"Malo koje godi\u0161nje doba pru\u017ea umjetnicima toliko inspiracije kao \u0161to to oduvijek, svojom ljepotom, \u010dini jesen. U nastavku, pogledajte izlo\u017ebu prekrasnih kola\u017ea koji nas na najljep\u0161i na\u010din, uz stihove poznatih hrvatskih pjesnika,\u00a0 pozivaju na jesensku \u0161etnju.\" \/>\n<meta property=\"og:url\" content=\"https:\/\/osnovnaskolamalinskadubasnica.hr\/?p=8547\" \/>\n<meta property=\"og:site_name\" content=\"Osnovna \u0161kola Malinska-Duba\u0161nica\" \/>\n<meta property=\"article:publisher\" content=\"https:\/\/www.facebook.com\/osmalinskadubasnica\/\" \/>\n<meta property=\"article:published_time\" content=\"2016-10-08T23:28:44+00:00\" \/>\n<meta property=\"article:modified_time\" content=\"2017-02-22T15:28:46+00:00\" \/>\n<meta property=\"og:image\" content=\"http:\/\/osnovnaskolamalinskadubasnica.hr\/wp-content\/uploads\/Jesenko-i-Jesenka.jpg\" \/>\n<meta name=\"author\" content=\"O\u0160 Malinska-Duba\u0161nica\" \/>\n<meta name=\"twitter:card\" content=\"summary_large_image\" \/>\n<meta name=\"twitter:label1\" content=\"Napisao\/la\" \/>\n\t<meta name=\"twitter:data1\" content=\"O\u0160 Malinska-Duba\u0161nica\" \/>\n\t<meta name=\"twitter:label2\" content=\"Procijenjeno vrijeme \u010ditanja\" \/>\n\t<meta name=\"twitter:data2\" content=\"3 minute\" \/>\n<script type=\"application\/ld+json\" class=\"yoast-schema-graph\">{\"@context\":\"https:\\\/\\\/schema.org\",\"@graph\":[{\"@type\":\"Article\",\"@id\":\"https:\\\/\\\/osnovnaskolamalinskadubasnica.hr\\\/?p=8547#article\",\"isPartOf\":{\"@id\":\"https:\\\/\\\/osnovnaskolamalinskadubasnica.hr\\\/?p=8547\"},\"author\":{\"name\":\"O\u0160 Malinska-Duba\u0161nica\",\"@id\":\"http:\\\/\\\/osnovnaskolamalinskadubasnica.hr\\\/#\\\/schema\\\/person\\\/ab4ffae0c646af016b083db5e2445e8f\"},\"headline\":\"Tiho, o tiho govori mi jesen\",\"datePublished\":\"2016-10-08T23:28:44+00:00\",\"dateModified\":\"2017-02-22T15:28:46+00:00\",\"mainEntityOfPage\":{\"@id\":\"https:\\\/\\\/osnovnaskolamalinskadubasnica.hr\\\/?p=8547\"},\"wordCount\":674,\"image\":{\"@id\":\"https:\\\/\\\/osnovnaskolamalinskadubasnica.hr\\\/?p=8547#primaryimage\"},\"thumbnailUrl\":\"http:\\\/\\\/osnovnaskolamalinskadubasnica.hr\\\/wp-content\\\/uploads\\\/Jesenko-i-Jesenka.jpg\",\"keywords\":[\"\u010detvrta\u0161i\",\"Dobri\u0161a Cesari\u0107\",\"Jasenka Znaor\",\"jesen\",\"Jesenka\",\"Jesenko\",\"plodovi zemlje\",\"poezija\"],\"articleSection\":[\"\u010cuvari prirode\",\"Kreativac\"],\"inLanguage\":\"hr\"},{\"@type\":\"WebPage\",\"@id\":\"https:\\\/\\\/osnovnaskolamalinskadubasnica.hr\\\/?p=8547\",\"url\":\"https:\\\/\\\/osnovnaskolamalinskadubasnica.hr\\\/?p=8547\",\"name\":\"Tiho, o tiho govori mi jesen - Osnovna \u0161kola Malinska-Duba\u0161nica\",\"isPartOf\":{\"@id\":\"http:\\\/\\\/osnovnaskolamalinskadubasnica.hr\\\/#website\"},\"primaryImageOfPage\":{\"@id\":\"https:\\\/\\\/osnovnaskolamalinskadubasnica.hr\\\/?p=8547#primaryimage\"},\"image\":{\"@id\":\"https:\\\/\\\/osnovnaskolamalinskadubasnica.hr\\\/?p=8547#primaryimage\"},\"thumbnailUrl\":\"http:\\\/\\\/osnovnaskolamalinskadubasnica.hr\\\/wp-content\\\/uploads\\\/Jesenko-i-Jesenka.jpg\",\"datePublished\":\"2016-10-08T23:28:44+00:00\",\"dateModified\":\"2017-02-22T15:28:46+00:00\",\"author\":{\"@id\":\"http:\\\/\\\/osnovnaskolamalinskadubasnica.hr\\\/#\\\/schema\\\/person\\\/ab4ffae0c646af016b083db5e2445e8f\"},\"breadcrumb\":{\"@id\":\"https:\\\/\\\/osnovnaskolamalinskadubasnica.hr\\\/?p=8547#breadcrumb\"},\"inLanguage\":\"hr\",\"potentialAction\":[{\"@type\":\"ReadAction\",\"target\":[\"https:\\\/\\\/osnovnaskolamalinskadubasnica.hr\\\/?p=8547\"]}]},{\"@type\":\"ImageObject\",\"inLanguage\":\"hr\",\"@id\":\"https:\\\/\\\/osnovnaskolamalinskadubasnica.hr\\\/?p=8547#primaryimage\",\"url\":\"https:\\\/\\\/osnovnaskolamalinskadubasnica.hr\\\/wp-content\\\/uploads\\\/Jesenko-i-Jesenka.jpg\",\"contentUrl\":\"https:\\\/\\\/osnovnaskolamalinskadubasnica.hr\\\/wp-content\\\/uploads\\\/Jesenko-i-Jesenka.jpg\",\"width\":850,\"height\":599},{\"@type\":\"BreadcrumbList\",\"@id\":\"https:\\\/\\\/osnovnaskolamalinskadubasnica.hr\\\/?p=8547#breadcrumb\",\"itemListElement\":[{\"@type\":\"ListItem\",\"position\":1,\"name\":\"Po\u010detna stranica\",\"item\":\"http:\\\/\\\/osnovnaskolamalinskadubasnica.hr\\\/\"},{\"@type\":\"ListItem\",\"position\":2,\"name\":\"Tiho, o tiho govori mi jesen\"}]},{\"@type\":\"WebSite\",\"@id\":\"http:\\\/\\\/osnovnaskolamalinskadubasnica.hr\\\/#website\",\"url\":\"http:\\\/\\\/osnovnaskolamalinskadubasnica.hr\\\/\",\"name\":\"Osnovna \u0161kola Malinska-Duba\u0161nica\",\"description\":\"\",\"potentialAction\":[{\"@type\":\"SearchAction\",\"target\":{\"@type\":\"EntryPoint\",\"urlTemplate\":\"http:\\\/\\\/osnovnaskolamalinskadubasnica.hr\\\/?s={search_term_string}\"},\"query-input\":{\"@type\":\"PropertyValueSpecification\",\"valueRequired\":true,\"valueName\":\"search_term_string\"}}],\"inLanguage\":\"hr\"},{\"@type\":\"Person\",\"@id\":\"http:\\\/\\\/osnovnaskolamalinskadubasnica.hr\\\/#\\\/schema\\\/person\\\/ab4ffae0c646af016b083db5e2445e8f\",\"name\":\"O\u0160 Malinska-Duba\u0161nica\",\"url\":\"https:\\\/\\\/osnovnaskolamalinskadubasnica.hr\\\/?author=1\"}]}<\/script>\n<!-- \/ Yoast SEO plugin. -->","yoast_head_json":{"title":"Tiho, o tiho govori mi jesen - Osnovna \u0161kola Malinska-Duba\u0161nica","robots":{"index":"index","follow":"follow","max-snippet":"max-snippet:-1","max-image-preview":"max-image-preview:large","max-video-preview":"max-video-preview:-1"},"canonical":"https:\/\/osnovnaskolamalinskadubasnica.hr\/?p=8547","og_locale":"hr_HR","og_type":"article","og_title":"Tiho, o tiho govori mi jesen - Osnovna \u0161kola Malinska-Duba\u0161nica","og_description":"Malo koje godi\u0161nje doba pru\u017ea umjetnicima toliko inspiracije kao \u0161to to oduvijek, svojom ljepotom, \u010dini jesen. U nastavku, pogledajte izlo\u017ebu prekrasnih kola\u017ea koji nas na najljep\u0161i na\u010din, uz stihove poznatih hrvatskih pjesnika,\u00a0 pozivaju na jesensku \u0161etnju.","og_url":"https:\/\/osnovnaskolamalinskadubasnica.hr\/?p=8547","og_site_name":"Osnovna \u0161kola Malinska-Duba\u0161nica","article_publisher":"https:\/\/www.facebook.com\/osmalinskadubasnica\/","article_published_time":"2016-10-08T23:28:44+00:00","article_modified_time":"2017-02-22T15:28:46+00:00","og_image":[{"url":"http:\/\/osnovnaskolamalinskadubasnica.hr\/wp-content\/uploads\/Jesenko-i-Jesenka.jpg","type":"","width":"","height":""}],"author":"O\u0160 Malinska-Duba\u0161nica","twitter_card":"summary_large_image","twitter_misc":{"Napisao\/la":"O\u0160 Malinska-Duba\u0161nica","Procijenjeno vrijeme \u010ditanja":"3 minute"},"schema":{"@context":"https:\/\/schema.org","@graph":[{"@type":"Article","@id":"https:\/\/osnovnaskolamalinskadubasnica.hr\/?p=8547#article","isPartOf":{"@id":"https:\/\/osnovnaskolamalinskadubasnica.hr\/?p=8547"},"author":{"name":"O\u0160 Malinska-Duba\u0161nica","@id":"http:\/\/osnovnaskolamalinskadubasnica.hr\/#\/schema\/person\/ab4ffae0c646af016b083db5e2445e8f"},"headline":"Tiho, o tiho govori mi jesen","datePublished":"2016-10-08T23:28:44+00:00","dateModified":"2017-02-22T15:28:46+00:00","mainEntityOfPage":{"@id":"https:\/\/osnovnaskolamalinskadubasnica.hr\/?p=8547"},"wordCount":674,"image":{"@id":"https:\/\/osnovnaskolamalinskadubasnica.hr\/?p=8547#primaryimage"},"thumbnailUrl":"http:\/\/osnovnaskolamalinskadubasnica.hr\/wp-content\/uploads\/Jesenko-i-Jesenka.jpg","keywords":["\u010detvrta\u0161i","Dobri\u0161a Cesari\u0107","Jasenka Znaor","jesen","Jesenka","Jesenko","plodovi zemlje","poezija"],"articleSection":["\u010cuvari prirode","Kreativac"],"inLanguage":"hr"},{"@type":"WebPage","@id":"https:\/\/osnovnaskolamalinskadubasnica.hr\/?p=8547","url":"https:\/\/osnovnaskolamalinskadubasnica.hr\/?p=8547","name":"Tiho, o tiho govori mi jesen - Osnovna \u0161kola Malinska-Duba\u0161nica","isPartOf":{"@id":"http:\/\/osnovnaskolamalinskadubasnica.hr\/#website"},"primaryImageOfPage":{"@id":"https:\/\/osnovnaskolamalinskadubasnica.hr\/?p=8547#primaryimage"},"image":{"@id":"https:\/\/osnovnaskolamalinskadubasnica.hr\/?p=8547#primaryimage"},"thumbnailUrl":"http:\/\/osnovnaskolamalinskadubasnica.hr\/wp-content\/uploads\/Jesenko-i-Jesenka.jpg","datePublished":"2016-10-08T23:28:44+00:00","dateModified":"2017-02-22T15:28:46+00:00","author":{"@id":"http:\/\/osnovnaskolamalinskadubasnica.hr\/#\/schema\/person\/ab4ffae0c646af016b083db5e2445e8f"},"breadcrumb":{"@id":"https:\/\/osnovnaskolamalinskadubasnica.hr\/?p=8547#breadcrumb"},"inLanguage":"hr","potentialAction":[{"@type":"ReadAction","target":["https:\/\/osnovnaskolamalinskadubasnica.hr\/?p=8547"]}]},{"@type":"ImageObject","inLanguage":"hr","@id":"https:\/\/osnovnaskolamalinskadubasnica.hr\/?p=8547#primaryimage","url":"https:\/\/osnovnaskolamalinskadubasnica.hr\/wp-content\/uploads\/Jesenko-i-Jesenka.jpg","contentUrl":"https:\/\/osnovnaskolamalinskadubasnica.hr\/wp-content\/uploads\/Jesenko-i-Jesenka.jpg","width":850,"height":599},{"@type":"BreadcrumbList","@id":"https:\/\/osnovnaskolamalinskadubasnica.hr\/?p=8547#breadcrumb","itemListElement":[{"@type":"ListItem","position":1,"name":"Po\u010detna stranica","item":"http:\/\/osnovnaskolamalinskadubasnica.hr\/"},{"@type":"ListItem","position":2,"name":"Tiho, o tiho govori mi jesen"}]},{"@type":"WebSite","@id":"http:\/\/osnovnaskolamalinskadubasnica.hr\/#website","url":"http:\/\/osnovnaskolamalinskadubasnica.hr\/","name":"Osnovna \u0161kola Malinska-Duba\u0161nica","description":"","potentialAction":[{"@type":"SearchAction","target":{"@type":"EntryPoint","urlTemplate":"http:\/\/osnovnaskolamalinskadubasnica.hr\/?s={search_term_string}"},"query-input":{"@type":"PropertyValueSpecification","valueRequired":true,"valueName":"search_term_string"}}],"inLanguage":"hr"},{"@type":"Person","@id":"http:\/\/osnovnaskolamalinskadubasnica.hr\/#\/schema\/person\/ab4ffae0c646af016b083db5e2445e8f","name":"O\u0160 Malinska-Duba\u0161nica","url":"https:\/\/osnovnaskolamalinskadubasnica.hr\/?author=1"}]}},"_links":{"self":[{"href":"https:\/\/osnovnaskolamalinskadubasnica.hr\/index.php?rest_route=\/wp\/v2\/posts\/8547","targetHints":{"allow":["GET"]}}],"collection":[{"href":"https:\/\/osnovnaskolamalinskadubasnica.hr\/index.php?rest_route=\/wp\/v2\/posts"}],"about":[{"href":"https:\/\/osnovnaskolamalinskadubasnica.hr\/index.php?rest_route=\/wp\/v2\/types\/post"}],"author":[{"embeddable":true,"href":"https:\/\/osnovnaskolamalinskadubasnica.hr\/index.php?rest_route=\/wp\/v2\/users\/1"}],"replies":[{"embeddable":true,"href":"https:\/\/osnovnaskolamalinskadubasnica.hr\/index.php?rest_route=%2Fwp%2Fv2%2Fcomments&post=8547"}],"version-history":[{"count":19,"href":"https:\/\/osnovnaskolamalinskadubasnica.hr\/index.php?rest_route=\/wp\/v2\/posts\/8547\/revisions"}],"predecessor-version":[{"id":9280,"href":"https:\/\/osnovnaskolamalinskadubasnica.hr\/index.php?rest_route=\/wp\/v2\/posts\/8547\/revisions\/9280"}],"wp:attachment":[{"href":"https:\/\/osnovnaskolamalinskadubasnica.hr\/index.php?rest_route=%2Fwp%2Fv2%2Fmedia&parent=8547"}],"wp:term":[{"taxonomy":"category","embeddable":true,"href":"https:\/\/osnovnaskolamalinskadubasnica.hr\/index.php?rest_route=%2Fwp%2Fv2%2Fcategories&post=8547"},{"taxonomy":"post_tag","embeddable":true,"href":"https:\/\/osnovnaskolamalinskadubasnica.hr\/index.php?rest_route=%2Fwp%2Fv2%2Ftags&post=8547"}],"curies":[{"name":"wp","href":"https:\/\/api.w.org\/{rel}","templated":true}]}}