{"id":6035,"date":"2015-10-13T23:00:21","date_gmt":"2015-10-13T23:00:21","guid":{"rendered":"http:\/\/osnovnaskolakrk.hr\/malinska\/?p=6035"},"modified":"2017-03-08T00:20:53","modified_gmt":"2017-03-08T00:20:53","slug":"dani-kruha-i-zahvalnosti-za-plodove-zemlje","status":"publish","type":"post","link":"https:\/\/osnovnaskolamalinskadubasnica.hr\/?p=6035","title":{"rendered":"Dani kruha i zahvalnosti za plodove zemlje"},"content":{"rendered":"<p style=\"text-align: justify;\"><a href=\"http:\/\/osnovnaskolamalinskadubasnica.hr\/wp-content\/uploads\/Dani-kruha-naslovna.jpg\" data-rel=\"lightbox-image-0\" data-rl_title=\"\" data-rl_caption=\"\" title=\"\"><img loading=\"lazy\" decoding=\"async\" class=\"alignleft wp-image-6036\" src=\"http:\/\/osnovnaskolamalinskadubasnica.hr\/wp-content\/uploads\/Dani-kruha-naslovna.jpg\" alt=\"\" width=\"272\" height=\"205\" srcset=\"https:\/\/osnovnaskolamalinskadubasnica.hr\/wp-content\/uploads\/Dani-kruha-naslovna.jpg 533w, https:\/\/osnovnaskolamalinskadubasnica.hr\/wp-content\/uploads\/Dani-kruha-naslovna-250x189.jpg 250w\" sizes=\"auto, (max-width: 272px) 100vw, 272px\" \/><\/a><em><span style=\"color: #000000;\">&#8220;Zahvalnost nije samo najve\u0107a od svih vrlina, nego i majka svih ostalih.&#8221; &#8211; Ciceron<\/span><\/em><\/p>\n<p style=\"text-align: justify;\"><span style=\"color: #000000;\">U utorak 13. listopada, sve\u010dano i veselo, obilje\u017eili smo Dane kruha i zahvalnosti za plodove zemlje. U\u010diteljice i u\u010denici mla\u0111ih razreda pripremali su se za ovaj poseban dan s puno ljubavi truda.<br \/>\n<\/span><\/p>\n<p style=\"text-align: justify;\"><em><!--more--><\/em><\/p>\n<p style=\"text-align: justify;\"><span style=\"color: #000000;\">Tog je jutra, predvorje na\u0161e \u0161kole zasjalo u posebnom ruhu. Svaki je kutak pri\u010dao svoju pri\u010du o jeseni, \u0161arenom li\u0161\u0107u, plodovima zemlje, berbi gro\u017e\u0111a, starim tradicijskim alatima i <a href=\"http:\/\/osnovnaskolamalinskadubasnica.hr\/wp-content\/uploads\/IMG_4654.jpg\" data-rel=\"lightbox-image-1\" data-rl_title=\"\" data-rl_caption=\"\" title=\"\"><img loading=\"lazy\" decoding=\"async\" class=\"alignright wp-image-6062\" src=\"http:\/\/osnovnaskolamalinskadubasnica.hr\/wp-content\/uploads\/IMG_4654.jpg\" alt=\"\" width=\"300\" height=\"225\" srcset=\"https:\/\/osnovnaskolamalinskadubasnica.hr\/wp-content\/uploads\/IMG_4654.jpg 900w, https:\/\/osnovnaskolamalinskadubasnica.hr\/wp-content\/uploads\/IMG_4654-250x188.jpg 250w\" sizes=\"auto, (max-width: 300px) 100vw, 300px\" \/><\/a>ljepoti na\u0161ih zavi\u010dajnih obi\u010daja. Veliki \u0161kolski pano ukrasili su ma\u0161toviti u\u010deni\u010dki likovni radovi, a na \u0161kolskom ulazu je postavljena izlo\u017eba jesenskih plodova i starih poljoprivrednih alata. Tako je svoje mjesto u izlo\u017ebenom kutku na\u0161la i starinska drvena pre\u0161a za gro\u017e\u0111e s metalnim kota\u010dem za ru\u010dno okretanje. Stara je pre\u0161a izazvala veliko zanimanje svih koji su prolazili pokraj nje. \ud83d\ude42<br \/>\n<\/span><\/p>\n<p style=\"text-align: justify;\"><span style=\"color: #000000;\">Cijelom se \u0161kolom pro\u0161irio miris jabuka, kestena, dinja, bundeva i naravno, slatki miris kruha i kola\u010da. Bilo nam je jako drago vidjeti veliki broj roditelja koji su nam do\u0161li u goste, <a href=\"http:\/\/osnovnaskolamalinskadubasnica.hr\/wp-content\/uploads\/IMG_4680.jpg\" data-rel=\"lightbox-image-2\" data-rl_title=\"\" data-rl_caption=\"\" title=\"\"><img loading=\"lazy\" decoding=\"async\" class=\"alignleft wp-image-6068\" src=\"http:\/\/osnovnaskolamalinskadubasnica.hr\/wp-content\/uploads\/IMG_4680.jpg\" alt=\"\" width=\"300\" height=\"225\" srcset=\"https:\/\/osnovnaskolamalinskadubasnica.hr\/wp-content\/uploads\/IMG_4680.jpg 900w, https:\/\/osnovnaskolamalinskadubasnica.hr\/wp-content\/uploads\/IMG_4680-250x188.jpg 250w\" sizes=\"auto, (max-width: 300px) 100vw, 300px\" \/><\/a>kako bi zajedno s nama obilje\u017eili ovaj dan. Zahvalni smo mamama na kola\u010dima. Koliko je samo mirisnih peciva i finih kola\u010da krasilo na\u0161 sve\u010deni stol; poga\u010de, pletenice, mufini u svim bojama, kifle, rolade i bezbroj drugih slatkih \u010duda koje su vrijedne ruke ispekle od dragocjenog, zlatnog zrna p\u0161enice.<br \/>\n<\/span><\/p>\n<p style=\"text-align: justify;\"><span style=\"color: #000000;\">I na kraju, najsve\u010daniji dio dana &#8211; prigodna priredba u\u010denika mla\u0111ih razreda. Sve\u010dani program vodili su Mia \u017du\u017ei\u0107 iz 2.a i Lucijan Ljuti\u0107 iz 2.b. Na po\u010detku, imali smo priliku \u010duti nekoliko recitacija. Recitiralo se o mirisima kruha, listopadskom zlatu, bubamari, jesenjim ki\u0161ama, pe\u010denim kestenima, a saznali smo i <a href=\"http:\/\/osnovnaskolamalinskadubasnica.hr\/wp-content\/uploads\/IMG_47271.jpg\" data-rel=\"lightbox-image-3\" data-rl_title=\"\" data-rl_caption=\"\" title=\"\"><img loading=\"lazy\" decoding=\"async\" class=\"alignright wp-image-6079\" src=\"http:\/\/osnovnaskolamalinskadubasnica.hr\/wp-content\/uploads\/IMG_47271.jpg\" alt=\"\" width=\"300\" height=\"225\" srcset=\"https:\/\/osnovnaskolamalinskadubasnica.hr\/wp-content\/uploads\/IMG_47271.jpg 900w, https:\/\/osnovnaskolamalinskadubasnica.hr\/wp-content\/uploads\/IMG_47271-250x188.jpg 250w\" sizes=\"auto, (max-width: 300px) 100vw, 300px\" \/><\/a>za\u0161to je \u017eir nakrivio kapu. Svoju to\u010dku imali su i prva\u0161i\u0107i koji su nam veselo pjevali o vo\u0107u. \u010culi smo razmi\u0161ljanja \u010detvrta\u0161a o temi zahvalnosti za plodove zemlje, te u\u017eivali u igrokazu Dvije vre\u0107e.<\/span><\/p>\n<p style=\"text-align: justify;\"><span style=\"color: #000000;\">Prigodni program zavr\u0161ili smo blagoslovom i zajedni\u010dkom molitvom koju je predvodio na\u0161 \u017eupnik vl\u010d. Marin Da\u0161ek. Na taj smo na\u010din zahvalili Bogu za sve plodove, radosti, uspjehe i darove kojima smo bili podareni. Na kraju, kako je i obi\u010daj u sve\u010danim prilikama, po\u010dastili smo se kola\u010dima koji su bili tako fini da su nestali u trenu.<\/span><\/p>\n<p style=\"text-align: right;\"><em>Alenka \u017du\u017ei\u0107<\/em><\/p>\n<h3 style=\"text-align: justify;\"><strong><span style=\"color: #800000;\">FOTOGALERIJA:<\/span><\/strong><\/h3>\n<div id='gallery-1' class='gallery galleryid-6035 gallery-columns-3 gallery-size-thumbnail'><dl class='gallery-item'>\n\t\t\t<dt class='gallery-icon landscape'>\n\t\t\t\t<a href='https:\/\/osnovnaskolamalinskadubasnica.hr\/wp-content\/uploads\/IMG_4650.jpg' title=\"\" data-rl_title=\"\" class=\"rl-gallery-link\" data-rl_caption=\"\" data-rel=\"lightbox-gallery-1\"><img loading=\"lazy\" decoding=\"async\" width=\"150\" height=\"150\" src=\"https:\/\/osnovnaskolamalinskadubasnica.hr\/wp-content\/uploads\/IMG_4650-150x150.jpg\" class=\"attachment-thumbnail size-thumbnail\" alt=\"\" \/><\/a>\n\t\t\t<\/dt><\/dl><dl class='gallery-item'>\n\t\t\t<dt class='gallery-icon landscape'>\n\t\t\t\t<a href='https:\/\/osnovnaskolamalinskadubasnica.hr\/wp-content\/uploads\/IMG_4654.jpg' title=\"\" data-rl_title=\"\" class=\"rl-gallery-link\" data-rl_caption=\"\" data-rel=\"lightbox-gallery-1\"><img loading=\"lazy\" decoding=\"async\" width=\"150\" height=\"150\" src=\"https:\/\/osnovnaskolamalinskadubasnica.hr\/wp-content\/uploads\/IMG_4654-150x150.jpg\" class=\"attachment-thumbnail size-thumbnail\" alt=\"\" \/><\/a>\n\t\t\t<\/dt><\/dl><dl class='gallery-item'>\n\t\t\t<dt class='gallery-icon landscape'>\n\t\t\t\t<a href='https:\/\/osnovnaskolamalinskadubasnica.hr\/wp-content\/uploads\/IMG_4656.jpg' title=\"\" data-rl_title=\"\" class=\"rl-gallery-link\" data-rl_caption=\"\" data-rel=\"lightbox-gallery-1\"><img loading=\"lazy\" decoding=\"async\" width=\"150\" height=\"150\" src=\"https:\/\/osnovnaskolamalinskadubasnica.hr\/wp-content\/uploads\/IMG_4656-150x150.jpg\" class=\"attachment-thumbnail size-thumbnail\" alt=\"\" \/><\/a>\n\t\t\t<\/dt><\/dl><br style=\"clear: both\" \/><dl class='gallery-item'>\n\t\t\t<dt class='gallery-icon landscape'>\n\t\t\t\t<a href='https:\/\/osnovnaskolamalinskadubasnica.hr\/wp-content\/uploads\/IMG_4669.jpg' title=\"\" data-rl_title=\"\" class=\"rl-gallery-link\" data-rl_caption=\"\" data-rel=\"lightbox-gallery-1\"><img loading=\"lazy\" decoding=\"async\" width=\"150\" height=\"150\" src=\"https:\/\/osnovnaskolamalinskadubasnica.hr\/wp-content\/uploads\/IMG_4669-150x150.jpg\" class=\"attachment-thumbnail size-thumbnail\" alt=\"\" \/><\/a>\n\t\t\t<\/dt><\/dl><dl class='gallery-item'>\n\t\t\t<dt class='gallery-icon landscape'>\n\t\t\t\t<a href='https:\/\/osnovnaskolamalinskadubasnica.hr\/wp-content\/uploads\/IMG_4680.jpg' title=\"\" data-rl_title=\"\" class=\"rl-gallery-link\" data-rl_caption=\"\" data-rel=\"lightbox-gallery-1\"><img loading=\"lazy\" decoding=\"async\" width=\"150\" height=\"150\" src=\"https:\/\/osnovnaskolamalinskadubasnica.hr\/wp-content\/uploads\/IMG_4680-150x150.jpg\" class=\"attachment-thumbnail size-thumbnail\" alt=\"\" \/><\/a>\n\t\t\t<\/dt><\/dl><dl class='gallery-item'>\n\t\t\t<dt class='gallery-icon landscape'>\n\t\t\t\t<a href='https:\/\/osnovnaskolamalinskadubasnica.hr\/wp-content\/uploads\/IMG_4686.jpg' title=\"\" data-rl_title=\"\" class=\"rl-gallery-link\" data-rl_caption=\"\" data-rel=\"lightbox-gallery-1\"><img loading=\"lazy\" decoding=\"async\" width=\"150\" height=\"150\" src=\"https:\/\/osnovnaskolamalinskadubasnica.hr\/wp-content\/uploads\/IMG_4686-150x150.jpg\" class=\"attachment-thumbnail size-thumbnail\" alt=\"\" \/><\/a>\n\t\t\t<\/dt><\/dl><br style=\"clear: both\" \/><dl class='gallery-item'>\n\t\t\t<dt class='gallery-icon landscape'>\n\t\t\t\t<a href='https:\/\/osnovnaskolamalinskadubasnica.hr\/wp-content\/uploads\/IMG_4681.jpg' title=\"\" data-rl_title=\"\" class=\"rl-gallery-link\" data-rl_caption=\"\" data-rel=\"lightbox-gallery-1\"><img loading=\"lazy\" decoding=\"async\" width=\"150\" height=\"150\" src=\"https:\/\/osnovnaskolamalinskadubasnica.hr\/wp-content\/uploads\/IMG_4681-150x150.jpg\" class=\"attachment-thumbnail size-thumbnail\" alt=\"\" \/><\/a>\n\t\t\t<\/dt><\/dl><dl class='gallery-item'>\n\t\t\t<dt class='gallery-icon landscape'>\n\t\t\t\t<a href='https:\/\/osnovnaskolamalinskadubasnica.hr\/wp-content\/uploads\/IMG_4694.jpg' title=\"\" data-rl_title=\"\" class=\"rl-gallery-link\" data-rl_caption=\"\" data-rel=\"lightbox-gallery-1\"><img loading=\"lazy\" decoding=\"async\" width=\"150\" height=\"150\" src=\"https:\/\/osnovnaskolamalinskadubasnica.hr\/wp-content\/uploads\/IMG_4694-150x150.jpg\" class=\"attachment-thumbnail size-thumbnail\" alt=\"\" \/><\/a>\n\t\t\t<\/dt><\/dl><dl class='gallery-item'>\n\t\t\t<dt class='gallery-icon landscape'>\n\t\t\t\t<a href='https:\/\/osnovnaskolamalinskadubasnica.hr\/wp-content\/uploads\/IMG_4683.jpg' title=\"\" data-rl_title=\"\" class=\"rl-gallery-link\" data-rl_caption=\"\" data-rel=\"lightbox-gallery-1\"><img loading=\"lazy\" decoding=\"async\" width=\"150\" height=\"150\" src=\"https:\/\/osnovnaskolamalinskadubasnica.hr\/wp-content\/uploads\/IMG_4683-150x150.jpg\" class=\"attachment-thumbnail size-thumbnail\" alt=\"\" \/><\/a>\n\t\t\t<\/dt><\/dl><br style=\"clear: both\" \/><dl class='gallery-item'>\n\t\t\t<dt class='gallery-icon landscape'>\n\t\t\t\t<a href='https:\/\/osnovnaskolamalinskadubasnica.hr\/wp-content\/uploads\/IMG_4678.jpg' title=\"\" data-rl_title=\"\" class=\"rl-gallery-link\" data-rl_caption=\"\" data-rel=\"lightbox-gallery-1\"><img loading=\"lazy\" decoding=\"async\" width=\"150\" height=\"150\" src=\"https:\/\/osnovnaskolamalinskadubasnica.hr\/wp-content\/uploads\/IMG_4678-150x150.jpg\" class=\"attachment-thumbnail size-thumbnail\" alt=\"\" \/><\/a>\n\t\t\t<\/dt><\/dl><dl class='gallery-item'>\n\t\t\t<dt class='gallery-icon landscape'>\n\t\t\t\t<a href='https:\/\/osnovnaskolamalinskadubasnica.hr\/wp-content\/uploads\/IMG_47291.jpg' title=\"\" data-rl_title=\"\" class=\"rl-gallery-link\" data-rl_caption=\"\" data-rel=\"lightbox-gallery-1\"><img loading=\"lazy\" decoding=\"async\" width=\"150\" height=\"150\" src=\"https:\/\/osnovnaskolamalinskadubasnica.hr\/wp-content\/uploads\/IMG_47291-150x150.jpg\" class=\"attachment-thumbnail size-thumbnail\" alt=\"\" \/><\/a>\n\t\t\t<\/dt><\/dl><dl class='gallery-item'>\n\t\t\t<dt class='gallery-icon landscape'>\n\t\t\t\t<a href='https:\/\/osnovnaskolamalinskadubasnica.hr\/wp-content\/uploads\/IMG_4708.jpg' title=\"\" data-rl_title=\"\" class=\"rl-gallery-link\" data-rl_caption=\"\" data-rel=\"lightbox-gallery-1\"><img loading=\"lazy\" decoding=\"async\" width=\"150\" height=\"150\" src=\"https:\/\/osnovnaskolamalinskadubasnica.hr\/wp-content\/uploads\/IMG_4708-150x150.jpg\" class=\"attachment-thumbnail size-thumbnail\" alt=\"\" \/><\/a>\n\t\t\t<\/dt><\/dl><br style=\"clear: both\" \/><dl class='gallery-item'>\n\t\t\t<dt class='gallery-icon landscape'>\n\t\t\t\t<a href='https:\/\/osnovnaskolamalinskadubasnica.hr\/wp-content\/uploads\/IMG_4710.jpg' title=\"\" data-rl_title=\"\" class=\"rl-gallery-link\" data-rl_caption=\"\" data-rel=\"lightbox-gallery-1\"><img loading=\"lazy\" decoding=\"async\" width=\"150\" height=\"150\" src=\"https:\/\/osnovnaskolamalinskadubasnica.hr\/wp-content\/uploads\/IMG_4710-150x150.jpg\" class=\"attachment-thumbnail size-thumbnail\" alt=\"\" \/><\/a>\n\t\t\t<\/dt><\/dl><dl class='gallery-item'>\n\t\t\t<dt class='gallery-icon landscape'>\n\t\t\t\t<a href='https:\/\/osnovnaskolamalinskadubasnica.hr\/wp-content\/uploads\/IMG_47201.jpg' title=\"\" data-rl_title=\"\" class=\"rl-gallery-link\" data-rl_caption=\"\" data-rel=\"lightbox-gallery-1\"><img loading=\"lazy\" decoding=\"async\" width=\"150\" height=\"150\" src=\"https:\/\/osnovnaskolamalinskadubasnica.hr\/wp-content\/uploads\/IMG_47201-150x150.jpg\" class=\"attachment-thumbnail size-thumbnail\" alt=\"\" \/><\/a>\n\t\t\t<\/dt><\/dl><dl class='gallery-item'>\n\t\t\t<dt class='gallery-icon landscape'>\n\t\t\t\t<a href='https:\/\/osnovnaskolamalinskadubasnica.hr\/wp-content\/uploads\/IMG_4715.jpg' title=\"\" data-rl_title=\"\" class=\"rl-gallery-link\" data-rl_caption=\"\" data-rel=\"lightbox-gallery-1\"><img loading=\"lazy\" decoding=\"async\" width=\"150\" height=\"150\" src=\"https:\/\/osnovnaskolamalinskadubasnica.hr\/wp-content\/uploads\/IMG_4715-150x150.jpg\" class=\"attachment-thumbnail size-thumbnail\" alt=\"\" \/><\/a>\n\t\t\t<\/dt><\/dl><br style=\"clear: both\" \/><dl class='gallery-item'>\n\t\t\t<dt class='gallery-icon landscape'>\n\t\t\t\t<a href='https:\/\/osnovnaskolamalinskadubasnica.hr\/wp-content\/uploads\/IMG_4713.jpg' title=\"\" data-rl_title=\"\" class=\"rl-gallery-link\" data-rl_caption=\"\" data-rel=\"lightbox-gallery-1\"><img loading=\"lazy\" decoding=\"async\" width=\"150\" height=\"150\" src=\"https:\/\/osnovnaskolamalinskadubasnica.hr\/wp-content\/uploads\/IMG_4713-150x150.jpg\" class=\"attachment-thumbnail size-thumbnail\" alt=\"\" \/><\/a>\n\t\t\t<\/dt><\/dl><dl class='gallery-item'>\n\t\t\t<dt class='gallery-icon landscape'>\n\t\t\t\t<a href='https:\/\/osnovnaskolamalinskadubasnica.hr\/wp-content\/uploads\/IMG_47271.jpg' title=\"\" data-rl_title=\"\" class=\"rl-gallery-link\" data-rl_caption=\"\" data-rel=\"lightbox-gallery-1\"><img loading=\"lazy\" decoding=\"async\" width=\"150\" height=\"150\" src=\"https:\/\/osnovnaskolamalinskadubasnica.hr\/wp-content\/uploads\/IMG_47271-150x150.jpg\" class=\"attachment-thumbnail size-thumbnail\" alt=\"\" \/><\/a>\n\t\t\t<\/dt><\/dl><dl class='gallery-item'>\n\t\t\t<dt class='gallery-icon landscape'>\n\t\t\t\t<a href='https:\/\/osnovnaskolamalinskadubasnica.hr\/wp-content\/uploads\/IMG_47331.jpg' title=\"\" data-rl_title=\"\" class=\"rl-gallery-link\" data-rl_caption=\"\" data-rel=\"lightbox-gallery-1\"><img loading=\"lazy\" decoding=\"async\" width=\"150\" height=\"150\" src=\"https:\/\/osnovnaskolamalinskadubasnica.hr\/wp-content\/uploads\/IMG_47331-150x150.jpg\" class=\"attachment-thumbnail size-thumbnail\" alt=\"\" \/><\/a>\n\t\t\t<\/dt><\/dl><br style=\"clear: both\" \/><dl class='gallery-item'>\n\t\t\t<dt class='gallery-icon landscape'>\n\t\t\t\t<a href='https:\/\/osnovnaskolamalinskadubasnica.hr\/wp-content\/uploads\/IMG_4664.jpg' title=\"\" data-rl_title=\"\" class=\"rl-gallery-link\" data-rl_caption=\"\" data-rel=\"lightbox-gallery-1\"><img loading=\"lazy\" decoding=\"async\" width=\"150\" height=\"150\" src=\"https:\/\/osnovnaskolamalinskadubasnica.hr\/wp-content\/uploads\/IMG_4664-150x150.jpg\" class=\"attachment-thumbnail size-thumbnail\" alt=\"\" \/><\/a>\n\t\t\t<\/dt><\/dl><dl class='gallery-item'>\n\t\t\t<dt class='gallery-icon landscape'>\n\t\t\t\t<a href='https:\/\/osnovnaskolamalinskadubasnica.hr\/wp-content\/uploads\/IMG_4671.jpg' title=\"\" data-rl_title=\"\" class=\"rl-gallery-link\" data-rl_caption=\"\" data-rel=\"lightbox-gallery-1\"><img loading=\"lazy\" decoding=\"async\" width=\"150\" height=\"150\" src=\"https:\/\/osnovnaskolamalinskadubasnica.hr\/wp-content\/uploads\/IMG_4671-150x150.jpg\" class=\"attachment-thumbnail size-thumbnail\" alt=\"\" \/><\/a>\n\t\t\t<\/dt><\/dl><dl class='gallery-item'>\n\t\t\t<dt class='gallery-icon landscape'>\n\t\t\t\t<a href='https:\/\/osnovnaskolamalinskadubasnica.hr\/wp-content\/uploads\/IMG_4700.jpg' title=\"\" data-rl_title=\"\" class=\"rl-gallery-link\" data-rl_caption=\"\" data-rel=\"lightbox-gallery-1\"><img loading=\"lazy\" decoding=\"async\" width=\"150\" height=\"150\" src=\"https:\/\/osnovnaskolamalinskadubasnica.hr\/wp-content\/uploads\/IMG_4700-150x150.jpg\" class=\"attachment-thumbnail size-thumbnail\" alt=\"\" \/><\/a>\n\t\t\t<\/dt><\/dl><br style=\"clear: both\" \/>\n\t\t<\/div>\n\n","protected":false},"excerpt":{"rendered":"<p>&#8220;Zahvalnost nije samo najve\u0107a od svih vrlina, nego i majka svih ostalih.&#8221; &#8211; Ciceron U utorak 13. listopada, sve\u010dano i veselo, obilje\u017eili smo Dane kruha i zahvalnosti za plodove zemlje. U\u010diteljice i u\u010denici mla\u0111ih razreda pripremali su se za ovaj &hellip; <a href=\"https:\/\/osnovnaskolamalinskadubasnica.hr\/?p=6035\">Nastavi \u010ditati <span class=\"meta-nav\">&rarr;<\/span><\/a><\/p>\n","protected":false},"author":1,"featured_media":0,"comment_status":"closed","ping_status":"closed","sticky":false,"template":"","format":"standard","meta":{"footnotes":""},"categories":[242,24,120,47,9],"tags":[171,315,477,48,543,544],"class_list":["post-6035","post","type-post","status-publish","format-standard","hentry","category-cuvari-prirode","category-dogadanja","category-kalendar-2","category-svecanosti","category-vijesti","tag-dani-kruha","tag-jesen","tag-osnovna-skola-malinska","tag-priredba","tag-skola-dubasnica","tag-skola-malinska"],"yoast_head":"<!-- This site is optimized with the Yoast SEO plugin v27.5 - https:\/\/yoast.com\/product\/yoast-seo-wordpress\/ -->\n<title>Dani kruha i zahvalnosti za plodove zemlje - Osnovna \u0161kola Malinska-Duba\u0161nica<\/title>\n<meta name=\"robots\" content=\"index, follow, max-snippet:-1, max-image-preview:large, max-video-preview:-1\" \/>\n<link rel=\"canonical\" href=\"https:\/\/osnovnaskolamalinskadubasnica.hr\/?p=6035\" \/>\n<meta property=\"og:locale\" content=\"hr_HR\" \/>\n<meta property=\"og:type\" content=\"article\" \/>\n<meta property=\"og:title\" content=\"Dani kruha i zahvalnosti za plodove zemlje - Osnovna \u0161kola Malinska-Duba\u0161nica\" \/>\n<meta property=\"og:description\" content=\"&#8220;Zahvalnost nije samo najve\u0107a od svih vrlina, nego i majka svih ostalih.&#8221; &#8211; Ciceron U utorak 13. listopada, sve\u010dano i veselo, obilje\u017eili smo Dane kruha i zahvalnosti za plodove zemlje. U\u010diteljice i u\u010denici mla\u0111ih razreda pripremali su se za ovaj &hellip; Nastavi \u010ditati &rarr;\" \/>\n<meta property=\"og:url\" content=\"https:\/\/osnovnaskolamalinskadubasnica.hr\/?p=6035\" \/>\n<meta property=\"og:site_name\" content=\"Osnovna \u0161kola Malinska-Duba\u0161nica\" \/>\n<meta property=\"article:publisher\" content=\"https:\/\/www.facebook.com\/osmalinskadubasnica\/\" \/>\n<meta property=\"article:published_time\" content=\"2015-10-13T23:00:21+00:00\" \/>\n<meta property=\"article:modified_time\" content=\"2017-03-08T00:20:53+00:00\" \/>\n<meta property=\"og:image\" content=\"https:\/\/osnovnaskolamalinskadubasnica.hr\/wp-content\/uploads\/IMG_4650-150x150.jpg\" \/>\n<meta name=\"author\" content=\"O\u0160 Malinska-Duba\u0161nica\" \/>\n<meta name=\"twitter:card\" content=\"summary_large_image\" \/>\n<meta name=\"twitter:label1\" content=\"Napisao\/la\" \/>\n\t<meta name=\"twitter:data1\" content=\"O\u0160 Malinska-Duba\u0161nica\" \/>\n\t<meta name=\"twitter:label2\" content=\"Procijenjeno vrijeme \u010ditanja\" \/>\n\t<meta name=\"twitter:data2\" content=\"2 minute\" \/>\n<script type=\"application\/ld+json\" class=\"yoast-schema-graph\">{\"@context\":\"https:\\\/\\\/schema.org\",\"@graph\":[{\"@type\":\"Article\",\"@id\":\"https:\\\/\\\/osnovnaskolamalinskadubasnica.hr\\\/?p=6035#article\",\"isPartOf\":{\"@id\":\"https:\\\/\\\/osnovnaskolamalinskadubasnica.hr\\\/?p=6035\"},\"author\":{\"name\":\"O\u0160 Malinska-Duba\u0161nica\",\"@id\":\"http:\\\/\\\/osnovnaskolamalinskadubasnica.hr\\\/#\\\/schema\\\/person\\\/ab4ffae0c646af016b083db5e2445e8f\"},\"headline\":\"Dani kruha i zahvalnosti za plodove zemlje\",\"datePublished\":\"2015-10-13T23:00:21+00:00\",\"dateModified\":\"2017-03-08T00:20:53+00:00\",\"mainEntityOfPage\":{\"@id\":\"https:\\\/\\\/osnovnaskolamalinskadubasnica.hr\\\/?p=6035\"},\"wordCount\":421,\"image\":{\"@id\":\"https:\\\/\\\/osnovnaskolamalinskadubasnica.hr\\\/?p=6035#primaryimage\"},\"thumbnailUrl\":\"http:\\\/\\\/osnovnaskolamalinskadubasnica.hr\\\/wp-content\\\/uploads\\\/Dani-kruha-naslovna.jpg\",\"keywords\":[\"Dani kruha\",\"jesen\",\"Osnovna \u0161kola Malinska\",\"priredba\",\"\u0160kola Duba\u0161nica\",\"\u0161kola Malinska\"],\"articleSection\":[\"\u010cuvari prirode\",\"Doga\u0111anja\",\"Kalendar\",\"Sve\u010danosti\",\"Vijesti\"],\"inLanguage\":\"hr\"},{\"@type\":\"WebPage\",\"@id\":\"https:\\\/\\\/osnovnaskolamalinskadubasnica.hr\\\/?p=6035\",\"url\":\"https:\\\/\\\/osnovnaskolamalinskadubasnica.hr\\\/?p=6035\",\"name\":\"Dani kruha i zahvalnosti za plodove zemlje - Osnovna \u0161kola Malinska-Duba\u0161nica\",\"isPartOf\":{\"@id\":\"http:\\\/\\\/osnovnaskolamalinskadubasnica.hr\\\/#website\"},\"primaryImageOfPage\":{\"@id\":\"https:\\\/\\\/osnovnaskolamalinskadubasnica.hr\\\/?p=6035#primaryimage\"},\"image\":{\"@id\":\"https:\\\/\\\/osnovnaskolamalinskadubasnica.hr\\\/?p=6035#primaryimage\"},\"thumbnailUrl\":\"http:\\\/\\\/osnovnaskolamalinskadubasnica.hr\\\/wp-content\\\/uploads\\\/Dani-kruha-naslovna.jpg\",\"datePublished\":\"2015-10-13T23:00:21+00:00\",\"dateModified\":\"2017-03-08T00:20:53+00:00\",\"author\":{\"@id\":\"http:\\\/\\\/osnovnaskolamalinskadubasnica.hr\\\/#\\\/schema\\\/person\\\/ab4ffae0c646af016b083db5e2445e8f\"},\"breadcrumb\":{\"@id\":\"https:\\\/\\\/osnovnaskolamalinskadubasnica.hr\\\/?p=6035#breadcrumb\"},\"inLanguage\":\"hr\",\"potentialAction\":[{\"@type\":\"ReadAction\",\"target\":[\"https:\\\/\\\/osnovnaskolamalinskadubasnica.hr\\\/?p=6035\"]}]},{\"@type\":\"ImageObject\",\"inLanguage\":\"hr\",\"@id\":\"https:\\\/\\\/osnovnaskolamalinskadubasnica.hr\\\/?p=6035#primaryimage\",\"url\":\"https:\\\/\\\/osnovnaskolamalinskadubasnica.hr\\\/wp-content\\\/uploads\\\/Dani-kruha-naslovna.jpg\",\"contentUrl\":\"https:\\\/\\\/osnovnaskolamalinskadubasnica.hr\\\/wp-content\\\/uploads\\\/Dani-kruha-naslovna.jpg\",\"width\":533,\"height\":402},{\"@type\":\"BreadcrumbList\",\"@id\":\"https:\\\/\\\/osnovnaskolamalinskadubasnica.hr\\\/?p=6035#breadcrumb\",\"itemListElement\":[{\"@type\":\"ListItem\",\"position\":1,\"name\":\"Po\u010detna stranica\",\"item\":\"http:\\\/\\\/osnovnaskolamalinskadubasnica.hr\\\/\"},{\"@type\":\"ListItem\",\"position\":2,\"name\":\"Dani kruha i zahvalnosti za plodove zemlje\"}]},{\"@type\":\"WebSite\",\"@id\":\"http:\\\/\\\/osnovnaskolamalinskadubasnica.hr\\\/#website\",\"url\":\"http:\\\/\\\/osnovnaskolamalinskadubasnica.hr\\\/\",\"name\":\"Osnovna \u0161kola Malinska-Duba\u0161nica\",\"description\":\"\",\"potentialAction\":[{\"@type\":\"SearchAction\",\"target\":{\"@type\":\"EntryPoint\",\"urlTemplate\":\"http:\\\/\\\/osnovnaskolamalinskadubasnica.hr\\\/?s={search_term_string}\"},\"query-input\":{\"@type\":\"PropertyValueSpecification\",\"valueRequired\":true,\"valueName\":\"search_term_string\"}}],\"inLanguage\":\"hr\"},{\"@type\":\"Person\",\"@id\":\"http:\\\/\\\/osnovnaskolamalinskadubasnica.hr\\\/#\\\/schema\\\/person\\\/ab4ffae0c646af016b083db5e2445e8f\",\"name\":\"O\u0160 Malinska-Duba\u0161nica\",\"url\":\"https:\\\/\\\/osnovnaskolamalinskadubasnica.hr\\\/?author=1\"}]}<\/script>\n<!-- \/ Yoast SEO plugin. -->","yoast_head_json":{"title":"Dani kruha i zahvalnosti za plodove zemlje - Osnovna \u0161kola Malinska-Duba\u0161nica","robots":{"index":"index","follow":"follow","max-snippet":"max-snippet:-1","max-image-preview":"max-image-preview:large","max-video-preview":"max-video-preview:-1"},"canonical":"https:\/\/osnovnaskolamalinskadubasnica.hr\/?p=6035","og_locale":"hr_HR","og_type":"article","og_title":"Dani kruha i zahvalnosti za plodove zemlje - Osnovna \u0161kola Malinska-Duba\u0161nica","og_description":"&#8220;Zahvalnost nije samo najve\u0107a od svih vrlina, nego i majka svih ostalih.&#8221; &#8211; Ciceron U utorak 13. listopada, sve\u010dano i veselo, obilje\u017eili smo Dane kruha i zahvalnosti za plodove zemlje. U\u010diteljice i u\u010denici mla\u0111ih razreda pripremali su se za ovaj &hellip; Nastavi \u010ditati &rarr;","og_url":"https:\/\/osnovnaskolamalinskadubasnica.hr\/?p=6035","og_site_name":"Osnovna \u0161kola Malinska-Duba\u0161nica","article_publisher":"https:\/\/www.facebook.com\/osmalinskadubasnica\/","article_published_time":"2015-10-13T23:00:21+00:00","article_modified_time":"2017-03-08T00:20:53+00:00","og_image":[{"url":"https:\/\/osnovnaskolamalinskadubasnica.hr\/wp-content\/uploads\/IMG_4650-150x150.jpg","type":"","width":"","height":""}],"author":"O\u0160 Malinska-Duba\u0161nica","twitter_card":"summary_large_image","twitter_misc":{"Napisao\/la":"O\u0160 Malinska-Duba\u0161nica","Procijenjeno vrijeme \u010ditanja":"2 minute"},"schema":{"@context":"https:\/\/schema.org","@graph":[{"@type":"Article","@id":"https:\/\/osnovnaskolamalinskadubasnica.hr\/?p=6035#article","isPartOf":{"@id":"https:\/\/osnovnaskolamalinskadubasnica.hr\/?p=6035"},"author":{"name":"O\u0160 Malinska-Duba\u0161nica","@id":"http:\/\/osnovnaskolamalinskadubasnica.hr\/#\/schema\/person\/ab4ffae0c646af016b083db5e2445e8f"},"headline":"Dani kruha i zahvalnosti za plodove zemlje","datePublished":"2015-10-13T23:00:21+00:00","dateModified":"2017-03-08T00:20:53+00:00","mainEntityOfPage":{"@id":"https:\/\/osnovnaskolamalinskadubasnica.hr\/?p=6035"},"wordCount":421,"image":{"@id":"https:\/\/osnovnaskolamalinskadubasnica.hr\/?p=6035#primaryimage"},"thumbnailUrl":"http:\/\/osnovnaskolamalinskadubasnica.hr\/wp-content\/uploads\/Dani-kruha-naslovna.jpg","keywords":["Dani kruha","jesen","Osnovna \u0161kola Malinska","priredba","\u0160kola Duba\u0161nica","\u0161kola Malinska"],"articleSection":["\u010cuvari prirode","Doga\u0111anja","Kalendar","Sve\u010danosti","Vijesti"],"inLanguage":"hr"},{"@type":"WebPage","@id":"https:\/\/osnovnaskolamalinskadubasnica.hr\/?p=6035","url":"https:\/\/osnovnaskolamalinskadubasnica.hr\/?p=6035","name":"Dani kruha i zahvalnosti za plodove zemlje - Osnovna \u0161kola Malinska-Duba\u0161nica","isPartOf":{"@id":"http:\/\/osnovnaskolamalinskadubasnica.hr\/#website"},"primaryImageOfPage":{"@id":"https:\/\/osnovnaskolamalinskadubasnica.hr\/?p=6035#primaryimage"},"image":{"@id":"https:\/\/osnovnaskolamalinskadubasnica.hr\/?p=6035#primaryimage"},"thumbnailUrl":"http:\/\/osnovnaskolamalinskadubasnica.hr\/wp-content\/uploads\/Dani-kruha-naslovna.jpg","datePublished":"2015-10-13T23:00:21+00:00","dateModified":"2017-03-08T00:20:53+00:00","author":{"@id":"http:\/\/osnovnaskolamalinskadubasnica.hr\/#\/schema\/person\/ab4ffae0c646af016b083db5e2445e8f"},"breadcrumb":{"@id":"https:\/\/osnovnaskolamalinskadubasnica.hr\/?p=6035#breadcrumb"},"inLanguage":"hr","potentialAction":[{"@type":"ReadAction","target":["https:\/\/osnovnaskolamalinskadubasnica.hr\/?p=6035"]}]},{"@type":"ImageObject","inLanguage":"hr","@id":"https:\/\/osnovnaskolamalinskadubasnica.hr\/?p=6035#primaryimage","url":"https:\/\/osnovnaskolamalinskadubasnica.hr\/wp-content\/uploads\/Dani-kruha-naslovna.jpg","contentUrl":"https:\/\/osnovnaskolamalinskadubasnica.hr\/wp-content\/uploads\/Dani-kruha-naslovna.jpg","width":533,"height":402},{"@type":"BreadcrumbList","@id":"https:\/\/osnovnaskolamalinskadubasnica.hr\/?p=6035#breadcrumb","itemListElement":[{"@type":"ListItem","position":1,"name":"Po\u010detna stranica","item":"http:\/\/osnovnaskolamalinskadubasnica.hr\/"},{"@type":"ListItem","position":2,"name":"Dani kruha i zahvalnosti za plodove zemlje"}]},{"@type":"WebSite","@id":"http:\/\/osnovnaskolamalinskadubasnica.hr\/#website","url":"http:\/\/osnovnaskolamalinskadubasnica.hr\/","name":"Osnovna \u0161kola Malinska-Duba\u0161nica","description":"","potentialAction":[{"@type":"SearchAction","target":{"@type":"EntryPoint","urlTemplate":"http:\/\/osnovnaskolamalinskadubasnica.hr\/?s={search_term_string}"},"query-input":{"@type":"PropertyValueSpecification","valueRequired":true,"valueName":"search_term_string"}}],"inLanguage":"hr"},{"@type":"Person","@id":"http:\/\/osnovnaskolamalinskadubasnica.hr\/#\/schema\/person\/ab4ffae0c646af016b083db5e2445e8f","name":"O\u0160 Malinska-Duba\u0161nica","url":"https:\/\/osnovnaskolamalinskadubasnica.hr\/?author=1"}]}},"_links":{"self":[{"href":"https:\/\/osnovnaskolamalinskadubasnica.hr\/index.php?rest_route=\/wp\/v2\/posts\/6035","targetHints":{"allow":["GET"]}}],"collection":[{"href":"https:\/\/osnovnaskolamalinskadubasnica.hr\/index.php?rest_route=\/wp\/v2\/posts"}],"about":[{"href":"https:\/\/osnovnaskolamalinskadubasnica.hr\/index.php?rest_route=\/wp\/v2\/types\/post"}],"author":[{"embeddable":true,"href":"https:\/\/osnovnaskolamalinskadubasnica.hr\/index.php?rest_route=\/wp\/v2\/users\/1"}],"replies":[{"embeddable":true,"href":"https:\/\/osnovnaskolamalinskadubasnica.hr\/index.php?rest_route=%2Fwp%2Fv2%2Fcomments&post=6035"}],"version-history":[{"count":12,"href":"https:\/\/osnovnaskolamalinskadubasnica.hr\/index.php?rest_route=\/wp\/v2\/posts\/6035\/revisions"}],"predecessor-version":[{"id":9615,"href":"https:\/\/osnovnaskolamalinskadubasnica.hr\/index.php?rest_route=\/wp\/v2\/posts\/6035\/revisions\/9615"}],"wp:attachment":[{"href":"https:\/\/osnovnaskolamalinskadubasnica.hr\/index.php?rest_route=%2Fwp%2Fv2%2Fmedia&parent=6035"}],"wp:term":[{"taxonomy":"category","embeddable":true,"href":"https:\/\/osnovnaskolamalinskadubasnica.hr\/index.php?rest_route=%2Fwp%2Fv2%2Fcategories&post=6035"},{"taxonomy":"post_tag","embeddable":true,"href":"https:\/\/osnovnaskolamalinskadubasnica.hr\/index.php?rest_route=%2Fwp%2Fv2%2Ftags&post=6035"}],"curies":[{"name":"wp","href":"https:\/\/api.w.org\/{rel}","templated":true}]}}