{"id":27399,"date":"2023-12-19T21:01:37","date_gmt":"2023-12-19T20:01:37","guid":{"rendered":"http:\/\/osnovnaskolamalinskadubasnica.hr\/?p=27399"},"modified":"2023-12-20T18:03:43","modified_gmt":"2023-12-20T17:03:43","slug":"trinaesta-bozicna-priredba-u-os-malinska-dubasnica","status":"publish","type":"post","link":"https:\/\/osnovnaskolamalinskadubasnica.hr\/?p=27399","title":{"rendered":"Trinaesta bo\u017ei\u0107na priredba u O\u0160 Malinska-Duba\u0161nica"},"content":{"rendered":"<p style=\"text-align: justify;\"><span style=\"color: #000000;\"><a href=\"http:\/\/osnovnaskolamalinskadubasnica.hr\/wp-content\/uploads\/Bozicna-priredba-23-web.jpg\" data-rel=\"lightbox-image-0\" data-rl_title=\"\" data-rl_caption=\"\" title=\"\"><img loading=\"lazy\" decoding=\"async\" class=\"alignleft wp-image-27436\" src=\"http:\/\/osnovnaskolamalinskadubasnica.hr\/wp-content\/uploads\/Bozicna-priredba-23-web.jpg\" alt=\"\" width=\"272\" height=\"201\" srcset=\"https:\/\/osnovnaskolamalinskadubasnica.hr\/wp-content\/uploads\/Bozicna-priredba-23-web.jpg 993w, https:\/\/osnovnaskolamalinskadubasnica.hr\/wp-content\/uploads\/Bozicna-priredba-23-web-768x566.jpg 768w\" sizes=\"auto, (max-width: 272px) 100vw, 272px\" \/><\/a>U ponedjeljak 18. prosinca imali smo zadovoljstvo predstaviti trinaestu Bo\u017ei\u0107nu priredbu O\u0160 Malinska-Duba\u0161nica svim dragim uzvanicima, prijateljima, obitelji i rodbini. Pri\u010du o Bo\u017ei\u0107noj priredbi donosi Simona \u0160amani\u0107 Je\u017eabek. <img decoding=\"async\" class=\"emoji\" role=\"img\" draggable=\"false\" src=\"https:\/\/s.w.org\/images\/core\/emoji\/13.0.1\/svg\/1f384.svg\" alt=\"\ud83c\udf84\" \/><img decoding=\"async\" class=\"emoji\" role=\"img\" draggable=\"false\" src=\"https:\/\/s.w.org\/images\/core\/emoji\/13.0.1\/svg\/1f496.svg\" alt=\"\ud83d\udc96\" \/><img decoding=\"async\" class=\"emoji\" role=\"img\" draggable=\"false\" src=\"https:\/\/s.w.org\/images\/core\/emoji\/13.0.1\/svg\/1f384.svg\" alt=\"\ud83c\udf84\" \/><\/span><\/p>\n<p><em><!--more--><\/em><\/p>\n<p style=\"text-align: justify;\"><span style=\"color: #000000;\">Lipanj je. Vru\u0107ina se ve\u0107 uvukla u u\u010dionice. Hodnici su pusti. U\u010denici su na zaslu\u017eenom odmoru, a u\u010ditelji obavljaju one poslove za koje ve\u0107ina ionako misli da ne postoje. Svatko u svojoj u\u010dionici pi\u0161e, \u010disti, premje\u0161ta\u2026 Poneki se grupiraju, odra\u0111uju se aktivi, planiraju se aktivnosti u sljede\u0107oj nastavnoj godini, redaju se datumi koje treba obilje\u017eiti, panoi koje treba osmisliti, izleti na koje vrijedi oti\u0107i. Netko iz grupe spomene Bo\u017ei\u0107. Muk. \u201cMaaa daaaj, imamo vremena do tada\u201d, javlja se glas razuma. Zaista, tko planira bo\u017ei\u0107nu priredbu, a ljeto je tek po\u010delo?! Me\u0111utim, zna se da se jednom spomenuta \u201drije\u010d na B\u201d ne mo\u017ee tek tako zaboraviti. Lavina ideja kre\u0107e i kotrlja se. Na dobrom ste mjestu, ovo je tekst o bo\u017ei\u0107noj priredbi, a svaka bo\u017ei\u0107na priredba svoj po\u010detak, barem \u0161to se nas ti\u010de, ima ve\u0107 krajem lipnja.<\/span><\/p>\n<p style=\"text-align: justify;\"><a href=\"http:\/\/osnovnaskolamalinskadubasnica.hr\/wp-content\/uploads\/IMG_20231218_173420-rotated.jpg\" data-rel=\"lightbox-image-1\" data-rl_title=\"\" data-rl_caption=\"\" title=\"\"><img loading=\"lazy\" decoding=\"async\" class=\"aligncenter size-full wp-image-27408\" src=\"http:\/\/osnovnaskolamalinskadubasnica.hr\/wp-content\/uploads\/IMG_20231218_173420-rotated.jpg\" alt=\"\" width=\"1800\" height=\"2400\" srcset=\"https:\/\/osnovnaskolamalinskadubasnica.hr\/wp-content\/uploads\/IMG_20231218_173420-rotated.jpg 1800w, https:\/\/osnovnaskolamalinskadubasnica.hr\/wp-content\/uploads\/IMG_20231218_173420-768x1024.jpg 768w, https:\/\/osnovnaskolamalinskadubasnica.hr\/wp-content\/uploads\/IMG_20231218_173420-1152x1536.jpg 1152w, https:\/\/osnovnaskolamalinskadubasnica.hr\/wp-content\/uploads\/IMG_20231218_173420-1536x2048.jpg 1536w\" sizes=\"auto, (max-width: 1800px) 100vw, 1800px\" \/><\/a><span style=\"color: #000000;\">Dakle, u ponedjeljak 18. prosinca 2023. godine zakotrljana lipanjska ideja provedena je u djelo. Odr\u017eana je trinaesta bo\u017ei\u0107na priredba u O\u0160 Malinska-Duba\u0161nica. Programom su nas vodile u\u010denice 7.a razreda Gabriela Kirin\u010di\u0107 i Klara Kirin\u010di\u0107. Kao i svake godine u prvom smo dijelu za svoje goste pripremili plesne, pjeva\u010dke i dramske to\u010dke, a u drugom je dijelu predstavljen kalendar za 2024. godinu s u\u010deni\u010dkim radovima. Nakon veselog otvaranja pjesmom \u201cJa sam za ples\u201d i pozdravnih rije\u010di voditeljica i ravnateljice Nedeljke Tur\u010di\u0107 uslijedio je onaj dio priredbe u koje su utro\u0161eni sati i sati pripreme i proba.<\/span><\/p>\n<p style=\"text-align: justify;\"><span style=\"color: #000000;\">Odlu\u010dili smo svojim gostima darovati splet plesa, pjesme i smijeha. Pri\u010da koju su iznijeli na\u0161i vrijedni u\u010denici nigdje nije objavljena, niste ju mogli ni pro\u010ditati, ni vidjeti. Me\u0111utim, pri\u010da je poznata, svakodnevna. Sraz mladih i onih starijih, suvremene pop kulture i one nekih pro\u0161lih desetlje\u0107a koji je odli\u010dno u rije\u010di preto\u010dila na\u0161a u\u010diteljica Petrica Mrakov\u010di\u0107. Motivacija za dramski dio programa proiza\u0161la je iz \u010dinjenice da se u sljede\u0107oj godini (ovoj \u0161kolskoj godini) obilje\u017eava 50 godina od pobjede grupe ABBA na Euroviziji, a ove smo godine i mi imali veoma neobi\u010dnog predstavnika, grupu koja je zaintrigirala i mlade i stare. <\/span><\/p>\n<p><iframe loading=\"lazy\" title=\"YouTube video player\" src=\"https:\/\/www.youtube.com\/embed\/4eqQXf7jXDQ?si=A1oAr41Dlw9xrjTA\" width=\"640\" height=\"360\" frameborder=\"0\" allowfullscreen=\"allowfullscreen\"><span style=\"display: inline-block; width: 0px; overflow: hidden; line-height: 0;\" data-mce-type=\"bookmark\" class=\"mce_SELRES_start\">\ufeff<\/span><\/iframe><\/p>\n<p style=\"text-align: justify;\"><span style=\"color: #000000;\">U igrokazu zajedni\u010dkim snagama sudjeluju polaznici dramske i plesne skupine te zbor. Petra Tur\u010di\u0107 i Josip Linardi\u0107 glavni su glumci, a uz njih su jo\u0161 i Ema Dujmovi\u0107 i Katja Stuli\u0107 iz 6.b razreda te Lucas Keko, Korina Ko\u010di, Nika Luki\u0107, Alan Okanovi\u0107, Leona Petrovi\u0107, Matej Petrovski i Sara \u0160karpa iz 6.a razreda te Paola Novak iz 7.b razreda. <\/span><span style=\"color: #000000;\">Plesnu skupinu \u010dine djevoj\u010dice od 2. do 4. razreda. Djevoj\u010dice su svoje umije\u0107e pokazale u \u010dak tri to\u010dke uz taktove poznatih hitova grupe ABBA koje su se savr\u0161eno uklopile u dramsku radnju. <\/span><\/p>\n<div style=\"width: 640px;\" class=\"wp-video\"><video class=\"wp-video-shortcode\" id=\"video-27399-1\" width=\"640\" height=\"360\" preload=\"metadata\" controls=\"controls\"><source type=\"video\/mp4\" src=\"http:\/\/osnovnaskolamalinskadubasnica.hr\/wp-content\/uploads\/Bozicna-priredba-plesne-tocke.mp4?_=1\" \/><a href=\"http:\/\/osnovnaskolamalinskadubasnica.hr\/wp-content\/uploads\/Bozicna-priredba-plesne-tocke.mp4\">http:\/\/osnovnaskolamalinskadubasnica.hr\/wp-content\/uploads\/Bozicna-priredba-plesne-tocke.mp4<\/a><\/video><\/div>\n<p style=\"text-align: justify;\"><span style=\"color: #000000;\">Glavna glumica Petra \u010dlanica je zbora te u igrokazu ima dvostruku ulogu, osim \u0161to glumi, ona i pjeva. Otpjevala je po\u010dakavljenu verziju pjesme \u201cWaterloo\u201d uz zborsku pratnju, a u zatvaranju programa pridru\u017eila se zboru u pjesmi \u201cHappy New Year\u201d te uz Vitu \u010cutul iz 6.a razreda preuzela solo dionicu.<\/span><\/p>\n<div style=\"width: 640px;\" class=\"wp-video\"><video class=\"wp-video-shortcode\" id=\"video-27399-2\" width=\"640\" height=\"360\" preload=\"metadata\" controls=\"controls\"><source type=\"video\/mp4\" src=\"http:\/\/osnovnaskolamalinskadubasnica.hr\/wp-content\/uploads\/0-02-05-25231d9d1b05f6c0dd9f95aba860cb0193136707a44b837ed55a27bcb1e38cf6_9b72ba1be0b29cc.mp4?_=2\" \/><a href=\"http:\/\/osnovnaskolamalinskadubasnica.hr\/wp-content\/uploads\/0-02-05-25231d9d1b05f6c0dd9f95aba860cb0193136707a44b837ed55a27bcb1e38cf6_9b72ba1be0b29cc.mp4\">http:\/\/osnovnaskolamalinskadubasnica.hr\/wp-content\/uploads\/0-02-05-25231d9d1b05f6c0dd9f95aba860cb0193136707a44b837ed55a27bcb1e38cf6_9b72ba1be0b29cc.mp4<\/a><\/video><\/div>\n<p style=\"text-align: justify;\"><span style=\"color: #000000;\">U drugom dijelu programa u\u010diteljica Ivona Dundovi\u0107-Ljuti\u0107 predstavila je ovogodi\u0161nji kalendar. Zahvaljujemo gospo\u0111i Barbari Tur\u010di\u0107 Gajzler \u0161to je u ime donatora kalendara MIKI\u0106 GRUPE uru\u010dila darove nagra\u0111enim u\u010denicima. Nagra\u0111eni su: Anna Dolenec, Alana Kurbegovi\u0107, Sara Ivanovi\u0107, Viktoria Ljuti\u0107, Sara \u0106osi\u0107, Nikol \u010cutul, Eleonora \u017dic, Fran Cindri\u0107, Viktoria Tur\u010di\u0107, Marta Kirin\u010di\u0107, Emili Franoli\u0107, Leona Petrovi\u0107, Sara Fumi\u0107, Paula \u0160ulenti\u0107, Monika Prendivoj, Lana Potnar i Marko Mrakov\u010di\u0107.<\/span><\/p>\n<div style=\"width: 640px;\" class=\"wp-video\"><video class=\"wp-video-shortcode\" id=\"video-27399-3\" width=\"640\" height=\"360\" preload=\"metadata\" controls=\"controls\"><source type=\"video\/mp4\" src=\"http:\/\/osnovnaskolamalinskadubasnica.hr\/wp-content\/uploads\/0-02-05-f51d1259f69f5908f4a402906b467e3592bde8ea7d9b310a4b9b1e9c6415b588_b611052939d2f7e6.mp4?_=3\" \/><a href=\"http:\/\/osnovnaskolamalinskadubasnica.hr\/wp-content\/uploads\/0-02-05-f51d1259f69f5908f4a402906b467e3592bde8ea7d9b310a4b9b1e9c6415b588_b611052939d2f7e6.mp4\">http:\/\/osnovnaskolamalinskadubasnica.hr\/wp-content\/uploads\/0-02-05-f51d1259f69f5908f4a402906b467e3592bde8ea7d9b310a4b9b1e9c6415b588_b611052939d2f7e6.mp4<\/a><\/video><\/div>\n<p style=\"text-align: justify;\"><span style=\"color: #000000;\">Po zavr\u0161etku programa gosti su imali priliku podru\u017eiti se uz zakusku te kupiti ovogodi\u0161nji kalendar ili neki od prigodnih proizvoda na\u0161e u\u010deni\u010dke zadruge.<\/span><\/p>\n<p style=\"text-align: justify;\"><span style=\"color: #000000;\">Na kraju zahvaljujemo svima koji su na bilo koji na\u010din sudjelovali u realizaciji bo\u017ei\u0107ne priredbe, svaka nam je ruka pomo\u0107i va\u017ena.<\/span><\/p>\n<div style=\"width: 640px;\" class=\"wp-video\"><video class=\"wp-video-shortcode\" id=\"video-27399-4\" width=\"640\" height=\"360\" preload=\"metadata\" controls=\"controls\"><source type=\"video\/mp4\" src=\"http:\/\/osnovnaskolamalinskadubasnica.hr\/wp-content\/uploads\/0-02-05-e0ff72ce14cb48835ce92c2713ce41f1e55f6fa9dec28cba9339fe954b58bc68_8f5d94415b34299a.mp4?_=4\" \/><a href=\"http:\/\/osnovnaskolamalinskadubasnica.hr\/wp-content\/uploads\/0-02-05-e0ff72ce14cb48835ce92c2713ce41f1e55f6fa9dec28cba9339fe954b58bc68_8f5d94415b34299a.mp4\">http:\/\/osnovnaskolamalinskadubasnica.hr\/wp-content\/uploads\/0-02-05-e0ff72ce14cb48835ce92c2713ce41f1e55f6fa9dec28cba9339fe954b58bc68_8f5d94415b34299a.mp4<\/a><\/video><\/div>\n<p style=\"text-align: right;\"><em><span style=\"color: #000000;\">Simona \u0160amani\u0107 Je\u017eabek<\/span><\/em><\/p>\n<p><strong><span style=\"color: #800000;\">FOTOGALERIJA \ud83c\udf84<\/span><\/strong><\/p>\n<div id='gallery-1' class='gallery galleryid-27399 gallery-columns-4 gallery-size-thumbnail'><dl class='gallery-item'>\n\t\t\t<dt class='gallery-icon landscape'>\n\t\t\t\t<a href='https:\/\/osnovnaskolamalinskadubasnica.hr\/wp-content\/uploads\/IMG_20231218_094544.jpg' title=\"\" data-rl_title=\"\" class=\"rl-gallery-link\" data-rl_caption=\"\" data-rel=\"lightbox-gallery-1\"><img loading=\"lazy\" decoding=\"async\" width=\"150\" height=\"150\" src=\"https:\/\/osnovnaskolamalinskadubasnica.hr\/wp-content\/uploads\/IMG_20231218_094544-150x150.jpg\" class=\"attachment-thumbnail size-thumbnail\" alt=\"\" \/><\/a>\n\t\t\t<\/dt><\/dl><dl class='gallery-item'>\n\t\t\t<dt class='gallery-icon landscape'>\n\t\t\t\t<a href='https:\/\/osnovnaskolamalinskadubasnica.hr\/wp-content\/uploads\/IMG_20231218_094549.jpg' title=\"\" data-rl_title=\"\" class=\"rl-gallery-link\" data-rl_caption=\"\" data-rel=\"lightbox-gallery-1\"><img loading=\"lazy\" decoding=\"async\" width=\"150\" height=\"150\" src=\"https:\/\/osnovnaskolamalinskadubasnica.hr\/wp-content\/uploads\/IMG_20231218_094549-150x150.jpg\" class=\"attachment-thumbnail size-thumbnail\" alt=\"\" \/><\/a>\n\t\t\t<\/dt><\/dl><dl class='gallery-item'>\n\t\t\t<dt class='gallery-icon landscape'>\n\t\t\t\t<a href='https:\/\/osnovnaskolamalinskadubasnica.hr\/wp-content\/uploads\/IMG_20231218_094620.jpg' title=\"\" data-rl_title=\"\" class=\"rl-gallery-link\" data-rl_caption=\"\" data-rel=\"lightbox-gallery-1\"><img loading=\"lazy\" decoding=\"async\" width=\"150\" height=\"150\" src=\"https:\/\/osnovnaskolamalinskadubasnica.hr\/wp-content\/uploads\/IMG_20231218_094620-150x150.jpg\" class=\"attachment-thumbnail size-thumbnail\" alt=\"\" \/><\/a>\n\t\t\t<\/dt><\/dl><dl class='gallery-item'>\n\t\t\t<dt class='gallery-icon landscape'>\n\t\t\t\t<a href='https:\/\/osnovnaskolamalinskadubasnica.hr\/wp-content\/uploads\/IMG_20231218_094633.jpg' title=\"\" data-rl_title=\"\" class=\"rl-gallery-link\" data-rl_caption=\"\" data-rel=\"lightbox-gallery-1\"><img loading=\"lazy\" decoding=\"async\" width=\"150\" height=\"150\" src=\"https:\/\/osnovnaskolamalinskadubasnica.hr\/wp-content\/uploads\/IMG_20231218_094633-150x150.jpg\" class=\"attachment-thumbnail size-thumbnail\" alt=\"\" \/><\/a>\n\t\t\t<\/dt><\/dl><br style=\"clear: both\" \/><dl class='gallery-item'>\n\t\t\t<dt class='gallery-icon landscape'>\n\t\t\t\t<a href='https:\/\/osnovnaskolamalinskadubasnica.hr\/wp-content\/uploads\/IMG_20231218_094644.jpg' title=\"\" data-rl_title=\"\" class=\"rl-gallery-link\" data-rl_caption=\"\" data-rel=\"lightbox-gallery-1\"><img loading=\"lazy\" decoding=\"async\" width=\"150\" height=\"150\" src=\"https:\/\/osnovnaskolamalinskadubasnica.hr\/wp-content\/uploads\/IMG_20231218_094644-150x150.jpg\" class=\"attachment-thumbnail size-thumbnail\" alt=\"\" \/><\/a>\n\t\t\t<\/dt><\/dl><dl class='gallery-item'>\n\t\t\t<dt class='gallery-icon landscape'>\n\t\t\t\t<a href='https:\/\/osnovnaskolamalinskadubasnica.hr\/wp-content\/uploads\/IMG_20231218_101323.jpg' title=\"\" data-rl_title=\"\" class=\"rl-gallery-link\" data-rl_caption=\"\" data-rel=\"lightbox-gallery-1\"><img loading=\"lazy\" decoding=\"async\" width=\"150\" height=\"150\" src=\"https:\/\/osnovnaskolamalinskadubasnica.hr\/wp-content\/uploads\/IMG_20231218_101323-150x150.jpg\" class=\"attachment-thumbnail size-thumbnail\" alt=\"\" \/><\/a>\n\t\t\t<\/dt><\/dl><dl class='gallery-item'>\n\t\t\t<dt class='gallery-icon portrait'>\n\t\t\t\t<a href='https:\/\/osnovnaskolamalinskadubasnica.hr\/wp-content\/uploads\/IMG_20231218_173112-rotated.jpg' title=\"\" data-rl_title=\"\" class=\"rl-gallery-link\" data-rl_caption=\"\" data-rel=\"lightbox-gallery-1\"><img loading=\"lazy\" decoding=\"async\" width=\"150\" height=\"150\" src=\"https:\/\/osnovnaskolamalinskadubasnica.hr\/wp-content\/uploads\/IMG_20231218_173112-150x150.jpg\" class=\"attachment-thumbnail size-thumbnail\" alt=\"\" \/><\/a>\n\t\t\t<\/dt><\/dl><dl class='gallery-item'>\n\t\t\t<dt class='gallery-icon portrait'>\n\t\t\t\t<a href='https:\/\/osnovnaskolamalinskadubasnica.hr\/wp-content\/uploads\/IMG_20231218_173156-rotated.jpg' title=\"\" data-rl_title=\"\" class=\"rl-gallery-link\" data-rl_caption=\"\" data-rel=\"lightbox-gallery-1\"><img loading=\"lazy\" decoding=\"async\" width=\"150\" height=\"150\" src=\"https:\/\/osnovnaskolamalinskadubasnica.hr\/wp-content\/uploads\/IMG_20231218_173156-150x150.jpg\" class=\"attachment-thumbnail size-thumbnail\" alt=\"\" \/><\/a>\n\t\t\t<\/dt><\/dl><br style=\"clear: both\" \/><dl class='gallery-item'>\n\t\t\t<dt class='gallery-icon portrait'>\n\t\t\t\t<a href='https:\/\/osnovnaskolamalinskadubasnica.hr\/wp-content\/uploads\/IMG_20231218_173420-rotated.jpg' title=\"\" data-rl_title=\"\" class=\"rl-gallery-link\" data-rl_caption=\"\" data-rel=\"lightbox-gallery-1\"><img loading=\"lazy\" decoding=\"async\" width=\"150\" height=\"150\" src=\"https:\/\/osnovnaskolamalinskadubasnica.hr\/wp-content\/uploads\/IMG_20231218_173420-150x150.jpg\" class=\"attachment-thumbnail size-thumbnail\" alt=\"\" \/><\/a>\n\t\t\t<\/dt><\/dl><dl class='gallery-item'>\n\t\t\t<dt class='gallery-icon landscape'>\n\t\t\t\t<a href='https:\/\/osnovnaskolamalinskadubasnica.hr\/wp-content\/uploads\/IMG_20231218_173529.jpg' title=\"\" data-rl_title=\"\" class=\"rl-gallery-link\" data-rl_caption=\"\" data-rel=\"lightbox-gallery-1\"><img loading=\"lazy\" decoding=\"async\" width=\"150\" height=\"150\" src=\"https:\/\/osnovnaskolamalinskadubasnica.hr\/wp-content\/uploads\/IMG_20231218_173529-150x150.jpg\" class=\"attachment-thumbnail size-thumbnail\" alt=\"\" \/><\/a>\n\t\t\t<\/dt><\/dl><dl class='gallery-item'>\n\t\t\t<dt class='gallery-icon landscape'>\n\t\t\t\t<a href='https:\/\/osnovnaskolamalinskadubasnica.hr\/wp-content\/uploads\/IMG_20231218_174734.jpg' title=\"\" data-rl_title=\"\" class=\"rl-gallery-link\" data-rl_caption=\"\" data-rel=\"lightbox-gallery-1\"><img loading=\"lazy\" decoding=\"async\" width=\"150\" height=\"150\" src=\"https:\/\/osnovnaskolamalinskadubasnica.hr\/wp-content\/uploads\/IMG_20231218_174734-150x150.jpg\" class=\"attachment-thumbnail size-thumbnail\" alt=\"\" \/><\/a>\n\t\t\t<\/dt><\/dl><dl class='gallery-item'>\n\t\t\t<dt class='gallery-icon landscape'>\n\t\t\t\t<a href='https:\/\/osnovnaskolamalinskadubasnica.hr\/wp-content\/uploads\/IMG_20231218_175518.jpg' title=\"\" data-rl_title=\"\" class=\"rl-gallery-link\" data-rl_caption=\"\" data-rel=\"lightbox-gallery-1\"><img loading=\"lazy\" decoding=\"async\" width=\"150\" height=\"150\" src=\"https:\/\/osnovnaskolamalinskadubasnica.hr\/wp-content\/uploads\/IMG_20231218_175518-150x150.jpg\" class=\"attachment-thumbnail size-thumbnail\" alt=\"\" \/><\/a>\n\t\t\t<\/dt><\/dl><br style=\"clear: both\" \/><dl class='gallery-item'>\n\t\t\t<dt class='gallery-icon landscape'>\n\t\t\t\t<a href='https:\/\/osnovnaskolamalinskadubasnica.hr\/wp-content\/uploads\/IMG_20231218_175530.jpg' title=\"\" data-rl_title=\"\" class=\"rl-gallery-link\" data-rl_caption=\"\" data-rel=\"lightbox-gallery-1\"><img loading=\"lazy\" decoding=\"async\" width=\"150\" height=\"150\" src=\"https:\/\/osnovnaskolamalinskadubasnica.hr\/wp-content\/uploads\/IMG_20231218_175530-150x150.jpg\" class=\"attachment-thumbnail size-thumbnail\" alt=\"\" \/><\/a>\n\t\t\t<\/dt><\/dl><dl class='gallery-item'>\n\t\t\t<dt class='gallery-icon landscape'>\n\t\t\t\t<a href='https:\/\/osnovnaskolamalinskadubasnica.hr\/wp-content\/uploads\/Skolska-priredba-1-scaled.jpg' title=\"\" data-rl_title=\"\" class=\"rl-gallery-link\" data-rl_caption=\"\" data-rel=\"lightbox-gallery-1\"><img loading=\"lazy\" decoding=\"async\" width=\"150\" height=\"150\" src=\"https:\/\/osnovnaskolamalinskadubasnica.hr\/wp-content\/uploads\/Skolska-priredba-1-150x150.jpg\" class=\"attachment-thumbnail size-thumbnail\" alt=\"\" \/><\/a>\n\t\t\t<\/dt><\/dl><dl class='gallery-item'>\n\t\t\t<dt class='gallery-icon portrait'>\n\t\t\t\t<a href='https:\/\/osnovnaskolamalinskadubasnica.hr\/wp-content\/uploads\/Skolska-priredba-2-scaled.jpg' title=\"\" data-rl_title=\"\" class=\"rl-gallery-link\" data-rl_caption=\"\" data-rel=\"lightbox-gallery-1\"><img loading=\"lazy\" decoding=\"async\" width=\"150\" height=\"150\" src=\"https:\/\/osnovnaskolamalinskadubasnica.hr\/wp-content\/uploads\/Skolska-priredba-2-150x150.jpg\" class=\"attachment-thumbnail size-thumbnail\" alt=\"\" \/><\/a>\n\t\t\t<\/dt><\/dl><dl class='gallery-item'>\n\t\t\t<dt class='gallery-icon landscape'>\n\t\t\t\t<a href='https:\/\/osnovnaskolamalinskadubasnica.hr\/wp-content\/uploads\/Skolska-priredba-3-scaled.jpg' title=\"\" data-rl_title=\"\" class=\"rl-gallery-link\" data-rl_caption=\"\" data-rel=\"lightbox-gallery-1\"><img loading=\"lazy\" decoding=\"async\" width=\"150\" height=\"150\" src=\"https:\/\/osnovnaskolamalinskadubasnica.hr\/wp-content\/uploads\/Skolska-priredba-3-150x150.jpg\" class=\"attachment-thumbnail size-thumbnail\" alt=\"\" \/><\/a>\n\t\t\t<\/dt><\/dl><br style=\"clear: both\" \/><dl class='gallery-item'>\n\t\t\t<dt class='gallery-icon landscape'>\n\t\t\t\t<a href='https:\/\/osnovnaskolamalinskadubasnica.hr\/wp-content\/uploads\/Skolska-priredba-4-scaled.jpg' title=\"\" data-rl_title=\"\" class=\"rl-gallery-link\" data-rl_caption=\"\" data-rel=\"lightbox-gallery-1\"><img loading=\"lazy\" decoding=\"async\" width=\"150\" height=\"150\" src=\"https:\/\/osnovnaskolamalinskadubasnica.hr\/wp-content\/uploads\/Skolska-priredba-4-150x150.jpg\" class=\"attachment-thumbnail size-thumbnail\" alt=\"\" \/><\/a>\n\t\t\t<\/dt><\/dl><dl class='gallery-item'>\n\t\t\t<dt class='gallery-icon landscape'>\n\t\t\t\t<a href='https:\/\/osnovnaskolamalinskadubasnica.hr\/wp-content\/uploads\/Skolska-priredba-5-scaled.jpg' title=\"\" data-rl_title=\"\" class=\"rl-gallery-link\" data-rl_caption=\"\" data-rel=\"lightbox-gallery-1\"><img loading=\"lazy\" decoding=\"async\" width=\"150\" height=\"150\" src=\"https:\/\/osnovnaskolamalinskadubasnica.hr\/wp-content\/uploads\/Skolska-priredba-5-150x150.jpg\" class=\"attachment-thumbnail size-thumbnail\" alt=\"\" \/><\/a>\n\t\t\t<\/dt><\/dl><dl class='gallery-item'>\n\t\t\t<dt class='gallery-icon landscape'>\n\t\t\t\t<a href='https:\/\/osnovnaskolamalinskadubasnica.hr\/wp-content\/uploads\/Skolska-priredba-6-scaled.jpg' title=\"\" data-rl_title=\"\" class=\"rl-gallery-link\" data-rl_caption=\"\" data-rel=\"lightbox-gallery-1\"><img loading=\"lazy\" decoding=\"async\" width=\"150\" height=\"150\" src=\"https:\/\/osnovnaskolamalinskadubasnica.hr\/wp-content\/uploads\/Skolska-priredba-6-150x150.jpg\" class=\"attachment-thumbnail size-thumbnail\" alt=\"\" \/><\/a>\n\t\t\t<\/dt><\/dl><dl class='gallery-item'>\n\t\t\t<dt class='gallery-icon landscape'>\n\t\t\t\t<a href='https:\/\/osnovnaskolamalinskadubasnica.hr\/wp-content\/uploads\/Skolska-priredba-7-scaled.jpg' title=\"\" data-rl_title=\"\" class=\"rl-gallery-link\" data-rl_caption=\"\" data-rel=\"lightbox-gallery-1\"><img loading=\"lazy\" decoding=\"async\" width=\"150\" height=\"150\" src=\"https:\/\/osnovnaskolamalinskadubasnica.hr\/wp-content\/uploads\/Skolska-priredba-7-150x150.jpg\" class=\"attachment-thumbnail size-thumbnail\" alt=\"\" \/><\/a>\n\t\t\t<\/dt><\/dl><br style=\"clear: both\" \/><dl class='gallery-item'>\n\t\t\t<dt class='gallery-icon landscape'>\n\t\t\t\t<a href='https:\/\/osnovnaskolamalinskadubasnica.hr\/wp-content\/uploads\/Skolska-priredba-8-scaled.jpg' title=\"\" data-rl_title=\"\" class=\"rl-gallery-link\" data-rl_caption=\"\" data-rel=\"lightbox-gallery-1\"><img loading=\"lazy\" decoding=\"async\" width=\"150\" height=\"150\" src=\"https:\/\/osnovnaskolamalinskadubasnica.hr\/wp-content\/uploads\/Skolska-priredba-8-150x150.jpg\" class=\"attachment-thumbnail size-thumbnail\" alt=\"\" \/><\/a>\n\t\t\t<\/dt><\/dl><dl class='gallery-item'>\n\t\t\t<dt class='gallery-icon landscape'>\n\t\t\t\t<a href='https:\/\/osnovnaskolamalinskadubasnica.hr\/wp-content\/uploads\/Skolska-priredba-9-scaled.jpg' title=\"\" data-rl_title=\"\" class=\"rl-gallery-link\" data-rl_caption=\"\" data-rel=\"lightbox-gallery-1\"><img loading=\"lazy\" decoding=\"async\" width=\"150\" height=\"150\" src=\"https:\/\/osnovnaskolamalinskadubasnica.hr\/wp-content\/uploads\/Skolska-priredba-9-150x150.jpg\" class=\"attachment-thumbnail size-thumbnail\" alt=\"\" \/><\/a>\n\t\t\t<\/dt><\/dl><dl class='gallery-item'>\n\t\t\t<dt class='gallery-icon landscape'>\n\t\t\t\t<a href='https:\/\/osnovnaskolamalinskadubasnica.hr\/wp-content\/uploads\/Skolska-priredba-10-scaled.jpg' title=\"\" data-rl_title=\"\" class=\"rl-gallery-link\" data-rl_caption=\"\" data-rel=\"lightbox-gallery-1\"><img loading=\"lazy\" decoding=\"async\" width=\"150\" height=\"150\" src=\"https:\/\/osnovnaskolamalinskadubasnica.hr\/wp-content\/uploads\/Skolska-priredba-10-150x150.jpg\" class=\"attachment-thumbnail size-thumbnail\" alt=\"\" \/><\/a>\n\t\t\t<\/dt><\/dl><dl class='gallery-item'>\n\t\t\t<dt class='gallery-icon landscape'>\n\t\t\t\t<a href='https:\/\/osnovnaskolamalinskadubasnica.hr\/wp-content\/uploads\/Skolska-priredba-11-scaled.jpg' title=\"\" data-rl_title=\"\" class=\"rl-gallery-link\" data-rl_caption=\"\" data-rel=\"lightbox-gallery-1\"><img loading=\"lazy\" decoding=\"async\" width=\"150\" height=\"150\" src=\"https:\/\/osnovnaskolamalinskadubasnica.hr\/wp-content\/uploads\/Skolska-priredba-11-150x150.jpg\" class=\"attachment-thumbnail size-thumbnail\" alt=\"\" \/><\/a>\n\t\t\t<\/dt><\/dl><br style=\"clear: both\" \/><dl class='gallery-item'>\n\t\t\t<dt class='gallery-icon landscape'>\n\t\t\t\t<a href='https:\/\/osnovnaskolamalinskadubasnica.hr\/wp-content\/uploads\/Skolska-priredba-12.jpg' title=\"\" data-rl_title=\"\" class=\"rl-gallery-link\" data-rl_caption=\"\" data-rel=\"lightbox-gallery-1\"><img loading=\"lazy\" decoding=\"async\" width=\"150\" height=\"150\" src=\"https:\/\/osnovnaskolamalinskadubasnica.hr\/wp-content\/uploads\/Skolska-priredba-12-150x150.jpg\" class=\"attachment-thumbnail size-thumbnail\" alt=\"\" \/><\/a>\n\t\t\t<\/dt><\/dl><dl class='gallery-item'>\n\t\t\t<dt class='gallery-icon landscape'>\n\t\t\t\t<a href='https:\/\/osnovnaskolamalinskadubasnica.hr\/wp-content\/uploads\/Skolska-priredba-13-scaled.jpg' title=\"\" data-rl_title=\"\" class=\"rl-gallery-link\" data-rl_caption=\"\" data-rel=\"lightbox-gallery-1\"><img loading=\"lazy\" decoding=\"async\" width=\"150\" height=\"150\" src=\"https:\/\/osnovnaskolamalinskadubasnica.hr\/wp-content\/uploads\/Skolska-priredba-13-150x150.jpg\" class=\"attachment-thumbnail size-thumbnail\" alt=\"\" \/><\/a>\n\t\t\t<\/dt><\/dl><dl class='gallery-item'>\n\t\t\t<dt class='gallery-icon landscape'>\n\t\t\t\t<a href='https:\/\/osnovnaskolamalinskadubasnica.hr\/wp-content\/uploads\/Skolska-priredba-14-scaled.jpg' title=\"\" data-rl_title=\"\" class=\"rl-gallery-link\" data-rl_caption=\"\" data-rel=\"lightbox-gallery-1\"><img loading=\"lazy\" decoding=\"async\" width=\"150\" height=\"150\" src=\"https:\/\/osnovnaskolamalinskadubasnica.hr\/wp-content\/uploads\/Skolska-priredba-14-150x150.jpg\" class=\"attachment-thumbnail size-thumbnail\" alt=\"\" \/><\/a>\n\t\t\t<\/dt><\/dl><dl class='gallery-item'>\n\t\t\t<dt class='gallery-icon landscape'>\n\t\t\t\t<a href='https:\/\/osnovnaskolamalinskadubasnica.hr\/wp-content\/uploads\/Skolska-priredba-15.jpg' title=\"\" data-rl_title=\"\" class=\"rl-gallery-link\" data-rl_caption=\"\" data-rel=\"lightbox-gallery-1\"><img loading=\"lazy\" decoding=\"async\" width=\"150\" height=\"150\" src=\"https:\/\/osnovnaskolamalinskadubasnica.hr\/wp-content\/uploads\/Skolska-priredba-15-150x150.jpg\" class=\"attachment-thumbnail size-thumbnail\" alt=\"\" \/><\/a>\n\t\t\t<\/dt><\/dl><br style=\"clear: both\" \/><dl class='gallery-item'>\n\t\t\t<dt class='gallery-icon landscape'>\n\t\t\t\t<a href='https:\/\/osnovnaskolamalinskadubasnica.hr\/wp-content\/uploads\/Skolska-priredba-16-scaled.jpg' title=\"\" data-rl_title=\"\" class=\"rl-gallery-link\" data-rl_caption=\"\" data-rel=\"lightbox-gallery-1\"><img loading=\"lazy\" decoding=\"async\" width=\"150\" height=\"150\" src=\"https:\/\/osnovnaskolamalinskadubasnica.hr\/wp-content\/uploads\/Skolska-priredba-16-150x150.jpg\" class=\"attachment-thumbnail size-thumbnail\" alt=\"\" \/><\/a>\n\t\t\t<\/dt><\/dl><dl class='gallery-item'>\n\t\t\t<dt class='gallery-icon landscape'>\n\t\t\t\t<a href='https:\/\/osnovnaskolamalinskadubasnica.hr\/wp-content\/uploads\/Skolska-priredba-17-scaled.jpg' title=\"\" data-rl_title=\"\" class=\"rl-gallery-link\" data-rl_caption=\"\" data-rel=\"lightbox-gallery-1\"><img loading=\"lazy\" decoding=\"async\" width=\"150\" height=\"150\" src=\"https:\/\/osnovnaskolamalinskadubasnica.hr\/wp-content\/uploads\/Skolska-priredba-17-150x150.jpg\" class=\"attachment-thumbnail size-thumbnail\" alt=\"\" \/><\/a>\n\t\t\t<\/dt><\/dl><dl class='gallery-item'>\n\t\t\t<dt class='gallery-icon portrait'>\n\t\t\t\t<a href='https:\/\/osnovnaskolamalinskadubasnica.hr\/wp-content\/uploads\/Skolska-priredba-18-scaled.jpg' title=\"\" data-rl_title=\"\" class=\"rl-gallery-link\" data-rl_caption=\"\" data-rel=\"lightbox-gallery-1\"><img loading=\"lazy\" decoding=\"async\" width=\"150\" height=\"150\" src=\"https:\/\/osnovnaskolamalinskadubasnica.hr\/wp-content\/uploads\/Skolska-priredba-18-150x150.jpg\" class=\"attachment-thumbnail size-thumbnail\" alt=\"\" \/><\/a>\n\t\t\t<\/dt><\/dl><dl class='gallery-item'>\n\t\t\t<dt class='gallery-icon landscape'>\n\t\t\t\t<a href='https:\/\/osnovnaskolamalinskadubasnica.hr\/wp-content\/uploads\/Skolska-priredba-19-scaled.jpg' title=\"\" data-rl_title=\"\" class=\"rl-gallery-link\" data-rl_caption=\"\" data-rel=\"lightbox-gallery-1\"><img loading=\"lazy\" decoding=\"async\" width=\"150\" height=\"150\" src=\"https:\/\/osnovnaskolamalinskadubasnica.hr\/wp-content\/uploads\/Skolska-priredba-19-150x150.jpg\" class=\"attachment-thumbnail size-thumbnail\" alt=\"\" \/><\/a>\n\t\t\t<\/dt><\/dl><br style=\"clear: both\" \/><dl class='gallery-item'>\n\t\t\t<dt class='gallery-icon landscape'>\n\t\t\t\t<a href='https:\/\/osnovnaskolamalinskadubasnica.hr\/wp-content\/uploads\/Skolska-priredba-20-scaled.jpg' title=\"\" data-rl_title=\"\" class=\"rl-gallery-link\" data-rl_caption=\"\" data-rel=\"lightbox-gallery-1\"><img loading=\"lazy\" decoding=\"async\" width=\"150\" height=\"150\" src=\"https:\/\/osnovnaskolamalinskadubasnica.hr\/wp-content\/uploads\/Skolska-priredba-20-150x150.jpg\" class=\"attachment-thumbnail size-thumbnail\" alt=\"\" \/><\/a>\n\t\t\t<\/dt><\/dl><dl class='gallery-item'>\n\t\t\t<dt class='gallery-icon landscape'>\n\t\t\t\t<a href='https:\/\/osnovnaskolamalinskadubasnica.hr\/wp-content\/uploads\/Skolska-priredba-21-scaled.jpg' title=\"\" data-rl_title=\"\" class=\"rl-gallery-link\" data-rl_caption=\"\" data-rel=\"lightbox-gallery-1\"><img loading=\"lazy\" decoding=\"async\" width=\"150\" height=\"150\" src=\"https:\/\/osnovnaskolamalinskadubasnica.hr\/wp-content\/uploads\/Skolska-priredba-21-150x150.jpg\" class=\"attachment-thumbnail size-thumbnail\" alt=\"\" \/><\/a>\n\t\t\t<\/dt><\/dl><dl class='gallery-item'>\n\t\t\t<dt class='gallery-icon landscape'>\n\t\t\t\t<a href='https:\/\/osnovnaskolamalinskadubasnica.hr\/wp-content\/uploads\/Skolska-priredba-22-scaled.jpg' title=\"\" data-rl_title=\"\" class=\"rl-gallery-link\" data-rl_caption=\"\" data-rel=\"lightbox-gallery-1\"><img loading=\"lazy\" decoding=\"async\" width=\"150\" height=\"150\" src=\"https:\/\/osnovnaskolamalinskadubasnica.hr\/wp-content\/uploads\/Skolska-priredba-22-150x150.jpg\" class=\"attachment-thumbnail size-thumbnail\" alt=\"\" \/><\/a>\n\t\t\t<\/dt><\/dl><dl class='gallery-item'>\n\t\t\t<dt class='gallery-icon landscape'>\n\t\t\t\t<a href='https:\/\/osnovnaskolamalinskadubasnica.hr\/wp-content\/uploads\/Skolska-priredba-23-scaled.jpg' title=\"\" data-rl_title=\"\" class=\"rl-gallery-link\" data-rl_caption=\"\" data-rel=\"lightbox-gallery-1\"><img loading=\"lazy\" decoding=\"async\" width=\"150\" height=\"150\" src=\"https:\/\/osnovnaskolamalinskadubasnica.hr\/wp-content\/uploads\/Skolska-priredba-23-150x150.jpg\" class=\"attachment-thumbnail size-thumbnail\" alt=\"\" \/><\/a>\n\t\t\t<\/dt><\/dl><br style=\"clear: both\" \/>\n\t\t<\/div>\n\n<p style=\"text-align: center;\"><span style=\"color: #000000;\">Foto: Simona \u0161amani\u0107 Je\u017eabek (proba) i Hrvoje Kosir (priredba)<br \/>\nVideo: Vedrana Mio\u010di\u0107 i Matea Mrakov\u010di\u0107 Kosi\u0107<br \/>\n<\/span><\/p>\n<p>&nbsp;<\/p>\n","protected":false},"excerpt":{"rendered":"<p>U ponedjeljak 18. prosinca imali smo zadovoljstvo predstaviti trinaestu Bo\u017ei\u0107nu priredbu O\u0160 Malinska-Duba\u0161nica svim dragim uzvanicima, prijateljima, obitelji i rodbini. Pri\u010du o Bo\u017ei\u0107noj priredbi donosi Simona \u0160amani\u0107 Je\u017eabek.<\/p>\n","protected":false},"author":1,"featured_media":0,"comment_status":"closed","ping_status":"closed","sticky":false,"template":"","format":"standard","meta":{"footnotes":""},"categories":[24,30,1199,47,441,9],"tags":[966,1347,659,1037],"class_list":["post-27399","post","type-post","status-publish","format-standard","hentry","category-dogadanja","category-projekti","category-skolska-zadruga","category-svecanosti","category-video-kutak","category-vijesti","tag-bozicna-priredba","tag-hrvoje-kosir","tag-nedeljka-turcic","tag-simona-samanic-jezabek"],"yoast_head":"<!-- This site is optimized with the Yoast SEO plugin v27.5 - https:\/\/yoast.com\/product\/yoast-seo-wordpress\/ -->\n<title>Trinaesta bo\u017ei\u0107na priredba u O\u0160 Malinska-Duba\u0161nica - Osnovna \u0161kola Malinska-Duba\u0161nica<\/title>\n<meta name=\"robots\" content=\"index, follow, max-snippet:-1, max-image-preview:large, max-video-preview:-1\" \/>\n<link rel=\"canonical\" href=\"http:\/\/osnovnaskolamalinskadubasnica.hr\/?p=27399\" \/>\n<meta property=\"og:locale\" content=\"hr_HR\" \/>\n<meta property=\"og:type\" content=\"article\" \/>\n<meta property=\"og:title\" content=\"Trinaesta bo\u017ei\u0107na priredba u O\u0160 Malinska-Duba\u0161nica - Osnovna \u0161kola Malinska-Duba\u0161nica\" \/>\n<meta property=\"og:description\" content=\"U ponedjeljak 18. prosinca imali smo zadovoljstvo predstaviti trinaestu Bo\u017ei\u0107nu priredbu O\u0160 Malinska-Duba\u0161nica svim dragim uzvanicima, prijateljima, obitelji i rodbini. Pri\u010du o Bo\u017ei\u0107noj priredbi donosi Simona \u0160amani\u0107 Je\u017eabek.\" \/>\n<meta property=\"og:url\" content=\"http:\/\/osnovnaskolamalinskadubasnica.hr\/?p=27399\" \/>\n<meta property=\"og:site_name\" content=\"Osnovna \u0161kola Malinska-Duba\u0161nica\" \/>\n<meta property=\"article:publisher\" content=\"https:\/\/www.facebook.com\/osmalinskadubasnica\/\" \/>\n<meta property=\"article:published_time\" content=\"2023-12-19T20:01:37+00:00\" \/>\n<meta property=\"article:modified_time\" content=\"2023-12-20T17:03:43+00:00\" \/>\n<meta property=\"og:image\" content=\"http:\/\/osnovnaskolamalinskadubasnica.hr\/wp-content\/uploads\/Skolska-priredba-6-scaled.jpg\" \/>\n\t<meta property=\"og:image:width\" content=\"2560\" \/>\n\t<meta property=\"og:image:height\" content=\"1600\" \/>\n\t<meta property=\"og:image:type\" content=\"image\/jpeg\" \/>\n<meta name=\"author\" content=\"O\u0160 Malinska-Duba\u0161nica\" \/>\n<meta name=\"twitter:card\" content=\"summary_large_image\" \/>\n<meta name=\"twitter:label1\" content=\"Napisao\/la\" \/>\n\t<meta name=\"twitter:data1\" content=\"O\u0160 Malinska-Duba\u0161nica\" \/>\n\t<meta name=\"twitter:label2\" content=\"Procijenjeno vrijeme \u010ditanja\" \/>\n\t<meta name=\"twitter:data2\" content=\"5 minuta\" \/>\n<script type=\"application\/ld+json\" class=\"yoast-schema-graph\">{\"@context\":\"https:\\\/\\\/schema.org\",\"@graph\":[{\"@type\":\"Article\",\"@id\":\"http:\\\/\\\/osnovnaskolamalinskadubasnica.hr\\\/?p=27399#article\",\"isPartOf\":{\"@id\":\"http:\\\/\\\/osnovnaskolamalinskadubasnica.hr\\\/?p=27399\"},\"author\":{\"name\":\"O\u0160 Malinska-Duba\u0161nica\",\"@id\":\"http:\\\/\\\/osnovnaskolamalinskadubasnica.hr\\\/#\\\/schema\\\/person\\\/ab4ffae0c646af016b083db5e2445e8f\"},\"headline\":\"Trinaesta bo\u017ei\u0107na priredba u O\u0160 Malinska-Duba\u0161nica\",\"datePublished\":\"2023-12-19T20:01:37+00:00\",\"dateModified\":\"2023-12-20T17:03:43+00:00\",\"mainEntityOfPage\":{\"@id\":\"http:\\\/\\\/osnovnaskolamalinskadubasnica.hr\\\/?p=27399\"},\"wordCount\":851,\"image\":{\"@id\":\"http:\\\/\\\/osnovnaskolamalinskadubasnica.hr\\\/?p=27399#primaryimage\"},\"thumbnailUrl\":\"http:\\\/\\\/osnovnaskolamalinskadubasnica.hr\\\/wp-content\\\/uploads\\\/Bozicna-priredba-23-web.jpg\",\"keywords\":[\"Bo\u017ei\u0107na priredba\",\"Hrvoje Kosir\",\"Nedeljka Tur\u010di\u0107\",\"Simona \u0160amani\u0107 Je\u017eabek\"],\"articleSection\":[\"Doga\u0111anja\",\"Projekti\",\"\u0160kolska zadruga\",\"Sve\u010danosti\",\"Video kutak\",\"Vijesti\"],\"inLanguage\":\"hr\"},{\"@type\":\"WebPage\",\"@id\":\"http:\\\/\\\/osnovnaskolamalinskadubasnica.hr\\\/?p=27399\",\"url\":\"http:\\\/\\\/osnovnaskolamalinskadubasnica.hr\\\/?p=27399\",\"name\":\"Trinaesta bo\u017ei\u0107na priredba u O\u0160 Malinska-Duba\u0161nica - Osnovna \u0161kola Malinska-Duba\u0161nica\",\"isPartOf\":{\"@id\":\"http:\\\/\\\/osnovnaskolamalinskadubasnica.hr\\\/#website\"},\"primaryImageOfPage\":{\"@id\":\"http:\\\/\\\/osnovnaskolamalinskadubasnica.hr\\\/?p=27399#primaryimage\"},\"image\":{\"@id\":\"http:\\\/\\\/osnovnaskolamalinskadubasnica.hr\\\/?p=27399#primaryimage\"},\"thumbnailUrl\":\"http:\\\/\\\/osnovnaskolamalinskadubasnica.hr\\\/wp-content\\\/uploads\\\/Bozicna-priredba-23-web.jpg\",\"datePublished\":\"2023-12-19T20:01:37+00:00\",\"dateModified\":\"2023-12-20T17:03:43+00:00\",\"author\":{\"@id\":\"http:\\\/\\\/osnovnaskolamalinskadubasnica.hr\\\/#\\\/schema\\\/person\\\/ab4ffae0c646af016b083db5e2445e8f\"},\"breadcrumb\":{\"@id\":\"http:\\\/\\\/osnovnaskolamalinskadubasnica.hr\\\/?p=27399#breadcrumb\"},\"inLanguage\":\"hr\",\"potentialAction\":[{\"@type\":\"ReadAction\",\"target\":[\"http:\\\/\\\/osnovnaskolamalinskadubasnica.hr\\\/?p=27399\"]}]},{\"@type\":\"ImageObject\",\"inLanguage\":\"hr\",\"@id\":\"http:\\\/\\\/osnovnaskolamalinskadubasnica.hr\\\/?p=27399#primaryimage\",\"url\":\"https:\\\/\\\/osnovnaskolamalinskadubasnica.hr\\\/wp-content\\\/uploads\\\/Bozicna-priredba-23-web.jpg\",\"contentUrl\":\"https:\\\/\\\/osnovnaskolamalinskadubasnica.hr\\\/wp-content\\\/uploads\\\/Bozicna-priredba-23-web.jpg\",\"width\":993,\"height\":732},{\"@type\":\"BreadcrumbList\",\"@id\":\"http:\\\/\\\/osnovnaskolamalinskadubasnica.hr\\\/?p=27399#breadcrumb\",\"itemListElement\":[{\"@type\":\"ListItem\",\"position\":1,\"name\":\"Po\u010detna stranica\",\"item\":\"http:\\\/\\\/osnovnaskolamalinskadubasnica.hr\\\/\"},{\"@type\":\"ListItem\",\"position\":2,\"name\":\"Trinaesta bo\u017ei\u0107na priredba u O\u0160 Malinska-Duba\u0161nica\"}]},{\"@type\":\"WebSite\",\"@id\":\"http:\\\/\\\/osnovnaskolamalinskadubasnica.hr\\\/#website\",\"url\":\"http:\\\/\\\/osnovnaskolamalinskadubasnica.hr\\\/\",\"name\":\"Osnovna \u0161kola Malinska-Duba\u0161nica\",\"description\":\"\",\"potentialAction\":[{\"@type\":\"SearchAction\",\"target\":{\"@type\":\"EntryPoint\",\"urlTemplate\":\"http:\\\/\\\/osnovnaskolamalinskadubasnica.hr\\\/?s={search_term_string}\"},\"query-input\":{\"@type\":\"PropertyValueSpecification\",\"valueRequired\":true,\"valueName\":\"search_term_string\"}}],\"inLanguage\":\"hr\"},{\"@type\":\"Person\",\"@id\":\"http:\\\/\\\/osnovnaskolamalinskadubasnica.hr\\\/#\\\/schema\\\/person\\\/ab4ffae0c646af016b083db5e2445e8f\",\"name\":\"O\u0160 Malinska-Duba\u0161nica\",\"url\":\"https:\\\/\\\/osnovnaskolamalinskadubasnica.hr\\\/?author=1\"}]}<\/script>\n<!-- \/ Yoast SEO plugin. -->","yoast_head_json":{"title":"Trinaesta bo\u017ei\u0107na priredba u O\u0160 Malinska-Duba\u0161nica - Osnovna \u0161kola Malinska-Duba\u0161nica","robots":{"index":"index","follow":"follow","max-snippet":"max-snippet:-1","max-image-preview":"max-image-preview:large","max-video-preview":"max-video-preview:-1"},"canonical":"http:\/\/osnovnaskolamalinskadubasnica.hr\/?p=27399","og_locale":"hr_HR","og_type":"article","og_title":"Trinaesta bo\u017ei\u0107na priredba u O\u0160 Malinska-Duba\u0161nica - Osnovna \u0161kola Malinska-Duba\u0161nica","og_description":"U ponedjeljak 18. prosinca imali smo zadovoljstvo predstaviti trinaestu Bo\u017ei\u0107nu priredbu O\u0160 Malinska-Duba\u0161nica svim dragim uzvanicima, prijateljima, obitelji i rodbini. Pri\u010du o Bo\u017ei\u0107noj priredbi donosi Simona \u0160amani\u0107 Je\u017eabek.","og_url":"http:\/\/osnovnaskolamalinskadubasnica.hr\/?p=27399","og_site_name":"Osnovna \u0161kola Malinska-Duba\u0161nica","article_publisher":"https:\/\/www.facebook.com\/osmalinskadubasnica\/","article_published_time":"2023-12-19T20:01:37+00:00","article_modified_time":"2023-12-20T17:03:43+00:00","og_image":[{"width":2560,"height":1600,"url":"http:\/\/osnovnaskolamalinskadubasnica.hr\/wp-content\/uploads\/Skolska-priredba-6-scaled.jpg","type":"image\/jpeg"}],"author":"O\u0160 Malinska-Duba\u0161nica","twitter_card":"summary_large_image","twitter_misc":{"Napisao\/la":"O\u0160 Malinska-Duba\u0161nica","Procijenjeno vrijeme \u010ditanja":"5 minuta"},"schema":{"@context":"https:\/\/schema.org","@graph":[{"@type":"Article","@id":"http:\/\/osnovnaskolamalinskadubasnica.hr\/?p=27399#article","isPartOf":{"@id":"http:\/\/osnovnaskolamalinskadubasnica.hr\/?p=27399"},"author":{"name":"O\u0160 Malinska-Duba\u0161nica","@id":"http:\/\/osnovnaskolamalinskadubasnica.hr\/#\/schema\/person\/ab4ffae0c646af016b083db5e2445e8f"},"headline":"Trinaesta bo\u017ei\u0107na priredba u O\u0160 Malinska-Duba\u0161nica","datePublished":"2023-12-19T20:01:37+00:00","dateModified":"2023-12-20T17:03:43+00:00","mainEntityOfPage":{"@id":"http:\/\/osnovnaskolamalinskadubasnica.hr\/?p=27399"},"wordCount":851,"image":{"@id":"http:\/\/osnovnaskolamalinskadubasnica.hr\/?p=27399#primaryimage"},"thumbnailUrl":"http:\/\/osnovnaskolamalinskadubasnica.hr\/wp-content\/uploads\/Bozicna-priredba-23-web.jpg","keywords":["Bo\u017ei\u0107na priredba","Hrvoje Kosir","Nedeljka Tur\u010di\u0107","Simona \u0160amani\u0107 Je\u017eabek"],"articleSection":["Doga\u0111anja","Projekti","\u0160kolska zadruga","Sve\u010danosti","Video kutak","Vijesti"],"inLanguage":"hr"},{"@type":"WebPage","@id":"http:\/\/osnovnaskolamalinskadubasnica.hr\/?p=27399","url":"http:\/\/osnovnaskolamalinskadubasnica.hr\/?p=27399","name":"Trinaesta bo\u017ei\u0107na priredba u O\u0160 Malinska-Duba\u0161nica - Osnovna \u0161kola Malinska-Duba\u0161nica","isPartOf":{"@id":"http:\/\/osnovnaskolamalinskadubasnica.hr\/#website"},"primaryImageOfPage":{"@id":"http:\/\/osnovnaskolamalinskadubasnica.hr\/?p=27399#primaryimage"},"image":{"@id":"http:\/\/osnovnaskolamalinskadubasnica.hr\/?p=27399#primaryimage"},"thumbnailUrl":"http:\/\/osnovnaskolamalinskadubasnica.hr\/wp-content\/uploads\/Bozicna-priredba-23-web.jpg","datePublished":"2023-12-19T20:01:37+00:00","dateModified":"2023-12-20T17:03:43+00:00","author":{"@id":"http:\/\/osnovnaskolamalinskadubasnica.hr\/#\/schema\/person\/ab4ffae0c646af016b083db5e2445e8f"},"breadcrumb":{"@id":"http:\/\/osnovnaskolamalinskadubasnica.hr\/?p=27399#breadcrumb"},"inLanguage":"hr","potentialAction":[{"@type":"ReadAction","target":["http:\/\/osnovnaskolamalinskadubasnica.hr\/?p=27399"]}]},{"@type":"ImageObject","inLanguage":"hr","@id":"http:\/\/osnovnaskolamalinskadubasnica.hr\/?p=27399#primaryimage","url":"https:\/\/osnovnaskolamalinskadubasnica.hr\/wp-content\/uploads\/Bozicna-priredba-23-web.jpg","contentUrl":"https:\/\/osnovnaskolamalinskadubasnica.hr\/wp-content\/uploads\/Bozicna-priredba-23-web.jpg","width":993,"height":732},{"@type":"BreadcrumbList","@id":"http:\/\/osnovnaskolamalinskadubasnica.hr\/?p=27399#breadcrumb","itemListElement":[{"@type":"ListItem","position":1,"name":"Po\u010detna stranica","item":"http:\/\/osnovnaskolamalinskadubasnica.hr\/"},{"@type":"ListItem","position":2,"name":"Trinaesta bo\u017ei\u0107na priredba u O\u0160 Malinska-Duba\u0161nica"}]},{"@type":"WebSite","@id":"http:\/\/osnovnaskolamalinskadubasnica.hr\/#website","url":"http:\/\/osnovnaskolamalinskadubasnica.hr\/","name":"Osnovna \u0161kola Malinska-Duba\u0161nica","description":"","potentialAction":[{"@type":"SearchAction","target":{"@type":"EntryPoint","urlTemplate":"http:\/\/osnovnaskolamalinskadubasnica.hr\/?s={search_term_string}"},"query-input":{"@type":"PropertyValueSpecification","valueRequired":true,"valueName":"search_term_string"}}],"inLanguage":"hr"},{"@type":"Person","@id":"http:\/\/osnovnaskolamalinskadubasnica.hr\/#\/schema\/person\/ab4ffae0c646af016b083db5e2445e8f","name":"O\u0160 Malinska-Duba\u0161nica","url":"https:\/\/osnovnaskolamalinskadubasnica.hr\/?author=1"}]}},"_links":{"self":[{"href":"https:\/\/osnovnaskolamalinskadubasnica.hr\/index.php?rest_route=\/wp\/v2\/posts\/27399","targetHints":{"allow":["GET"]}}],"collection":[{"href":"https:\/\/osnovnaskolamalinskadubasnica.hr\/index.php?rest_route=\/wp\/v2\/posts"}],"about":[{"href":"https:\/\/osnovnaskolamalinskadubasnica.hr\/index.php?rest_route=\/wp\/v2\/types\/post"}],"author":[{"embeddable":true,"href":"https:\/\/osnovnaskolamalinskadubasnica.hr\/index.php?rest_route=\/wp\/v2\/users\/1"}],"replies":[{"embeddable":true,"href":"https:\/\/osnovnaskolamalinskadubasnica.hr\/index.php?rest_route=%2Fwp%2Fv2%2Fcomments&post=27399"}],"version-history":[{"count":5,"href":"https:\/\/osnovnaskolamalinskadubasnica.hr\/index.php?rest_route=\/wp\/v2\/posts\/27399\/revisions"}],"predecessor-version":[{"id":27446,"href":"https:\/\/osnovnaskolamalinskadubasnica.hr\/index.php?rest_route=\/wp\/v2\/posts\/27399\/revisions\/27446"}],"wp:attachment":[{"href":"https:\/\/osnovnaskolamalinskadubasnica.hr\/index.php?rest_route=%2Fwp%2Fv2%2Fmedia&parent=27399"}],"wp:term":[{"taxonomy":"category","embeddable":true,"href":"https:\/\/osnovnaskolamalinskadubasnica.hr\/index.php?rest_route=%2Fwp%2Fv2%2Fcategories&post=27399"},{"taxonomy":"post_tag","embeddable":true,"href":"https:\/\/osnovnaskolamalinskadubasnica.hr\/index.php?rest_route=%2Fwp%2Fv2%2Ftags&post=27399"}],"curies":[{"name":"wp","href":"https:\/\/api.w.org\/{rel}","templated":true}]}}