{"id":13403,"date":"2018-05-08T22:46:20","date_gmt":"2018-05-08T22:46:20","guid":{"rendered":"http:\/\/osnovnaskolamalinskadubasnica.hr\/?p=13403"},"modified":"2018-05-08T22:53:03","modified_gmt":"2018-05-08T22:53:03","slug":"paola-ivana-medved-biljeznica-prepuna-lijepih-prica","status":"publish","type":"post","link":"https:\/\/osnovnaskolamalinskadubasnica.hr\/?p=13403","title":{"rendered":"Paola Ivana Medved: Bilje\u017enica prepuna lijepih pri\u010da"},"content":{"rendered":"<p style=\"text-align: justify;\"><a href=\"http:\/\/osnovnaskolamalinskadubasnica.hr\/wp-content\/uploads\/Paola-Ivana.jpg\" data-rel=\"lightbox-image-0\" data-rl_title=\"\" data-rl_caption=\"\" title=\"\"><img loading=\"lazy\" decoding=\"async\" class=\"alignleft wp-image-13404\" src=\"http:\/\/osnovnaskolamalinskadubasnica.hr\/wp-content\/uploads\/Paola-Ivana.jpg\" alt=\"\" width=\"272\" height=\"205\" \/><\/a><span style=\"color: #000000;\">Paola Ivana Medved u\u010denica je tre\u0107eg razreda i voli pisati, a njezine su kratke pri\u010de i pjesme pravi u\u017eitak za \u010ditanje. <\/span><\/p>\n<p style=\"text-align: justify;\"><span style=\"color: #000000;\">Paola Ivana pi\u0161e razigrano, ma\u0161tovito, iz srca, stvaraju\u0107i pri\u010de i pjesme prepune ljepote, vedrine, veselja i optimizma.<\/span><\/p>\n<p><em><!--more--><\/em><\/p>\n<p><span style=\"color: #ffffff;\">.<\/span><\/p>\n<p><strong><span style=\"color: #800000;\"><em><a href=\"http:\/\/osnovnaskolamalinskadubasnica.hr\/wp-content\/uploads\/joaninha-engracada-dos-desenhos-animados-sobrevoando-o-campo-de-flores_42886-139.jpg\" data-rel=\"lightbox-image-1\" data-rl_title=\"\" data-rl_caption=\"\" title=\"\"><img loading=\"lazy\" decoding=\"async\" class=\"alignright wp-image-13410\" src=\"http:\/\/osnovnaskolamalinskadubasnica.hr\/wp-content\/uploads\/joaninha-engracada-dos-desenhos-animados-sobrevoando-o-campo-de-flores_42886-139.jpg\" alt=\"\" width=\"300\" height=\"212\" \/><\/a><\/em><\/span><\/strong><\/p>\n<p><strong><span style=\"color: #800000;\">BUBAMARA<\/span><\/strong><\/p>\n<p style=\"text-align: justify;\"><span style=\"color: #000000;\">Jednom davno, postojala je bubamara koja je \u017eeljela imati svoj vlastiti cvijet. Svi cvjetovi su bili lijepi ali ne dovoljno lijepi da bi zadivili bubamaru. Sjela je na kamen i zaplakala. Odjednom, \u010duje neki glas. To je bio leptir koji je prolazio uz put.<br \/>\n<\/span><\/p>\n<p style=\"text-align: justify;\"><span style=\"color: #000000;\"><em>\u0160to je?<\/em>, upita leptir.<br \/>\n<em>Tra\u017eim cvijet u kojem \u0107u \u017eivjeti<\/em>, odgovori bubamara.<br \/>\n<em>Zna\u0161<\/em>, re\u010de leptir, <em>vidio sam jedan prekrasan cvijet. Zove se ru\u017ea.<\/em> <em>Lijepa crvena ru\u017ea raste u vrtu djevoj\u010dice Lee.<\/em><br \/>\n<a href=\"http:\/\/osnovnaskolamalinskadubasnica.hr\/wp-content\/uploads\/359011efc0139bf3f92de7bb5ac38a4b.jpg\" data-rel=\"lightbox-image-2\" data-rl_title=\"\" data-rl_caption=\"\" title=\"\"><img loading=\"lazy\" decoding=\"async\" class=\"alignleft wp-image-13421\" src=\"http:\/\/osnovnaskolamalinskadubasnica.hr\/wp-content\/uploads\/359011efc0139bf3f92de7bb5ac38a4b.jpg\" alt=\"\" width=\"300\" height=\"300\" srcset=\"https:\/\/osnovnaskolamalinskadubasnica.hr\/wp-content\/uploads\/359011efc0139bf3f92de7bb5ac38a4b.jpg 416w, https:\/\/osnovnaskolamalinskadubasnica.hr\/wp-content\/uploads\/359011efc0139bf3f92de7bb5ac38a4b-150x150.jpg 150w\" sizes=\"auto, (max-width: 300px) 100vw, 300px\" \/><\/a><\/span><span style=\"color: #000000;\"><em>Stvarno?<\/em><\/span><br \/>\n<span style=\"color: #000000;\"><em>Da, stvarno!<\/em> re\u010de leptir.<br \/>\n<em>Napokon!<\/em> re\u010de veselo bubamara i zagrli leptira.<br \/>\n<em>Sad mo\u017ee\u0161 u njemu \u017eivjeti dok ne uvene<\/em>, re\u010de leptir.<br \/>\n<em>Hvala, zbogom!<\/em><br \/>\n<em>Zbogom!<\/em><br \/>\n<em>\u017delim ti lijepi provod!<\/em><\/span><br \/>\n<span style=\"color: #000000;\"><em>Hvala!<\/em><\/span><\/p>\n<p style=\"text-align: justify;\"><span style=\"color: #000000;\">I tako je bubamara oti\u0161la do svog novog doma. Djevoj\u010dica je prihvatila \u0161to \u0107e bubamara \u017eivjeti na njenoj ru\u017ei i ba\u0161 se veselila. Mislila je u sebi: <em>Napokon imam prijateljicu s kojom se mogu dru\u017eiti.<\/em><\/span><br \/>\n<span style=\"color: #000000;\"><em>Ne\u0161to bih te zamolila<\/em>, re\u010de bubamara. <em>\u0160to?<\/em>, upita djevoj\u010dica.<\/span><br \/>\n<em><span style=\"color: #000000;\">Da zaljeva\u0161 ru\u017eu svaki dan. Obe\u010daje\u0161?<\/span><\/em><br \/>\n<em><span style=\"color: #000000;\">Obe\u010dajem!<\/span><\/em><br \/>\n<em><span style=\"color: #000000;\">Dobro, sad se idem odmoriti pa se mo\u017eemo igrati.<\/span><\/em><br \/>\n<em><span style=\"color: #000000;\">Dobro, vidimo se kasnije!<\/span><\/em><\/p>\n<p style=\"text-align: center;\"><strong><span style=\"color: #800000;\"><a href=\"http:\/\/osnovnaskolamalinskadubasnica.hr\/wp-content\/uploads\/timthumb.php_.png\" data-rel=\"lightbox-image-3\" data-rl_title=\"\" data-rl_caption=\"\" title=\"\"><img loading=\"lazy\" decoding=\"async\" class=\"alignleft wp-image-13411\" src=\"http:\/\/osnovnaskolamalinskadubasnica.hr\/wp-content\/uploads\/timthumb.php_.png\" alt=\"\" width=\"231\" height=\"289\" \/><\/a>CVIJET<\/span><\/strong><\/p>\n<p style=\"text-align: center;\"><em><span style=\"color: #000000;\">Neki su \u017euti,<\/span><\/em><br \/>\n<em><span style=\"color: #000000;\"> neki su crveni,<\/span><\/em><br \/>\n<em><span style=\"color: #000000;\"> neki su rozi,<\/span><\/em><br \/>\n<em><span style=\"color: #000000;\"> neki su bijeli,<\/span><\/em><br \/>\n<em><span style=\"color: #000000;\"> neki su naran\u010dasti,<\/span><\/em><br \/>\n<em><span style=\"color: #000000;\"> a neki su ljubi\u010dasti.<\/span><\/em><\/p>\n<p style=\"text-align: center;\"><em><span style=\"color: #000000;\">Izgledaju lijepo, najljep\u0161e.<\/span><\/em><br \/>\n<em><span style=\"color: #000000;\">Izgledaju sjajno, najsjajnije.<\/span><\/em><br \/>\n<em><span style=\"color: #000000;\">Izgledaju divno, najdivnije.<\/span><\/em><\/p>\n<p><span style=\"color: #ffffff;\">&#8211;<\/span><\/p>\n<p style=\"text-align: center;\"><strong><span style=\"color: #800000;\"><a href=\"http:\/\/osnovnaskolamalinskadubasnica.hr\/wp-content\/uploads\/Hadas-de-la-musica-1.jpg\" data-rel=\"lightbox-image-4\" data-rl_title=\"\" data-rl_caption=\"\" title=\"\"><img loading=\"lazy\" decoding=\"async\" class=\"alignright wp-image-13412\" src=\"http:\/\/osnovnaskolamalinskadubasnica.hr\/wp-content\/uploads\/Hadas-de-la-musica-1.jpg\" alt=\"\" width=\"260\" height=\"283\" \/><\/a>\u0160UMSKI STVOR<\/span><\/strong><\/p>\n<p style=\"text-align: center;\"><em><span style=\"color: #000000;\">\u0160umski stvor ide na zbor,<\/span><\/em><br \/>\n<em><span style=\"color: #000000;\">pjeva i pjeva,<\/span><\/em><br \/>\n<em><span style=\"color: #000000;\">kao \u0161eva.<\/span><\/em><\/p>\n<p style=\"text-align: center;\"><em><span style=\"color: #000000;\">Pjeva po danu,<br \/>\npjeva po no\u0107i,<\/span><\/em><br \/>\n<em><span style=\"color: #000000;\">a onda mora spavati po\u0107i.<\/span><\/em><\/p>\n<p style=\"text-align: center;\"><em><span style=\"color: #000000;\">U njegovoj glavi<br \/>\nslava se plavi.<\/span><\/em><br \/>\n<span style=\"color: #ffffff;\">.<\/span><\/p>\n<p style=\"text-align: center;\"><strong><span style=\"color: #800000;\"><a href=\"http:\/\/osnovnaskolamalinskadubasnica.hr\/wp-content\/uploads\/srce.png\" data-rel=\"lightbox-image-5\" data-rl_title=\"\" data-rl_caption=\"\" title=\"\"><img loading=\"lazy\" decoding=\"async\" class=\"alignleft size-full wp-image-13413\" src=\"http:\/\/osnovnaskolamalinskadubasnica.hr\/wp-content\/uploads\/srce.png\" alt=\"\" width=\"275\" height=\"183\" \/><\/a>MOJOJ MAMI\u00a0<\/span> <\/strong><\/p>\n<p style=\"text-align: center;\"><em><span style=\"color: #000000;\">Moja mama je draga,<\/span><\/em><br \/>\n<em><span style=\"color: #000000;\">nekad i blaga.<\/span><\/em><br \/>\n<em><span style=\"color: #000000;\">Volim s njom provoditi dan,<\/span><\/em><br \/>\n<em><span style=\"color: #000000;\">uvijek je lijep kao san<\/span><\/em><br \/>\n<em><span style=\"color: #000000;\">Pozdrav \u0161aljem za nju<\/span><\/em><br \/>\n<em><span style=\"color: #000000;\">i darujem joj ljubav svu.<\/span><\/em><\/p>\n<p style=\"text-align: center;\"><strong><span style=\"color: #800000;\"><a href=\"http:\/\/osnovnaskolamalinskadubasnica.hr\/wp-content\/uploads\/space_detail.jpg\" data-rel=\"lightbox-image-6\" data-rl_title=\"\" data-rl_caption=\"\" title=\"\"><img loading=\"lazy\" decoding=\"async\" class=\"alignright wp-image-13414\" src=\"http:\/\/osnovnaskolamalinskadubasnica.hr\/wp-content\/uploads\/space_detail.jpg\" alt=\"\" width=\"300\" height=\"282\" srcset=\"https:\/\/osnovnaskolamalinskadubasnica.hr\/wp-content\/uploads\/space_detail.jpg 918w, https:\/\/osnovnaskolamalinskadubasnica.hr\/wp-content\/uploads\/space_detail-768x723.jpg 768w\" sizes=\"auto, (max-width: 300px) 100vw, 300px\" \/><\/a>SVEMIRSKA PRI\u010cA<\/span><\/strong><\/p>\n<p style=\"text-align: center;\"><em><span style=\"color: #000000;\">Letjela sam u svemirskom brodu <\/span><\/em><em><span style=\"color: #000000;\">i razmi\u0161ljala o nebeskom svodu.<\/span><\/em><br \/>\n<em><span style=\"color: #000000;\">Posjetila sam Mlije\u010dnu stazu bijelu<\/span><\/em><br \/>\n<em><span style=\"color: #000000;\">i obi\u0161la Veneru cijelu.<\/span><\/em><br \/>\n<em><span style=\"color: #000000;\">Upoznala sam vanzemaljce<\/span><\/em><br \/>\n<em><span style=\"color: #000000;\">i bila sam sretna sva.<\/span><\/em><br \/>\n<em><span style=\"color: #000000;\">S njima sam provela dan,<\/span><\/em><br \/>\n<em><span style=\"color: #000000;\">bio je lijep kao san.<\/span><\/em><br \/>\n<em><span style=\"color: #000000;\">Igrali se, zabavljali,<\/span><\/em><br \/>\n<em><span style=\"color: #000000;\">a onda smo se morali rastati.<\/span><\/em><\/p>\n<p style=\"text-align: center;\"><a href=\"http:\/\/osnovnaskolamalinskadubasnica.hr\/wp-content\/uploads\/space.jpg\" data-rel=\"lightbox-image-7\" data-rl_title=\"\" data-rl_caption=\"\" title=\"\"><img loading=\"lazy\" decoding=\"async\" class=\"alignleft wp-image-13416\" src=\"http:\/\/osnovnaskolamalinskadubasnica.hr\/wp-content\/uploads\/space.jpg\" alt=\"\" width=\"207\" height=\"263\" srcset=\"https:\/\/osnovnaskolamalinskadubasnica.hr\/wp-content\/uploads\/space.jpg 825w, https:\/\/osnovnaskolamalinskadubasnica.hr\/wp-content\/uploads\/space-768x977.jpg 768w\" sizes=\"auto, (max-width: 207px) 100vw, 207px\" \/><\/a><\/p>\n<p style=\"text-align: center;\"><em><span style=\"color: #000000;\"><span style=\"color: #ffffff;\">.<\/span><br \/>\nU svemirskom odjelu<\/span><\/em><br \/>\n<em><span style=\"color: #000000;\">s kacigom na glavi,<\/span><\/em><br \/>\n<em><span style=\"color: #000000;\">u\u0161la sam u brod kao u \u0161ali.<\/span><\/em><br \/>\n<em><span style=\"color: #000000;\">Na putu ku\u0107i vidjela sam ja,<\/span><\/em><br \/>\n<em><span style=\"color: #000000;\">Velikog i Malog medvjeda,<\/span><\/em><br \/>\n<em><span style=\"color: #000000;\">Sjevernja\u010du na repu Maloga,<\/span><\/em><br \/>\n<em><span style=\"color: #000000;\">iz broda svojega.<\/span><\/em><br \/>\n<em><span style=\"color: #000000;\">Kada sam u ku\u0107u u\u0161la<\/span><\/em><br \/>\n<em><span style=\"color: #000000;\">svi su na okupu bili<\/span><\/em><br \/>\n<em><span style=\"color: #000000;\">i moju pri\u010du \u017eeljno i\u0161\u010dekivali.<\/span><\/em><\/p>\n<p style=\"text-align: right;\"><em><span style=\"color: #800000;\">Paola Ivana Medved, 3. a<\/span><\/em><\/p>\n<p><a href=\"http:\/\/osnovnaskolamalinskadubasnica.hr\/wp-content\/uploads\/IMAG1140.jpg\" data-rel=\"lightbox-image-8\" data-rl_title=\"\" data-rl_caption=\"\" title=\"\"><img loading=\"lazy\" decoding=\"async\" class=\"aligncenter size-full wp-image-13417\" src=\"http:\/\/osnovnaskolamalinskadubasnica.hr\/wp-content\/uploads\/IMAG1140.jpg\" alt=\"\" width=\"850\" height=\"636\" srcset=\"https:\/\/osnovnaskolamalinskadubasnica.hr\/wp-content\/uploads\/IMAG1140.jpg 850w, https:\/\/osnovnaskolamalinskadubasnica.hr\/wp-content\/uploads\/IMAG1140-768x575.jpg 768w\" sizes=\"auto, (max-width: 850px) 100vw, 850px\" \/><\/a><\/p>\n<p style=\"text-align: center;\">\n","protected":false},"excerpt":{"rendered":"<p>Paola Ivana Medved u\u010denica je tre\u0107eg razreda i voli pisati, a njezine su kratke pri\u010de i pjesme pravi u\u017eitak za \u010ditanje. Paola Ivana pi\u0161e razigrano, ma\u0161tovito, iz srca, stvaraju\u0107i pri\u010de i pjesme prepune ljepote, vedrine, veselja i optimizma.<\/p>\n","protected":false},"author":1,"featured_media":0,"comment_status":"closed","ping_status":"closed","sticky":false,"template":"","format":"standard","meta":{"footnotes":""},"categories":[154,9,102],"tags":[388,348,803,364],"class_list":["post-13403","post","type-post","status-publish","format-standard","hentry","category-kreativac","category-vijesti","category-zanimljivosti-2","tag-kratke-price","tag-literarni-radovi","tag-paola-ivana-medved","tag-poezija"],"yoast_head":"<!-- This site is optimized with the Yoast SEO plugin v27.5 - https:\/\/yoast.com\/product\/yoast-seo-wordpress\/ -->\n<title>Paola Ivana Medved: Bilje\u017enica prepuna lijepih pri\u010da - Osnovna \u0161kola Malinska-Duba\u0161nica<\/title>\n<meta name=\"robots\" content=\"index, follow, max-snippet:-1, max-image-preview:large, max-video-preview:-1\" \/>\n<link rel=\"canonical\" href=\"http:\/\/osnovnaskolamalinskadubasnica.hr\/?p=13403\" \/>\n<meta property=\"og:locale\" content=\"hr_HR\" \/>\n<meta property=\"og:type\" content=\"article\" \/>\n<meta property=\"og:title\" content=\"Paola Ivana Medved: Bilje\u017enica prepuna lijepih pri\u010da - Osnovna \u0161kola Malinska-Duba\u0161nica\" \/>\n<meta property=\"og:description\" content=\"Paola Ivana Medved u\u010denica je tre\u0107eg razreda i voli pisati, a njezine su kratke pri\u010de i pjesme pravi u\u017eitak za \u010ditanje. Paola Ivana pi\u0161e razigrano, ma\u0161tovito, iz srca, stvaraju\u0107i pri\u010de i pjesme prepune ljepote, vedrine, veselja i optimizma.\" \/>\n<meta property=\"og:url\" content=\"http:\/\/osnovnaskolamalinskadubasnica.hr\/?p=13403\" \/>\n<meta property=\"og:site_name\" content=\"Osnovna \u0161kola Malinska-Duba\u0161nica\" \/>\n<meta property=\"article:publisher\" content=\"https:\/\/www.facebook.com\/osmalinskadubasnica\/\" \/>\n<meta property=\"article:published_time\" content=\"2018-05-08T22:46:20+00:00\" \/>\n<meta property=\"article:modified_time\" content=\"2018-05-08T22:53:03+00:00\" \/>\n<meta property=\"og:image\" content=\"http:\/\/osnovnaskolamalinskadubasnica.hr\/wp-content\/uploads\/Paola-Ivana.jpg\" \/>\n<meta name=\"author\" content=\"O\u0160 Malinska-Duba\u0161nica\" \/>\n<meta name=\"twitter:card\" content=\"summary_large_image\" \/>\n<meta name=\"twitter:label1\" content=\"Napisao\/la\" \/>\n\t<meta name=\"twitter:data1\" content=\"O\u0160 Malinska-Duba\u0161nica\" \/>\n\t<meta name=\"twitter:label2\" content=\"Procijenjeno vrijeme \u010ditanja\" \/>\n\t<meta name=\"twitter:data2\" content=\"2 minute\" \/>\n<script type=\"application\/ld+json\" class=\"yoast-schema-graph\">{\"@context\":\"https:\\\/\\\/schema.org\",\"@graph\":[{\"@type\":\"Article\",\"@id\":\"http:\\\/\\\/osnovnaskolamalinskadubasnica.hr\\\/?p=13403#article\",\"isPartOf\":{\"@id\":\"http:\\\/\\\/osnovnaskolamalinskadubasnica.hr\\\/?p=13403\"},\"author\":{\"name\":\"O\u0160 Malinska-Duba\u0161nica\",\"@id\":\"http:\\\/\\\/osnovnaskolamalinskadubasnica.hr\\\/#\\\/schema\\\/person\\\/ab4ffae0c646af016b083db5e2445e8f\"},\"headline\":\"Paola Ivana Medved: Bilje\u017enica prepuna lijepih pri\u010da\",\"datePublished\":\"2018-05-08T22:46:20+00:00\",\"dateModified\":\"2018-05-08T22:53:03+00:00\",\"mainEntityOfPage\":{\"@id\":\"http:\\\/\\\/osnovnaskolamalinskadubasnica.hr\\\/?p=13403\"},\"wordCount\":446,\"image\":{\"@id\":\"http:\\\/\\\/osnovnaskolamalinskadubasnica.hr\\\/?p=13403#primaryimage\"},\"thumbnailUrl\":\"http:\\\/\\\/osnovnaskolamalinskadubasnica.hr\\\/wp-content\\\/uploads\\\/Paola-Ivana.jpg\",\"keywords\":[\"kratke pri\u010de\",\"literarni radovi\",\"Paola Ivana Medved\",\"poezija\"],\"articleSection\":[\"Kreativac\",\"Vijesti\",\"Zanimljivosti\"],\"inLanguage\":\"hr\"},{\"@type\":\"WebPage\",\"@id\":\"http:\\\/\\\/osnovnaskolamalinskadubasnica.hr\\\/?p=13403\",\"url\":\"http:\\\/\\\/osnovnaskolamalinskadubasnica.hr\\\/?p=13403\",\"name\":\"Paola Ivana Medved: Bilje\u017enica prepuna lijepih pri\u010da - Osnovna \u0161kola Malinska-Duba\u0161nica\",\"isPartOf\":{\"@id\":\"http:\\\/\\\/osnovnaskolamalinskadubasnica.hr\\\/#website\"},\"primaryImageOfPage\":{\"@id\":\"http:\\\/\\\/osnovnaskolamalinskadubasnica.hr\\\/?p=13403#primaryimage\"},\"image\":{\"@id\":\"http:\\\/\\\/osnovnaskolamalinskadubasnica.hr\\\/?p=13403#primaryimage\"},\"thumbnailUrl\":\"http:\\\/\\\/osnovnaskolamalinskadubasnica.hr\\\/wp-content\\\/uploads\\\/Paola-Ivana.jpg\",\"datePublished\":\"2018-05-08T22:46:20+00:00\",\"dateModified\":\"2018-05-08T22:53:03+00:00\",\"author\":{\"@id\":\"http:\\\/\\\/osnovnaskolamalinskadubasnica.hr\\\/#\\\/schema\\\/person\\\/ab4ffae0c646af016b083db5e2445e8f\"},\"breadcrumb\":{\"@id\":\"http:\\\/\\\/osnovnaskolamalinskadubasnica.hr\\\/?p=13403#breadcrumb\"},\"inLanguage\":\"hr\",\"potentialAction\":[{\"@type\":\"ReadAction\",\"target\":[\"http:\\\/\\\/osnovnaskolamalinskadubasnica.hr\\\/?p=13403\"]}]},{\"@type\":\"ImageObject\",\"inLanguage\":\"hr\",\"@id\":\"http:\\\/\\\/osnovnaskolamalinskadubasnica.hr\\\/?p=13403#primaryimage\",\"url\":\"http:\\\/\\\/osnovnaskolamalinskadubasnica.hr\\\/wp-content\\\/uploads\\\/Paola-Ivana.jpg\",\"contentUrl\":\"http:\\\/\\\/osnovnaskolamalinskadubasnica.hr\\\/wp-content\\\/uploads\\\/Paola-Ivana.jpg\"},{\"@type\":\"BreadcrumbList\",\"@id\":\"http:\\\/\\\/osnovnaskolamalinskadubasnica.hr\\\/?p=13403#breadcrumb\",\"itemListElement\":[{\"@type\":\"ListItem\",\"position\":1,\"name\":\"Po\u010detna stranica\",\"item\":\"http:\\\/\\\/osnovnaskolamalinskadubasnica.hr\\\/\"},{\"@type\":\"ListItem\",\"position\":2,\"name\":\"Paola Ivana Medved: Bilje\u017enica prepuna lijepih pri\u010da\"}]},{\"@type\":\"WebSite\",\"@id\":\"http:\\\/\\\/osnovnaskolamalinskadubasnica.hr\\\/#website\",\"url\":\"http:\\\/\\\/osnovnaskolamalinskadubasnica.hr\\\/\",\"name\":\"Osnovna \u0161kola Malinska-Duba\u0161nica\",\"description\":\"\",\"potentialAction\":[{\"@type\":\"SearchAction\",\"target\":{\"@type\":\"EntryPoint\",\"urlTemplate\":\"http:\\\/\\\/osnovnaskolamalinskadubasnica.hr\\\/?s={search_term_string}\"},\"query-input\":{\"@type\":\"PropertyValueSpecification\",\"valueRequired\":true,\"valueName\":\"search_term_string\"}}],\"inLanguage\":\"hr\"},{\"@type\":\"Person\",\"@id\":\"http:\\\/\\\/osnovnaskolamalinskadubasnica.hr\\\/#\\\/schema\\\/person\\\/ab4ffae0c646af016b083db5e2445e8f\",\"name\":\"O\u0160 Malinska-Duba\u0161nica\",\"url\":\"https:\\\/\\\/osnovnaskolamalinskadubasnica.hr\\\/?author=1\"}]}<\/script>\n<!-- \/ Yoast SEO plugin. -->","yoast_head_json":{"title":"Paola Ivana Medved: Bilje\u017enica prepuna lijepih pri\u010da - Osnovna \u0161kola Malinska-Duba\u0161nica","robots":{"index":"index","follow":"follow","max-snippet":"max-snippet:-1","max-image-preview":"max-image-preview:large","max-video-preview":"max-video-preview:-1"},"canonical":"http:\/\/osnovnaskolamalinskadubasnica.hr\/?p=13403","og_locale":"hr_HR","og_type":"article","og_title":"Paola Ivana Medved: Bilje\u017enica prepuna lijepih pri\u010da - Osnovna \u0161kola Malinska-Duba\u0161nica","og_description":"Paola Ivana Medved u\u010denica je tre\u0107eg razreda i voli pisati, a njezine su kratke pri\u010de i pjesme pravi u\u017eitak za \u010ditanje. Paola Ivana pi\u0161e razigrano, ma\u0161tovito, iz srca, stvaraju\u0107i pri\u010de i pjesme prepune ljepote, vedrine, veselja i optimizma.","og_url":"http:\/\/osnovnaskolamalinskadubasnica.hr\/?p=13403","og_site_name":"Osnovna \u0161kola Malinska-Duba\u0161nica","article_publisher":"https:\/\/www.facebook.com\/osmalinskadubasnica\/","article_published_time":"2018-05-08T22:46:20+00:00","article_modified_time":"2018-05-08T22:53:03+00:00","og_image":[{"url":"http:\/\/osnovnaskolamalinskadubasnica.hr\/wp-content\/uploads\/Paola-Ivana.jpg","type":"","width":"","height":""}],"author":"O\u0160 Malinska-Duba\u0161nica","twitter_card":"summary_large_image","twitter_misc":{"Napisao\/la":"O\u0160 Malinska-Duba\u0161nica","Procijenjeno vrijeme \u010ditanja":"2 minute"},"schema":{"@context":"https:\/\/schema.org","@graph":[{"@type":"Article","@id":"http:\/\/osnovnaskolamalinskadubasnica.hr\/?p=13403#article","isPartOf":{"@id":"http:\/\/osnovnaskolamalinskadubasnica.hr\/?p=13403"},"author":{"name":"O\u0160 Malinska-Duba\u0161nica","@id":"http:\/\/osnovnaskolamalinskadubasnica.hr\/#\/schema\/person\/ab4ffae0c646af016b083db5e2445e8f"},"headline":"Paola Ivana Medved: Bilje\u017enica prepuna lijepih pri\u010da","datePublished":"2018-05-08T22:46:20+00:00","dateModified":"2018-05-08T22:53:03+00:00","mainEntityOfPage":{"@id":"http:\/\/osnovnaskolamalinskadubasnica.hr\/?p=13403"},"wordCount":446,"image":{"@id":"http:\/\/osnovnaskolamalinskadubasnica.hr\/?p=13403#primaryimage"},"thumbnailUrl":"http:\/\/osnovnaskolamalinskadubasnica.hr\/wp-content\/uploads\/Paola-Ivana.jpg","keywords":["kratke pri\u010de","literarni radovi","Paola Ivana Medved","poezija"],"articleSection":["Kreativac","Vijesti","Zanimljivosti"],"inLanguage":"hr"},{"@type":"WebPage","@id":"http:\/\/osnovnaskolamalinskadubasnica.hr\/?p=13403","url":"http:\/\/osnovnaskolamalinskadubasnica.hr\/?p=13403","name":"Paola Ivana Medved: Bilje\u017enica prepuna lijepih pri\u010da - Osnovna \u0161kola Malinska-Duba\u0161nica","isPartOf":{"@id":"http:\/\/osnovnaskolamalinskadubasnica.hr\/#website"},"primaryImageOfPage":{"@id":"http:\/\/osnovnaskolamalinskadubasnica.hr\/?p=13403#primaryimage"},"image":{"@id":"http:\/\/osnovnaskolamalinskadubasnica.hr\/?p=13403#primaryimage"},"thumbnailUrl":"http:\/\/osnovnaskolamalinskadubasnica.hr\/wp-content\/uploads\/Paola-Ivana.jpg","datePublished":"2018-05-08T22:46:20+00:00","dateModified":"2018-05-08T22:53:03+00:00","author":{"@id":"http:\/\/osnovnaskolamalinskadubasnica.hr\/#\/schema\/person\/ab4ffae0c646af016b083db5e2445e8f"},"breadcrumb":{"@id":"http:\/\/osnovnaskolamalinskadubasnica.hr\/?p=13403#breadcrumb"},"inLanguage":"hr","potentialAction":[{"@type":"ReadAction","target":["http:\/\/osnovnaskolamalinskadubasnica.hr\/?p=13403"]}]},{"@type":"ImageObject","inLanguage":"hr","@id":"http:\/\/osnovnaskolamalinskadubasnica.hr\/?p=13403#primaryimage","url":"http:\/\/osnovnaskolamalinskadubasnica.hr\/wp-content\/uploads\/Paola-Ivana.jpg","contentUrl":"http:\/\/osnovnaskolamalinskadubasnica.hr\/wp-content\/uploads\/Paola-Ivana.jpg"},{"@type":"BreadcrumbList","@id":"http:\/\/osnovnaskolamalinskadubasnica.hr\/?p=13403#breadcrumb","itemListElement":[{"@type":"ListItem","position":1,"name":"Po\u010detna stranica","item":"http:\/\/osnovnaskolamalinskadubasnica.hr\/"},{"@type":"ListItem","position":2,"name":"Paola Ivana Medved: Bilje\u017enica prepuna lijepih pri\u010da"}]},{"@type":"WebSite","@id":"http:\/\/osnovnaskolamalinskadubasnica.hr\/#website","url":"http:\/\/osnovnaskolamalinskadubasnica.hr\/","name":"Osnovna \u0161kola Malinska-Duba\u0161nica","description":"","potentialAction":[{"@type":"SearchAction","target":{"@type":"EntryPoint","urlTemplate":"http:\/\/osnovnaskolamalinskadubasnica.hr\/?s={search_term_string}"},"query-input":{"@type":"PropertyValueSpecification","valueRequired":true,"valueName":"search_term_string"}}],"inLanguage":"hr"},{"@type":"Person","@id":"http:\/\/osnovnaskolamalinskadubasnica.hr\/#\/schema\/person\/ab4ffae0c646af016b083db5e2445e8f","name":"O\u0160 Malinska-Duba\u0161nica","url":"https:\/\/osnovnaskolamalinskadubasnica.hr\/?author=1"}]}},"_links":{"self":[{"href":"https:\/\/osnovnaskolamalinskadubasnica.hr\/index.php?rest_route=\/wp\/v2\/posts\/13403","targetHints":{"allow":["GET"]}}],"collection":[{"href":"https:\/\/osnovnaskolamalinskadubasnica.hr\/index.php?rest_route=\/wp\/v2\/posts"}],"about":[{"href":"https:\/\/osnovnaskolamalinskadubasnica.hr\/index.php?rest_route=\/wp\/v2\/types\/post"}],"author":[{"embeddable":true,"href":"https:\/\/osnovnaskolamalinskadubasnica.hr\/index.php?rest_route=\/wp\/v2\/users\/1"}],"replies":[{"embeddable":true,"href":"https:\/\/osnovnaskolamalinskadubasnica.hr\/index.php?rest_route=%2Fwp%2Fv2%2Fcomments&post=13403"}],"version-history":[{"count":9,"href":"https:\/\/osnovnaskolamalinskadubasnica.hr\/index.php?rest_route=\/wp\/v2\/posts\/13403\/revisions"}],"predecessor-version":[{"id":13423,"href":"https:\/\/osnovnaskolamalinskadubasnica.hr\/index.php?rest_route=\/wp\/v2\/posts\/13403\/revisions\/13423"}],"wp:attachment":[{"href":"https:\/\/osnovnaskolamalinskadubasnica.hr\/index.php?rest_route=%2Fwp%2Fv2%2Fmedia&parent=13403"}],"wp:term":[{"taxonomy":"category","embeddable":true,"href":"https:\/\/osnovnaskolamalinskadubasnica.hr\/index.php?rest_route=%2Fwp%2Fv2%2Fcategories&post=13403"},{"taxonomy":"post_tag","embeddable":true,"href":"https:\/\/osnovnaskolamalinskadubasnica.hr\/index.php?rest_route=%2Fwp%2Fv2%2Ftags&post=13403"}],"curies":[{"name":"wp","href":"https:\/\/api.w.org\/{rel}","templated":true}]}}