{"id":13072,"date":"2018-04-10T21:41:26","date_gmt":"2018-04-10T21:41:26","guid":{"rendered":"http:\/\/osnovnaskolamalinskadubasnica.hr\/?p=13072"},"modified":"2018-04-10T21:46:57","modified_gmt":"2018-04-10T21:46:57","slug":"proljetna-avantura-u-gardalandu","status":"publish","type":"post","link":"https:\/\/osnovnaskolamalinskadubasnica.hr\/?p=13072","title":{"rendered":"Proljetna avantura u Gardalandu"},"content":{"rendered":"<p style=\"text-align: justify;\"><a href=\"http:\/\/osnovnaskolamalinskadubasnica.hr\/wp-content\/uploads\/G.jpg\" data-rel=\"lightbox-image-0\" data-rl_title=\"\" data-rl_caption=\"\" title=\"\"><img loading=\"lazy\" decoding=\"async\" class=\"alignleft wp-image-13052\" src=\"http:\/\/osnovnaskolamalinskadubasnica.hr\/wp-content\/uploads\/G.jpg\" alt=\"\" width=\"272\" height=\"166\" \/><\/a><span style=\"color: #000000;\">U \u010detvrtak 5. travnja na\u0161i mladi duba\u0161ljanski folklora\u0161i, \u010dlanovi KUU Duba\u0161nica, iskoristili su proljetne praznike za dru\u017eenje i zabavu na jednom veselom zajedni\u010dkom izletu. Bili su u popularnom zabavnom parku Gardaland i odli\u010dno se zabavili!<\/span> \ud83d\ude0a<\/p>\n<p><em><!--more--><\/em><\/p>\n<p style=\"text-align: justify;\"><span style=\"color: #000000;\">Zajedno sa ne\u0161to starijim folklora\u0161ima, na izletu je bilo vi\u0161e od dvadeset u\u010denika iz na\u0161e \u0161kole,\u00a0 od prva\u0161i\u0107a do osma\u0161a. Trebalo se toga jutra jako rano probuditi jer smo se na stanici okupili u 4.30 i busom krenuli prema Italiji. No, isplatilo se! Izlet je bio super zabavan! <\/span><span style=\"color: #000000;\">Ve\u0107 je u busu, na putu prema Gardalandu, bilo veselo. Ba\u0161 je toga dana Ivan \u0160abalja slavio ro\u0111endan pa smo, nakon \u0161to smo se razbudili, priredili pravo malo slavlje. U veselom raspolo\u017eenju, put do Gardalanda pro\u0161ao je kao u trenu. <\/span><\/p>\n<p style=\"text-align: justify;\"><span style=\"color: #000000;\"><a href=\"http:\/\/osnovnaskolamalinskadubasnica.hr\/wp-content\/uploads\/image-0-02-05-ac9b9fcb51db3b772052d558f3743ae7c9e3ebb4b5f54140a9be1db053f1ef73-V.jpg\" data-rel=\"lightbox-image-1\" data-rl_title=\"\" data-rl_caption=\"\" title=\"\"><img loading=\"lazy\" decoding=\"async\" class=\"alignright wp-image-13066\" src=\"http:\/\/osnovnaskolamalinskadubasnica.hr\/wp-content\/uploads\/image-0-02-05-ac9b9fcb51db3b772052d558f3743ae7c9e3ebb4b5f54140a9be1db053f1ef73-V.jpg\" alt=\"\" width=\"300\" height=\"225\" srcset=\"https:\/\/osnovnaskolamalinskadubasnica.hr\/wp-content\/uploads\/image-0-02-05-ac9b9fcb51db3b772052d558f3743ae7c9e3ebb4b5f54140a9be1db053f1ef73-V.jpg 850w, https:\/\/osnovnaskolamalinskadubasnica.hr\/wp-content\/uploads\/image-0-02-05-ac9b9fcb51db3b772052d558f3743ae7c9e3ebb4b5f54140a9be1db053f1ef73-V-768x576.jpg 768w\" sizes=\"auto, (max-width: 300px) 100vw, 300px\" \/><\/a>Gardaland nas je do\u010dekao pod ki\u0161nim oblacima ali, obukli smo kabanice i odlu\u010dili kako nas ki\u0161a ne\u0107e sprije\u010diti da u\u017eivamo u izletu. Ubrzo je i ki\u0161a prestala, tako da smo zaista u\u017eivali u brojnim zanimljivostima ovog poznatog zabavnog parka. Svatko je na\u0161ao ne\u0161to za sebe, a oni najhrabriji odlu\u010dili su se i za najstra\u0161nije vo\u017enje na velikim visinama, kao \u0161to su Magic Mountain, Blue Tornado i Mammut. <\/span><\/p>\n<p style=\"text-align: justify;\"><span style=\"color: #000000;\">Gardaland je smje\u0161ten u gradi\u0107u Castelnuovo del Garda u Italiji. Otvoren je 1975. i vrlo je brzo postao jako popularan, svake godine ga posjeti nekoliko milijuna posjetitelja iz cijelog svijeta. Poznat je po brojnim super brzim i uzbudljivim vo\u017enjama od kojih je najizazovnija i najbr\u017ea vo\u017enja na Blue Tornadu. Osim vo\u017enji, park je ispunjen sa jo\u0161 jako puno zabavnih sadr\u017eaja i sve je jako lijepo ure\u0111eno, kao u bajci. Jedna od atrakcija je Casa di Prezzemolo, neobi\u010dna \u010darobna ku\u0107a ma\u0161tovitog izgleda.<\/span><\/p>\n<p style=\"text-align: justify;\"><a href=\"http:\/\/osnovnaskolamalinskadubasnica.hr\/wp-content\/uploads\/dzoiwpsnh822k5fxc6pv.jpg\" data-rel=\"lightbox-image-2\" data-rl_title=\"\" data-rl_caption=\"\" title=\"\"><img loading=\"lazy\" decoding=\"async\" class=\"aligncenter size-full wp-image-13051\" src=\"http:\/\/osnovnaskolamalinskadubasnica.hr\/wp-content\/uploads\/dzoiwpsnh822k5fxc6pv.jpg\" alt=\"\" width=\"800\" height=\"375\" srcset=\"https:\/\/osnovnaskolamalinskadubasnica.hr\/wp-content\/uploads\/dzoiwpsnh822k5fxc6pv.jpg 800w, https:\/\/osnovnaskolamalinskadubasnica.hr\/wp-content\/uploads\/dzoiwpsnh822k5fxc6pv-768x360.jpg 768w\" sizes=\"auto, (max-width: 800px) 100vw, 800px\" \/><\/a><span style=\"color: #000000;\">Bilo nam je toliko zabavno da smo stvarno bili tu\u017eni kad je trebalo krenuti ku\u0107i. Ukrcali smo se u bus i ve\u0107inu puta prespavali. Vratili smo se Malinsku sretni i prepuni lijepih dojmova. Oaj izlet, svi smo se slo\u017eili, odmah bi ponovili!!!<\/span> \ud83d\ude0d<\/p>\n<p style=\"text-align: right;\"><span style=\"color: #000000;\">Iva Stani\u010di\u0107 i Petra Tur\u010di\u0107, 5.b<\/span><\/p>\n<p><strong><span style=\"color: #800000;\">FOTOGALERIJA:<\/span><\/strong><\/p>\n<div id='gallery-1' class='gallery galleryid-13072 gallery-columns-3 gallery-size-thumbnail'><dl class='gallery-item'>\n\t\t\t<dt class='gallery-icon landscape'>\n\t\t\t\t<a href='https:\/\/osnovnaskolamalinskadubasnica.hr\/wp-content\/uploads\/image-0-02-04-74d7b0882c01d07a6e553590e957e1ee816bdf84bdb5e9b8e202a28c20bf83e7-V.jpg' title=\"\" data-rl_title=\"\" class=\"rl-gallery-link\" data-rl_caption=\"\" data-rel=\"lightbox-gallery-1\"><img loading=\"lazy\" decoding=\"async\" width=\"150\" height=\"150\" src=\"https:\/\/osnovnaskolamalinskadubasnica.hr\/wp-content\/uploads\/image-0-02-04-74d7b0882c01d07a6e553590e957e1ee816bdf84bdb5e9b8e202a28c20bf83e7-V-150x150.jpg\" class=\"attachment-thumbnail size-thumbnail\" alt=\"\" \/><\/a>\n\t\t\t<\/dt><\/dl><dl class='gallery-item'>\n\t\t\t<dt class='gallery-icon landscape'>\n\t\t\t\t<a href='https:\/\/osnovnaskolamalinskadubasnica.hr\/wp-content\/uploads\/image-0-02-04-f568e2c987280f49e9e985e6ea45d8d17df5e251842373f5d6c90f949e544d5b-V.jpg' title=\"\" data-rl_title=\"\" class=\"rl-gallery-link\" data-rl_caption=\"\" data-rel=\"lightbox-gallery-1\"><img loading=\"lazy\" decoding=\"async\" width=\"150\" height=\"150\" src=\"https:\/\/osnovnaskolamalinskadubasnica.hr\/wp-content\/uploads\/image-0-02-04-f568e2c987280f49e9e985e6ea45d8d17df5e251842373f5d6c90f949e544d5b-V-150x150.jpg\" class=\"attachment-thumbnail size-thumbnail\" alt=\"\" \/><\/a>\n\t\t\t<\/dt><\/dl><dl class='gallery-item'>\n\t\t\t<dt class='gallery-icon landscape'>\n\t\t\t\t<a href='https:\/\/osnovnaskolamalinskadubasnica.hr\/wp-content\/uploads\/image-0-02-05-ac9b9fcb51db3b772052d558f3743ae7c9e3ebb4b5f54140a9be1db053f1ef73-V.jpg' title=\"\" data-rl_title=\"\" class=\"rl-gallery-link\" data-rl_caption=\"\" data-rel=\"lightbox-gallery-1\"><img loading=\"lazy\" decoding=\"async\" width=\"150\" height=\"150\" src=\"https:\/\/osnovnaskolamalinskadubasnica.hr\/wp-content\/uploads\/image-0-02-05-ac9b9fcb51db3b772052d558f3743ae7c9e3ebb4b5f54140a9be1db053f1ef73-V-150x150.jpg\" class=\"attachment-thumbnail size-thumbnail\" alt=\"\" \/><\/a>\n\t\t\t<\/dt><\/dl><br style=\"clear: both\" \/><dl class='gallery-item'>\n\t\t\t<dt class='gallery-icon landscape'>\n\t\t\t\t<a href='https:\/\/osnovnaskolamalinskadubasnica.hr\/wp-content\/uploads\/Safari-featured.jpeg' title=\"\" data-rl_title=\"\" class=\"rl-gallery-link\" data-rl_caption=\"\" data-rel=\"lightbox-gallery-1\"><img loading=\"lazy\" decoding=\"async\" width=\"150\" height=\"150\" src=\"https:\/\/osnovnaskolamalinskadubasnica.hr\/wp-content\/uploads\/Safari-featured-150x150.jpeg\" class=\"attachment-thumbnail size-thumbnail\" alt=\"\" \/><\/a>\n\t\t\t<\/dt><\/dl><dl class='gallery-item'>\n\t\t\t<dt class='gallery-icon landscape'>\n\t\t\t\t<a href='https:\/\/osnovnaskolamalinskadubasnica.hr\/wp-content\/uploads\/image-0-02-05-fa1a1b0ee1221585856cfe54c01938ae8bd19995b9bc99e845109078134a9915-V.jpg' title=\"\" data-rl_title=\"\" class=\"rl-gallery-link\" data-rl_caption=\"\" data-rel=\"lightbox-gallery-1\"><img loading=\"lazy\" decoding=\"async\" width=\"150\" height=\"150\" src=\"https:\/\/osnovnaskolamalinskadubasnica.hr\/wp-content\/uploads\/image-0-02-05-fa1a1b0ee1221585856cfe54c01938ae8bd19995b9bc99e845109078134a9915-V-150x150.jpg\" class=\"attachment-thumbnail size-thumbnail\" alt=\"\" \/><\/a>\n\t\t\t<\/dt><\/dl><dl class='gallery-item'>\n\t\t\t<dt class='gallery-icon landscape'>\n\t\t\t\t<a href='https:\/\/osnovnaskolamalinskadubasnica.hr\/wp-content\/uploads\/image-0-02-04-09bcd80caf4ac2cc43d61f24b01de519362ab1a04cce7f966e373cbc899faa70-V.jpg' title=\"\" data-rl_title=\"\" class=\"rl-gallery-link\" data-rl_caption=\"\" data-rel=\"lightbox-gallery-1\"><img loading=\"lazy\" decoding=\"async\" width=\"150\" height=\"150\" src=\"https:\/\/osnovnaskolamalinskadubasnica.hr\/wp-content\/uploads\/image-0-02-04-09bcd80caf4ac2cc43d61f24b01de519362ab1a04cce7f966e373cbc899faa70-V-150x150.jpg\" class=\"attachment-thumbnail size-thumbnail\" alt=\"\" \/><\/a>\n\t\t\t<\/dt><\/dl><br style=\"clear: both\" \/><dl class='gallery-item'>\n\t\t\t<dt class='gallery-icon portrait'>\n\t\t\t\t<a href='https:\/\/osnovnaskolamalinskadubasnica.hr\/wp-content\/uploads\/image-0-02-05-c86e66736e6a5e72ad7e48a427a0d28258c41c9b3ac8d058f65ac659ba48d7ba-V.jpg' title=\"\" data-rl_title=\"\" class=\"rl-gallery-link\" data-rl_caption=\"\" data-rel=\"lightbox-gallery-1\"><img loading=\"lazy\" decoding=\"async\" width=\"150\" height=\"150\" src=\"https:\/\/osnovnaskolamalinskadubasnica.hr\/wp-content\/uploads\/image-0-02-05-c86e66736e6a5e72ad7e48a427a0d28258c41c9b3ac8d058f65ac659ba48d7ba-V-150x150.jpg\" class=\"attachment-thumbnail size-thumbnail\" alt=\"\" \/><\/a>\n\t\t\t<\/dt><\/dl><dl class='gallery-item'>\n\t\t\t<dt class='gallery-icon landscape'>\n\t\t\t\t<a href='https:\/\/osnovnaskolamalinskadubasnica.hr\/wp-content\/uploads\/55684_Velika_Gardaland.jpg' title=\"\" data-rl_title=\"\" class=\"rl-gallery-link\" data-rl_caption=\"\" data-rel=\"lightbox-gallery-1\"><img loading=\"lazy\" decoding=\"async\" width=\"150\" height=\"150\" src=\"https:\/\/osnovnaskolamalinskadubasnica.hr\/wp-content\/uploads\/55684_Velika_Gardaland-150x150.jpg\" class=\"attachment-thumbnail size-thumbnail\" alt=\"\" \/><\/a>\n\t\t\t<\/dt><\/dl><dl class='gallery-item'>\n\t\t\t<dt class='gallery-icon landscape'>\n\t\t\t\t<a href='https:\/\/osnovnaskolamalinskadubasnica.hr\/wp-content\/uploads\/image-0-02-05-6c847a552bda44b32138ce68838958216110ec7e9174bc699798e9fe539464ca-V.jpg' title=\"\" data-rl_title=\"\" class=\"rl-gallery-link\" data-rl_caption=\"\" data-rel=\"lightbox-gallery-1\"><img loading=\"lazy\" decoding=\"async\" width=\"150\" height=\"150\" src=\"https:\/\/osnovnaskolamalinskadubasnica.hr\/wp-content\/uploads\/image-0-02-05-6c847a552bda44b32138ce68838958216110ec7e9174bc699798e9fe539464ca-V-150x150.jpg\" class=\"attachment-thumbnail size-thumbnail\" alt=\"\" \/><\/a>\n\t\t\t<\/dt><\/dl><br style=\"clear: both\" \/><dl class='gallery-item'>\n\t\t\t<dt class='gallery-icon portrait'>\n\t\t\t\t<a href='https:\/\/osnovnaskolamalinskadubasnica.hr\/wp-content\/uploads\/image-0-02-05-bf82be58ab411ecede52bc3102366edb73380eac0c2638387dd5384e3d3c1371-V.jpg' title=\"\" data-rl_title=\"\" class=\"rl-gallery-link\" data-rl_caption=\"\" data-rel=\"lightbox-gallery-1\"><img loading=\"lazy\" decoding=\"async\" width=\"150\" height=\"150\" src=\"https:\/\/osnovnaskolamalinskadubasnica.hr\/wp-content\/uploads\/image-0-02-05-bf82be58ab411ecede52bc3102366edb73380eac0c2638387dd5384e3d3c1371-V-150x150.jpg\" class=\"attachment-thumbnail size-thumbnail\" alt=\"\" \/><\/a>\n\t\t\t<\/dt><\/dl><dl class='gallery-item'>\n\t\t\t<dt class='gallery-icon landscape'>\n\t\t\t\t<a href='https:\/\/osnovnaskolamalinskadubasnica.hr\/wp-content\/uploads\/gardaland_266.jpg' title=\"\" data-rl_title=\"\" class=\"rl-gallery-link\" data-rl_caption=\"\" data-rel=\"lightbox-gallery-1\"><img loading=\"lazy\" decoding=\"async\" width=\"150\" height=\"150\" src=\"https:\/\/osnovnaskolamalinskadubasnica.hr\/wp-content\/uploads\/gardaland_266-150x150.jpg\" class=\"attachment-thumbnail size-thumbnail\" alt=\"\" \/><\/a>\n\t\t\t<\/dt><\/dl><dl class='gallery-item'>\n\t\t\t<dt class='gallery-icon landscape'>\n\t\t\t\t<a href='https:\/\/osnovnaskolamalinskadubasnica.hr\/wp-content\/uploads\/image-0-02-04-f3584b6402d256717f931fab9c2adb684202b1664c9c8ccd194160c2cae5da9e-V.jpg' title=\"\" data-rl_title=\"\" class=\"rl-gallery-link\" data-rl_caption=\"\" data-rel=\"lightbox-gallery-1\"><img loading=\"lazy\" decoding=\"async\" width=\"150\" height=\"150\" src=\"https:\/\/osnovnaskolamalinskadubasnica.hr\/wp-content\/uploads\/image-0-02-04-f3584b6402d256717f931fab9c2adb684202b1664c9c8ccd194160c2cae5da9e-V-150x150.jpg\" class=\"attachment-thumbnail size-thumbnail\" alt=\"\" \/><\/a>\n\t\t\t<\/dt><\/dl><br style=\"clear: both\" \/><dl class='gallery-item'>\n\t\t\t<dt class='gallery-icon portrait'>\n\t\t\t\t<a href='https:\/\/osnovnaskolamalinskadubasnica.hr\/wp-content\/uploads\/image-0-02-05-bc0d5f744a2eeba41c1f887f6172eb0a9b080ca9d03a4e40d61d0fd39c6575d8-V.jpg' title=\"\" data-rl_title=\"\" class=\"rl-gallery-link\" data-rl_caption=\"\" data-rel=\"lightbox-gallery-1\"><img loading=\"lazy\" decoding=\"async\" width=\"150\" height=\"150\" src=\"https:\/\/osnovnaskolamalinskadubasnica.hr\/wp-content\/uploads\/image-0-02-05-bc0d5f744a2eeba41c1f887f6172eb0a9b080ca9d03a4e40d61d0fd39c6575d8-V-150x150.jpg\" class=\"attachment-thumbnail size-thumbnail\" alt=\"\" \/><\/a>\n\t\t\t<\/dt><\/dl><dl class='gallery-item'>\n\t\t\t<dt class='gallery-icon landscape'>\n\t\t\t\t<a href='https:\/\/osnovnaskolamalinskadubasnica.hr\/wp-content\/uploads\/image-0-02-05-2d5e91e528b5b899e3291819b4e37714470bb338fce4a31610e4f1b2502ba274-V.jpg' title=\"\" data-rl_title=\"\" class=\"rl-gallery-link\" data-rl_caption=\"\" data-rel=\"lightbox-gallery-1\"><img loading=\"lazy\" decoding=\"async\" width=\"150\" height=\"150\" src=\"https:\/\/osnovnaskolamalinskadubasnica.hr\/wp-content\/uploads\/image-0-02-05-2d5e91e528b5b899e3291819b4e37714470bb338fce4a31610e4f1b2502ba274-V-150x150.jpg\" class=\"attachment-thumbnail size-thumbnail\" alt=\"\" \/><\/a>\n\t\t\t<\/dt><\/dl><dl class='gallery-item'>\n\t\t\t<dt class='gallery-icon landscape'>\n\t\t\t\t<a href='https:\/\/osnovnaskolamalinskadubasnica.hr\/wp-content\/uploads\/image-0-02-04-07c27c20385eef9c7f065cf01391181a67407a1a628a223b569a38059ed8a890-V.jpg' title=\"\" data-rl_title=\"\" class=\"rl-gallery-link\" data-rl_caption=\"\" data-rel=\"lightbox-gallery-1\"><img loading=\"lazy\" decoding=\"async\" width=\"150\" height=\"150\" src=\"https:\/\/osnovnaskolamalinskadubasnica.hr\/wp-content\/uploads\/image-0-02-04-07c27c20385eef9c7f065cf01391181a67407a1a628a223b569a38059ed8a890-V-150x150.jpg\" class=\"attachment-thumbnail size-thumbnail\" alt=\"\" \/><\/a>\n\t\t\t<\/dt><\/dl><br style=\"clear: both\" \/><dl class='gallery-item'>\n\t\t\t<dt class='gallery-icon portrait'>\n\t\t\t\t<a href='https:\/\/osnovnaskolamalinskadubasnica.hr\/wp-content\/uploads\/image-0-02-04-fa07f9cfab9634cae6b400c247832155e4faa05966f49bda70f2daae2fefcc03-V.jpg' title=\"\" data-rl_title=\"\" class=\"rl-gallery-link\" data-rl_caption=\"\" data-rel=\"lightbox-gallery-1\"><img loading=\"lazy\" decoding=\"async\" width=\"150\" height=\"150\" src=\"https:\/\/osnovnaskolamalinskadubasnica.hr\/wp-content\/uploads\/image-0-02-04-fa07f9cfab9634cae6b400c247832155e4faa05966f49bda70f2daae2fefcc03-V-150x150.jpg\" class=\"attachment-thumbnail size-thumbnail\" alt=\"\" \/><\/a>\n\t\t\t<\/dt><\/dl><dl class='gallery-item'>\n\t\t\t<dt class='gallery-icon landscape'>\n\t\t\t\t<a href='https:\/\/osnovnaskolamalinskadubasnica.hr\/wp-content\/uploads\/image-0-02-04-674ef19acaa214c0cb362d25d8319c042f58e3c48dd58379b8ac708db18f23d0-V.jpg' title=\"\" data-rl_title=\"\" class=\"rl-gallery-link\" data-rl_caption=\"\" data-rel=\"lightbox-gallery-1\"><img loading=\"lazy\" decoding=\"async\" width=\"150\" height=\"150\" src=\"https:\/\/osnovnaskolamalinskadubasnica.hr\/wp-content\/uploads\/image-0-02-04-674ef19acaa214c0cb362d25d8319c042f58e3c48dd58379b8ac708db18f23d0-V-150x150.jpg\" class=\"attachment-thumbnail size-thumbnail\" alt=\"\" \/><\/a>\n\t\t\t<\/dt><\/dl><dl class='gallery-item'>\n\t\t\t<dt class='gallery-icon landscape'>\n\t\t\t\t<a href='https:\/\/osnovnaskolamalinskadubasnica.hr\/wp-content\/uploads\/image-0-02-04-d21d678897de70bf33fb76539192b099a6e17c74b5307a88bd66ea54d7747a28-V.jpg' title=\"\" data-rl_title=\"\" class=\"rl-gallery-link\" data-rl_caption=\"\" data-rel=\"lightbox-gallery-1\"><img loading=\"lazy\" decoding=\"async\" width=\"150\" height=\"150\" src=\"https:\/\/osnovnaskolamalinskadubasnica.hr\/wp-content\/uploads\/image-0-02-04-d21d678897de70bf33fb76539192b099a6e17c74b5307a88bd66ea54d7747a28-V-150x150.jpg\" class=\"attachment-thumbnail size-thumbnail\" alt=\"\" \/><\/a>\n\t\t\t<\/dt><\/dl><br style=\"clear: both\" \/><dl class='gallery-item'>\n\t\t\t<dt class='gallery-icon landscape'>\n\t\t\t\t<a href='https:\/\/osnovnaskolamalinskadubasnica.hr\/wp-content\/uploads\/image-0-02-04-a10f530b98bb2bcf970e11b0ee99ba289e2070ca9979968d03f61fb2f755cb1c-V.jpg' title=\"\" data-rl_title=\"\" class=\"rl-gallery-link\" data-rl_caption=\"\" data-rel=\"lightbox-gallery-1\"><img loading=\"lazy\" decoding=\"async\" width=\"150\" height=\"150\" src=\"https:\/\/osnovnaskolamalinskadubasnica.hr\/wp-content\/uploads\/image-0-02-04-a10f530b98bb2bcf970e11b0ee99ba289e2070ca9979968d03f61fb2f755cb1c-V-150x150.jpg\" class=\"attachment-thumbnail size-thumbnail\" alt=\"\" \/><\/a>\n\t\t\t<\/dt><\/dl><dl class='gallery-item'>\n\t\t\t<dt class='gallery-icon portrait'>\n\t\t\t\t<a href='https:\/\/osnovnaskolamalinskadubasnica.hr\/wp-content\/uploads\/image-0-02-05-493d6cf48fee93a77b183ff406bb3087a581469439a9348c629c89ab4174930f-V.jpg' title=\"\" data-rl_title=\"\" class=\"rl-gallery-link\" data-rl_caption=\"\" data-rel=\"lightbox-gallery-1\"><img loading=\"lazy\" decoding=\"async\" width=\"150\" height=\"150\" src=\"https:\/\/osnovnaskolamalinskadubasnica.hr\/wp-content\/uploads\/image-0-02-05-493d6cf48fee93a77b183ff406bb3087a581469439a9348c629c89ab4174930f-V-150x150.jpg\" class=\"attachment-thumbnail size-thumbnail\" alt=\"\" \/><\/a>\n\t\t\t<\/dt><\/dl><dl class='gallery-item'>\n\t\t\t<dt class='gallery-icon landscape'>\n\t\t\t\t<a href='https:\/\/osnovnaskolamalinskadubasnica.hr\/wp-content\/uploads\/dzoiwpsnh822k5fxc6pv.jpg' title=\"\" data-rl_title=\"\" class=\"rl-gallery-link\" data-rl_caption=\"\" data-rel=\"lightbox-gallery-1\"><img loading=\"lazy\" decoding=\"async\" width=\"150\" height=\"150\" src=\"https:\/\/osnovnaskolamalinskadubasnica.hr\/wp-content\/uploads\/dzoiwpsnh822k5fxc6pv-150x150.jpg\" class=\"attachment-thumbnail size-thumbnail\" alt=\"\" \/><\/a>\n\t\t\t<\/dt><\/dl><br style=\"clear: both\" \/>\n\t\t<\/div>\n\n<p style=\"text-align: center;\"><span style=\"color: #000000;\">foto: Iva Stani\u010di\u0107 i Katarina Lesica<\/span><\/p>\n<p>&nbsp;<\/p>\n<p>&nbsp;<\/p>\n","protected":false},"excerpt":{"rendered":"<p>U \u010detvrtak 5. travnja na\u0161i mladi duba\u0161ljanski folklora\u0161i, \u010dlanovi KUU Duba\u0161nica, iskoristili su proljetne praznike za dru\u017eenje i zabavu na jednom veselom zajedni\u010dkom izletu. Bili su u popularnom zabavnom parku Gardaland i odli\u010dno se zabavili! \ud83d\ude0a<\/p>\n","protected":false},"author":1,"featured_media":0,"comment_status":"closed","ping_status":"closed","sticky":false,"template":"","format":"standard","meta":{"footnotes":""},"categories":[24,13,9,102],"tags":[786,785,380,778,135,641,787,660],"class_list":["post-13072","post","type-post","status-publish","format-standard","hentry","category-dogadanja","category-izleti","category-vijesti","category-zanimljivosti-2","tag-folklor","tag-gardaland","tag-italija","tag-iva-stanicic","tag-izlet","tag-katarina-lesica","tag-kuu-dubasnica","tag-petra-turcic"],"yoast_head":"<!-- This site is optimized with the Yoast SEO plugin v27.4 - https:\/\/yoast.com\/product\/yoast-seo-wordpress\/ -->\n<title>Proljetna avantura u Gardalandu - Osnovna \u0161kola Malinska-Duba\u0161nica<\/title>\n<meta name=\"robots\" content=\"index, follow, max-snippet:-1, max-image-preview:large, max-video-preview:-1\" \/>\n<link rel=\"canonical\" href=\"http:\/\/osnovnaskolamalinskadubasnica.hr\/?p=13072\" \/>\n<meta property=\"og:locale\" content=\"hr_HR\" \/>\n<meta property=\"og:type\" content=\"article\" \/>\n<meta property=\"og:title\" content=\"Proljetna avantura u Gardalandu - Osnovna \u0161kola Malinska-Duba\u0161nica\" \/>\n<meta property=\"og:description\" content=\"U \u010detvrtak 5. travnja na\u0161i mladi duba\u0161ljanski folklora\u0161i, \u010dlanovi KUU Duba\u0161nica, iskoristili su proljetne praznike za dru\u017eenje i zabavu na jednom veselom zajedni\u010dkom izletu. Bili su u popularnom zabavnom parku Gardaland i odli\u010dno se zabavili! \ud83d\ude0a\" \/>\n<meta property=\"og:url\" content=\"http:\/\/osnovnaskolamalinskadubasnica.hr\/?p=13072\" \/>\n<meta property=\"og:site_name\" content=\"Osnovna \u0161kola Malinska-Duba\u0161nica\" \/>\n<meta property=\"article:publisher\" content=\"https:\/\/www.facebook.com\/osmalinskadubasnica\/\" \/>\n<meta property=\"article:published_time\" content=\"2018-04-10T21:41:26+00:00\" \/>\n<meta property=\"article:modified_time\" content=\"2018-04-10T21:46:57+00:00\" \/>\n<meta property=\"og:image\" content=\"http:\/\/osnovnaskolamalinskadubasnica.hr\/wp-content\/uploads\/image-0-02-04-74d7b0882c01d07a6e553590e957e1ee816bdf84bdb5e9b8e202a28c20bf83e7-V-150x150.jpg\" \/>\n<meta name=\"author\" content=\"O\u0160 Malinska-Duba\u0161nica\" \/>\n<meta name=\"twitter:card\" content=\"summary_large_image\" \/>\n<meta name=\"twitter:label1\" content=\"Napisao\/la\" \/>\n\t<meta name=\"twitter:data1\" content=\"O\u0160 Malinska-Duba\u0161nica\" \/>\n\t<meta name=\"twitter:label2\" content=\"Procijenjeno vrijeme \u010ditanja\" \/>\n\t<meta name=\"twitter:data2\" content=\"2 minute\" \/>\n<script type=\"application\/ld+json\" class=\"yoast-schema-graph\">{\"@context\":\"https:\\\/\\\/schema.org\",\"@graph\":[{\"@type\":\"Article\",\"@id\":\"http:\\\/\\\/osnovnaskolamalinskadubasnica.hr\\\/?p=13072#article\",\"isPartOf\":{\"@id\":\"http:\\\/\\\/osnovnaskolamalinskadubasnica.hr\\\/?p=13072\"},\"author\":{\"name\":\"O\u0160 Malinska-Duba\u0161nica\",\"@id\":\"http:\\\/\\\/osnovnaskolamalinskadubasnica.hr\\\/#\\\/schema\\\/person\\\/ab4ffae0c646af016b083db5e2445e8f\"},\"headline\":\"Proljetna avantura u Gardalandu\",\"datePublished\":\"2018-04-10T21:41:26+00:00\",\"dateModified\":\"2018-04-10T21:46:57+00:00\",\"mainEntityOfPage\":{\"@id\":\"http:\\\/\\\/osnovnaskolamalinskadubasnica.hr\\\/?p=13072\"},\"wordCount\":381,\"image\":{\"@id\":\"http:\\\/\\\/osnovnaskolamalinskadubasnica.hr\\\/?p=13072#primaryimage\"},\"thumbnailUrl\":\"http:\\\/\\\/osnovnaskolamalinskadubasnica.hr\\\/wp-content\\\/uploads\\\/G.jpg\",\"keywords\":[\"folklor\",\"Gardaland\",\"Italija\",\"Iva Stani\u010di\u0107\",\"izlet\",\"Katarina Lesica\",\"KUU Duba\u0161nica\",\"Petra Tur\u010di\u0107\"],\"articleSection\":[\"Doga\u0111anja\",\"Izleti\",\"Vijesti\",\"Zanimljivosti\"],\"inLanguage\":\"hr\"},{\"@type\":\"WebPage\",\"@id\":\"http:\\\/\\\/osnovnaskolamalinskadubasnica.hr\\\/?p=13072\",\"url\":\"http:\\\/\\\/osnovnaskolamalinskadubasnica.hr\\\/?p=13072\",\"name\":\"Proljetna avantura u Gardalandu - Osnovna \u0161kola Malinska-Duba\u0161nica\",\"isPartOf\":{\"@id\":\"http:\\\/\\\/osnovnaskolamalinskadubasnica.hr\\\/#website\"},\"primaryImageOfPage\":{\"@id\":\"http:\\\/\\\/osnovnaskolamalinskadubasnica.hr\\\/?p=13072#primaryimage\"},\"image\":{\"@id\":\"http:\\\/\\\/osnovnaskolamalinskadubasnica.hr\\\/?p=13072#primaryimage\"},\"thumbnailUrl\":\"http:\\\/\\\/osnovnaskolamalinskadubasnica.hr\\\/wp-content\\\/uploads\\\/G.jpg\",\"datePublished\":\"2018-04-10T21:41:26+00:00\",\"dateModified\":\"2018-04-10T21:46:57+00:00\",\"author\":{\"@id\":\"http:\\\/\\\/osnovnaskolamalinskadubasnica.hr\\\/#\\\/schema\\\/person\\\/ab4ffae0c646af016b083db5e2445e8f\"},\"breadcrumb\":{\"@id\":\"http:\\\/\\\/osnovnaskolamalinskadubasnica.hr\\\/?p=13072#breadcrumb\"},\"inLanguage\":\"hr\",\"potentialAction\":[{\"@type\":\"ReadAction\",\"target\":[\"http:\\\/\\\/osnovnaskolamalinskadubasnica.hr\\\/?p=13072\"]}]},{\"@type\":\"ImageObject\",\"inLanguage\":\"hr\",\"@id\":\"http:\\\/\\\/osnovnaskolamalinskadubasnica.hr\\\/?p=13072#primaryimage\",\"url\":\"http:\\\/\\\/osnovnaskolamalinskadubasnica.hr\\\/wp-content\\\/uploads\\\/G.jpg\",\"contentUrl\":\"http:\\\/\\\/osnovnaskolamalinskadubasnica.hr\\\/wp-content\\\/uploads\\\/G.jpg\"},{\"@type\":\"BreadcrumbList\",\"@id\":\"http:\\\/\\\/osnovnaskolamalinskadubasnica.hr\\\/?p=13072#breadcrumb\",\"itemListElement\":[{\"@type\":\"ListItem\",\"position\":1,\"name\":\"Po\u010detna stranica\",\"item\":\"http:\\\/\\\/osnovnaskolamalinskadubasnica.hr\\\/\"},{\"@type\":\"ListItem\",\"position\":2,\"name\":\"Proljetna avantura u Gardalandu\"}]},{\"@type\":\"WebSite\",\"@id\":\"http:\\\/\\\/osnovnaskolamalinskadubasnica.hr\\\/#website\",\"url\":\"http:\\\/\\\/osnovnaskolamalinskadubasnica.hr\\\/\",\"name\":\"Osnovna \u0161kola Malinska-Duba\u0161nica\",\"description\":\"\",\"potentialAction\":[{\"@type\":\"SearchAction\",\"target\":{\"@type\":\"EntryPoint\",\"urlTemplate\":\"http:\\\/\\\/osnovnaskolamalinskadubasnica.hr\\\/?s={search_term_string}\"},\"query-input\":{\"@type\":\"PropertyValueSpecification\",\"valueRequired\":true,\"valueName\":\"search_term_string\"}}],\"inLanguage\":\"hr\"},{\"@type\":\"Person\",\"@id\":\"http:\\\/\\\/osnovnaskolamalinskadubasnica.hr\\\/#\\\/schema\\\/person\\\/ab4ffae0c646af016b083db5e2445e8f\",\"name\":\"O\u0160 Malinska-Duba\u0161nica\",\"url\":\"https:\\\/\\\/osnovnaskolamalinskadubasnica.hr\\\/?author=1\"}]}<\/script>\n<!-- \/ Yoast SEO plugin. -->","yoast_head_json":{"title":"Proljetna avantura u Gardalandu - Osnovna \u0161kola Malinska-Duba\u0161nica","robots":{"index":"index","follow":"follow","max-snippet":"max-snippet:-1","max-image-preview":"max-image-preview:large","max-video-preview":"max-video-preview:-1"},"canonical":"http:\/\/osnovnaskolamalinskadubasnica.hr\/?p=13072","og_locale":"hr_HR","og_type":"article","og_title":"Proljetna avantura u Gardalandu - Osnovna \u0161kola Malinska-Duba\u0161nica","og_description":"U \u010detvrtak 5. travnja na\u0161i mladi duba\u0161ljanski folklora\u0161i, \u010dlanovi KUU Duba\u0161nica, iskoristili su proljetne praznike za dru\u017eenje i zabavu na jednom veselom zajedni\u010dkom izletu. Bili su u popularnom zabavnom parku Gardaland i odli\u010dno se zabavili! \ud83d\ude0a","og_url":"http:\/\/osnovnaskolamalinskadubasnica.hr\/?p=13072","og_site_name":"Osnovna \u0161kola Malinska-Duba\u0161nica","article_publisher":"https:\/\/www.facebook.com\/osmalinskadubasnica\/","article_published_time":"2018-04-10T21:41:26+00:00","article_modified_time":"2018-04-10T21:46:57+00:00","og_image":[{"url":"http:\/\/osnovnaskolamalinskadubasnica.hr\/wp-content\/uploads\/image-0-02-04-74d7b0882c01d07a6e553590e957e1ee816bdf84bdb5e9b8e202a28c20bf83e7-V-150x150.jpg","type":"","width":"","height":""}],"author":"O\u0160 Malinska-Duba\u0161nica","twitter_card":"summary_large_image","twitter_misc":{"Napisao\/la":"O\u0160 Malinska-Duba\u0161nica","Procijenjeno vrijeme \u010ditanja":"2 minute"},"schema":{"@context":"https:\/\/schema.org","@graph":[{"@type":"Article","@id":"http:\/\/osnovnaskolamalinskadubasnica.hr\/?p=13072#article","isPartOf":{"@id":"http:\/\/osnovnaskolamalinskadubasnica.hr\/?p=13072"},"author":{"name":"O\u0160 Malinska-Duba\u0161nica","@id":"http:\/\/osnovnaskolamalinskadubasnica.hr\/#\/schema\/person\/ab4ffae0c646af016b083db5e2445e8f"},"headline":"Proljetna avantura u Gardalandu","datePublished":"2018-04-10T21:41:26+00:00","dateModified":"2018-04-10T21:46:57+00:00","mainEntityOfPage":{"@id":"http:\/\/osnovnaskolamalinskadubasnica.hr\/?p=13072"},"wordCount":381,"image":{"@id":"http:\/\/osnovnaskolamalinskadubasnica.hr\/?p=13072#primaryimage"},"thumbnailUrl":"http:\/\/osnovnaskolamalinskadubasnica.hr\/wp-content\/uploads\/G.jpg","keywords":["folklor","Gardaland","Italija","Iva Stani\u010di\u0107","izlet","Katarina Lesica","KUU Duba\u0161nica","Petra Tur\u010di\u0107"],"articleSection":["Doga\u0111anja","Izleti","Vijesti","Zanimljivosti"],"inLanguage":"hr"},{"@type":"WebPage","@id":"http:\/\/osnovnaskolamalinskadubasnica.hr\/?p=13072","url":"http:\/\/osnovnaskolamalinskadubasnica.hr\/?p=13072","name":"Proljetna avantura u Gardalandu - Osnovna \u0161kola Malinska-Duba\u0161nica","isPartOf":{"@id":"http:\/\/osnovnaskolamalinskadubasnica.hr\/#website"},"primaryImageOfPage":{"@id":"http:\/\/osnovnaskolamalinskadubasnica.hr\/?p=13072#primaryimage"},"image":{"@id":"http:\/\/osnovnaskolamalinskadubasnica.hr\/?p=13072#primaryimage"},"thumbnailUrl":"http:\/\/osnovnaskolamalinskadubasnica.hr\/wp-content\/uploads\/G.jpg","datePublished":"2018-04-10T21:41:26+00:00","dateModified":"2018-04-10T21:46:57+00:00","author":{"@id":"http:\/\/osnovnaskolamalinskadubasnica.hr\/#\/schema\/person\/ab4ffae0c646af016b083db5e2445e8f"},"breadcrumb":{"@id":"http:\/\/osnovnaskolamalinskadubasnica.hr\/?p=13072#breadcrumb"},"inLanguage":"hr","potentialAction":[{"@type":"ReadAction","target":["http:\/\/osnovnaskolamalinskadubasnica.hr\/?p=13072"]}]},{"@type":"ImageObject","inLanguage":"hr","@id":"http:\/\/osnovnaskolamalinskadubasnica.hr\/?p=13072#primaryimage","url":"http:\/\/osnovnaskolamalinskadubasnica.hr\/wp-content\/uploads\/G.jpg","contentUrl":"http:\/\/osnovnaskolamalinskadubasnica.hr\/wp-content\/uploads\/G.jpg"},{"@type":"BreadcrumbList","@id":"http:\/\/osnovnaskolamalinskadubasnica.hr\/?p=13072#breadcrumb","itemListElement":[{"@type":"ListItem","position":1,"name":"Po\u010detna stranica","item":"http:\/\/osnovnaskolamalinskadubasnica.hr\/"},{"@type":"ListItem","position":2,"name":"Proljetna avantura u Gardalandu"}]},{"@type":"WebSite","@id":"http:\/\/osnovnaskolamalinskadubasnica.hr\/#website","url":"http:\/\/osnovnaskolamalinskadubasnica.hr\/","name":"Osnovna \u0161kola Malinska-Duba\u0161nica","description":"","potentialAction":[{"@type":"SearchAction","target":{"@type":"EntryPoint","urlTemplate":"http:\/\/osnovnaskolamalinskadubasnica.hr\/?s={search_term_string}"},"query-input":{"@type":"PropertyValueSpecification","valueRequired":true,"valueName":"search_term_string"}}],"inLanguage":"hr"},{"@type":"Person","@id":"http:\/\/osnovnaskolamalinskadubasnica.hr\/#\/schema\/person\/ab4ffae0c646af016b083db5e2445e8f","name":"O\u0160 Malinska-Duba\u0161nica","url":"https:\/\/osnovnaskolamalinskadubasnica.hr\/?author=1"}]}},"_links":{"self":[{"href":"https:\/\/osnovnaskolamalinskadubasnica.hr\/index.php?rest_route=\/wp\/v2\/posts\/13072","targetHints":{"allow":["GET"]}}],"collection":[{"href":"https:\/\/osnovnaskolamalinskadubasnica.hr\/index.php?rest_route=\/wp\/v2\/posts"}],"about":[{"href":"https:\/\/osnovnaskolamalinskadubasnica.hr\/index.php?rest_route=\/wp\/v2\/types\/post"}],"author":[{"embeddable":true,"href":"https:\/\/osnovnaskolamalinskadubasnica.hr\/index.php?rest_route=\/wp\/v2\/users\/1"}],"replies":[{"embeddable":true,"href":"https:\/\/osnovnaskolamalinskadubasnica.hr\/index.php?rest_route=%2Fwp%2Fv2%2Fcomments&post=13072"}],"version-history":[{"count":4,"href":"https:\/\/osnovnaskolamalinskadubasnica.hr\/index.php?rest_route=\/wp\/v2\/posts\/13072\/revisions"}],"predecessor-version":[{"id":13076,"href":"https:\/\/osnovnaskolamalinskadubasnica.hr\/index.php?rest_route=\/wp\/v2\/posts\/13072\/revisions\/13076"}],"wp:attachment":[{"href":"https:\/\/osnovnaskolamalinskadubasnica.hr\/index.php?rest_route=%2Fwp%2Fv2%2Fmedia&parent=13072"}],"wp:term":[{"taxonomy":"category","embeddable":true,"href":"https:\/\/osnovnaskolamalinskadubasnica.hr\/index.php?rest_route=%2Fwp%2Fv2%2Fcategories&post=13072"},{"taxonomy":"post_tag","embeddable":true,"href":"https:\/\/osnovnaskolamalinskadubasnica.hr\/index.php?rest_route=%2Fwp%2Fv2%2Ftags&post=13072"}],"curies":[{"name":"wp","href":"https:\/\/api.w.org\/{rel}","templated":true}]}}