{"id":8890,"date":"2016-12-18T00:45:21","date_gmt":"2016-12-18T00:45:21","guid":{"rendered":"http:\/\/osnovnaskolakrk.hr\/malinska\/?p=8890"},"modified":"2017-02-27T23:08:49","modified_gmt":"2017-02-27T23:08:49","slug":"lara-na-koncertu-justina-biebera","status":"publish","type":"post","link":"http:\/\/osnovnaskolamalinskadubasnica.hr\/?p=8890","title":{"rendered":"Lara na koncertu Justina Biebera"},"content":{"rendered":"<p style=\"text-align: justify;\"><a href=\"http:\/\/osnovnaskolamalinskadubasnica.hr\/wp-content\/uploads\/Lara-na-koncertu-Justina-Biebera.jpg\" data-rel=\"lightbox-image-0\" data-rl_title=\"\" data-rl_caption=\"\" title=\"\"><img loading=\"lazy\" decoding=\"async\" class=\"alignleft wp-image-8891\" src=\"http:\/\/osnovnaskolamalinskadubasnica.hr\/wp-content\/uploads\/Lara-na-koncertu-Justina-Biebera.jpg\" width=\"272\" height=\"181\" srcset=\"http:\/\/osnovnaskolamalinskadubasnica.hr\/wp-content\/uploads\/Lara-na-koncertu-Justina-Biebera.jpg 760w, http:\/\/osnovnaskolamalinskadubasnica.hr\/wp-content\/uploads\/Lara-na-koncertu-Justina-Biebera-250x166.jpg 250w\" sizes=\"auto, (max-width: 272px) 100vw, 272px\" \/><\/a><span style=\"color: #000000;\">U godini koja se polako bli\u017ei kraju, jedan od najljep\u0161ih trenutaka za mnoge \u0107e zasigurno biti koncert Justina Biebera u Zagrebu. <\/span><\/p>\n<p style=\"text-align: justify;\"><span style=\"color: #000000;\">Pri\u010du o glazbenom spektaklu mlade kanadske pop zvijezde donosi Lara Vrgo\u010d.<br \/>\n<\/span><\/p>\n<p style=\"text-align: justify;\"><em><!--more--><\/em><\/p>\n<p style=\"text-align: justify;\"><em><span style=\"color: #030252;\">Bio je to taj dan! Dan kada smo krenule prema Zagrebu na koncert Justina Biebera! Mama, Sara, Lucija i ja stigle smo u Zagreb oko 16 sati. Arena u to vrijeme jo\u0161 nije bila otvorena pa smo se na\u0161le s prijateljicama, pro\u0161etale po centru grada i oko Arene. <\/span><\/em><\/p>\n<p style=\"text-align: justify;\"><a href=\"http:\/\/osnovnaskolamalinskadubasnica.hr\/wp-content\/uploads\/justin_slide1-940x470.jpg\" data-rel=\"lightbox-image-1\" data-rl_title=\"\" data-rl_caption=\"\" title=\"\"><img loading=\"lazy\" decoding=\"async\" class=\"aligncenter wp-image-8892 size-full\" src=\"http:\/\/osnovnaskolamalinskadubasnica.hr\/wp-content\/uploads\/justin_slide1-940x470.jpg\" width=\"940\" height=\"470\" srcset=\"http:\/\/osnovnaskolamalinskadubasnica.hr\/wp-content\/uploads\/justin_slide1-940x470.jpg 940w, http:\/\/osnovnaskolamalinskadubasnica.hr\/wp-content\/uploads\/justin_slide1-940x470-768x384.jpg 768w, http:\/\/osnovnaskolamalinskadubasnica.hr\/wp-content\/uploads\/justin_slide1-940x470-250x125.jpg 250w\" sizes=\"auto, (max-width: 940px) 100vw, 940px\" \/><\/a><em><span style=\"color: #030252;\">Arena se otvorila u 18 sati, a ispred Arene bile su samo BELIBERI, Justinovi fanovi. U\u0161le smo arenu i na\u0161le svoja sjedala. Bile smo vrlo visoko i imale odli\u010dan pogled na pozornicu i cijelu dvoranu. Kako nikad prije nisam bila u Areni, bila sam jako uzbu\u0111ena i nervozna. Koncert je po\u010deo u 20 sati nastupom predgrupa iz Velike Britanije, a Justin se pojavio oko 9 sati i zapo\u010deo svoj koncert pjesmom\u00a0 <strong>Mark My Words<\/strong>. Na pozornicu je do\u0161ao u velikoj staklenoj kocki na kojoj su se ispisivali nazivi pjesama koje \u0107e otpjevati.<\/span> <\/em><\/p>\n<p style=\"text-align: justify;\"><a href=\"http:\/\/osnovnaskolamalinskadubasnica.hr\/wp-content\/uploads\/justin-bieber-purpose-alternate-cover.jpg\" data-rel=\"lightbox-image-2\" data-rl_title=\"\" data-rl_caption=\"\" title=\"\"><img loading=\"lazy\" decoding=\"async\" class=\"alignright wp-image-8893\" src=\"http:\/\/osnovnaskolamalinskadubasnica.hr\/wp-content\/uploads\/justin-bieber-purpose-alternate-cover.jpg\" width=\"300\" height=\"300\" srcset=\"http:\/\/osnovnaskolamalinskadubasnica.hr\/wp-content\/uploads\/justin-bieber-purpose-alternate-cover.jpg 600w, http:\/\/osnovnaskolamalinskadubasnica.hr\/wp-content\/uploads\/justin-bieber-purpose-alternate-cover-150x150.jpg 150w, http:\/\/osnovnaskolamalinskadubasnica.hr\/wp-content\/uploads\/justin-bieber-purpose-alternate-cover-250x250.jpg 250w\" sizes=\"auto, (max-width: 300px) 100vw, 300px\" \/><\/a><em><span style=\"color: #030252;\">Na po\u010detku je izveo neke starije pjesme koje ba\u0161 i nisam znala, no svejedno sam se odli\u010dno zabavljala. Pozornica je bila ispunjena prekrasnim svjetlosnim efektima, odli\u010dnim plesa\u010dima i raznim tehnolo\u0161kim \u010dudima.<\/span><\/em><\/p>\n<p style=\"text-align: justify;\"><em><span style=\"color: #030252;\">Kasnije je po\u010deo pjevati novije pjesme. Na akusti\u010dnoj gitari Justin je odsvirao pjesme <strong>Love Yourself<\/strong> i <strong>Cold Water<\/strong>. Bilo je savr\u0161eno! Zatim je otpjevao pjesmu Purpose, naslovnu pjesmu njegovog zadnjeg albuma i ove svjetske turneje. Dok je Justin pjevao pjesmu <strong>Purpose<\/strong>, svi su upalili bljeskalice i pjevali s njim, ba\u0161 kao i mi. Bilo je nevjerojatno prekrasno i tu\u017eno! Dok je pjesma zavr\u0161avala, Justin se rasplakao, a s njim je zaplakala i cijela dvorana. <\/span><\/em><\/p>\n<p style=\"text-align: justify;\"><em><span style=\"color: #030252;\"><a href=\"http:\/\/osnovnaskolamalinskadubasnica.hr\/wp-content\/uploads\/image-0-02-05-a9d25b22d7f3f6ed469608779354a1b43f4a4973c646b0a7b375aaac59b35e58-V.jpg\" data-rel=\"lightbox-image-3\" data-rl_title=\"\" data-rl_caption=\"\" title=\"\"><img loading=\"lazy\" decoding=\"async\" class=\"alignleft wp-image-8894\" src=\"http:\/\/osnovnaskolamalinskadubasnica.hr\/wp-content\/uploads\/image-0-02-05-a9d25b22d7f3f6ed469608779354a1b43f4a4973c646b0a7b375aaac59b35e58-V.jpg\" width=\"300\" height=\"300\" srcset=\"http:\/\/osnovnaskolamalinskadubasnica.hr\/wp-content\/uploads\/image-0-02-05-a9d25b22d7f3f6ed469608779354a1b43f4a4973c646b0a7b375aaac59b35e58-V.jpg 850w, http:\/\/osnovnaskolamalinskadubasnica.hr\/wp-content\/uploads\/image-0-02-05-a9d25b22d7f3f6ed469608779354a1b43f4a4973c646b0a7b375aaac59b35e58-V-150x150.jpg 150w, http:\/\/osnovnaskolamalinskadubasnica.hr\/wp-content\/uploads\/image-0-02-05-a9d25b22d7f3f6ed469608779354a1b43f4a4973c646b0a7b375aaac59b35e58-V-768x768.jpg 768w, http:\/\/osnovnaskolamalinskadubasnica.hr\/wp-content\/uploads\/image-0-02-05-a9d25b22d7f3f6ed469608779354a1b43f4a4973c646b0a7b375aaac59b35e58-V-250x250.jpg 250w\" sizes=\"auto, (max-width: 300px) 100vw, 300px\" \/><\/a>Odgovorio je i na nekoliko pitanja. Objasnio je za\u0161to je svoj album nazvao ba\u0161 Purpose (svrha). Rekao je svima nama da smo posebni i da imamo zna\u010denje bez obzira koliko smo stari ili mladi.<\/span> <\/em><\/p>\n<p style=\"text-align: justify;\"><em><span style=\"color: #030252;\">Na kraju je otpjevao pjesmu Sorry, uz kapljice ki\u0161e koje su padale po njemu i uz pratnju plesa\u010da. <\/span><\/em><\/p>\n<p style=\"text-align: justify;\"><em><span style=\"color: #030252;\">Shvatila sam da Justin nije onakav kakvog ga ljudi opisuju i zami\u0161ljaju. Bio je jako drag i zaista ima jako dobar glas! Uvijek \u0107u pamtiti ovaj koncert, jer mi je prvi, sigurno najdra\u017ei i najemotivniji. Nadam se da \u0107e se Justin Bieber vratiti u Hrvatsku kako je i obe\u0107ao.<\/span><\/em><\/p>\n<p style=\"text-align: right;\"><em><span style=\"color: #000000;\">Lara Vrgo\u010d, 5. b<\/span><\/em><\/p>\n<p style=\"text-align: justify;\"><span style=\"color: #000000;\">I na kraju, pogledajte video spot Larine najdra\u017ee pjesme Justina Biebera, naslovne pjesme sa albuma <strong>Purpose<\/strong>:<\/span><\/p>\n<p><iframe loading=\"lazy\" src=\"https:\/\/www.youtube.com\/embed\/Ca1i6DZC3iY?rel=0\" width=\"640\" height=\"360\" frameborder=\"0\" allowfullscreen=\"allowfullscreen\"><\/iframe><\/p>\n<p>&nbsp;<\/p>\n","protected":false},"excerpt":{"rendered":"<p>U godini koja se polako bli\u017ei kraju, jedan od najljep\u0161ih trenutaka za mnoge \u0107e zasigurno biti koncert Justina Biebera u Zagrebu. Pri\u010du o glazbenom spektaklu mlade kanadske pop zvijezde donosi Lara Vrgo\u010d.<\/p>\n","protected":false},"author":1,"featured_media":0,"comment_status":"closed","ping_status":"closed","sticky":false,"template":"","format":"standard","meta":{"footnotes":""},"categories":[24,517,9,102],"tags":[519,521,518,520,215,522,134],"class_list":["post-8890","post","type-post","status-publish","format-standard","hentry","category-dogadanja","category-glazba","category-vijesti","category-zanimljivosti-2","tag-arena-zagreb","tag-glazba","tag-justin-bieber","tag-koncert","tag-lara-vrgoc","tag-purpose","tag-zagreb"],"yoast_head":"<!-- This site is optimized with the Yoast SEO plugin v27.5 - https:\/\/yoast.com\/product\/yoast-seo-wordpress\/ -->\n<title>Lara na koncertu Justina Biebera - Osnovna \u0161kola Malinska-Duba\u0161nica<\/title>\n<meta name=\"robots\" content=\"index, follow, max-snippet:-1, max-image-preview:large, max-video-preview:-1\" \/>\n<link rel=\"canonical\" href=\"https:\/\/osnovnaskolamalinskadubasnica.hr\/?p=8890\" \/>\n<meta property=\"og:locale\" content=\"hr_HR\" \/>\n<meta property=\"og:type\" content=\"article\" \/>\n<meta property=\"og:title\" content=\"Lara na koncertu Justina Biebera - Osnovna \u0161kola Malinska-Duba\u0161nica\" \/>\n<meta property=\"og:description\" content=\"U godini koja se polako bli\u017ei kraju, jedan od najljep\u0161ih trenutaka za mnoge \u0107e zasigurno biti koncert Justina Biebera u Zagrebu. Pri\u010du o glazbenom spektaklu mlade kanadske pop zvijezde donosi Lara Vrgo\u010d.\" \/>\n<meta property=\"og:url\" content=\"https:\/\/osnovnaskolamalinskadubasnica.hr\/?p=8890\" \/>\n<meta property=\"og:site_name\" content=\"Osnovna \u0161kola Malinska-Duba\u0161nica\" \/>\n<meta property=\"article:publisher\" content=\"https:\/\/www.facebook.com\/osmalinskadubasnica\/\" \/>\n<meta property=\"article:published_time\" content=\"2016-12-18T00:45:21+00:00\" \/>\n<meta property=\"article:modified_time\" content=\"2017-02-27T23:08:49+00:00\" \/>\n<meta property=\"og:image\" content=\"http:\/\/osnovnaskolamalinskadubasnica.hr\/wp-content\/uploads\/Lara-na-koncertu-Justina-Biebera.jpg\" \/>\n<meta name=\"author\" content=\"O\u0160 Malinska-Duba\u0161nica\" \/>\n<meta name=\"twitter:card\" content=\"summary_large_image\" \/>\n<meta name=\"twitter:label1\" content=\"Napisao\/la\" \/>\n\t<meta name=\"twitter:data1\" content=\"O\u0160 Malinska-Duba\u0161nica\" \/>\n\t<meta name=\"twitter:label2\" content=\"Procijenjeno vrijeme \u010ditanja\" \/>\n\t<meta name=\"twitter:data2\" content=\"2 minute\" \/>\n<script type=\"application\/ld+json\" class=\"yoast-schema-graph\">{\"@context\":\"https:\\\/\\\/schema.org\",\"@graph\":[{\"@type\":\"Article\",\"@id\":\"https:\\\/\\\/osnovnaskolamalinskadubasnica.hr\\\/?p=8890#article\",\"isPartOf\":{\"@id\":\"https:\\\/\\\/osnovnaskolamalinskadubasnica.hr\\\/?p=8890\"},\"author\":{\"name\":\"O\u0160 Malinska-Duba\u0161nica\",\"@id\":\"http:\\\/\\\/osnovnaskolamalinskadubasnica.hr\\\/#\\\/schema\\\/person\\\/ab4ffae0c646af016b083db5e2445e8f\"},\"headline\":\"Lara na koncertu Justina Biebera\",\"datePublished\":\"2016-12-18T00:45:21+00:00\",\"dateModified\":\"2017-02-27T23:08:49+00:00\",\"mainEntityOfPage\":{\"@id\":\"https:\\\/\\\/osnovnaskolamalinskadubasnica.hr\\\/?p=8890\"},\"wordCount\":429,\"image\":{\"@id\":\"https:\\\/\\\/osnovnaskolamalinskadubasnica.hr\\\/?p=8890#primaryimage\"},\"thumbnailUrl\":\"http:\\\/\\\/osnovnaskolamalinskadubasnica.hr\\\/wp-content\\\/uploads\\\/Lara-na-koncertu-Justina-Biebera.jpg\",\"keywords\":[\"Arena Zagreb\",\"glazba\",\"Justin Bieber\",\"koncert\",\"Lara Vrgo\u010d\",\"Purpose\",\"Zagreb\"],\"articleSection\":[\"Doga\u0111anja\",\"Glazba\",\"Vijesti\",\"Zanimljivosti\"],\"inLanguage\":\"hr\"},{\"@type\":\"WebPage\",\"@id\":\"https:\\\/\\\/osnovnaskolamalinskadubasnica.hr\\\/?p=8890\",\"url\":\"https:\\\/\\\/osnovnaskolamalinskadubasnica.hr\\\/?p=8890\",\"name\":\"Lara na koncertu Justina Biebera - Osnovna \u0161kola Malinska-Duba\u0161nica\",\"isPartOf\":{\"@id\":\"http:\\\/\\\/osnovnaskolamalinskadubasnica.hr\\\/#website\"},\"primaryImageOfPage\":{\"@id\":\"https:\\\/\\\/osnovnaskolamalinskadubasnica.hr\\\/?p=8890#primaryimage\"},\"image\":{\"@id\":\"https:\\\/\\\/osnovnaskolamalinskadubasnica.hr\\\/?p=8890#primaryimage\"},\"thumbnailUrl\":\"http:\\\/\\\/osnovnaskolamalinskadubasnica.hr\\\/wp-content\\\/uploads\\\/Lara-na-koncertu-Justina-Biebera.jpg\",\"datePublished\":\"2016-12-18T00:45:21+00:00\",\"dateModified\":\"2017-02-27T23:08:49+00:00\",\"author\":{\"@id\":\"http:\\\/\\\/osnovnaskolamalinskadubasnica.hr\\\/#\\\/schema\\\/person\\\/ab4ffae0c646af016b083db5e2445e8f\"},\"breadcrumb\":{\"@id\":\"https:\\\/\\\/osnovnaskolamalinskadubasnica.hr\\\/?p=8890#breadcrumb\"},\"inLanguage\":\"hr\",\"potentialAction\":[{\"@type\":\"ReadAction\",\"target\":[\"https:\\\/\\\/osnovnaskolamalinskadubasnica.hr\\\/?p=8890\"]}]},{\"@type\":\"ImageObject\",\"inLanguage\":\"hr\",\"@id\":\"https:\\\/\\\/osnovnaskolamalinskadubasnica.hr\\\/?p=8890#primaryimage\",\"url\":\"http:\\\/\\\/osnovnaskolamalinskadubasnica.hr\\\/wp-content\\\/uploads\\\/Lara-na-koncertu-Justina-Biebera.jpg\",\"contentUrl\":\"http:\\\/\\\/osnovnaskolamalinskadubasnica.hr\\\/wp-content\\\/uploads\\\/Lara-na-koncertu-Justina-Biebera.jpg\",\"width\":760,\"height\":505},{\"@type\":\"BreadcrumbList\",\"@id\":\"https:\\\/\\\/osnovnaskolamalinskadubasnica.hr\\\/?p=8890#breadcrumb\",\"itemListElement\":[{\"@type\":\"ListItem\",\"position\":1,\"name\":\"Po\u010detna stranica\",\"item\":\"http:\\\/\\\/osnovnaskolamalinskadubasnica.hr\\\/\"},{\"@type\":\"ListItem\",\"position\":2,\"name\":\"Lara na koncertu Justina Biebera\"}]},{\"@type\":\"WebSite\",\"@id\":\"http:\\\/\\\/osnovnaskolamalinskadubasnica.hr\\\/#website\",\"url\":\"http:\\\/\\\/osnovnaskolamalinskadubasnica.hr\\\/\",\"name\":\"Osnovna \u0161kola Malinska-Duba\u0161nica\",\"description\":\"\",\"potentialAction\":[{\"@type\":\"SearchAction\",\"target\":{\"@type\":\"EntryPoint\",\"urlTemplate\":\"http:\\\/\\\/osnovnaskolamalinskadubasnica.hr\\\/?s={search_term_string}\"},\"query-input\":{\"@type\":\"PropertyValueSpecification\",\"valueRequired\":true,\"valueName\":\"search_term_string\"}}],\"inLanguage\":\"hr\"},{\"@type\":\"Person\",\"@id\":\"http:\\\/\\\/osnovnaskolamalinskadubasnica.hr\\\/#\\\/schema\\\/person\\\/ab4ffae0c646af016b083db5e2445e8f\",\"name\":\"O\u0160 Malinska-Duba\u0161nica\",\"url\":\"http:\\\/\\\/osnovnaskolamalinskadubasnica.hr\\\/?author=1\"}]}<\/script>\n<!-- \/ Yoast SEO plugin. -->","yoast_head_json":{"title":"Lara na koncertu Justina Biebera - Osnovna \u0161kola Malinska-Duba\u0161nica","robots":{"index":"index","follow":"follow","max-snippet":"max-snippet:-1","max-image-preview":"max-image-preview:large","max-video-preview":"max-video-preview:-1"},"canonical":"https:\/\/osnovnaskolamalinskadubasnica.hr\/?p=8890","og_locale":"hr_HR","og_type":"article","og_title":"Lara na koncertu Justina Biebera - Osnovna \u0161kola Malinska-Duba\u0161nica","og_description":"U godini koja se polako bli\u017ei kraju, jedan od najljep\u0161ih trenutaka za mnoge \u0107e zasigurno biti koncert Justina Biebera u Zagrebu. Pri\u010du o glazbenom spektaklu mlade kanadske pop zvijezde donosi Lara Vrgo\u010d.","og_url":"https:\/\/osnovnaskolamalinskadubasnica.hr\/?p=8890","og_site_name":"Osnovna \u0161kola Malinska-Duba\u0161nica","article_publisher":"https:\/\/www.facebook.com\/osmalinskadubasnica\/","article_published_time":"2016-12-18T00:45:21+00:00","article_modified_time":"2017-02-27T23:08:49+00:00","og_image":[{"url":"http:\/\/osnovnaskolamalinskadubasnica.hr\/wp-content\/uploads\/Lara-na-koncertu-Justina-Biebera.jpg","type":"","width":"","height":""}],"author":"O\u0160 Malinska-Duba\u0161nica","twitter_card":"summary_large_image","twitter_misc":{"Napisao\/la":"O\u0160 Malinska-Duba\u0161nica","Procijenjeno vrijeme \u010ditanja":"2 minute"},"schema":{"@context":"https:\/\/schema.org","@graph":[{"@type":"Article","@id":"https:\/\/osnovnaskolamalinskadubasnica.hr\/?p=8890#article","isPartOf":{"@id":"https:\/\/osnovnaskolamalinskadubasnica.hr\/?p=8890"},"author":{"name":"O\u0160 Malinska-Duba\u0161nica","@id":"http:\/\/osnovnaskolamalinskadubasnica.hr\/#\/schema\/person\/ab4ffae0c646af016b083db5e2445e8f"},"headline":"Lara na koncertu Justina Biebera","datePublished":"2016-12-18T00:45:21+00:00","dateModified":"2017-02-27T23:08:49+00:00","mainEntityOfPage":{"@id":"https:\/\/osnovnaskolamalinskadubasnica.hr\/?p=8890"},"wordCount":429,"image":{"@id":"https:\/\/osnovnaskolamalinskadubasnica.hr\/?p=8890#primaryimage"},"thumbnailUrl":"http:\/\/osnovnaskolamalinskadubasnica.hr\/wp-content\/uploads\/Lara-na-koncertu-Justina-Biebera.jpg","keywords":["Arena Zagreb","glazba","Justin Bieber","koncert","Lara Vrgo\u010d","Purpose","Zagreb"],"articleSection":["Doga\u0111anja","Glazba","Vijesti","Zanimljivosti"],"inLanguage":"hr"},{"@type":"WebPage","@id":"https:\/\/osnovnaskolamalinskadubasnica.hr\/?p=8890","url":"https:\/\/osnovnaskolamalinskadubasnica.hr\/?p=8890","name":"Lara na koncertu Justina Biebera - Osnovna \u0161kola Malinska-Duba\u0161nica","isPartOf":{"@id":"http:\/\/osnovnaskolamalinskadubasnica.hr\/#website"},"primaryImageOfPage":{"@id":"https:\/\/osnovnaskolamalinskadubasnica.hr\/?p=8890#primaryimage"},"image":{"@id":"https:\/\/osnovnaskolamalinskadubasnica.hr\/?p=8890#primaryimage"},"thumbnailUrl":"http:\/\/osnovnaskolamalinskadubasnica.hr\/wp-content\/uploads\/Lara-na-koncertu-Justina-Biebera.jpg","datePublished":"2016-12-18T00:45:21+00:00","dateModified":"2017-02-27T23:08:49+00:00","author":{"@id":"http:\/\/osnovnaskolamalinskadubasnica.hr\/#\/schema\/person\/ab4ffae0c646af016b083db5e2445e8f"},"breadcrumb":{"@id":"https:\/\/osnovnaskolamalinskadubasnica.hr\/?p=8890#breadcrumb"},"inLanguage":"hr","potentialAction":[{"@type":"ReadAction","target":["https:\/\/osnovnaskolamalinskadubasnica.hr\/?p=8890"]}]},{"@type":"ImageObject","inLanguage":"hr","@id":"https:\/\/osnovnaskolamalinskadubasnica.hr\/?p=8890#primaryimage","url":"http:\/\/osnovnaskolamalinskadubasnica.hr\/wp-content\/uploads\/Lara-na-koncertu-Justina-Biebera.jpg","contentUrl":"http:\/\/osnovnaskolamalinskadubasnica.hr\/wp-content\/uploads\/Lara-na-koncertu-Justina-Biebera.jpg","width":760,"height":505},{"@type":"BreadcrumbList","@id":"https:\/\/osnovnaskolamalinskadubasnica.hr\/?p=8890#breadcrumb","itemListElement":[{"@type":"ListItem","position":1,"name":"Po\u010detna stranica","item":"http:\/\/osnovnaskolamalinskadubasnica.hr\/"},{"@type":"ListItem","position":2,"name":"Lara na koncertu Justina Biebera"}]},{"@type":"WebSite","@id":"http:\/\/osnovnaskolamalinskadubasnica.hr\/#website","url":"http:\/\/osnovnaskolamalinskadubasnica.hr\/","name":"Osnovna \u0161kola Malinska-Duba\u0161nica","description":"","potentialAction":[{"@type":"SearchAction","target":{"@type":"EntryPoint","urlTemplate":"http:\/\/osnovnaskolamalinskadubasnica.hr\/?s={search_term_string}"},"query-input":{"@type":"PropertyValueSpecification","valueRequired":true,"valueName":"search_term_string"}}],"inLanguage":"hr"},{"@type":"Person","@id":"http:\/\/osnovnaskolamalinskadubasnica.hr\/#\/schema\/person\/ab4ffae0c646af016b083db5e2445e8f","name":"O\u0160 Malinska-Duba\u0161nica","url":"http:\/\/osnovnaskolamalinskadubasnica.hr\/?author=1"}]}},"_links":{"self":[{"href":"http:\/\/osnovnaskolamalinskadubasnica.hr\/index.php?rest_route=\/wp\/v2\/posts\/8890","targetHints":{"allow":["GET"]}}],"collection":[{"href":"http:\/\/osnovnaskolamalinskadubasnica.hr\/index.php?rest_route=\/wp\/v2\/posts"}],"about":[{"href":"http:\/\/osnovnaskolamalinskadubasnica.hr\/index.php?rest_route=\/wp\/v2\/types\/post"}],"author":[{"embeddable":true,"href":"http:\/\/osnovnaskolamalinskadubasnica.hr\/index.php?rest_route=\/wp\/v2\/users\/1"}],"replies":[{"embeddable":true,"href":"http:\/\/osnovnaskolamalinskadubasnica.hr\/index.php?rest_route=%2Fwp%2Fv2%2Fcomments&post=8890"}],"version-history":[{"count":5,"href":"http:\/\/osnovnaskolamalinskadubasnica.hr\/index.php?rest_route=\/wp\/v2\/posts\/8890\/revisions"}],"predecessor-version":[{"id":9413,"href":"http:\/\/osnovnaskolamalinskadubasnica.hr\/index.php?rest_route=\/wp\/v2\/posts\/8890\/revisions\/9413"}],"wp:attachment":[{"href":"http:\/\/osnovnaskolamalinskadubasnica.hr\/index.php?rest_route=%2Fwp%2Fv2%2Fmedia&parent=8890"}],"wp:term":[{"taxonomy":"category","embeddable":true,"href":"http:\/\/osnovnaskolamalinskadubasnica.hr\/index.php?rest_route=%2Fwp%2Fv2%2Fcategories&post=8890"},{"taxonomy":"post_tag","embeddable":true,"href":"http:\/\/osnovnaskolamalinskadubasnica.hr\/index.php?rest_route=%2Fwp%2Fv2%2Ftags&post=8890"}],"curies":[{"name":"wp","href":"https:\/\/api.w.org\/{rel}","templated":true}]}}