{"id":6677,"date":"2015-12-23T18:50:18","date_gmt":"2015-12-23T18:50:18","guid":{"rendered":"http:\/\/osnovnaskolakrk.hr\/malinska\/?p=6677"},"modified":"2017-03-07T23:16:23","modified_gmt":"2017-03-07T23:16:23","slug":"bozicna-priredba-i-predstavljanje-kalendara-2","status":"publish","type":"post","link":"http:\/\/osnovnaskolamalinskadubasnica.hr\/?p=6677","title":{"rendered":"Bo\u017ei\u0107na priredba i predstavljanje Kalendara"},"content":{"rendered":"<p style=\"text-align: justify;\"><a href=\"http:\/\/osnovnaskolamalinskadubasnica.hr\/wp-content\/uploads\/bk-fg-01.jpg\" rel=\"attachment wp-att-6708\" data-rel=\"lightbox-image-0\" data-rl_title=\"\" data-rl_caption=\"\" title=\"\"><img loading=\"lazy\" decoding=\"async\" class=\"alignleft wp-image-6708\" src=\"http:\/\/osnovnaskolamalinskadubasnica.hr\/wp-content\/uploads\/bk-fg-01.jpg\" width=\"272\" height=\"370\" srcset=\"http:\/\/osnovnaskolamalinskadubasnica.hr\/wp-content\/uploads\/bk-fg-01.jpg 578w, http:\/\/osnovnaskolamalinskadubasnica.hr\/wp-content\/uploads\/bk-fg-01-250x340.jpg 250w\" sizes=\"auto, (max-width: 272px) 100vw, 272px\" \/><\/a><span style=\"color: #000000;\">Bo\u017ei\u0107na priredba, a time i na\u0161 susret u projektu <a href=\"http:\/\/osnovnaskolamalinskadubasnica.hr\/?page_id=339\" target=\"_blank\">Mlin, (M) malin, Malinska<\/a>, odr\u017eala se ove godine 18. prosinca u sportskoj dvorani. Naime, prije \u010detiri godine ostvarili smo prvu suradnju, prema zamisli g\u0111e. Barbare Tur\u010di\u0107 &#8211; Gajzler pa je ovogodi\u0161nji Kalendar i ova priredba bila na\u0161 peti susret.<\/span><\/p>\n<p style=\"text-align: justify;\"><span style=\"color: #000000;\">Priredbu smo posvetili 210 &#8211; toj obljetnici ro\u0111enja velikog Hansa Christiana Andersena, danskog pisca. U svojim je pri\u010dama i bajkama djeci pribli\u017eio temeljne ljudske vrline koje djeluju poput \u0161tita, ali i razotkrio mane koje ostavljaju posljedice i na pojedinca i na dru\u0161tvo.<\/span><\/p>\n<p style=\"text-align: justify;\"><em><!--more--><\/em><\/p>\n<p style=\"text-align: justify;\"><span style=\"color: #000000;\">Program smo zapo\u010deli pjesmama velikog i malog \u0161kolskog zbora te plesom labudi\u0107a Frederica Chopina male baletne skupine \u010dija je izvedba i koreografija ostavljala bez daha.<a href=\"http:\/\/osnovnaskolamalinskadubasnica.hr\/wp-content\/uploads\/slike-197.jpg\" rel=\"attachment wp-att-6681\" data-rel=\"lightbox-image-1\" data-rl_title=\"\" data-rl_caption=\"\" title=\"\"><img loading=\"lazy\" decoding=\"async\" class=\"alignright wp-image-6681\" src=\"http:\/\/osnovnaskolamalinskadubasnica.hr\/wp-content\/uploads\/slike-197.jpg\" width=\"300\" height=\"225\" srcset=\"http:\/\/osnovnaskolamalinskadubasnica.hr\/wp-content\/uploads\/slike-197.jpg 850w, http:\/\/osnovnaskolamalinskadubasnica.hr\/wp-content\/uploads\/slike-197-768x576.jpg 768w, http:\/\/osnovnaskolamalinskadubasnica.hr\/wp-content\/uploads\/slike-197-250x188.jpg 250w\" sizes=\"auto, (max-width: 300px) 100vw, 300px\" \/><\/a> To je bio i svojevrsni uvod u predstavu Ru\u017eno pa\u010de na\u0161e \u0161kolske dramske grupe. Doznali smo da je upravo ta bajka prikaz Andersenova \u017eivota, gdje je od siroma\u0161na i neugledna \u010dovjeka izrastao u pisca svjetske slave. Doznali smo i da ludost, sebi\u010dnost i licemjerje nisu ja\u010di od ljubavi, dobrote i nade. Doznali smo da nije va\u017eno gdje \u0107emo do\u0107i na svijet, ve\u0107 je dovoljno da smo iz labu\u0111eg jajeta pa da mo\u017eemo \u017eivjeti bilo gdje na svijetu.<\/span><\/p>\n<div id='gallery-1' class='gallery galleryid-6677 gallery-columns-2 gallery-size-medium'><dl class='gallery-item'>\n\t\t\t<dt class='gallery-icon landscape'>\n\t\t\t\t<a href='http:\/\/osnovnaskolamalinskadubasnica.hr\/wp-content\/uploads\/slike-208.jpg' title=\"\" data-rl_title=\"\" class=\"rl-gallery-link\" data-rl_caption=\"\" data-rel=\"lightbox-gallery-1\"><img loading=\"lazy\" decoding=\"async\" width=\"850\" height=\"638\" src=\"http:\/\/osnovnaskolamalinskadubasnica.hr\/wp-content\/uploads\/slike-208.jpg\" class=\"attachment-medium size-medium\" alt=\"\" srcset=\"http:\/\/osnovnaskolamalinskadubasnica.hr\/wp-content\/uploads\/slike-208.jpg 850w, http:\/\/osnovnaskolamalinskadubasnica.hr\/wp-content\/uploads\/slike-208-768x576.jpg 768w, http:\/\/osnovnaskolamalinskadubasnica.hr\/wp-content\/uploads\/slike-208-250x188.jpg 250w\" sizes=\"auto, (max-width: 850px) 100vw, 850px\" \/><\/a>\n\t\t\t<\/dt><\/dl><dl class='gallery-item'>\n\t\t\t<dt class='gallery-icon landscape'>\n\t\t\t\t<a href='http:\/\/osnovnaskolamalinskadubasnica.hr\/wp-content\/uploads\/slike-211.jpg' title=\"\" data-rl_title=\"\" class=\"rl-gallery-link\" data-rl_caption=\"\" data-rel=\"lightbox-gallery-1\"><img loading=\"lazy\" decoding=\"async\" width=\"850\" height=\"638\" src=\"http:\/\/osnovnaskolamalinskadubasnica.hr\/wp-content\/uploads\/slike-211.jpg\" class=\"attachment-medium size-medium\" alt=\"\" srcset=\"http:\/\/osnovnaskolamalinskadubasnica.hr\/wp-content\/uploads\/slike-211.jpg 850w, http:\/\/osnovnaskolamalinskadubasnica.hr\/wp-content\/uploads\/slike-211-768x576.jpg 768w, http:\/\/osnovnaskolamalinskadubasnica.hr\/wp-content\/uploads\/slike-211-250x188.jpg 250w\" sizes=\"auto, (max-width: 850px) 100vw, 850px\" \/><\/a>\n\t\t\t<\/dt><\/dl><br style=\"clear: both\" \/>\n\t\t<\/div>\n\n<p style=\"text-align: justify;\"><span style=\"color: #000000;\">Sredi\u0161nji dio priredbe bio je predstavljanje Kalendara za 2016. godinu. U\u010ditelj Predrag Znaor predstavio je likovne i literarne uratke u\u010denika. U\u010denici, \u010diji su radovi izabrani za Kalendar, nagra\u0111eni su prigodnim poklonom koji im je uru\u010dio gosp. Nikola Tur\u010di\u0107.<\/span><\/p>\n<p style=\"text-align: justify;\"><a href=\"http:\/\/osnovnaskolamalinskadubasnica.hr\/wp-content\/uploads\/slike-226.jpg\" rel=\"attachment wp-att-6689\" data-rel=\"lightbox-image-4\" data-rl_title=\"\" data-rl_caption=\"\" title=\"\"><img loading=\"lazy\" decoding=\"async\" class=\"alignleft wp-image-6689\" src=\"http:\/\/osnovnaskolamalinskadubasnica.hr\/wp-content\/uploads\/slike-226.jpg\" width=\"300\" height=\"225\" srcset=\"http:\/\/osnovnaskolamalinskadubasnica.hr\/wp-content\/uploads\/slike-226.jpg 850w, http:\/\/osnovnaskolamalinskadubasnica.hr\/wp-content\/uploads\/slike-226-768x576.jpg 768w, http:\/\/osnovnaskolamalinskadubasnica.hr\/wp-content\/uploads\/slike-226-250x188.jpg 250w\" sizes=\"auto, (max-width: 300px) 100vw, 300px\" \/><\/a><span style=\"color: #000000;\">Voditeljica \u0160kole g\u0111a. Milena \u017dic svih je pozdravila i uru\u010dila \u010destitke, a pozdravima su se pridru\u017eili i na\u010delnik Op\u0107ine gosp. Robert Anton Kralji\u0107 te na\u0161 \u017eupnik Marin Da\u0161ek.<\/span><\/p>\n<p style=\"text-align: justify;\"><span style=\"color: #000000;\">U nastavku programa u\u017eivali smo u klavirskim izvedbama, a mogli smo \u010duti i stihove velikog Tina Ujevi\u0107a. Na kraju nas je uveselila hip &#8211; hop grupa koja je izvela to\u010dku Kako su Minionsi ukrali Bo\u017ei\u0107. Andersenova Djevoj\u010dica sa \u0161ibicama prskalicama je pokazala put velikom i malom zboru koji su pjesmom uputili \u010destitku za Bo\u017ei\u0107 i Novu godinu.<\/span><\/p>\n<p style=\"text-align: right;\"><span style=\"color: #000000;\"><em>Petrica Mrakov\u010di\u0107<\/em><\/span><\/p>\n<p style=\"text-align: justify;\"><strong><span style=\"color: #800000;\">FOTOGALERIJA:<\/span><\/strong><\/p>\n<div id='gallery-2' class='gallery galleryid-6677 gallery-columns-3 gallery-size-thumbnail'><dl class='gallery-item'>\n\t\t\t<dt class='gallery-icon landscape'>\n\t\t\t\t<a href='http:\/\/osnovnaskolamalinskadubasnica.hr\/wp-content\/uploads\/slike-192.jpg' title=\"\" data-rl_title=\"\" class=\"rl-gallery-link\" data-rl_caption=\"\" data-rel=\"lightbox-gallery-2\"><img loading=\"lazy\" decoding=\"async\" width=\"150\" height=\"150\" src=\"http:\/\/osnovnaskolamalinskadubasnica.hr\/wp-content\/uploads\/slike-192-150x150.jpg\" class=\"attachment-thumbnail size-thumbnail\" alt=\"\" \/><\/a>\n\t\t\t<\/dt><\/dl><dl class='gallery-item'>\n\t\t\t<dt class='gallery-icon landscape'>\n\t\t\t\t<a href='http:\/\/osnovnaskolamalinskadubasnica.hr\/wp-content\/uploads\/slike-194.jpg' title=\"\" data-rl_title=\"\" class=\"rl-gallery-link\" data-rl_caption=\"\" data-rel=\"lightbox-gallery-2\"><img loading=\"lazy\" decoding=\"async\" width=\"150\" height=\"150\" src=\"http:\/\/osnovnaskolamalinskadubasnica.hr\/wp-content\/uploads\/slike-194-150x150.jpg\" class=\"attachment-thumbnail size-thumbnail\" alt=\"\" \/><\/a>\n\t\t\t<\/dt><\/dl><dl class='gallery-item'>\n\t\t\t<dt class='gallery-icon landscape'>\n\t\t\t\t<a href='http:\/\/osnovnaskolamalinskadubasnica.hr\/wp-content\/uploads\/slike-197.jpg' title=\"\" data-rl_title=\"\" class=\"rl-gallery-link\" data-rl_caption=\"\" data-rel=\"lightbox-gallery-2\"><img loading=\"lazy\" decoding=\"async\" width=\"150\" height=\"150\" src=\"http:\/\/osnovnaskolamalinskadubasnica.hr\/wp-content\/uploads\/slike-197-150x150.jpg\" class=\"attachment-thumbnail size-thumbnail\" alt=\"\" \/><\/a>\n\t\t\t<\/dt><\/dl><br style=\"clear: both\" \/><dl class='gallery-item'>\n\t\t\t<dt class='gallery-icon landscape'>\n\t\t\t\t<a href='http:\/\/osnovnaskolamalinskadubasnica.hr\/wp-content\/uploads\/slike-198.jpg' title=\"\" data-rl_title=\"\" class=\"rl-gallery-link\" data-rl_caption=\"\" data-rel=\"lightbox-gallery-2\"><img loading=\"lazy\" decoding=\"async\" width=\"150\" height=\"150\" src=\"http:\/\/osnovnaskolamalinskadubasnica.hr\/wp-content\/uploads\/slike-198-150x150.jpg\" class=\"attachment-thumbnail size-thumbnail\" alt=\"\" \/><\/a>\n\t\t\t<\/dt><\/dl><dl class='gallery-item'>\n\t\t\t<dt class='gallery-icon landscape'>\n\t\t\t\t<a href='http:\/\/osnovnaskolamalinskadubasnica.hr\/wp-content\/uploads\/slike-200.jpg' title=\"\" data-rl_title=\"\" class=\"rl-gallery-link\" data-rl_caption=\"\" data-rel=\"lightbox-gallery-2\"><img loading=\"lazy\" decoding=\"async\" width=\"150\" height=\"150\" src=\"http:\/\/osnovnaskolamalinskadubasnica.hr\/wp-content\/uploads\/slike-200-150x150.jpg\" class=\"attachment-thumbnail size-thumbnail\" alt=\"\" \/><\/a>\n\t\t\t<\/dt><\/dl><dl class='gallery-item'>\n\t\t\t<dt class='gallery-icon landscape'>\n\t\t\t\t<a href='http:\/\/osnovnaskolamalinskadubasnica.hr\/wp-content\/uploads\/slike-202.jpg' title=\"\" data-rl_title=\"\" class=\"rl-gallery-link\" data-rl_caption=\"\" data-rel=\"lightbox-gallery-2\"><img loading=\"lazy\" decoding=\"async\" width=\"150\" height=\"150\" src=\"http:\/\/osnovnaskolamalinskadubasnica.hr\/wp-content\/uploads\/slike-202-150x150.jpg\" class=\"attachment-thumbnail size-thumbnail\" alt=\"\" \/><\/a>\n\t\t\t<\/dt><\/dl><br style=\"clear: both\" \/><dl class='gallery-item'>\n\t\t\t<dt class='gallery-icon landscape'>\n\t\t\t\t<a href='http:\/\/osnovnaskolamalinskadubasnica.hr\/wp-content\/uploads\/slike-208.jpg' title=\"\" data-rl_title=\"\" class=\"rl-gallery-link\" data-rl_caption=\"\" data-rel=\"lightbox-gallery-2\"><img loading=\"lazy\" decoding=\"async\" width=\"150\" height=\"150\" src=\"http:\/\/osnovnaskolamalinskadubasnica.hr\/wp-content\/uploads\/slike-208-150x150.jpg\" class=\"attachment-thumbnail size-thumbnail\" alt=\"\" \/><\/a>\n\t\t\t<\/dt><\/dl><dl class='gallery-item'>\n\t\t\t<dt class='gallery-icon landscape'>\n\t\t\t\t<a href='http:\/\/osnovnaskolamalinskadubasnica.hr\/wp-content\/uploads\/slike-209.jpg' title=\"\" data-rl_title=\"\" class=\"rl-gallery-link\" data-rl_caption=\"\" data-rel=\"lightbox-gallery-2\"><img loading=\"lazy\" decoding=\"async\" width=\"150\" height=\"150\" src=\"http:\/\/osnovnaskolamalinskadubasnica.hr\/wp-content\/uploads\/slike-209-150x150.jpg\" class=\"attachment-thumbnail size-thumbnail\" alt=\"\" \/><\/a>\n\t\t\t<\/dt><\/dl><dl class='gallery-item'>\n\t\t\t<dt class='gallery-icon landscape'>\n\t\t\t\t<a href='http:\/\/osnovnaskolamalinskadubasnica.hr\/wp-content\/uploads\/slike-211.jpg' title=\"\" data-rl_title=\"\" class=\"rl-gallery-link\" data-rl_caption=\"\" data-rel=\"lightbox-gallery-2\"><img loading=\"lazy\" decoding=\"async\" width=\"150\" height=\"150\" src=\"http:\/\/osnovnaskolamalinskadubasnica.hr\/wp-content\/uploads\/slike-211-150x150.jpg\" class=\"attachment-thumbnail size-thumbnail\" alt=\"\" \/><\/a>\n\t\t\t<\/dt><\/dl><br style=\"clear: both\" \/><dl class='gallery-item'>\n\t\t\t<dt class='gallery-icon landscape'>\n\t\t\t\t<a href='http:\/\/osnovnaskolamalinskadubasnica.hr\/wp-content\/uploads\/slike-216.jpg' title=\"\" data-rl_title=\"\" class=\"rl-gallery-link\" data-rl_caption=\"\" data-rel=\"lightbox-gallery-2\"><img loading=\"lazy\" decoding=\"async\" width=\"150\" height=\"150\" src=\"http:\/\/osnovnaskolamalinskadubasnica.hr\/wp-content\/uploads\/slike-216-150x150.jpg\" class=\"attachment-thumbnail size-thumbnail\" alt=\"\" \/><\/a>\n\t\t\t<\/dt><\/dl><dl class='gallery-item'>\n\t\t\t<dt class='gallery-icon landscape'>\n\t\t\t\t<a href='http:\/\/osnovnaskolamalinskadubasnica.hr\/wp-content\/uploads\/slike-228.jpg' title=\"\" data-rl_title=\"\" class=\"rl-gallery-link\" data-rl_caption=\"\" data-rel=\"lightbox-gallery-2\"><img loading=\"lazy\" decoding=\"async\" width=\"150\" height=\"150\" src=\"http:\/\/osnovnaskolamalinskadubasnica.hr\/wp-content\/uploads\/slike-228-150x150.jpg\" class=\"attachment-thumbnail size-thumbnail\" alt=\"\" \/><\/a>\n\t\t\t<\/dt><\/dl><dl class='gallery-item'>\n\t\t\t<dt class='gallery-icon landscape'>\n\t\t\t\t<a href='http:\/\/osnovnaskolamalinskadubasnica.hr\/wp-content\/uploads\/slike-226.jpg' title=\"\" data-rl_title=\"\" class=\"rl-gallery-link\" data-rl_caption=\"\" data-rel=\"lightbox-gallery-2\"><img loading=\"lazy\" decoding=\"async\" width=\"150\" height=\"150\" src=\"http:\/\/osnovnaskolamalinskadubasnica.hr\/wp-content\/uploads\/slike-226-150x150.jpg\" class=\"attachment-thumbnail size-thumbnail\" alt=\"\" \/><\/a>\n\t\t\t<\/dt><\/dl><br style=\"clear: both\" \/><dl class='gallery-item'>\n\t\t\t<dt class='gallery-icon landscape'>\n\t\t\t\t<a href='http:\/\/osnovnaskolamalinskadubasnica.hr\/wp-content\/uploads\/slike-231.jpg' title=\"\" data-rl_title=\"\" class=\"rl-gallery-link\" data-rl_caption=\"\" data-rel=\"lightbox-gallery-2\"><img loading=\"lazy\" decoding=\"async\" width=\"150\" height=\"150\" src=\"http:\/\/osnovnaskolamalinskadubasnica.hr\/wp-content\/uploads\/slike-231-150x150.jpg\" class=\"attachment-thumbnail size-thumbnail\" alt=\"\" \/><\/a>\n\t\t\t<\/dt><\/dl><dl class='gallery-item'>\n\t\t\t<dt class='gallery-icon landscape'>\n\t\t\t\t<a href='http:\/\/osnovnaskolamalinskadubasnica.hr\/wp-content\/uploads\/slike-234.jpg' title=\"\" data-rl_title=\"\" class=\"rl-gallery-link\" data-rl_caption=\"\" data-rel=\"lightbox-gallery-2\"><img loading=\"lazy\" decoding=\"async\" width=\"150\" height=\"150\" src=\"http:\/\/osnovnaskolamalinskadubasnica.hr\/wp-content\/uploads\/slike-234-150x150.jpg\" class=\"attachment-thumbnail size-thumbnail\" alt=\"\" \/><\/a>\n\t\t\t<\/dt><\/dl><dl class='gallery-item'>\n\t\t\t<dt class='gallery-icon landscape'>\n\t\t\t\t<a href='http:\/\/osnovnaskolamalinskadubasnica.hr\/wp-content\/uploads\/slike-239.jpg' title=\"\" data-rl_title=\"\" class=\"rl-gallery-link\" data-rl_caption=\"\" data-rel=\"lightbox-gallery-2\"><img loading=\"lazy\" decoding=\"async\" width=\"150\" height=\"150\" src=\"http:\/\/osnovnaskolamalinskadubasnica.hr\/wp-content\/uploads\/slike-239-150x150.jpg\" class=\"attachment-thumbnail size-thumbnail\" alt=\"\" \/><\/a>\n\t\t\t<\/dt><\/dl><br style=\"clear: both\" \/><dl class='gallery-item'>\n\t\t\t<dt class='gallery-icon landscape'>\n\t\t\t\t<a href='http:\/\/osnovnaskolamalinskadubasnica.hr\/wp-content\/uploads\/slike-241.jpg' title=\"\" data-rl_title=\"\" class=\"rl-gallery-link\" data-rl_caption=\"\" data-rel=\"lightbox-gallery-2\"><img loading=\"lazy\" decoding=\"async\" width=\"150\" height=\"150\" src=\"http:\/\/osnovnaskolamalinskadubasnica.hr\/wp-content\/uploads\/slike-241-150x150.jpg\" class=\"attachment-thumbnail size-thumbnail\" alt=\"\" \/><\/a>\n\t\t\t<\/dt><\/dl><dl class='gallery-item'>\n\t\t\t<dt class='gallery-icon landscape'>\n\t\t\t\t<a href='http:\/\/osnovnaskolamalinskadubasnica.hr\/wp-content\/uploads\/slike-249.jpg' title=\"\" data-rl_title=\"\" class=\"rl-gallery-link\" data-rl_caption=\"\" data-rel=\"lightbox-gallery-2\"><img loading=\"lazy\" decoding=\"async\" width=\"150\" height=\"150\" src=\"http:\/\/osnovnaskolamalinskadubasnica.hr\/wp-content\/uploads\/slike-249-150x150.jpg\" class=\"attachment-thumbnail size-thumbnail\" alt=\"\" \/><\/a>\n\t\t\t<\/dt><\/dl><dl class='gallery-item'>\n\t\t\t<dt class='gallery-icon landscape'>\n\t\t\t\t<a href='http:\/\/osnovnaskolamalinskadubasnica.hr\/wp-content\/uploads\/slike-257.jpg' title=\"\" data-rl_title=\"\" class=\"rl-gallery-link\" data-rl_caption=\"\" data-rel=\"lightbox-gallery-2\"><img loading=\"lazy\" decoding=\"async\" width=\"150\" height=\"150\" src=\"http:\/\/osnovnaskolamalinskadubasnica.hr\/wp-content\/uploads\/slike-257-150x150.jpg\" class=\"attachment-thumbnail size-thumbnail\" alt=\"\" \/><\/a>\n\t\t\t<\/dt><\/dl><br style=\"clear: both\" \/>\n\t\t<\/div>\n\n","protected":false},"excerpt":{"rendered":"<p>Bo\u017ei\u0107na priredba, a time i na\u0161 susret u projektu Mlin, (M) malin, Malinska, odr\u017eala se ove godine 18. prosinca u sportskoj dvorani. Naime, prije \u010detiri godine ostvarili smo prvu suradnju, prema zamisli g\u0111e. Barbare Tur\u010di\u0107 &#8211; Gajzler pa je ovogodi\u0161nji &hellip; <a href=\"http:\/\/osnovnaskolamalinskadubasnica.hr\/?p=6677\">Nastavi \u010ditati <span class=\"meta-nav\">&rarr;<\/span><\/a><\/p>\n","protected":false},"author":1,"featured_media":0,"comment_status":"closed","ping_status":"closed","sticky":false,"template":"","format":"standard","meta":{"footnotes":""},"categories":[24,30,47,9],"tags":[49,51,356,50,477,48,543,544],"class_list":["post-6677","post","type-post","status-publish","format-standard","hentry","category-dogadanja","category-projekti","category-svecanosti","category-vijesti","tag-bozic","tag-bozicni-koncert","tag-gpp-mikic","tag-kalendar","tag-osnovna-skola-malinska","tag-priredba","tag-skola-dubasnica","tag-skola-malinska"],"yoast_head":"<!-- This site is optimized with the Yoast SEO plugin v27.5 - https:\/\/yoast.com\/product\/yoast-seo-wordpress\/ -->\n<title>Bo\u017ei\u0107na priredba i predstavljanje Kalendara - Osnovna \u0161kola Malinska-Duba\u0161nica<\/title>\n<meta name=\"robots\" content=\"index, follow, max-snippet:-1, max-image-preview:large, max-video-preview:-1\" \/>\n<link rel=\"canonical\" href=\"http:\/\/osnovnaskolamalinskadubasnica.hr\/?p=6677\" \/>\n<meta property=\"og:locale\" content=\"hr_HR\" \/>\n<meta property=\"og:type\" content=\"article\" \/>\n<meta property=\"og:title\" content=\"Bo\u017ei\u0107na priredba i predstavljanje Kalendara - Osnovna \u0161kola Malinska-Duba\u0161nica\" \/>\n<meta property=\"og:description\" content=\"Bo\u017ei\u0107na priredba, a time i na\u0161 susret u projektu Mlin, (M) malin, Malinska, odr\u017eala se ove godine 18. prosinca u sportskoj dvorani. Naime, prije \u010detiri godine ostvarili smo prvu suradnju, prema zamisli g\u0111e. Barbare Tur\u010di\u0107 &#8211; Gajzler pa je ovogodi\u0161nji &hellip; Nastavi \u010ditati &rarr;\" \/>\n<meta property=\"og:url\" content=\"http:\/\/osnovnaskolamalinskadubasnica.hr\/?p=6677\" \/>\n<meta property=\"og:site_name\" content=\"Osnovna \u0161kola Malinska-Duba\u0161nica\" \/>\n<meta property=\"article:publisher\" content=\"https:\/\/www.facebook.com\/osmalinskadubasnica\/\" \/>\n<meta property=\"article:published_time\" content=\"2015-12-23T18:50:18+00:00\" \/>\n<meta property=\"article:modified_time\" content=\"2017-03-07T23:16:23+00:00\" \/>\n<meta property=\"og:image\" content=\"http:\/\/osnovnaskolamalinskadubasnica.hr\/wp-content\/uploads\/slike-208.jpg\" \/>\n<meta name=\"author\" content=\"O\u0160 Malinska-Duba\u0161nica\" \/>\n<meta name=\"twitter:card\" content=\"summary_large_image\" \/>\n<meta name=\"twitter:label1\" content=\"Napisao\/la\" \/>\n\t<meta name=\"twitter:data1\" content=\"O\u0160 Malinska-Duba\u0161nica\" \/>\n\t<meta name=\"twitter:label2\" content=\"Procijenjeno vrijeme \u010ditanja\" \/>\n\t<meta name=\"twitter:data2\" content=\"2 minute\" \/>\n<script type=\"application\/ld+json\" class=\"yoast-schema-graph\">{\"@context\":\"https:\\\/\\\/schema.org\",\"@graph\":[{\"@type\":\"Article\",\"@id\":\"http:\\\/\\\/osnovnaskolamalinskadubasnica.hr\\\/?p=6677#article\",\"isPartOf\":{\"@id\":\"http:\\\/\\\/osnovnaskolamalinskadubasnica.hr\\\/?p=6677\"},\"author\":{\"name\":\"O\u0160 Malinska-Duba\u0161nica\",\"@id\":\"http:\\\/\\\/osnovnaskolamalinskadubasnica.hr\\\/#\\\/schema\\\/person\\\/ab4ffae0c646af016b083db5e2445e8f\"},\"headline\":\"Bo\u017ei\u0107na priredba i predstavljanje Kalendara\",\"datePublished\":\"2015-12-23T18:50:18+00:00\",\"dateModified\":\"2017-03-07T23:16:23+00:00\",\"mainEntityOfPage\":{\"@id\":\"http:\\\/\\\/osnovnaskolamalinskadubasnica.hr\\\/?p=6677\"},\"wordCount\":371,\"image\":{\"@id\":\"http:\\\/\\\/osnovnaskolamalinskadubasnica.hr\\\/?p=6677#primaryimage\"},\"thumbnailUrl\":\"http:\\\/\\\/osnovnaskolamalinskadubasnica.hr\\\/wp-content\\\/uploads\\\/bk-fg-01.jpg\",\"keywords\":[\"Bo\u017ei\u0107\",\"bo\u017ei\u0107ni koncert\",\"GPP Miki\u0107\",\"kalendar\",\"Osnovna \u0161kola Malinska\",\"priredba\",\"\u0160kola Duba\u0161nica\",\"\u0161kola Malinska\"],\"articleSection\":[\"Doga\u0111anja\",\"Projekti\",\"Sve\u010danosti\",\"Vijesti\"],\"inLanguage\":\"hr\"},{\"@type\":\"WebPage\",\"@id\":\"http:\\\/\\\/osnovnaskolamalinskadubasnica.hr\\\/?p=6677\",\"url\":\"http:\\\/\\\/osnovnaskolamalinskadubasnica.hr\\\/?p=6677\",\"name\":\"Bo\u017ei\u0107na priredba i predstavljanje Kalendara - Osnovna \u0161kola Malinska-Duba\u0161nica\",\"isPartOf\":{\"@id\":\"http:\\\/\\\/osnovnaskolamalinskadubasnica.hr\\\/#website\"},\"primaryImageOfPage\":{\"@id\":\"http:\\\/\\\/osnovnaskolamalinskadubasnica.hr\\\/?p=6677#primaryimage\"},\"image\":{\"@id\":\"http:\\\/\\\/osnovnaskolamalinskadubasnica.hr\\\/?p=6677#primaryimage\"},\"thumbnailUrl\":\"http:\\\/\\\/osnovnaskolamalinskadubasnica.hr\\\/wp-content\\\/uploads\\\/bk-fg-01.jpg\",\"datePublished\":\"2015-12-23T18:50:18+00:00\",\"dateModified\":\"2017-03-07T23:16:23+00:00\",\"author\":{\"@id\":\"http:\\\/\\\/osnovnaskolamalinskadubasnica.hr\\\/#\\\/schema\\\/person\\\/ab4ffae0c646af016b083db5e2445e8f\"},\"breadcrumb\":{\"@id\":\"http:\\\/\\\/osnovnaskolamalinskadubasnica.hr\\\/?p=6677#breadcrumb\"},\"inLanguage\":\"hr\",\"potentialAction\":[{\"@type\":\"ReadAction\",\"target\":[\"http:\\\/\\\/osnovnaskolamalinskadubasnica.hr\\\/?p=6677\"]}]},{\"@type\":\"ImageObject\",\"inLanguage\":\"hr\",\"@id\":\"http:\\\/\\\/osnovnaskolamalinskadubasnica.hr\\\/?p=6677#primaryimage\",\"url\":\"http:\\\/\\\/osnovnaskolamalinskadubasnica.hr\\\/wp-content\\\/uploads\\\/bk-fg-01.jpg\",\"contentUrl\":\"http:\\\/\\\/osnovnaskolamalinskadubasnica.hr\\\/wp-content\\\/uploads\\\/bk-fg-01.jpg\",\"width\":578,\"height\":786},{\"@type\":\"BreadcrumbList\",\"@id\":\"http:\\\/\\\/osnovnaskolamalinskadubasnica.hr\\\/?p=6677#breadcrumb\",\"itemListElement\":[{\"@type\":\"ListItem\",\"position\":1,\"name\":\"Po\u010detna stranica\",\"item\":\"http:\\\/\\\/osnovnaskolamalinskadubasnica.hr\\\/\"},{\"@type\":\"ListItem\",\"position\":2,\"name\":\"Bo\u017ei\u0107na priredba i predstavljanje Kalendara\"}]},{\"@type\":\"WebSite\",\"@id\":\"http:\\\/\\\/osnovnaskolamalinskadubasnica.hr\\\/#website\",\"url\":\"http:\\\/\\\/osnovnaskolamalinskadubasnica.hr\\\/\",\"name\":\"Osnovna \u0161kola Malinska-Duba\u0161nica\",\"description\":\"\",\"potentialAction\":[{\"@type\":\"SearchAction\",\"target\":{\"@type\":\"EntryPoint\",\"urlTemplate\":\"http:\\\/\\\/osnovnaskolamalinskadubasnica.hr\\\/?s={search_term_string}\"},\"query-input\":{\"@type\":\"PropertyValueSpecification\",\"valueRequired\":true,\"valueName\":\"search_term_string\"}}],\"inLanguage\":\"hr\"},{\"@type\":\"Person\",\"@id\":\"http:\\\/\\\/osnovnaskolamalinskadubasnica.hr\\\/#\\\/schema\\\/person\\\/ab4ffae0c646af016b083db5e2445e8f\",\"name\":\"O\u0160 Malinska-Duba\u0161nica\",\"url\":\"http:\\\/\\\/osnovnaskolamalinskadubasnica.hr\\\/?author=1\"}]}<\/script>\n<!-- \/ Yoast SEO plugin. -->","yoast_head_json":{"title":"Bo\u017ei\u0107na priredba i predstavljanje Kalendara - Osnovna \u0161kola Malinska-Duba\u0161nica","robots":{"index":"index","follow":"follow","max-snippet":"max-snippet:-1","max-image-preview":"max-image-preview:large","max-video-preview":"max-video-preview:-1"},"canonical":"http:\/\/osnovnaskolamalinskadubasnica.hr\/?p=6677","og_locale":"hr_HR","og_type":"article","og_title":"Bo\u017ei\u0107na priredba i predstavljanje Kalendara - Osnovna \u0161kola Malinska-Duba\u0161nica","og_description":"Bo\u017ei\u0107na priredba, a time i na\u0161 susret u projektu Mlin, (M) malin, Malinska, odr\u017eala se ove godine 18. prosinca u sportskoj dvorani. Naime, prije \u010detiri godine ostvarili smo prvu suradnju, prema zamisli g\u0111e. Barbare Tur\u010di\u0107 &#8211; Gajzler pa je ovogodi\u0161nji &hellip; Nastavi \u010ditati &rarr;","og_url":"http:\/\/osnovnaskolamalinskadubasnica.hr\/?p=6677","og_site_name":"Osnovna \u0161kola Malinska-Duba\u0161nica","article_publisher":"https:\/\/www.facebook.com\/osmalinskadubasnica\/","article_published_time":"2015-12-23T18:50:18+00:00","article_modified_time":"2017-03-07T23:16:23+00:00","og_image":[{"url":"http:\/\/osnovnaskolamalinskadubasnica.hr\/wp-content\/uploads\/slike-208.jpg","type":"","width":"","height":""}],"author":"O\u0160 Malinska-Duba\u0161nica","twitter_card":"summary_large_image","twitter_misc":{"Napisao\/la":"O\u0160 Malinska-Duba\u0161nica","Procijenjeno vrijeme \u010ditanja":"2 minute"},"schema":{"@context":"https:\/\/schema.org","@graph":[{"@type":"Article","@id":"http:\/\/osnovnaskolamalinskadubasnica.hr\/?p=6677#article","isPartOf":{"@id":"http:\/\/osnovnaskolamalinskadubasnica.hr\/?p=6677"},"author":{"name":"O\u0160 Malinska-Duba\u0161nica","@id":"http:\/\/osnovnaskolamalinskadubasnica.hr\/#\/schema\/person\/ab4ffae0c646af016b083db5e2445e8f"},"headline":"Bo\u017ei\u0107na priredba i predstavljanje Kalendara","datePublished":"2015-12-23T18:50:18+00:00","dateModified":"2017-03-07T23:16:23+00:00","mainEntityOfPage":{"@id":"http:\/\/osnovnaskolamalinskadubasnica.hr\/?p=6677"},"wordCount":371,"image":{"@id":"http:\/\/osnovnaskolamalinskadubasnica.hr\/?p=6677#primaryimage"},"thumbnailUrl":"http:\/\/osnovnaskolamalinskadubasnica.hr\/wp-content\/uploads\/bk-fg-01.jpg","keywords":["Bo\u017ei\u0107","bo\u017ei\u0107ni koncert","GPP Miki\u0107","kalendar","Osnovna \u0161kola Malinska","priredba","\u0160kola Duba\u0161nica","\u0161kola Malinska"],"articleSection":["Doga\u0111anja","Projekti","Sve\u010danosti","Vijesti"],"inLanguage":"hr"},{"@type":"WebPage","@id":"http:\/\/osnovnaskolamalinskadubasnica.hr\/?p=6677","url":"http:\/\/osnovnaskolamalinskadubasnica.hr\/?p=6677","name":"Bo\u017ei\u0107na priredba i predstavljanje Kalendara - Osnovna \u0161kola Malinska-Duba\u0161nica","isPartOf":{"@id":"http:\/\/osnovnaskolamalinskadubasnica.hr\/#website"},"primaryImageOfPage":{"@id":"http:\/\/osnovnaskolamalinskadubasnica.hr\/?p=6677#primaryimage"},"image":{"@id":"http:\/\/osnovnaskolamalinskadubasnica.hr\/?p=6677#primaryimage"},"thumbnailUrl":"http:\/\/osnovnaskolamalinskadubasnica.hr\/wp-content\/uploads\/bk-fg-01.jpg","datePublished":"2015-12-23T18:50:18+00:00","dateModified":"2017-03-07T23:16:23+00:00","author":{"@id":"http:\/\/osnovnaskolamalinskadubasnica.hr\/#\/schema\/person\/ab4ffae0c646af016b083db5e2445e8f"},"breadcrumb":{"@id":"http:\/\/osnovnaskolamalinskadubasnica.hr\/?p=6677#breadcrumb"},"inLanguage":"hr","potentialAction":[{"@type":"ReadAction","target":["http:\/\/osnovnaskolamalinskadubasnica.hr\/?p=6677"]}]},{"@type":"ImageObject","inLanguage":"hr","@id":"http:\/\/osnovnaskolamalinskadubasnica.hr\/?p=6677#primaryimage","url":"http:\/\/osnovnaskolamalinskadubasnica.hr\/wp-content\/uploads\/bk-fg-01.jpg","contentUrl":"http:\/\/osnovnaskolamalinskadubasnica.hr\/wp-content\/uploads\/bk-fg-01.jpg","width":578,"height":786},{"@type":"BreadcrumbList","@id":"http:\/\/osnovnaskolamalinskadubasnica.hr\/?p=6677#breadcrumb","itemListElement":[{"@type":"ListItem","position":1,"name":"Po\u010detna stranica","item":"http:\/\/osnovnaskolamalinskadubasnica.hr\/"},{"@type":"ListItem","position":2,"name":"Bo\u017ei\u0107na priredba i predstavljanje Kalendara"}]},{"@type":"WebSite","@id":"http:\/\/osnovnaskolamalinskadubasnica.hr\/#website","url":"http:\/\/osnovnaskolamalinskadubasnica.hr\/","name":"Osnovna \u0161kola Malinska-Duba\u0161nica","description":"","potentialAction":[{"@type":"SearchAction","target":{"@type":"EntryPoint","urlTemplate":"http:\/\/osnovnaskolamalinskadubasnica.hr\/?s={search_term_string}"},"query-input":{"@type":"PropertyValueSpecification","valueRequired":true,"valueName":"search_term_string"}}],"inLanguage":"hr"},{"@type":"Person","@id":"http:\/\/osnovnaskolamalinskadubasnica.hr\/#\/schema\/person\/ab4ffae0c646af016b083db5e2445e8f","name":"O\u0160 Malinska-Duba\u0161nica","url":"http:\/\/osnovnaskolamalinskadubasnica.hr\/?author=1"}]}},"_links":{"self":[{"href":"http:\/\/osnovnaskolamalinskadubasnica.hr\/index.php?rest_route=\/wp\/v2\/posts\/6677","targetHints":{"allow":["GET"]}}],"collection":[{"href":"http:\/\/osnovnaskolamalinskadubasnica.hr\/index.php?rest_route=\/wp\/v2\/posts"}],"about":[{"href":"http:\/\/osnovnaskolamalinskadubasnica.hr\/index.php?rest_route=\/wp\/v2\/types\/post"}],"author":[{"embeddable":true,"href":"http:\/\/osnovnaskolamalinskadubasnica.hr\/index.php?rest_route=\/wp\/v2\/users\/1"}],"replies":[{"embeddable":true,"href":"http:\/\/osnovnaskolamalinskadubasnica.hr\/index.php?rest_route=%2Fwp%2Fv2%2Fcomments&post=6677"}],"version-history":[{"count":8,"href":"http:\/\/osnovnaskolamalinskadubasnica.hr\/index.php?rest_route=\/wp\/v2\/posts\/6677\/revisions"}],"predecessor-version":[{"id":9603,"href":"http:\/\/osnovnaskolamalinskadubasnica.hr\/index.php?rest_route=\/wp\/v2\/posts\/6677\/revisions\/9603"}],"wp:attachment":[{"href":"http:\/\/osnovnaskolamalinskadubasnica.hr\/index.php?rest_route=%2Fwp%2Fv2%2Fmedia&parent=6677"}],"wp:term":[{"taxonomy":"category","embeddable":true,"href":"http:\/\/osnovnaskolamalinskadubasnica.hr\/index.php?rest_route=%2Fwp%2Fv2%2Fcategories&post=6677"},{"taxonomy":"post_tag","embeddable":true,"href":"http:\/\/osnovnaskolamalinskadubasnica.hr\/index.php?rest_route=%2Fwp%2Fv2%2Ftags&post=6677"}],"curies":[{"name":"wp","href":"https:\/\/api.w.org\/{rel}","templated":true}]}}