{"id":36878,"date":"2026-09-01T17:07:22","date_gmt":"2026-09-01T16:07:22","guid":{"rendered":"https:\/\/osnovnaskolamalinskadubasnica.hr\/?p=36878"},"modified":"2026-09-01T17:07:22","modified_gmt":"2026-09-01T16:07:22","slug":"prvi-nastavni-dan-u-nasoj-skoli-3","status":"publish","type":"post","link":"http:\/\/osnovnaskolamalinskadubasnica.hr\/?p=36878","title":{"rendered":"Prvi nastavni dan u na\u0161oj \u0161koli"},"content":{"rendered":"<p style=\"text-align: justify;\"><span style=\"color: #000000;\"><a href=\"http:\/\/osnovnaskolamalinskadubasnica.hr\/wp-content\/uploads\/prvi-dan-2026-web.jpg\" data-rel=\"lightbox-image-0\" data-rl_title=\"\" data-rl_caption=\"\" title=\"\"><img loading=\"lazy\" decoding=\"async\" class=\"alignleft wp-image-36879\" src=\"http:\/\/osnovnaskolamalinskadubasnica.hr\/wp-content\/uploads\/prvi-dan-2026-web.jpg\" alt=\"\" width=\"272\" height=\"182\" srcset=\"http:\/\/osnovnaskolamalinskadubasnica.hr\/wp-content\/uploads\/prvi-dan-2026-web.jpg 1208w, http:\/\/osnovnaskolamalinskadubasnica.hr\/wp-content\/uploads\/prvi-dan-2026-web-768x513.jpg 768w\" sizes=\"auto, (max-width: 272px) 100vw, 272px\" \/><\/a>Po\u0161tovani roditelji i dragi u\u010denici,<\/span><\/p>\n<p style=\"text-align: justify;\"><span style=\"color: #000000;\">u ponedjeljak 7. rujna 2026. godine zapo\u010dinje nova nastavna godina. U nastavku pro\u010ditajte kako \u0107e izgledati prvi nastavni dan u na\u0161oj \u0161koli.<\/span><\/p>\n<p><em><!--more--><\/em><\/p>\n<p style=\"text-align: justify;\"><span style=\"color: #000000;\">Prvi dan nalazimo se u 7 sati i 30 minuta u \u0161koli na satu razrednog odjeljenja gdje \u0107e u\u010denike do\u010dekati razrednici te im podijeliti ud\u017ebenike i ostali radni materijal. U 9 sati u\u010denici u pratnji svojih u\u010ditelja idu na Svetu misu u \u017eupnoj crkvi Sv. Apolinara, a u\u010denici koji ne idu na katoli\u010dki vjeronauk mogu i\u0107i svojim ku\u0107ama ili pri\u010dekati autobus u \u0161koli. Polazak autobusa iz \u0161kole organiziran je u 9:45 sati. U\u010denici sa sobom moraju ponijeti praznu \u0161kolsku torbu za ud\u017ebenike i radni materijal koji \u0107e dobiti u \u0161koli.<\/span><\/p>\n<p style=\"text-align: justify;\"><span style=\"color: #000000;\">Produ\u017eeni boravak, ru\u010dak i marenda za sve u\u010denike po\u010dinju u utorak 8. rujna 2026.\u00a0<\/span><\/p>\n<p style=\"text-align: justify;\"><strong><span style=\"color: #800000;\">OBAVIJEST ZA PRVA\u0160I\u0106E<\/span><\/strong><\/p>\n<p style=\"text-align: justify;\"><span style=\"color: #000000;\">Prijem prva\u0161i\u0107a odr\u017eat \u0107e se istoga dana u 8 sati u holu \u0161kole. Nakon prozivke, u\u010denici i roditelji zajedno sa svojim u\u010diteljicama odlaze u svoje razrede gdje \u0107e dobiti detaljnije informacije i upute za nastavnu godinu. U\u010denici sa sobom moraju ponijeti praznu \u0161kolsku torbu za ud\u017ebenike i radni materijal koji \u0107e dobiti u \u0161koli. U 9 sati je Sveta misa u \u017eupnoj crkvi Sv. Apolinara na koju odlaze u\u010denici sa svojim roditeljima.<\/span><\/p>\n<p style=\"text-align: justify;\"><span style=\"color: #000000;\">Svim u\u010denicima, roditeljima i djelatnicima \u017eelimo ugodan i sretan prvi dan \u0161kole! Neka svaki dan u novoj \u0161kolskoj godini bude ispunjen trenucima povezanosti, zabave, u\u010denja i optimizma.<\/span><\/p>\n<p><a href=\"http:\/\/osnovnaskolamalinskadubasnica.hr\/wp-content\/uploads\/OS-Malinska-Dubasnica-Impala-Studio-76-scaled.jpg\" data-rel=\"lightbox-image-1\" data-rl_title=\"\" data-rl_caption=\"\" title=\"\"><img loading=\"lazy\" decoding=\"async\" class=\"aligncenter size-full wp-image-36881\" src=\"http:\/\/osnovnaskolamalinskadubasnica.hr\/wp-content\/uploads\/OS-Malinska-Dubasnica-Impala-Studio-76-scaled.jpg\" alt=\"\" width=\"2560\" height=\"1705\" srcset=\"http:\/\/osnovnaskolamalinskadubasnica.hr\/wp-content\/uploads\/OS-Malinska-Dubasnica-Impala-Studio-76-scaled.jpg 2560w, http:\/\/osnovnaskolamalinskadubasnica.hr\/wp-content\/uploads\/OS-Malinska-Dubasnica-Impala-Studio-76-768x512.jpg 768w, http:\/\/osnovnaskolamalinskadubasnica.hr\/wp-content\/uploads\/OS-Malinska-Dubasnica-Impala-Studio-76-1536x1023.jpg 1536w, http:\/\/osnovnaskolamalinskadubasnica.hr\/wp-content\/uploads\/OS-Malinska-Dubasnica-Impala-Studio-76-2048x1364.jpg 2048w\" sizes=\"auto, (max-width: 2560px) 100vw, 2560px\" \/><\/a><\/p>\n","protected":false},"excerpt":{"rendered":"<p>Po\u0161tovani roditelji i dragi u\u010denici, u ponedjeljak 7. rujna 2026. godine zapo\u010dinje nova nastavna godina. U nastavku pro\u010ditajte kako \u0107e izgledati prvi nastavni dan u na\u0161oj \u0161koli.<\/p>\n","protected":false},"author":1,"featured_media":0,"comment_status":"closed","ping_status":"closed","sticky":false,"template":"","format":"standard","meta":{"footnotes":""},"categories":[5,9],"tags":[475],"class_list":["post-36878","post","type-post","status-publish","format-standard","hentry","category-obavijesti","category-vijesti","tag-prvi-dan-skole"],"yoast_head":"<!-- This site is optimized with the Yoast SEO plugin v28.3 - https:\/\/yoast.com\/product\/yoast-seo-wordpress\/ -->\n<title>Prvi nastavni dan u na\u0161oj \u0161koli - Osnovna \u0161kola Malinska-Duba\u0161nica<\/title>\n<meta name=\"robots\" content=\"index, follow, max-snippet:-1, max-image-preview:large, max-video-preview:-1\" \/>\n<link rel=\"canonical\" href=\"https:\/\/osnovnaskolamalinskadubasnica.hr\/?p=36878\" \/>\n<meta property=\"og:locale\" content=\"hr_HR\" \/>\n<meta property=\"og:type\" content=\"article\" \/>\n<meta property=\"og:title\" content=\"Prvi nastavni dan u na\u0161oj \u0161koli - Osnovna \u0161kola Malinska-Duba\u0161nica\" \/>\n<meta property=\"og:description\" content=\"Po\u0161tovani roditelji i dragi u\u010denici, u ponedjeljak 7. rujna 2026. godine zapo\u010dinje nova nastavna godina. U nastavku pro\u010ditajte kako \u0107e izgledati prvi nastavni dan u na\u0161oj \u0161koli.\" \/>\n<meta property=\"og:url\" content=\"https:\/\/osnovnaskolamalinskadubasnica.hr\/?p=36878\" \/>\n<meta property=\"og:site_name\" content=\"Osnovna \u0161kola Malinska-Duba\u0161nica\" \/>\n<meta property=\"article:publisher\" content=\"https:\/\/www.facebook.com\/osmalinskadubasnica\/\" \/>\n<meta property=\"article:published_time\" content=\"2026-09-01T16:07:22+00:00\" \/>\n<meta property=\"og:image\" content=\"http:\/\/osnovnaskolamalinskadubasnica.hr\/wp-content\/uploads\/prvi-dan-2026-fb.jpg\" \/>\n\t<meta property=\"og:image:width\" content=\"2540\" \/>\n\t<meta property=\"og:image:height\" content=\"1471\" \/>\n\t<meta property=\"og:image:type\" content=\"image\/jpeg\" \/>\n<meta name=\"author\" content=\"O\u0160 Malinska-Duba\u0161nica\" \/>\n<meta name=\"twitter:card\" content=\"summary_large_image\" \/>\n<meta name=\"twitter:label1\" content=\"Napisao\/la\" \/>\n\t<meta name=\"twitter:data1\" content=\"O\u0160 Malinska-Duba\u0161nica\" \/>\n\t<meta name=\"twitter:label2\" content=\"Procijenjeno vrijeme \u010ditanja\" \/>\n\t<meta name=\"twitter:data2\" content=\"2 minute\" \/>\n<script type=\"application\/ld+json\" class=\"yoast-schema-graph\">{\"@context\":\"https:\\\/\\\/schema.org\",\"@graph\":[{\"@type\":\"Article\",\"@id\":\"https:\\\/\\\/osnovnaskolamalinskadubasnica.hr\\\/?p=36878#article\",\"isPartOf\":{\"@id\":\"https:\\\/\\\/osnovnaskolamalinskadubasnica.hr\\\/?p=36878\"},\"author\":{\"name\":\"O\u0160 Malinska-Duba\u0161nica\",\"@id\":\"https:\\\/\\\/osnovnaskolamalinskadubasnica.hr\\\/#\\\/schema\\\/person\\\/ab4ffae0c646af016b083db5e2445e8f\"},\"headline\":\"Prvi nastavni dan u na\u0161oj \u0161koli\",\"datePublished\":\"2026-09-01T16:07:22+00:00\",\"mainEntityOfPage\":{\"@id\":\"https:\\\/\\\/osnovnaskolamalinskadubasnica.hr\\\/?p=36878\"},\"wordCount\":263,\"image\":{\"@id\":\"https:\\\/\\\/osnovnaskolamalinskadubasnica.hr\\\/?p=36878#primaryimage\"},\"thumbnailUrl\":\"http:\\\/\\\/osnovnaskolamalinskadubasnica.hr\\\/wp-content\\\/uploads\\\/prvi-dan-2026-web.jpg\",\"keywords\":[\"prvi dan \u0161kole\"],\"articleSection\":[\"Obavijesti\",\"Vijesti\"],\"inLanguage\":\"hr\"},{\"@type\":\"WebPage\",\"@id\":\"https:\\\/\\\/osnovnaskolamalinskadubasnica.hr\\\/?p=36878\",\"url\":\"https:\\\/\\\/osnovnaskolamalinskadubasnica.hr\\\/?p=36878\",\"name\":\"Prvi nastavni dan u na\u0161oj \u0161koli - Osnovna \u0161kola Malinska-Duba\u0161nica\",\"isPartOf\":{\"@id\":\"https:\\\/\\\/osnovnaskolamalinskadubasnica.hr\\\/#website\"},\"primaryImageOfPage\":{\"@id\":\"https:\\\/\\\/osnovnaskolamalinskadubasnica.hr\\\/?p=36878#primaryimage\"},\"image\":{\"@id\":\"https:\\\/\\\/osnovnaskolamalinskadubasnica.hr\\\/?p=36878#primaryimage\"},\"thumbnailUrl\":\"http:\\\/\\\/osnovnaskolamalinskadubasnica.hr\\\/wp-content\\\/uploads\\\/prvi-dan-2026-web.jpg\",\"datePublished\":\"2026-09-01T16:07:22+00:00\",\"author\":{\"@id\":\"https:\\\/\\\/osnovnaskolamalinskadubasnica.hr\\\/#\\\/schema\\\/person\\\/ab4ffae0c646af016b083db5e2445e8f\"},\"breadcrumb\":{\"@id\":\"https:\\\/\\\/osnovnaskolamalinskadubasnica.hr\\\/?p=36878#breadcrumb\"},\"inLanguage\":\"hr\",\"potentialAction\":[{\"@type\":\"ReadAction\",\"target\":[\"https:\\\/\\\/osnovnaskolamalinskadubasnica.hr\\\/?p=36878\"]}]},{\"@type\":\"ImageObject\",\"inLanguage\":\"hr\",\"@id\":\"https:\\\/\\\/osnovnaskolamalinskadubasnica.hr\\\/?p=36878#primaryimage\",\"url\":\"http:\\\/\\\/osnovnaskolamalinskadubasnica.hr\\\/wp-content\\\/uploads\\\/prvi-dan-2026-web.jpg\",\"contentUrl\":\"http:\\\/\\\/osnovnaskolamalinskadubasnica.hr\\\/wp-content\\\/uploads\\\/prvi-dan-2026-web.jpg\"},{\"@type\":\"BreadcrumbList\",\"@id\":\"https:\\\/\\\/osnovnaskolamalinskadubasnica.hr\\\/?p=36878#breadcrumb\",\"itemListElement\":[{\"@type\":\"ListItem\",\"position\":1,\"name\":\"Po\u010detna stranica\",\"item\":\"https:\\\/\\\/osnovnaskolamalinskadubasnica.hr\\\/\"},{\"@type\":\"ListItem\",\"position\":2,\"name\":\"Prvi nastavni dan u na\u0161oj \u0161koli\"}]},{\"@type\":\"WebSite\",\"@id\":\"https:\\\/\\\/osnovnaskolamalinskadubasnica.hr\\\/#website\",\"url\":\"https:\\\/\\\/osnovnaskolamalinskadubasnica.hr\\\/\",\"name\":\"Osnovna \u0161kola Malinska-Duba\u0161nica\",\"description\":\"\",\"potentialAction\":[{\"@type\":\"SearchAction\",\"target\":{\"@type\":\"EntryPoint\",\"urlTemplate\":\"https:\\\/\\\/osnovnaskolamalinskadubasnica.hr\\\/?s={search_term_string}\"},\"query-input\":{\"@type\":\"PropertyValueSpecification\",\"valueRequired\":true,\"valueName\":\"search_term_string\"}}],\"inLanguage\":\"hr\"},{\"@type\":\"Person\",\"@id\":\"https:\\\/\\\/osnovnaskolamalinskadubasnica.hr\\\/#\\\/schema\\\/person\\\/ab4ffae0c646af016b083db5e2445e8f\",\"name\":\"O\u0160 Malinska-Duba\u0161nica\",\"url\":\"http:\\\/\\\/osnovnaskolamalinskadubasnica.hr\\\/?author=1\"}]}<\/script>\n<!-- \/ Yoast SEO plugin. -->","yoast_head_json":{"title":"Prvi nastavni dan u na\u0161oj \u0161koli - Osnovna \u0161kola Malinska-Duba\u0161nica","robots":{"index":"index","follow":"follow","max-snippet":"max-snippet:-1","max-image-preview":"max-image-preview:large","max-video-preview":"max-video-preview:-1"},"canonical":"https:\/\/osnovnaskolamalinskadubasnica.hr\/?p=36878","og_locale":"hr_HR","og_type":"article","og_title":"Prvi nastavni dan u na\u0161oj \u0161koli - Osnovna \u0161kola Malinska-Duba\u0161nica","og_description":"Po\u0161tovani roditelji i dragi u\u010denici, u ponedjeljak 7. rujna 2026. godine zapo\u010dinje nova nastavna godina. U nastavku pro\u010ditajte kako \u0107e izgledati prvi nastavni dan u na\u0161oj \u0161koli.","og_url":"https:\/\/osnovnaskolamalinskadubasnica.hr\/?p=36878","og_site_name":"Osnovna \u0161kola Malinska-Duba\u0161nica","article_publisher":"https:\/\/www.facebook.com\/osmalinskadubasnica\/","article_published_time":"2026-09-01T16:07:22+00:00","og_image":[{"width":2540,"height":1471,"url":"http:\/\/osnovnaskolamalinskadubasnica.hr\/wp-content\/uploads\/prvi-dan-2026-fb.jpg","type":"image\/jpeg"}],"author":"O\u0160 Malinska-Duba\u0161nica","twitter_card":"summary_large_image","twitter_misc":{"Napisao\/la":"O\u0160 Malinska-Duba\u0161nica","Procijenjeno vrijeme \u010ditanja":"2 minute"},"schema":{"@context":"https:\/\/schema.org","@graph":[{"@type":"Article","@id":"https:\/\/osnovnaskolamalinskadubasnica.hr\/?p=36878#article","isPartOf":{"@id":"https:\/\/osnovnaskolamalinskadubasnica.hr\/?p=36878"},"author":{"name":"O\u0160 Malinska-Duba\u0161nica","@id":"https:\/\/osnovnaskolamalinskadubasnica.hr\/#\/schema\/person\/ab4ffae0c646af016b083db5e2445e8f"},"headline":"Prvi nastavni dan u na\u0161oj \u0161koli","datePublished":"2026-09-01T16:07:22+00:00","mainEntityOfPage":{"@id":"https:\/\/osnovnaskolamalinskadubasnica.hr\/?p=36878"},"wordCount":263,"image":{"@id":"https:\/\/osnovnaskolamalinskadubasnica.hr\/?p=36878#primaryimage"},"thumbnailUrl":"http:\/\/osnovnaskolamalinskadubasnica.hr\/wp-content\/uploads\/prvi-dan-2026-web.jpg","keywords":["prvi dan \u0161kole"],"articleSection":["Obavijesti","Vijesti"],"inLanguage":"hr"},{"@type":"WebPage","@id":"https:\/\/osnovnaskolamalinskadubasnica.hr\/?p=36878","url":"https:\/\/osnovnaskolamalinskadubasnica.hr\/?p=36878","name":"Prvi nastavni dan u na\u0161oj \u0161koli - Osnovna \u0161kola Malinska-Duba\u0161nica","isPartOf":{"@id":"https:\/\/osnovnaskolamalinskadubasnica.hr\/#website"},"primaryImageOfPage":{"@id":"https:\/\/osnovnaskolamalinskadubasnica.hr\/?p=36878#primaryimage"},"image":{"@id":"https:\/\/osnovnaskolamalinskadubasnica.hr\/?p=36878#primaryimage"},"thumbnailUrl":"http:\/\/osnovnaskolamalinskadubasnica.hr\/wp-content\/uploads\/prvi-dan-2026-web.jpg","datePublished":"2026-09-01T16:07:22+00:00","author":{"@id":"https:\/\/osnovnaskolamalinskadubasnica.hr\/#\/schema\/person\/ab4ffae0c646af016b083db5e2445e8f"},"breadcrumb":{"@id":"https:\/\/osnovnaskolamalinskadubasnica.hr\/?p=36878#breadcrumb"},"inLanguage":"hr","potentialAction":[{"@type":"ReadAction","target":["https:\/\/osnovnaskolamalinskadubasnica.hr\/?p=36878"]}]},{"@type":"ImageObject","inLanguage":"hr","@id":"https:\/\/osnovnaskolamalinskadubasnica.hr\/?p=36878#primaryimage","url":"http:\/\/osnovnaskolamalinskadubasnica.hr\/wp-content\/uploads\/prvi-dan-2026-web.jpg","contentUrl":"http:\/\/osnovnaskolamalinskadubasnica.hr\/wp-content\/uploads\/prvi-dan-2026-web.jpg"},{"@type":"BreadcrumbList","@id":"https:\/\/osnovnaskolamalinskadubasnica.hr\/?p=36878#breadcrumb","itemListElement":[{"@type":"ListItem","position":1,"name":"Po\u010detna stranica","item":"https:\/\/osnovnaskolamalinskadubasnica.hr\/"},{"@type":"ListItem","position":2,"name":"Prvi nastavni dan u na\u0161oj \u0161koli"}]},{"@type":"WebSite","@id":"https:\/\/osnovnaskolamalinskadubasnica.hr\/#website","url":"https:\/\/osnovnaskolamalinskadubasnica.hr\/","name":"Osnovna \u0161kola Malinska-Duba\u0161nica","description":"","potentialAction":[{"@type":"SearchAction","target":{"@type":"EntryPoint","urlTemplate":"https:\/\/osnovnaskolamalinskadubasnica.hr\/?s={search_term_string}"},"query-input":{"@type":"PropertyValueSpecification","valueRequired":true,"valueName":"search_term_string"}}],"inLanguage":"hr"},{"@type":"Person","@id":"https:\/\/osnovnaskolamalinskadubasnica.hr\/#\/schema\/person\/ab4ffae0c646af016b083db5e2445e8f","name":"O\u0160 Malinska-Duba\u0161nica","url":"http:\/\/osnovnaskolamalinskadubasnica.hr\/?author=1"}]}},"_links":{"self":[{"href":"http:\/\/osnovnaskolamalinskadubasnica.hr\/index.php?rest_route=\/wp\/v2\/posts\/36878","targetHints":{"allow":["GET"]}}],"collection":[{"href":"http:\/\/osnovnaskolamalinskadubasnica.hr\/index.php?rest_route=\/wp\/v2\/posts"}],"about":[{"href":"http:\/\/osnovnaskolamalinskadubasnica.hr\/index.php?rest_route=\/wp\/v2\/types\/post"}],"author":[{"embeddable":true,"href":"http:\/\/osnovnaskolamalinskadubasnica.hr\/index.php?rest_route=\/wp\/v2\/users\/1"}],"replies":[{"embeddable":true,"href":"http:\/\/osnovnaskolamalinskadubasnica.hr\/index.php?rest_route=%2Fwp%2Fv2%2Fcomments&post=36878"}],"version-history":[{"count":1,"href":"http:\/\/osnovnaskolamalinskadubasnica.hr\/index.php?rest_route=\/wp\/v2\/posts\/36878\/revisions"}],"predecessor-version":[{"id":36883,"href":"http:\/\/osnovnaskolamalinskadubasnica.hr\/index.php?rest_route=\/wp\/v2\/posts\/36878\/revisions\/36883"}],"wp:attachment":[{"href":"http:\/\/osnovnaskolamalinskadubasnica.hr\/index.php?rest_route=%2Fwp%2Fv2%2Fmedia&parent=36878"}],"wp:term":[{"taxonomy":"category","embeddable":true,"href":"http:\/\/osnovnaskolamalinskadubasnica.hr\/index.php?rest_route=%2Fwp%2Fv2%2Fcategories&post=36878"},{"taxonomy":"post_tag","embeddable":true,"href":"http:\/\/osnovnaskolamalinskadubasnica.hr\/index.php?rest_route=%2Fwp%2Fv2%2Ftags&post=36878"}],"curies":[{"name":"wp","href":"https:\/\/api.w.org\/{rel}","templated":true}]}}