{"id":31640,"date":"2025-02-22T00:15:20","date_gmt":"2025-02-21T23:15:20","guid":{"rendered":"https:\/\/osnovnaskolamalinskadubasnica.hr\/?p=31640"},"modified":"2025-02-22T09:21:45","modified_gmt":"2025-02-22T08:21:45","slug":"dan-hrvatske-glagoljice-i-glagoljastva-2","status":"publish","type":"post","link":"http:\/\/osnovnaskolamalinskadubasnica.hr\/?p=31640","title":{"rendered":"Dan hrvatske glagoljice i glagolja\u0161tva"},"content":{"rendered":"<p style=\"text-align: justify;\"><span style=\"color: #000000;\"><a href=\"http:\/\/osnovnaskolamalinskadubasnica.hr\/wp-content\/uploads\/dan-glagoljice-web.jpg\" data-rel=\"lightbox-image-0\" data-rl_title=\"\" data-rl_caption=\"\" title=\"\"><img loading=\"lazy\" decoding=\"async\" class=\"alignleft wp-image-31641\" src=\"http:\/\/osnovnaskolamalinskadubasnica.hr\/wp-content\/uploads\/dan-glagoljice-web.jpg\" alt=\"\" width=\"272\" height=\"197\" srcset=\"http:\/\/osnovnaskolamalinskadubasnica.hr\/wp-content\/uploads\/dan-glagoljice-web.jpg 1081w, http:\/\/osnovnaskolamalinskadubasnica.hr\/wp-content\/uploads\/dan-glagoljice-web-768x556.jpg 768w\" sizes=\"auto, (max-width: 272px) 100vw, 272px\" \/><\/a>Zbog va\u017enosti glagoljice u hrvatskoj kulturi i povijesti godine 2014. umije\u0107e \u010ditanja, pisanja i tiskanja glagoljice progla\u0161eno je nematerijalnim kulturnim dobrom, a godine 2019. Hrvatski sabor dan 22. velja\u010de proglasio je\u00a0Danom hrvatske glagoljice i glagolja\u0161tva.<\/span><\/p>\n<p style=\"text-align: justify;\"><em><!--more--><\/em><span style=\"color: #000000;\">Progla\u0161enje tog dana inicirao je Institut za hrvatski jezik i jezikoslovlje, koji je 22. velja\u010de odabrao kao spomen na dan kada je 1483. godine tiskana prva hrvatska knjiga \u2013 <em><strong>\u201eMisal po zakonu rimskoga dvora&#8221;<\/strong><\/em>.<\/span><\/p>\n<p style=\"text-align: justify;\"><a href=\"http:\/\/osnovnaskolamalinskadubasnica.hr\/wp-content\/uploads\/Bascanska_ploca___by_Muha_cro.jpg\" data-rel=\"lightbox-image-1\" data-rl_title=\"\" data-rl_caption=\"\" title=\"\"><img loading=\"lazy\" decoding=\"async\" class=\"aligncenter size-full wp-image-31642\" src=\"http:\/\/osnovnaskolamalinskadubasnica.hr\/wp-content\/uploads\/Bascanska_ploca___by_Muha_cro.jpg\" alt=\"\" width=\"869\" height=\"547\" srcset=\"http:\/\/osnovnaskolamalinskadubasnica.hr\/wp-content\/uploads\/Bascanska_ploca___by_Muha_cro.jpg 869w, http:\/\/osnovnaskolamalinskadubasnica.hr\/wp-content\/uploads\/Bascanska_ploca___by_Muha_cro-768x483.jpg 768w\" sizes=\"auto, (max-width: 869px) 100vw, 869px\" \/><\/a><span style=\"color: #000000;\">Najstariji hrvatski epigrafski spomenici i tisu\u0107e stranica najvrjednijih knjiga i dokumenata, ispisanih glagoljicom, svjedo\u010de o dugovje\u010dnosti i kontinuiranom razvoju hrvatske kulture, koja je to pismo ne samo prigrlila nego ga i od 13. stolje\u0107a oblikovala u novi, vlastiti sustav poznat kao uglata ili hrvatska glagoljica.<\/span><\/p>\n<p style=\"text-align: justify;\"><span style=\"color: #000000;\">Hrvatska glagoljica kroz stolje\u0107a je postala jedan od sto\u00ad\u017eernih simbola na\u0161ega kulturnog identiteta. Put je do takva statusa uglate glagoljice vodio preko vrijed\u00adnih ruku klesara, umornih o\u010diju pisara, zauzetosti popova glagolja\u0161a, vje\u0161tine na\u0161ih najstarijih majstora tiska, predanosti znanstvenika, kreativnosti i vizije pojedinaca u kulturnim industrijama.<\/span><\/p>\n<p style=\"text-align: justify;\"><a href=\"http:\/\/osnovnaskolamalinskadubasnica.hr\/wp-content\/uploads\/glagoljica-01.jpg\" data-rel=\"lightbox-image-2\" data-rl_title=\"\" data-rl_caption=\"\" title=\"\"><img loading=\"lazy\" decoding=\"async\" class=\"aligncenter size-full wp-image-31643\" src=\"http:\/\/osnovnaskolamalinskadubasnica.hr\/wp-content\/uploads\/glagoljica-01.jpg\" alt=\"\" width=\"1460\" height=\"963\" srcset=\"http:\/\/osnovnaskolamalinskadubasnica.hr\/wp-content\/uploads\/glagoljica-01.jpg 1460w, http:\/\/osnovnaskolamalinskadubasnica.hr\/wp-content\/uploads\/glagoljica-01-768x507.jpg 768w\" sizes=\"auto, (max-width: 1460px) 100vw, 1460px\" \/><\/a><span style=\"color: #000000;\">U dru\u0161tvenoj je povijesti glagolja\u0161tvo imalo prosvjetiteljsku ulogu te ulogu njegovanja i o\u010duvanja hrvatskoga identiteta. Glagolja\u0161i su prevodili, prepisivali i prenosili latinske tekstove srednjovjekovne Europe na jeziku koji je narod razumio. Bili su i nositelji i branitelji hrvatskoga identiteta u stolje\u0107ima romanskih, osmanlijskih, germanskih i ugarskih ugro\u017eavanja hrvatskih prostora.<\/span><\/p>\n<p style=\"text-align: justify;\"><a href=\"http:\/\/osnovnaskolamalinskadubasnica.hr\/wp-content\/uploads\/glagoljica-02.jpg\" data-rel=\"lightbox-image-3\" data-rl_title=\"\" data-rl_caption=\"\" title=\"\"><img loading=\"lazy\" decoding=\"async\" class=\"aligncenter size-full wp-image-31644\" src=\"http:\/\/osnovnaskolamalinskadubasnica.hr\/wp-content\/uploads\/glagoljica-02.jpg\" alt=\"\" width=\"1460\" height=\"874\" srcset=\"http:\/\/osnovnaskolamalinskadubasnica.hr\/wp-content\/uploads\/glagoljica-02.jpg 1460w, http:\/\/osnovnaskolamalinskadubasnica.hr\/wp-content\/uploads\/glagoljica-02-768x460.jpg 768w\" sizes=\"auto, (max-width: 1460px) 100vw, 1460px\" \/><\/a><span style=\"color: #000000;\">U kulturnoj povijesti valja istaknuti \u010dinjenicu da je hrvatska pisana kultura nezamisliva bez glagoljskih spomenika na kamenu, pergameni i papiru. Pritom je znakovito da su glagolja\u0161i uveli Hrvate u Gutenbergovu galaksiju &#8211; galaksiju tiska.<\/span><\/p>\n<p style=\"text-align: justify;\"><span style=\"color: #000000;\">Hrvati su po\u010deli pisati glagoljicom u drugoj polovici 9. stolje\u0107a. Iako krajem 19. stolje\u0107a gubi svoj aktivni status, glagoljica nastavlja \u017eivjeti svoj \u017eivot nakon \u017eivota i danas. Godine 1902. u Krku, biskup <em>Antun Mahni\u0107<\/em> osnovao je <strong>Staroslavensku akademiju<\/strong>. Sjedi\u0161te \u0107e joj kasnije biti preneseno u Zagreb, gdje je pripojena Katoli\u010dkom bogoslovnom fakultetu kao njegov Staroslavenski odsjek, koji \u0107e se pred Drugi svjetski rat ugasiti. Nakon rata Svetozar Ritig 1948. g. obnavlja rad Staroslavenske akademije u Zagrebu, a odlukom dr\u017eavnih vlasti 1952. prerasta u Staroslavenski institut, koji je do danas sredi\u0161nja ustanova za istra\u017eivanje hrvatskoga glagolja\u0161tva.<\/span><\/p>\n<p style=\"text-align: justify;\"><span style=\"color: #000000;\">Danas je glagoljica simbol hrvatskoga nacionalnog identiteta, ima va\u017eno mjesto\u00a0 u kulturi, umjetnosti i dizajnu te slu\u017ei kao nadahnu\u0107e mnogim umjetnicima. Ona je i predmet znanstvenoga istra\u017eivanja, a svoje mjesto ima i u obrazovnome sustavu.<\/span><\/p>\n<p style=\"text-align: justify;\"><span style=\"color: #000000;\">Sve male i velike \u010ditatelje koji ovaj poseban dan posve\u0107en hrvatskoj glagoljici, dragulju hrvatske povijesti i kulture, \u017eele obilje\u017eiti\u00a0 na pou\u010dan i zabavan na\u010din pozivamo da na stranicama Staroslavenskog instituta odigraju <\/span><a href=\"https:\/\/stin.hr\/obrazovne-igre\/\" target=\"_blank\" rel=\"noopener\">Obrazovne igre o glagoljici<\/a><span style=\"color: #000000;\"> &#8211; prona\u0107i \u0107ete \u010dak trinaest zanimljivih igara koje \u0107e vas odvesti u tajanstveni svijet glagoljice.<\/span><\/p>\n<p><iframe loading=\"lazy\" title=\"YouTube video player\" src=\"https:\/\/www.youtube.com\/embed\/E7YHUeLxRv4?si=glKlLCBilHWFHgO2\" width=\"640\" height=\"360\" frameborder=\"0\" allowfullscreen=\"allowfullscreen\"><span style=\"display: inline-block; width: 0px; overflow: hidden; line-height: 0;\" data-mce-type=\"bookmark\" class=\"mce_SELRES_start\">\ufeff<\/span><\/iframe><\/p>\n","protected":false},"excerpt":{"rendered":"<p>Zbog va\u017enosti glagoljice u hrvatskoj kulturi i povijesti godine 2014. umije\u0107e \u010ditanja, pisanja i tiskanja glagoljice progla\u0161eno je nematerijalnim kulturnim dobrom, a godine 2019. Hrvatski sabor dan 22. velja\u010de proglasio je\u00a0Danom hrvatske glagoljice i glagolja\u0161tva.<\/p>\n","protected":false},"author":1,"featured_media":0,"comment_status":"closed","ping_status":"closed","sticky":false,"template":"","format":"standard","meta":{"footnotes":""},"categories":[9,102],"tags":[1488,179],"class_list":["post-31640","post","type-post","status-publish","format-standard","hentry","category-vijesti","category-zanimljivosti-2","tag-dan-hrvatske-glagoljice","tag-glagoljica"],"yoast_head":"<!-- This site is optimized with the Yoast SEO plugin v27.4 - https:\/\/yoast.com\/product\/yoast-seo-wordpress\/ -->\n<title>Dan hrvatske glagoljice i glagolja\u0161tva - Osnovna \u0161kola Malinska-Duba\u0161nica<\/title>\n<meta name=\"robots\" content=\"index, follow, max-snippet:-1, max-image-preview:large, max-video-preview:-1\" \/>\n<link rel=\"canonical\" href=\"https:\/\/osnovnaskolamalinskadubasnica.hr\/?p=31640\" \/>\n<meta property=\"og:locale\" content=\"hr_HR\" \/>\n<meta property=\"og:type\" content=\"article\" \/>\n<meta property=\"og:title\" content=\"Dan hrvatske glagoljice i glagolja\u0161tva - Osnovna \u0161kola Malinska-Duba\u0161nica\" \/>\n<meta property=\"og:description\" content=\"Zbog va\u017enosti glagoljice u hrvatskoj kulturi i povijesti godine 2014. umije\u0107e \u010ditanja, pisanja i tiskanja glagoljice progla\u0161eno je nematerijalnim kulturnim dobrom, a godine 2019. Hrvatski sabor dan 22. velja\u010de proglasio je\u00a0Danom hrvatske glagoljice i glagolja\u0161tva.\" \/>\n<meta property=\"og:url\" content=\"https:\/\/osnovnaskolamalinskadubasnica.hr\/?p=31640\" \/>\n<meta property=\"og:site_name\" content=\"Osnovna \u0161kola Malinska-Duba\u0161nica\" \/>\n<meta property=\"article:publisher\" content=\"https:\/\/www.facebook.com\/osmalinskadubasnica\/\" \/>\n<meta property=\"article:published_time\" content=\"2025-02-21T23:15:20+00:00\" \/>\n<meta property=\"article:modified_time\" content=\"2025-02-22T08:21:45+00:00\" \/>\n<meta property=\"og:image\" content=\"https:\/\/osnovnaskolamalinskadubasnica.hr\/wp-content\/uploads\/11_poklonstvo_glagoljici.jpg\" \/>\n\t<meta property=\"og:image:width\" content=\"849\" \/>\n\t<meta property=\"og:image:height\" content=\"528\" \/>\n\t<meta property=\"og:image:type\" content=\"image\/jpeg\" \/>\n<meta name=\"author\" content=\"O\u0160 Malinska-Duba\u0161nica\" \/>\n<meta name=\"twitter:card\" content=\"summary_large_image\" \/>\n<meta name=\"twitter:label1\" content=\"Napisao\/la\" \/>\n\t<meta name=\"twitter:data1\" content=\"O\u0160 Malinska-Duba\u0161nica\" \/>\n\t<meta name=\"twitter:label2\" content=\"Procijenjeno vrijeme \u010ditanja\" \/>\n\t<meta name=\"twitter:data2\" content=\"4 minute\" \/>\n<script type=\"application\/ld+json\" class=\"yoast-schema-graph\">{\"@context\":\"https:\\\/\\\/schema.org\",\"@graph\":[{\"@type\":\"Article\",\"@id\":\"https:\\\/\\\/osnovnaskolamalinskadubasnica.hr\\\/?p=31640#article\",\"isPartOf\":{\"@id\":\"https:\\\/\\\/osnovnaskolamalinskadubasnica.hr\\\/?p=31640\"},\"author\":{\"name\":\"O\u0160 Malinska-Duba\u0161nica\",\"@id\":\"http:\\\/\\\/osnovnaskolamalinskadubasnica.hr\\\/#\\\/schema\\\/person\\\/ab4ffae0c646af016b083db5e2445e8f\"},\"headline\":\"Dan hrvatske glagoljice i glagolja\u0161tva\",\"datePublished\":\"2025-02-21T23:15:20+00:00\",\"dateModified\":\"2025-02-22T08:21:45+00:00\",\"mainEntityOfPage\":{\"@id\":\"https:\\\/\\\/osnovnaskolamalinskadubasnica.hr\\\/?p=31640\"},\"wordCount\":461,\"image\":{\"@id\":\"https:\\\/\\\/osnovnaskolamalinskadubasnica.hr\\\/?p=31640#primaryimage\"},\"thumbnailUrl\":\"http:\\\/\\\/osnovnaskolamalinskadubasnica.hr\\\/wp-content\\\/uploads\\\/dan-glagoljice-web.jpg\",\"keywords\":[\"Dan hrvatske glagoljice\",\"glagoljica\"],\"articleSection\":[\"Vijesti\",\"Zanimljivosti\"],\"inLanguage\":\"hr\"},{\"@type\":\"WebPage\",\"@id\":\"https:\\\/\\\/osnovnaskolamalinskadubasnica.hr\\\/?p=31640\",\"url\":\"https:\\\/\\\/osnovnaskolamalinskadubasnica.hr\\\/?p=31640\",\"name\":\"Dan hrvatske glagoljice i glagolja\u0161tva - Osnovna \u0161kola Malinska-Duba\u0161nica\",\"isPartOf\":{\"@id\":\"http:\\\/\\\/osnovnaskolamalinskadubasnica.hr\\\/#website\"},\"primaryImageOfPage\":{\"@id\":\"https:\\\/\\\/osnovnaskolamalinskadubasnica.hr\\\/?p=31640#primaryimage\"},\"image\":{\"@id\":\"https:\\\/\\\/osnovnaskolamalinskadubasnica.hr\\\/?p=31640#primaryimage\"},\"thumbnailUrl\":\"http:\\\/\\\/osnovnaskolamalinskadubasnica.hr\\\/wp-content\\\/uploads\\\/dan-glagoljice-web.jpg\",\"datePublished\":\"2025-02-21T23:15:20+00:00\",\"dateModified\":\"2025-02-22T08:21:45+00:00\",\"author\":{\"@id\":\"http:\\\/\\\/osnovnaskolamalinskadubasnica.hr\\\/#\\\/schema\\\/person\\\/ab4ffae0c646af016b083db5e2445e8f\"},\"breadcrumb\":{\"@id\":\"https:\\\/\\\/osnovnaskolamalinskadubasnica.hr\\\/?p=31640#breadcrumb\"},\"inLanguage\":\"hr\",\"potentialAction\":[{\"@type\":\"ReadAction\",\"target\":[\"https:\\\/\\\/osnovnaskolamalinskadubasnica.hr\\\/?p=31640\"]}]},{\"@type\":\"ImageObject\",\"inLanguage\":\"hr\",\"@id\":\"https:\\\/\\\/osnovnaskolamalinskadubasnica.hr\\\/?p=31640#primaryimage\",\"url\":\"http:\\\/\\\/osnovnaskolamalinskadubasnica.hr\\\/wp-content\\\/uploads\\\/dan-glagoljice-web.jpg\",\"contentUrl\":\"http:\\\/\\\/osnovnaskolamalinskadubasnica.hr\\\/wp-content\\\/uploads\\\/dan-glagoljice-web.jpg\"},{\"@type\":\"BreadcrumbList\",\"@id\":\"https:\\\/\\\/osnovnaskolamalinskadubasnica.hr\\\/?p=31640#breadcrumb\",\"itemListElement\":[{\"@type\":\"ListItem\",\"position\":1,\"name\":\"Po\u010detna stranica\",\"item\":\"http:\\\/\\\/osnovnaskolamalinskadubasnica.hr\\\/\"},{\"@type\":\"ListItem\",\"position\":2,\"name\":\"Dan hrvatske glagoljice i glagolja\u0161tva\"}]},{\"@type\":\"WebSite\",\"@id\":\"http:\\\/\\\/osnovnaskolamalinskadubasnica.hr\\\/#website\",\"url\":\"http:\\\/\\\/osnovnaskolamalinskadubasnica.hr\\\/\",\"name\":\"Osnovna \u0161kola Malinska-Duba\u0161nica\",\"description\":\"\",\"potentialAction\":[{\"@type\":\"SearchAction\",\"target\":{\"@type\":\"EntryPoint\",\"urlTemplate\":\"http:\\\/\\\/osnovnaskolamalinskadubasnica.hr\\\/?s={search_term_string}\"},\"query-input\":{\"@type\":\"PropertyValueSpecification\",\"valueRequired\":true,\"valueName\":\"search_term_string\"}}],\"inLanguage\":\"hr\"},{\"@type\":\"Person\",\"@id\":\"http:\\\/\\\/osnovnaskolamalinskadubasnica.hr\\\/#\\\/schema\\\/person\\\/ab4ffae0c646af016b083db5e2445e8f\",\"name\":\"O\u0160 Malinska-Duba\u0161nica\",\"url\":\"http:\\\/\\\/osnovnaskolamalinskadubasnica.hr\\\/?author=1\"}]}<\/script>\n<!-- \/ Yoast SEO plugin. -->","yoast_head_json":{"title":"Dan hrvatske glagoljice i glagolja\u0161tva - Osnovna \u0161kola Malinska-Duba\u0161nica","robots":{"index":"index","follow":"follow","max-snippet":"max-snippet:-1","max-image-preview":"max-image-preview:large","max-video-preview":"max-video-preview:-1"},"canonical":"https:\/\/osnovnaskolamalinskadubasnica.hr\/?p=31640","og_locale":"hr_HR","og_type":"article","og_title":"Dan hrvatske glagoljice i glagolja\u0161tva - Osnovna \u0161kola Malinska-Duba\u0161nica","og_description":"Zbog va\u017enosti glagoljice u hrvatskoj kulturi i povijesti godine 2014. umije\u0107e \u010ditanja, pisanja i tiskanja glagoljice progla\u0161eno je nematerijalnim kulturnim dobrom, a godine 2019. Hrvatski sabor dan 22. velja\u010de proglasio je\u00a0Danom hrvatske glagoljice i glagolja\u0161tva.","og_url":"https:\/\/osnovnaskolamalinskadubasnica.hr\/?p=31640","og_site_name":"Osnovna \u0161kola Malinska-Duba\u0161nica","article_publisher":"https:\/\/www.facebook.com\/osmalinskadubasnica\/","article_published_time":"2025-02-21T23:15:20+00:00","article_modified_time":"2025-02-22T08:21:45+00:00","og_image":[{"width":849,"height":528,"url":"https:\/\/osnovnaskolamalinskadubasnica.hr\/wp-content\/uploads\/11_poklonstvo_glagoljici.jpg","type":"image\/jpeg"}],"author":"O\u0160 Malinska-Duba\u0161nica","twitter_card":"summary_large_image","twitter_misc":{"Napisao\/la":"O\u0160 Malinska-Duba\u0161nica","Procijenjeno vrijeme \u010ditanja":"4 minute"},"schema":{"@context":"https:\/\/schema.org","@graph":[{"@type":"Article","@id":"https:\/\/osnovnaskolamalinskadubasnica.hr\/?p=31640#article","isPartOf":{"@id":"https:\/\/osnovnaskolamalinskadubasnica.hr\/?p=31640"},"author":{"name":"O\u0160 Malinska-Duba\u0161nica","@id":"http:\/\/osnovnaskolamalinskadubasnica.hr\/#\/schema\/person\/ab4ffae0c646af016b083db5e2445e8f"},"headline":"Dan hrvatske glagoljice i glagolja\u0161tva","datePublished":"2025-02-21T23:15:20+00:00","dateModified":"2025-02-22T08:21:45+00:00","mainEntityOfPage":{"@id":"https:\/\/osnovnaskolamalinskadubasnica.hr\/?p=31640"},"wordCount":461,"image":{"@id":"https:\/\/osnovnaskolamalinskadubasnica.hr\/?p=31640#primaryimage"},"thumbnailUrl":"http:\/\/osnovnaskolamalinskadubasnica.hr\/wp-content\/uploads\/dan-glagoljice-web.jpg","keywords":["Dan hrvatske glagoljice","glagoljica"],"articleSection":["Vijesti","Zanimljivosti"],"inLanguage":"hr"},{"@type":"WebPage","@id":"https:\/\/osnovnaskolamalinskadubasnica.hr\/?p=31640","url":"https:\/\/osnovnaskolamalinskadubasnica.hr\/?p=31640","name":"Dan hrvatske glagoljice i glagolja\u0161tva - Osnovna \u0161kola Malinska-Duba\u0161nica","isPartOf":{"@id":"http:\/\/osnovnaskolamalinskadubasnica.hr\/#website"},"primaryImageOfPage":{"@id":"https:\/\/osnovnaskolamalinskadubasnica.hr\/?p=31640#primaryimage"},"image":{"@id":"https:\/\/osnovnaskolamalinskadubasnica.hr\/?p=31640#primaryimage"},"thumbnailUrl":"http:\/\/osnovnaskolamalinskadubasnica.hr\/wp-content\/uploads\/dan-glagoljice-web.jpg","datePublished":"2025-02-21T23:15:20+00:00","dateModified":"2025-02-22T08:21:45+00:00","author":{"@id":"http:\/\/osnovnaskolamalinskadubasnica.hr\/#\/schema\/person\/ab4ffae0c646af016b083db5e2445e8f"},"breadcrumb":{"@id":"https:\/\/osnovnaskolamalinskadubasnica.hr\/?p=31640#breadcrumb"},"inLanguage":"hr","potentialAction":[{"@type":"ReadAction","target":["https:\/\/osnovnaskolamalinskadubasnica.hr\/?p=31640"]}]},{"@type":"ImageObject","inLanguage":"hr","@id":"https:\/\/osnovnaskolamalinskadubasnica.hr\/?p=31640#primaryimage","url":"http:\/\/osnovnaskolamalinskadubasnica.hr\/wp-content\/uploads\/dan-glagoljice-web.jpg","contentUrl":"http:\/\/osnovnaskolamalinskadubasnica.hr\/wp-content\/uploads\/dan-glagoljice-web.jpg"},{"@type":"BreadcrumbList","@id":"https:\/\/osnovnaskolamalinskadubasnica.hr\/?p=31640#breadcrumb","itemListElement":[{"@type":"ListItem","position":1,"name":"Po\u010detna stranica","item":"http:\/\/osnovnaskolamalinskadubasnica.hr\/"},{"@type":"ListItem","position":2,"name":"Dan hrvatske glagoljice i glagolja\u0161tva"}]},{"@type":"WebSite","@id":"http:\/\/osnovnaskolamalinskadubasnica.hr\/#website","url":"http:\/\/osnovnaskolamalinskadubasnica.hr\/","name":"Osnovna \u0161kola Malinska-Duba\u0161nica","description":"","potentialAction":[{"@type":"SearchAction","target":{"@type":"EntryPoint","urlTemplate":"http:\/\/osnovnaskolamalinskadubasnica.hr\/?s={search_term_string}"},"query-input":{"@type":"PropertyValueSpecification","valueRequired":true,"valueName":"search_term_string"}}],"inLanguage":"hr"},{"@type":"Person","@id":"http:\/\/osnovnaskolamalinskadubasnica.hr\/#\/schema\/person\/ab4ffae0c646af016b083db5e2445e8f","name":"O\u0160 Malinska-Duba\u0161nica","url":"http:\/\/osnovnaskolamalinskadubasnica.hr\/?author=1"}]}},"_links":{"self":[{"href":"http:\/\/osnovnaskolamalinskadubasnica.hr\/index.php?rest_route=\/wp\/v2\/posts\/31640","targetHints":{"allow":["GET"]}}],"collection":[{"href":"http:\/\/osnovnaskolamalinskadubasnica.hr\/index.php?rest_route=\/wp\/v2\/posts"}],"about":[{"href":"http:\/\/osnovnaskolamalinskadubasnica.hr\/index.php?rest_route=\/wp\/v2\/types\/post"}],"author":[{"embeddable":true,"href":"http:\/\/osnovnaskolamalinskadubasnica.hr\/index.php?rest_route=\/wp\/v2\/users\/1"}],"replies":[{"embeddable":true,"href":"http:\/\/osnovnaskolamalinskadubasnica.hr\/index.php?rest_route=%2Fwp%2Fv2%2Fcomments&post=31640"}],"version-history":[{"count":2,"href":"http:\/\/osnovnaskolamalinskadubasnica.hr\/index.php?rest_route=\/wp\/v2\/posts\/31640\/revisions"}],"predecessor-version":[{"id":31647,"href":"http:\/\/osnovnaskolamalinskadubasnica.hr\/index.php?rest_route=\/wp\/v2\/posts\/31640\/revisions\/31647"}],"wp:attachment":[{"href":"http:\/\/osnovnaskolamalinskadubasnica.hr\/index.php?rest_route=%2Fwp%2Fv2%2Fmedia&parent=31640"}],"wp:term":[{"taxonomy":"category","embeddable":true,"href":"http:\/\/osnovnaskolamalinskadubasnica.hr\/index.php?rest_route=%2Fwp%2Fv2%2Fcategories&post=31640"},{"taxonomy":"post_tag","embeddable":true,"href":"http:\/\/osnovnaskolamalinskadubasnica.hr\/index.php?rest_route=%2Fwp%2Fv2%2Ftags&post=31640"}],"curies":[{"name":"wp","href":"https:\/\/api.w.org\/{rel}","templated":true}]}}