{"id":31631,"date":"2025-02-20T19:26:12","date_gmt":"2025-02-20T18:26:12","guid":{"rendered":"https:\/\/osnovnaskolamalinskadubasnica.hr\/?p=31631"},"modified":"2025-02-20T19:26:12","modified_gmt":"2025-02-20T18:26:12","slug":"gen-z-akademija","status":"publish","type":"post","link":"http:\/\/osnovnaskolamalinskadubasnica.hr\/?p=31631","title":{"rendered":"Gen Z akademija"},"content":{"rendered":"<p style=\"text-align: justify;\"><span style=\"color: #000000;\"><a href=\"http:\/\/osnovnaskolamalinskadubasnica.hr\/wp-content\/uploads\/gen-z-web.jpg\" data-rel=\"lightbox-image-0\" data-rl_title=\"\" data-rl_caption=\"\" title=\"\"><img loading=\"lazy\" decoding=\"async\" class=\"alignleft wp-image-31633\" src=\"http:\/\/osnovnaskolamalinskadubasnica.hr\/wp-content\/uploads\/gen-z-web.jpg\" alt=\"\" width=\"272\" height=\"196\" srcset=\"http:\/\/osnovnaskolamalinskadubasnica.hr\/wp-content\/uploads\/gen-z-web.jpg 1093w, http:\/\/osnovnaskolamalinskadubasnica.hr\/wp-content\/uploads\/gen-z-web-768x554.jpg 768w\" sizes=\"auto, (max-width: 272px) 100vw, 272px\" \/><\/a>Ove smo \u0161kolske godine jedna od 24 \u0161kole koja je odabrana za sudjelovanje u projektu Mood medie koji okuplja paneliste <em>Mission: Oxygen<\/em> i <em>Gen Z akademije<\/em>.<\/span><\/p>\n<p><em><!--more--><\/em><\/p>\n<p style=\"text-align: justify;\"><span style=\"color: #000000;\">U dru\u017eenju s panelistima sudjelovali su u\u010denici petog, \u0161estog i sedmog razreda nasuprot kojih su se na\u0161li Monika i Leon \u017dilavi, moderatori Lamia Belo\u0161evi\u0107 i Mirsad Kadi\u0107 te predstavnica Centra za sigurniji Internet. U prvome dijelu u\u010denici su slu\u0161ali svjedo\u010danstva panelista o \u0161tetnosti konzumacije duhanskih proizvoda, cigareta i vipeova, dok je u drugome naglasak bio na odgovorno pona\u0161anje na internetu, za\u0161titu privatnosti i dostojanstva u\u010denika. \u00a0Termin susreta uslijedio je nakon obilje\u017eavanja Dana sigurnijeg interneta (11. velja\u010de) \u010diji je slogan \u201eZajedno za sigurniji Internet\u201c. Svrha Dana i panela svakako je ono \u0161to u\u010destalo ponavljamo i na \u010demu radimo s u\u010denicima, a to je educiranje djece i mladih o odgovornom pona\u0161anju i mogu\u0107im sigurnosnim prijetnjama u digitalnom svijetu.<\/span><\/p>\n<p><strong><span style=\"color: #800000;\">FOTOGALERIJA<\/span><\/strong><\/p>\n<p><a href=\"http:\/\/osnovnaskolamalinskadubasnica.hr\/wp-content\/uploads\/viber_slika_2025-02-20_07-48-25-473.jpg\" data-rel=\"lightbox-image-1\" data-rl_title=\"\" data-rl_caption=\"\" title=\"\"><img loading=\"lazy\" decoding=\"async\" class=\"aligncenter size-full wp-image-31634\" src=\"http:\/\/osnovnaskolamalinskadubasnica.hr\/wp-content\/uploads\/viber_slika_2025-02-20_07-48-25-473.jpg\" alt=\"\" width=\"1800\" height=\"1350\" srcset=\"http:\/\/osnovnaskolamalinskadubasnica.hr\/wp-content\/uploads\/viber_slika_2025-02-20_07-48-25-473.jpg 1800w, http:\/\/osnovnaskolamalinskadubasnica.hr\/wp-content\/uploads\/viber_slika_2025-02-20_07-48-25-473-768x576.jpg 768w, http:\/\/osnovnaskolamalinskadubasnica.hr\/wp-content\/uploads\/viber_slika_2025-02-20_07-48-25-473-1536x1152.jpg 1536w\" sizes=\"auto, (max-width: 1800px) 100vw, 1800px\" \/><\/a> <a href=\"http:\/\/osnovnaskolamalinskadubasnica.hr\/wp-content\/uploads\/viber_slika_2025-02-20_07-48-25-517.jpg\" data-rel=\"lightbox-image-2\" data-rl_title=\"\" data-rl_caption=\"\" title=\"\"><img loading=\"lazy\" decoding=\"async\" class=\"aligncenter size-full wp-image-31635\" src=\"http:\/\/osnovnaskolamalinskadubasnica.hr\/wp-content\/uploads\/viber_slika_2025-02-20_07-48-25-517.jpg\" alt=\"\" width=\"1800\" height=\"1350\" srcset=\"http:\/\/osnovnaskolamalinskadubasnica.hr\/wp-content\/uploads\/viber_slika_2025-02-20_07-48-25-517.jpg 1800w, http:\/\/osnovnaskolamalinskadubasnica.hr\/wp-content\/uploads\/viber_slika_2025-02-20_07-48-25-517-768x576.jpg 768w, http:\/\/osnovnaskolamalinskadubasnica.hr\/wp-content\/uploads\/viber_slika_2025-02-20_07-48-25-517-1536x1152.jpg 1536w\" sizes=\"auto, (max-width: 1800px) 100vw, 1800px\" \/><\/a> <a href=\"http:\/\/osnovnaskolamalinskadubasnica.hr\/wp-content\/uploads\/viber_slika_2025-02-20_07-48-25-557.jpg\" data-rel=\"lightbox-image-3\" data-rl_title=\"\" data-rl_caption=\"\" title=\"\"><img loading=\"lazy\" decoding=\"async\" class=\"aligncenter size-full wp-image-31636\" src=\"http:\/\/osnovnaskolamalinskadubasnica.hr\/wp-content\/uploads\/viber_slika_2025-02-20_07-48-25-557.jpg\" alt=\"\" width=\"1800\" height=\"1350\" srcset=\"http:\/\/osnovnaskolamalinskadubasnica.hr\/wp-content\/uploads\/viber_slika_2025-02-20_07-48-25-557.jpg 1800w, http:\/\/osnovnaskolamalinskadubasnica.hr\/wp-content\/uploads\/viber_slika_2025-02-20_07-48-25-557-768x576.jpg 768w, http:\/\/osnovnaskolamalinskadubasnica.hr\/wp-content\/uploads\/viber_slika_2025-02-20_07-48-25-557-1536x1152.jpg 1536w\" sizes=\"auto, (max-width: 1800px) 100vw, 1800px\" \/><\/a> <a href=\"http:\/\/osnovnaskolamalinskadubasnica.hr\/wp-content\/uploads\/viber_slika_2025-02-20_07-48-26-326.jpg\" data-rel=\"lightbox-image-4\" data-rl_title=\"\" data-rl_caption=\"\" title=\"\"><img loading=\"lazy\" decoding=\"async\" class=\"aligncenter size-full wp-image-31637\" src=\"http:\/\/osnovnaskolamalinskadubasnica.hr\/wp-content\/uploads\/viber_slika_2025-02-20_07-48-26-326.jpg\" alt=\"\" width=\"1800\" height=\"1350\" srcset=\"http:\/\/osnovnaskolamalinskadubasnica.hr\/wp-content\/uploads\/viber_slika_2025-02-20_07-48-26-326.jpg 1800w, http:\/\/osnovnaskolamalinskadubasnica.hr\/wp-content\/uploads\/viber_slika_2025-02-20_07-48-26-326-768x576.jpg 768w, http:\/\/osnovnaskolamalinskadubasnica.hr\/wp-content\/uploads\/viber_slika_2025-02-20_07-48-26-326-1536x1152.jpg 1536w\" sizes=\"auto, (max-width: 1800px) 100vw, 1800px\" \/><\/a> <a href=\"http:\/\/osnovnaskolamalinskadubasnica.hr\/wp-content\/uploads\/viber_slika_2025-02-20_07-48-26-469.jpg\" data-rel=\"lightbox-image-5\" data-rl_title=\"\" data-rl_caption=\"\" title=\"\"><img loading=\"lazy\" decoding=\"async\" class=\"aligncenter size-full wp-image-31638\" src=\"http:\/\/osnovnaskolamalinskadubasnica.hr\/wp-content\/uploads\/viber_slika_2025-02-20_07-48-26-469.jpg\" alt=\"\" width=\"1800\" height=\"1350\" srcset=\"http:\/\/osnovnaskolamalinskadubasnica.hr\/wp-content\/uploads\/viber_slika_2025-02-20_07-48-26-469.jpg 1800w, http:\/\/osnovnaskolamalinskadubasnica.hr\/wp-content\/uploads\/viber_slika_2025-02-20_07-48-26-469-768x576.jpg 768w, http:\/\/osnovnaskolamalinskadubasnica.hr\/wp-content\/uploads\/viber_slika_2025-02-20_07-48-26-469-1536x1152.jpg 1536w\" sizes=\"auto, (max-width: 1800px) 100vw, 1800px\" \/><\/a><\/p>\n","protected":false},"excerpt":{"rendered":"<p>Ove smo \u0161kolske godine jedna od 24 \u0161kole koja je odabrana za sudjelovanje u projektu Mood medie koji okuplja paneliste Mission: Oxygen i Gen Z akademije.<\/p>\n","protected":false},"author":1,"featured_media":0,"comment_status":"closed","ping_status":"closed","sticky":false,"template":"","format":"standard","meta":{"footnotes":""},"categories":[30,9],"tags":[1484,1481,1486,1483,1485,1487,1482],"class_list":["post-31631","post","type-post","status-publish","format-standard","hentry","category-projekti","category-vijesti","tag-dan-sigurnijeg-interneta","tag-gen-z-akademija","tag-lamia-belosevic","tag-leon-zilavi","tag-mirsad-kadic","tag-mission-oxygen","tag-monika-zilavi"],"yoast_head":"<!-- This site is optimized with the Yoast SEO plugin v27.4 - https:\/\/yoast.com\/product\/yoast-seo-wordpress\/ -->\n<title>Gen Z akademija - Osnovna \u0161kola Malinska-Duba\u0161nica<\/title>\n<meta name=\"robots\" content=\"index, follow, max-snippet:-1, max-image-preview:large, max-video-preview:-1\" \/>\n<link rel=\"canonical\" href=\"https:\/\/osnovnaskolamalinskadubasnica.hr\/?p=31631\" \/>\n<meta property=\"og:locale\" content=\"hr_HR\" \/>\n<meta property=\"og:type\" content=\"article\" \/>\n<meta property=\"og:title\" content=\"Gen Z akademija - Osnovna \u0161kola Malinska-Duba\u0161nica\" \/>\n<meta property=\"og:description\" content=\"Ove smo \u0161kolske godine jedna od 24 \u0161kole koja je odabrana za sudjelovanje u projektu Mood medie koji okuplja paneliste Mission: Oxygen i Gen Z akademije.\" \/>\n<meta property=\"og:url\" content=\"https:\/\/osnovnaskolamalinskadubasnica.hr\/?p=31631\" \/>\n<meta property=\"og:site_name\" content=\"Osnovna \u0161kola Malinska-Duba\u0161nica\" \/>\n<meta property=\"article:publisher\" content=\"https:\/\/www.facebook.com\/osmalinskadubasnica\/\" \/>\n<meta property=\"article:published_time\" content=\"2025-02-20T18:26:12+00:00\" \/>\n<meta property=\"og:image\" content=\"https:\/\/osnovnaskolamalinskadubasnica.hr\/wp-content\/uploads\/gen-z-fb.jpg\" \/>\n\t<meta property=\"og:image:width\" content=\"1690\" \/>\n\t<meta property=\"og:image:height\" content=\"970\" \/>\n\t<meta property=\"og:image:type\" content=\"image\/jpeg\" \/>\n<meta name=\"author\" content=\"O\u0160 Malinska-Duba\u0161nica\" \/>\n<meta name=\"twitter:card\" content=\"summary_large_image\" \/>\n<meta name=\"twitter:label1\" content=\"Napisao\/la\" \/>\n\t<meta name=\"twitter:data1\" content=\"O\u0160 Malinska-Duba\u0161nica\" \/>\n\t<meta name=\"twitter:label2\" content=\"Procijenjeno vrijeme \u010ditanja\" \/>\n\t<meta name=\"twitter:data2\" content=\"2 minute\" \/>\n<script type=\"application\/ld+json\" class=\"yoast-schema-graph\">{\"@context\":\"https:\\\/\\\/schema.org\",\"@graph\":[{\"@type\":\"Article\",\"@id\":\"https:\\\/\\\/osnovnaskolamalinskadubasnica.hr\\\/?p=31631#article\",\"isPartOf\":{\"@id\":\"https:\\\/\\\/osnovnaskolamalinskadubasnica.hr\\\/?p=31631\"},\"author\":{\"name\":\"O\u0160 Malinska-Duba\u0161nica\",\"@id\":\"http:\\\/\\\/osnovnaskolamalinskadubasnica.hr\\\/#\\\/schema\\\/person\\\/ab4ffae0c646af016b083db5e2445e8f\"},\"headline\":\"Gen Z akademija\",\"datePublished\":\"2025-02-20T18:26:12+00:00\",\"mainEntityOfPage\":{\"@id\":\"https:\\\/\\\/osnovnaskolamalinskadubasnica.hr\\\/?p=31631\"},\"wordCount\":160,\"image\":{\"@id\":\"https:\\\/\\\/osnovnaskolamalinskadubasnica.hr\\\/?p=31631#primaryimage\"},\"thumbnailUrl\":\"http:\\\/\\\/osnovnaskolamalinskadubasnica.hr\\\/wp-content\\\/uploads\\\/gen-z-web.jpg\",\"keywords\":[\"Dan sigurnijeg interneta\",\"GEN Z akademija\",\"Lamia Belo\u0161evi\u0107\",\"Leon \u017dilavi\",\"Mirsad Kadi\u0107\",\"Mission Oxygen\",\"Monika \u017dilavi\"],\"articleSection\":[\"Projekti\",\"Vijesti\"],\"inLanguage\":\"hr\"},{\"@type\":\"WebPage\",\"@id\":\"https:\\\/\\\/osnovnaskolamalinskadubasnica.hr\\\/?p=31631\",\"url\":\"https:\\\/\\\/osnovnaskolamalinskadubasnica.hr\\\/?p=31631\",\"name\":\"Gen Z akademija - Osnovna \u0161kola Malinska-Duba\u0161nica\",\"isPartOf\":{\"@id\":\"http:\\\/\\\/osnovnaskolamalinskadubasnica.hr\\\/#website\"},\"primaryImageOfPage\":{\"@id\":\"https:\\\/\\\/osnovnaskolamalinskadubasnica.hr\\\/?p=31631#primaryimage\"},\"image\":{\"@id\":\"https:\\\/\\\/osnovnaskolamalinskadubasnica.hr\\\/?p=31631#primaryimage\"},\"thumbnailUrl\":\"http:\\\/\\\/osnovnaskolamalinskadubasnica.hr\\\/wp-content\\\/uploads\\\/gen-z-web.jpg\",\"datePublished\":\"2025-02-20T18:26:12+00:00\",\"author\":{\"@id\":\"http:\\\/\\\/osnovnaskolamalinskadubasnica.hr\\\/#\\\/schema\\\/person\\\/ab4ffae0c646af016b083db5e2445e8f\"},\"breadcrumb\":{\"@id\":\"https:\\\/\\\/osnovnaskolamalinskadubasnica.hr\\\/?p=31631#breadcrumb\"},\"inLanguage\":\"hr\",\"potentialAction\":[{\"@type\":\"ReadAction\",\"target\":[\"https:\\\/\\\/osnovnaskolamalinskadubasnica.hr\\\/?p=31631\"]}]},{\"@type\":\"ImageObject\",\"inLanguage\":\"hr\",\"@id\":\"https:\\\/\\\/osnovnaskolamalinskadubasnica.hr\\\/?p=31631#primaryimage\",\"url\":\"http:\\\/\\\/osnovnaskolamalinskadubasnica.hr\\\/wp-content\\\/uploads\\\/gen-z-web.jpg\",\"contentUrl\":\"http:\\\/\\\/osnovnaskolamalinskadubasnica.hr\\\/wp-content\\\/uploads\\\/gen-z-web.jpg\"},{\"@type\":\"BreadcrumbList\",\"@id\":\"https:\\\/\\\/osnovnaskolamalinskadubasnica.hr\\\/?p=31631#breadcrumb\",\"itemListElement\":[{\"@type\":\"ListItem\",\"position\":1,\"name\":\"Po\u010detna stranica\",\"item\":\"http:\\\/\\\/osnovnaskolamalinskadubasnica.hr\\\/\"},{\"@type\":\"ListItem\",\"position\":2,\"name\":\"Gen Z akademija\"}]},{\"@type\":\"WebSite\",\"@id\":\"http:\\\/\\\/osnovnaskolamalinskadubasnica.hr\\\/#website\",\"url\":\"http:\\\/\\\/osnovnaskolamalinskadubasnica.hr\\\/\",\"name\":\"Osnovna \u0161kola Malinska-Duba\u0161nica\",\"description\":\"\",\"potentialAction\":[{\"@type\":\"SearchAction\",\"target\":{\"@type\":\"EntryPoint\",\"urlTemplate\":\"http:\\\/\\\/osnovnaskolamalinskadubasnica.hr\\\/?s={search_term_string}\"},\"query-input\":{\"@type\":\"PropertyValueSpecification\",\"valueRequired\":true,\"valueName\":\"search_term_string\"}}],\"inLanguage\":\"hr\"},{\"@type\":\"Person\",\"@id\":\"http:\\\/\\\/osnovnaskolamalinskadubasnica.hr\\\/#\\\/schema\\\/person\\\/ab4ffae0c646af016b083db5e2445e8f\",\"name\":\"O\u0160 Malinska-Duba\u0161nica\",\"url\":\"http:\\\/\\\/osnovnaskolamalinskadubasnica.hr\\\/?author=1\"}]}<\/script>\n<!-- \/ Yoast SEO plugin. -->","yoast_head_json":{"title":"Gen Z akademija - Osnovna \u0161kola Malinska-Duba\u0161nica","robots":{"index":"index","follow":"follow","max-snippet":"max-snippet:-1","max-image-preview":"max-image-preview:large","max-video-preview":"max-video-preview:-1"},"canonical":"https:\/\/osnovnaskolamalinskadubasnica.hr\/?p=31631","og_locale":"hr_HR","og_type":"article","og_title":"Gen Z akademija - Osnovna \u0161kola Malinska-Duba\u0161nica","og_description":"Ove smo \u0161kolske godine jedna od 24 \u0161kole koja je odabrana za sudjelovanje u projektu Mood medie koji okuplja paneliste Mission: Oxygen i Gen Z akademije.","og_url":"https:\/\/osnovnaskolamalinskadubasnica.hr\/?p=31631","og_site_name":"Osnovna \u0161kola Malinska-Duba\u0161nica","article_publisher":"https:\/\/www.facebook.com\/osmalinskadubasnica\/","article_published_time":"2025-02-20T18:26:12+00:00","og_image":[{"width":1690,"height":970,"url":"https:\/\/osnovnaskolamalinskadubasnica.hr\/wp-content\/uploads\/gen-z-fb.jpg","type":"image\/jpeg"}],"author":"O\u0160 Malinska-Duba\u0161nica","twitter_card":"summary_large_image","twitter_misc":{"Napisao\/la":"O\u0160 Malinska-Duba\u0161nica","Procijenjeno vrijeme \u010ditanja":"2 minute"},"schema":{"@context":"https:\/\/schema.org","@graph":[{"@type":"Article","@id":"https:\/\/osnovnaskolamalinskadubasnica.hr\/?p=31631#article","isPartOf":{"@id":"https:\/\/osnovnaskolamalinskadubasnica.hr\/?p=31631"},"author":{"name":"O\u0160 Malinska-Duba\u0161nica","@id":"http:\/\/osnovnaskolamalinskadubasnica.hr\/#\/schema\/person\/ab4ffae0c646af016b083db5e2445e8f"},"headline":"Gen Z akademija","datePublished":"2025-02-20T18:26:12+00:00","mainEntityOfPage":{"@id":"https:\/\/osnovnaskolamalinskadubasnica.hr\/?p=31631"},"wordCount":160,"image":{"@id":"https:\/\/osnovnaskolamalinskadubasnica.hr\/?p=31631#primaryimage"},"thumbnailUrl":"http:\/\/osnovnaskolamalinskadubasnica.hr\/wp-content\/uploads\/gen-z-web.jpg","keywords":["Dan sigurnijeg interneta","GEN Z akademija","Lamia Belo\u0161evi\u0107","Leon \u017dilavi","Mirsad Kadi\u0107","Mission Oxygen","Monika \u017dilavi"],"articleSection":["Projekti","Vijesti"],"inLanguage":"hr"},{"@type":"WebPage","@id":"https:\/\/osnovnaskolamalinskadubasnica.hr\/?p=31631","url":"https:\/\/osnovnaskolamalinskadubasnica.hr\/?p=31631","name":"Gen Z akademija - Osnovna \u0161kola Malinska-Duba\u0161nica","isPartOf":{"@id":"http:\/\/osnovnaskolamalinskadubasnica.hr\/#website"},"primaryImageOfPage":{"@id":"https:\/\/osnovnaskolamalinskadubasnica.hr\/?p=31631#primaryimage"},"image":{"@id":"https:\/\/osnovnaskolamalinskadubasnica.hr\/?p=31631#primaryimage"},"thumbnailUrl":"http:\/\/osnovnaskolamalinskadubasnica.hr\/wp-content\/uploads\/gen-z-web.jpg","datePublished":"2025-02-20T18:26:12+00:00","author":{"@id":"http:\/\/osnovnaskolamalinskadubasnica.hr\/#\/schema\/person\/ab4ffae0c646af016b083db5e2445e8f"},"breadcrumb":{"@id":"https:\/\/osnovnaskolamalinskadubasnica.hr\/?p=31631#breadcrumb"},"inLanguage":"hr","potentialAction":[{"@type":"ReadAction","target":["https:\/\/osnovnaskolamalinskadubasnica.hr\/?p=31631"]}]},{"@type":"ImageObject","inLanguage":"hr","@id":"https:\/\/osnovnaskolamalinskadubasnica.hr\/?p=31631#primaryimage","url":"http:\/\/osnovnaskolamalinskadubasnica.hr\/wp-content\/uploads\/gen-z-web.jpg","contentUrl":"http:\/\/osnovnaskolamalinskadubasnica.hr\/wp-content\/uploads\/gen-z-web.jpg"},{"@type":"BreadcrumbList","@id":"https:\/\/osnovnaskolamalinskadubasnica.hr\/?p=31631#breadcrumb","itemListElement":[{"@type":"ListItem","position":1,"name":"Po\u010detna stranica","item":"http:\/\/osnovnaskolamalinskadubasnica.hr\/"},{"@type":"ListItem","position":2,"name":"Gen Z akademija"}]},{"@type":"WebSite","@id":"http:\/\/osnovnaskolamalinskadubasnica.hr\/#website","url":"http:\/\/osnovnaskolamalinskadubasnica.hr\/","name":"Osnovna \u0161kola Malinska-Duba\u0161nica","description":"","potentialAction":[{"@type":"SearchAction","target":{"@type":"EntryPoint","urlTemplate":"http:\/\/osnovnaskolamalinskadubasnica.hr\/?s={search_term_string}"},"query-input":{"@type":"PropertyValueSpecification","valueRequired":true,"valueName":"search_term_string"}}],"inLanguage":"hr"},{"@type":"Person","@id":"http:\/\/osnovnaskolamalinskadubasnica.hr\/#\/schema\/person\/ab4ffae0c646af016b083db5e2445e8f","name":"O\u0160 Malinska-Duba\u0161nica","url":"http:\/\/osnovnaskolamalinskadubasnica.hr\/?author=1"}]}},"_links":{"self":[{"href":"http:\/\/osnovnaskolamalinskadubasnica.hr\/index.php?rest_route=\/wp\/v2\/posts\/31631","targetHints":{"allow":["GET"]}}],"collection":[{"href":"http:\/\/osnovnaskolamalinskadubasnica.hr\/index.php?rest_route=\/wp\/v2\/posts"}],"about":[{"href":"http:\/\/osnovnaskolamalinskadubasnica.hr\/index.php?rest_route=\/wp\/v2\/types\/post"}],"author":[{"embeddable":true,"href":"http:\/\/osnovnaskolamalinskadubasnica.hr\/index.php?rest_route=\/wp\/v2\/users\/1"}],"replies":[{"embeddable":true,"href":"http:\/\/osnovnaskolamalinskadubasnica.hr\/index.php?rest_route=%2Fwp%2Fv2%2Fcomments&post=31631"}],"version-history":[{"count":1,"href":"http:\/\/osnovnaskolamalinskadubasnica.hr\/index.php?rest_route=\/wp\/v2\/posts\/31631\/revisions"}],"predecessor-version":[{"id":31639,"href":"http:\/\/osnovnaskolamalinskadubasnica.hr\/index.php?rest_route=\/wp\/v2\/posts\/31631\/revisions\/31639"}],"wp:attachment":[{"href":"http:\/\/osnovnaskolamalinskadubasnica.hr\/index.php?rest_route=%2Fwp%2Fv2%2Fmedia&parent=31631"}],"wp:term":[{"taxonomy":"category","embeddable":true,"href":"http:\/\/osnovnaskolamalinskadubasnica.hr\/index.php?rest_route=%2Fwp%2Fv2%2Fcategories&post=31631"},{"taxonomy":"post_tag","embeddable":true,"href":"http:\/\/osnovnaskolamalinskadubasnica.hr\/index.php?rest_route=%2Fwp%2Fv2%2Ftags&post=31631"}],"curies":[{"name":"wp","href":"https:\/\/api.w.org\/{rel}","templated":true}]}}