{"id":31442,"date":"2025-02-14T01:37:20","date_gmt":"2025-02-14T00:37:20","guid":{"rendered":"https:\/\/osnovnaskolamalinskadubasnica.hr\/?p=31442"},"modified":"2025-02-16T22:47:56","modified_gmt":"2025-02-16T21:47:56","slug":"fiona-diklic-druga-a-damian-peranovic-i-fran-petrovic-peti-na-medunarodnom-kickboxing-turniru-u-zaboku","status":"publish","type":"post","link":"http:\/\/osnovnaskolamalinskadubasnica.hr\/?p=31442","title":{"rendered":"Fiona Dikli\u0107 druga, a Damian Peranovi\u0107 i Fran Petrovi\u0107 peti na me\u0111unarodnom kickboxing turniru u Zaboku"},"content":{"rendered":"<p style=\"text-align: justify;\"><span style=\"color: #000000;\"><a href=\"http:\/\/osnovnaskolamalinskadubasnica.hr\/wp-content\/uploads\/fiona-web.jpg\" data-rel=\"lightbox-image-0\" data-rl_title=\"\" data-rl_caption=\"\" title=\"\"><img loading=\"lazy\" decoding=\"async\" class=\"alignleft wp-image-31443\" src=\"http:\/\/osnovnaskolamalinskadubasnica.hr\/wp-content\/uploads\/fiona-web.jpg\" alt=\"\" width=\"272\" height=\"200\" srcset=\"http:\/\/osnovnaskolamalinskadubasnica.hr\/wp-content\/uploads\/fiona-web.jpg 1048w, http:\/\/osnovnaskolamalinskadubasnica.hr\/wp-content\/uploads\/fiona-web-768x566.jpg 768w\" sizes=\"auto, (max-width: 272px) 100vw, 272px\" \/><\/a>U\u010denici na\u0161e \u0161kole koji treniraju kickboxing u Omi\u0161lju i Malinskoj nastupili su u subotu 8. velja\u010de 2025. na me\u0111unarodnom turniru &#8220;12. Zabok Open&#8221; na kojem je s 522 nastupa sudjelovalo 430 natjecatelja iz 59 klubova i 6 dr\u017eava.<\/span><\/p>\n<p><em><!--more--><\/em><\/p>\n<p style=\"text-align: justify;\"><span style=\"color: #000000;\">KBK Omi\u0161alj su predstavljali Fiona Dikli\u0107 iz 1.a razreda i Damian Peranovi\u0107 iz 5.a, a KBK Malinsku Fran Petrovi\u0107 iz 4.a. Natjecali su se u kickboxing disciplini point fighting.<\/span><\/p>\n<p style=\"text-align: justify;\"><span style=\"color: #000000;\">Fiona Dikli\u0107 je osvojila 2. mjesto me\u0111u djevoj\u010dicama po\u010detnicama do 21 kg. U finalu se borila protiv Marije Nimac iz Benkovca. Fiona je na kraju prve runde vodila 5:1, ali je na kraju izgubila rezultatom 5:7.<\/span><\/p>\n<p><a href=\"http:\/\/osnovnaskolamalinskadubasnica.hr\/wp-content\/uploads\/4-Dvorana-MT-Zabok-8.2.2025-1-i.jpg\" data-rel=\"lightbox-image-1\" data-rl_title=\"\" data-rl_caption=\"\" title=\"\"><img loading=\"lazy\" decoding=\"async\" class=\"aligncenter size-full wp-image-31444\" src=\"http:\/\/osnovnaskolamalinskadubasnica.hr\/wp-content\/uploads\/4-Dvorana-MT-Zabok-8.2.2025-1-i.jpg\" alt=\"\" width=\"1920\" height=\"1080\" srcset=\"http:\/\/osnovnaskolamalinskadubasnica.hr\/wp-content\/uploads\/4-Dvorana-MT-Zabok-8.2.2025-1-i.jpg 1920w, http:\/\/osnovnaskolamalinskadubasnica.hr\/wp-content\/uploads\/4-Dvorana-MT-Zabok-8.2.2025-1-i-768x432.jpg 768w, http:\/\/osnovnaskolamalinskadubasnica.hr\/wp-content\/uploads\/4-Dvorana-MT-Zabok-8.2.2025-1-i-1536x864.jpg 1536w\" sizes=\"auto, (max-width: 1920px) 100vw, 1920px\" \/><\/a><\/p>\n<p style=\"text-align: justify;\"><span style=\"color: #000000;\">Damian Peranovi\u0107 je nastupio me\u0111u mla\u0111im kadetima po\u010detnicima do 28 kg. Izgubio je u borbi za medalju protiv slovenskog predstavnika Luke Tonija Kobana rezultatom 4:5 i zauzeo 5. mjesto u svojoj kategoriji. Fran Petrovi\u0107 se borio u skupini mla\u0111ih kadeta do 32 kg. U \u010detvrtfinalu je od njega bio bolji Luka Cakari\u0107 iz Kutine koji je pobijedio 13:3 tako da je Fran ostao na 5. mjestu.<\/span><\/p>\n<p style=\"text-align: justify;\"><span style=\"color: #000000;\">Ovo natjecanje je dobro poslu\u017eilo kao priprema za dr\u017eavno prvenstvo u point fightingu koje \u0107e se odr\u017eati 1. o\u017eujka u Jastrebarskom i za Svjetski kup u Italiji tjedan dana kasnije. Natjecatelje iz KBK Omi\u0161alj je vodila njihova trenerica Ana Znaor Milohni\u0107, a za sporta\u0161e iz KBK Malinsku je bio zadu\u017een njihov trener Predrag Znaor.<\/span><\/p>\n<p><strong><span style=\"color: #800000;\">FOTOGALERIJA<\/span><\/strong><\/p>\n<div id='gallery-1' class='gallery galleryid-31442 gallery-columns-2 gallery-size-medium'><dl class='gallery-item'>\n\t\t\t<dt class='gallery-icon portrait'>\n\t\t\t\t<a href='http:\/\/osnovnaskolamalinskadubasnica.hr\/wp-content\/uploads\/2-Ana-Znaor-Milohnic-i-Fiona-Diklic-MT-Zabok-8.2.2025-21.jpg' title=\"\" data-rl_title=\"\" class=\"rl-gallery-link\" data-rl_caption=\"\" data-rel=\"lightbox-gallery-1\"><img loading=\"lazy\" decoding=\"async\" width=\"810\" height=\"1080\" src=\"http:\/\/osnovnaskolamalinskadubasnica.hr\/wp-content\/uploads\/2-Ana-Znaor-Milohnic-i-Fiona-Diklic-MT-Zabok-8.2.2025-21.jpg\" class=\"attachment-medium size-medium\" alt=\"\" srcset=\"http:\/\/osnovnaskolamalinskadubasnica.hr\/wp-content\/uploads\/2-Ana-Znaor-Milohnic-i-Fiona-Diklic-MT-Zabok-8.2.2025-21.jpg 810w, http:\/\/osnovnaskolamalinskadubasnica.hr\/wp-content\/uploads\/2-Ana-Znaor-Milohnic-i-Fiona-Diklic-MT-Zabok-8.2.2025-21-768x1024.jpg 768w\" sizes=\"auto, (max-width: 810px) 100vw, 810px\" \/><\/a>\n\t\t\t<\/dt><\/dl><dl class='gallery-item'>\n\t\t\t<dt class='gallery-icon landscape'>\n\t\t\t\t<a href='http:\/\/osnovnaskolamalinskadubasnica.hr\/wp-content\/uploads\/1-Fran-Petrovic-Fiona-Diklic-Damian-Peranovic-MT-Zabok-8.2.2025-1.jpg' title=\"\" data-rl_title=\"\" class=\"rl-gallery-link\" data-rl_caption=\"\" data-rel=\"lightbox-gallery-1\"><img loading=\"lazy\" decoding=\"async\" width=\"1440\" height=\"1080\" src=\"http:\/\/osnovnaskolamalinskadubasnica.hr\/wp-content\/uploads\/1-Fran-Petrovic-Fiona-Diklic-Damian-Peranovic-MT-Zabok-8.2.2025-1.jpg\" class=\"attachment-medium size-medium\" alt=\"\" srcset=\"http:\/\/osnovnaskolamalinskadubasnica.hr\/wp-content\/uploads\/1-Fran-Petrovic-Fiona-Diklic-Damian-Peranovic-MT-Zabok-8.2.2025-1.jpg 1440w, http:\/\/osnovnaskolamalinskadubasnica.hr\/wp-content\/uploads\/1-Fran-Petrovic-Fiona-Diklic-Damian-Peranovic-MT-Zabok-8.2.2025-1-768x576.jpg 768w\" sizes=\"auto, (max-width: 1440px) 100vw, 1440px\" \/><\/a>\n\t\t\t<\/dt><\/dl><br style=\"clear: both\" \/><dl class='gallery-item'>\n\t\t\t<dt class='gallery-icon landscape'>\n\t\t\t\t<a href='http:\/\/osnovnaskolamalinskadubasnica.hr\/wp-content\/uploads\/4-Dvorana-MT-Zabok-8.2.2025-1-i.jpg' title=\"\" data-rl_title=\"\" class=\"rl-gallery-link\" data-rl_caption=\"\" data-rel=\"lightbox-gallery-1\"><img loading=\"lazy\" decoding=\"async\" width=\"1920\" height=\"1080\" src=\"http:\/\/osnovnaskolamalinskadubasnica.hr\/wp-content\/uploads\/4-Dvorana-MT-Zabok-8.2.2025-1-i.jpg\" class=\"attachment-medium size-medium\" alt=\"\" srcset=\"http:\/\/osnovnaskolamalinskadubasnica.hr\/wp-content\/uploads\/4-Dvorana-MT-Zabok-8.2.2025-1-i.jpg 1920w, http:\/\/osnovnaskolamalinskadubasnica.hr\/wp-content\/uploads\/4-Dvorana-MT-Zabok-8.2.2025-1-i-768x432.jpg 768w, http:\/\/osnovnaskolamalinskadubasnica.hr\/wp-content\/uploads\/4-Dvorana-MT-Zabok-8.2.2025-1-i-1536x864.jpg 1536w\" sizes=\"auto, (max-width: 1920px) 100vw, 1920px\" \/><\/a>\n\t\t\t<\/dt><\/dl><dl class='gallery-item'>\n\t\t\t<dt class='gallery-icon landscape'>\n\t\t\t\t<a href='http:\/\/osnovnaskolamalinskadubasnica.hr\/wp-content\/uploads\/3-Fiona-Diklic-Fran-Petrovic-Damian-Peranovic-MT-Zabok-8.2.2025-1.jpg' title=\"\" data-rl_title=\"\" class=\"rl-gallery-link\" data-rl_caption=\"\" data-rel=\"lightbox-gallery-1\"><img loading=\"lazy\" decoding=\"async\" width=\"1920\" height=\"1080\" src=\"http:\/\/osnovnaskolamalinskadubasnica.hr\/wp-content\/uploads\/3-Fiona-Diklic-Fran-Petrovic-Damian-Peranovic-MT-Zabok-8.2.2025-1.jpg\" class=\"attachment-medium size-medium\" alt=\"\" srcset=\"http:\/\/osnovnaskolamalinskadubasnica.hr\/wp-content\/uploads\/3-Fiona-Diklic-Fran-Petrovic-Damian-Peranovic-MT-Zabok-8.2.2025-1.jpg 1920w, http:\/\/osnovnaskolamalinskadubasnica.hr\/wp-content\/uploads\/3-Fiona-Diklic-Fran-Petrovic-Damian-Peranovic-MT-Zabok-8.2.2025-1-768x432.jpg 768w, http:\/\/osnovnaskolamalinskadubasnica.hr\/wp-content\/uploads\/3-Fiona-Diklic-Fran-Petrovic-Damian-Peranovic-MT-Zabok-8.2.2025-1-1536x864.jpg 1536w\" sizes=\"auto, (max-width: 1920px) 100vw, 1920px\" \/><\/a>\n\t\t\t<\/dt><\/dl><br style=\"clear: both\" \/>\n\t\t<\/div>\n\n","protected":false},"excerpt":{"rendered":"<p>U\u010denici na\u0161e \u0161kole koji treniraju kickboxing u Omi\u0161lju i Malinskoj nastupili su u subotu 8. velja\u010de 2025. na me\u0111unarodnom turniru &#8220;12. Zabok Open&#8221; na kojem je s 522 nastupa sudjelovalo 430 natjecatelja iz 59 klubova i 6 dr\u017eava.<\/p>\n","protected":false},"author":1,"featured_media":0,"comment_status":"closed","ping_status":"closed","sticky":false,"template":"","format":"standard","meta":{"footnotes":""},"categories":[19,9],"tags":[1283,1478,1477,1345,69,118],"class_list":["post-31442","post","type-post","status-publish","format-standard","hentry","category-sport-2","category-vijesti","tag-ana-znaor-milohnic","tag-damian-peranovic","tag-fiona-diklic","tag-fran-petrovic","tag-kickboxing","tag-predrag-znaor"],"yoast_head":"<!-- This site is optimized with the Yoast SEO plugin v27.4 - https:\/\/yoast.com\/product\/yoast-seo-wordpress\/ -->\n<title>Fiona Dikli\u0107 druga, a Damian Peranovi\u0107 i Fran Petrovi\u0107 peti na me\u0111unarodnom kickboxing turniru u Zaboku - Osnovna \u0161kola Malinska-Duba\u0161nica<\/title>\n<meta name=\"robots\" content=\"index, follow, max-snippet:-1, max-image-preview:large, max-video-preview:-1\" \/>\n<link rel=\"canonical\" href=\"https:\/\/osnovnaskolamalinskadubasnica.hr\/?p=31442\" \/>\n<meta property=\"og:locale\" content=\"hr_HR\" \/>\n<meta property=\"og:type\" content=\"article\" \/>\n<meta property=\"og:title\" content=\"Fiona Dikli\u0107 druga, a Damian Peranovi\u0107 i Fran Petrovi\u0107 peti na me\u0111unarodnom kickboxing turniru u Zaboku - Osnovna \u0161kola Malinska-Duba\u0161nica\" \/>\n<meta property=\"og:description\" content=\"U\u010denici na\u0161e \u0161kole koji treniraju kickboxing u Omi\u0161lju i Malinskoj nastupili su u subotu 8. velja\u010de 2025. na me\u0111unarodnom turniru &#8220;12. Zabok Open&#8221; na kojem je s 522 nastupa sudjelovalo 430 natjecatelja iz 59 klubova i 6 dr\u017eava.\" \/>\n<meta property=\"og:url\" content=\"https:\/\/osnovnaskolamalinskadubasnica.hr\/?p=31442\" \/>\n<meta property=\"og:site_name\" content=\"Osnovna \u0161kola Malinska-Duba\u0161nica\" \/>\n<meta property=\"article:publisher\" content=\"https:\/\/www.facebook.com\/osmalinskadubasnica\/\" \/>\n<meta property=\"article:published_time\" content=\"2025-02-14T00:37:20+00:00\" \/>\n<meta property=\"article:modified_time\" content=\"2025-02-16T21:47:56+00:00\" \/>\n<meta property=\"og:image\" content=\"https:\/\/osnovnaskolamalinskadubasnica.hr\/wp-content\/uploads\/fiona-fb.jpg\" \/>\n\t<meta property=\"og:image:width\" content=\"1916\" \/>\n\t<meta property=\"og:image:height\" content=\"1080\" \/>\n\t<meta property=\"og:image:type\" content=\"image\/jpeg\" \/>\n<meta name=\"author\" content=\"O\u0160 Malinska-Duba\u0161nica\" \/>\n<meta name=\"twitter:card\" content=\"summary_large_image\" \/>\n<meta name=\"twitter:label1\" content=\"Napisao\/la\" \/>\n\t<meta name=\"twitter:data1\" content=\"O\u0160 Malinska-Duba\u0161nica\" \/>\n\t<meta name=\"twitter:label2\" content=\"Procijenjeno vrijeme \u010ditanja\" \/>\n\t<meta name=\"twitter:data2\" content=\"2 minute\" \/>\n<script type=\"application\/ld+json\" class=\"yoast-schema-graph\">{\"@context\":\"https:\\\/\\\/schema.org\",\"@graph\":[{\"@type\":\"Article\",\"@id\":\"https:\\\/\\\/osnovnaskolamalinskadubasnica.hr\\\/?p=31442#article\",\"isPartOf\":{\"@id\":\"https:\\\/\\\/osnovnaskolamalinskadubasnica.hr\\\/?p=31442\"},\"author\":{\"name\":\"O\u0160 Malinska-Duba\u0161nica\",\"@id\":\"http:\\\/\\\/osnovnaskolamalinskadubasnica.hr\\\/#\\\/schema\\\/person\\\/ab4ffae0c646af016b083db5e2445e8f\"},\"headline\":\"Fiona Dikli\u0107 druga, a Damian Peranovi\u0107 i Fran Petrovi\u0107 peti na me\u0111unarodnom kickboxing turniru u Zaboku\",\"datePublished\":\"2025-02-14T00:37:20+00:00\",\"dateModified\":\"2025-02-16T21:47:56+00:00\",\"mainEntityOfPage\":{\"@id\":\"https:\\\/\\\/osnovnaskolamalinskadubasnica.hr\\\/?p=31442\"},\"wordCount\":249,\"image\":{\"@id\":\"https:\\\/\\\/osnovnaskolamalinskadubasnica.hr\\\/?p=31442#primaryimage\"},\"thumbnailUrl\":\"http:\\\/\\\/osnovnaskolamalinskadubasnica.hr\\\/wp-content\\\/uploads\\\/fiona-web.jpg\",\"keywords\":[\"Ana Znaor Milohni\u0107\",\"Damian Peranovi\u0107\",\"Fiona Dikli\u0107\",\"Fran Petrovi\u0107\",\"kickboxing\",\"Predrag Znaor\"],\"articleSection\":[\"Sport\",\"Vijesti\"],\"inLanguage\":\"hr\"},{\"@type\":\"WebPage\",\"@id\":\"https:\\\/\\\/osnovnaskolamalinskadubasnica.hr\\\/?p=31442\",\"url\":\"https:\\\/\\\/osnovnaskolamalinskadubasnica.hr\\\/?p=31442\",\"name\":\"Fiona Dikli\u0107 druga, a Damian Peranovi\u0107 i Fran Petrovi\u0107 peti na me\u0111unarodnom kickboxing turniru u Zaboku - Osnovna \u0161kola Malinska-Duba\u0161nica\",\"isPartOf\":{\"@id\":\"http:\\\/\\\/osnovnaskolamalinskadubasnica.hr\\\/#website\"},\"primaryImageOfPage\":{\"@id\":\"https:\\\/\\\/osnovnaskolamalinskadubasnica.hr\\\/?p=31442#primaryimage\"},\"image\":{\"@id\":\"https:\\\/\\\/osnovnaskolamalinskadubasnica.hr\\\/?p=31442#primaryimage\"},\"thumbnailUrl\":\"http:\\\/\\\/osnovnaskolamalinskadubasnica.hr\\\/wp-content\\\/uploads\\\/fiona-web.jpg\",\"datePublished\":\"2025-02-14T00:37:20+00:00\",\"dateModified\":\"2025-02-16T21:47:56+00:00\",\"author\":{\"@id\":\"http:\\\/\\\/osnovnaskolamalinskadubasnica.hr\\\/#\\\/schema\\\/person\\\/ab4ffae0c646af016b083db5e2445e8f\"},\"breadcrumb\":{\"@id\":\"https:\\\/\\\/osnovnaskolamalinskadubasnica.hr\\\/?p=31442#breadcrumb\"},\"inLanguage\":\"hr\",\"potentialAction\":[{\"@type\":\"ReadAction\",\"target\":[\"https:\\\/\\\/osnovnaskolamalinskadubasnica.hr\\\/?p=31442\"]}]},{\"@type\":\"ImageObject\",\"inLanguage\":\"hr\",\"@id\":\"https:\\\/\\\/osnovnaskolamalinskadubasnica.hr\\\/?p=31442#primaryimage\",\"url\":\"http:\\\/\\\/osnovnaskolamalinskadubasnica.hr\\\/wp-content\\\/uploads\\\/fiona-web.jpg\",\"contentUrl\":\"http:\\\/\\\/osnovnaskolamalinskadubasnica.hr\\\/wp-content\\\/uploads\\\/fiona-web.jpg\"},{\"@type\":\"BreadcrumbList\",\"@id\":\"https:\\\/\\\/osnovnaskolamalinskadubasnica.hr\\\/?p=31442#breadcrumb\",\"itemListElement\":[{\"@type\":\"ListItem\",\"position\":1,\"name\":\"Po\u010detna stranica\",\"item\":\"http:\\\/\\\/osnovnaskolamalinskadubasnica.hr\\\/\"},{\"@type\":\"ListItem\",\"position\":2,\"name\":\"Fiona Dikli\u0107 druga, a Damian Peranovi\u0107 i Fran Petrovi\u0107 peti na me\u0111unarodnom kickboxing turniru u Zaboku\"}]},{\"@type\":\"WebSite\",\"@id\":\"http:\\\/\\\/osnovnaskolamalinskadubasnica.hr\\\/#website\",\"url\":\"http:\\\/\\\/osnovnaskolamalinskadubasnica.hr\\\/\",\"name\":\"Osnovna \u0161kola Malinska-Duba\u0161nica\",\"description\":\"\",\"potentialAction\":[{\"@type\":\"SearchAction\",\"target\":{\"@type\":\"EntryPoint\",\"urlTemplate\":\"http:\\\/\\\/osnovnaskolamalinskadubasnica.hr\\\/?s={search_term_string}\"},\"query-input\":{\"@type\":\"PropertyValueSpecification\",\"valueRequired\":true,\"valueName\":\"search_term_string\"}}],\"inLanguage\":\"hr\"},{\"@type\":\"Person\",\"@id\":\"http:\\\/\\\/osnovnaskolamalinskadubasnica.hr\\\/#\\\/schema\\\/person\\\/ab4ffae0c646af016b083db5e2445e8f\",\"name\":\"O\u0160 Malinska-Duba\u0161nica\",\"url\":\"http:\\\/\\\/osnovnaskolamalinskadubasnica.hr\\\/?author=1\"}]}<\/script>\n<!-- \/ Yoast SEO plugin. -->","yoast_head_json":{"title":"Fiona Dikli\u0107 druga, a Damian Peranovi\u0107 i Fran Petrovi\u0107 peti na me\u0111unarodnom kickboxing turniru u Zaboku - Osnovna \u0161kola Malinska-Duba\u0161nica","robots":{"index":"index","follow":"follow","max-snippet":"max-snippet:-1","max-image-preview":"max-image-preview:large","max-video-preview":"max-video-preview:-1"},"canonical":"https:\/\/osnovnaskolamalinskadubasnica.hr\/?p=31442","og_locale":"hr_HR","og_type":"article","og_title":"Fiona Dikli\u0107 druga, a Damian Peranovi\u0107 i Fran Petrovi\u0107 peti na me\u0111unarodnom kickboxing turniru u Zaboku - Osnovna \u0161kola Malinska-Duba\u0161nica","og_description":"U\u010denici na\u0161e \u0161kole koji treniraju kickboxing u Omi\u0161lju i Malinskoj nastupili su u subotu 8. velja\u010de 2025. na me\u0111unarodnom turniru &#8220;12. Zabok Open&#8221; na kojem je s 522 nastupa sudjelovalo 430 natjecatelja iz 59 klubova i 6 dr\u017eava.","og_url":"https:\/\/osnovnaskolamalinskadubasnica.hr\/?p=31442","og_site_name":"Osnovna \u0161kola Malinska-Duba\u0161nica","article_publisher":"https:\/\/www.facebook.com\/osmalinskadubasnica\/","article_published_time":"2025-02-14T00:37:20+00:00","article_modified_time":"2025-02-16T21:47:56+00:00","og_image":[{"width":1916,"height":1080,"url":"https:\/\/osnovnaskolamalinskadubasnica.hr\/wp-content\/uploads\/fiona-fb.jpg","type":"image\/jpeg"}],"author":"O\u0160 Malinska-Duba\u0161nica","twitter_card":"summary_large_image","twitter_misc":{"Napisao\/la":"O\u0160 Malinska-Duba\u0161nica","Procijenjeno vrijeme \u010ditanja":"2 minute"},"schema":{"@context":"https:\/\/schema.org","@graph":[{"@type":"Article","@id":"https:\/\/osnovnaskolamalinskadubasnica.hr\/?p=31442#article","isPartOf":{"@id":"https:\/\/osnovnaskolamalinskadubasnica.hr\/?p=31442"},"author":{"name":"O\u0160 Malinska-Duba\u0161nica","@id":"http:\/\/osnovnaskolamalinskadubasnica.hr\/#\/schema\/person\/ab4ffae0c646af016b083db5e2445e8f"},"headline":"Fiona Dikli\u0107 druga, a Damian Peranovi\u0107 i Fran Petrovi\u0107 peti na me\u0111unarodnom kickboxing turniru u Zaboku","datePublished":"2025-02-14T00:37:20+00:00","dateModified":"2025-02-16T21:47:56+00:00","mainEntityOfPage":{"@id":"https:\/\/osnovnaskolamalinskadubasnica.hr\/?p=31442"},"wordCount":249,"image":{"@id":"https:\/\/osnovnaskolamalinskadubasnica.hr\/?p=31442#primaryimage"},"thumbnailUrl":"http:\/\/osnovnaskolamalinskadubasnica.hr\/wp-content\/uploads\/fiona-web.jpg","keywords":["Ana Znaor Milohni\u0107","Damian Peranovi\u0107","Fiona Dikli\u0107","Fran Petrovi\u0107","kickboxing","Predrag Znaor"],"articleSection":["Sport","Vijesti"],"inLanguage":"hr"},{"@type":"WebPage","@id":"https:\/\/osnovnaskolamalinskadubasnica.hr\/?p=31442","url":"https:\/\/osnovnaskolamalinskadubasnica.hr\/?p=31442","name":"Fiona Dikli\u0107 druga, a Damian Peranovi\u0107 i Fran Petrovi\u0107 peti na me\u0111unarodnom kickboxing turniru u Zaboku - Osnovna \u0161kola Malinska-Duba\u0161nica","isPartOf":{"@id":"http:\/\/osnovnaskolamalinskadubasnica.hr\/#website"},"primaryImageOfPage":{"@id":"https:\/\/osnovnaskolamalinskadubasnica.hr\/?p=31442#primaryimage"},"image":{"@id":"https:\/\/osnovnaskolamalinskadubasnica.hr\/?p=31442#primaryimage"},"thumbnailUrl":"http:\/\/osnovnaskolamalinskadubasnica.hr\/wp-content\/uploads\/fiona-web.jpg","datePublished":"2025-02-14T00:37:20+00:00","dateModified":"2025-02-16T21:47:56+00:00","author":{"@id":"http:\/\/osnovnaskolamalinskadubasnica.hr\/#\/schema\/person\/ab4ffae0c646af016b083db5e2445e8f"},"breadcrumb":{"@id":"https:\/\/osnovnaskolamalinskadubasnica.hr\/?p=31442#breadcrumb"},"inLanguage":"hr","potentialAction":[{"@type":"ReadAction","target":["https:\/\/osnovnaskolamalinskadubasnica.hr\/?p=31442"]}]},{"@type":"ImageObject","inLanguage":"hr","@id":"https:\/\/osnovnaskolamalinskadubasnica.hr\/?p=31442#primaryimage","url":"http:\/\/osnovnaskolamalinskadubasnica.hr\/wp-content\/uploads\/fiona-web.jpg","contentUrl":"http:\/\/osnovnaskolamalinskadubasnica.hr\/wp-content\/uploads\/fiona-web.jpg"},{"@type":"BreadcrumbList","@id":"https:\/\/osnovnaskolamalinskadubasnica.hr\/?p=31442#breadcrumb","itemListElement":[{"@type":"ListItem","position":1,"name":"Po\u010detna stranica","item":"http:\/\/osnovnaskolamalinskadubasnica.hr\/"},{"@type":"ListItem","position":2,"name":"Fiona Dikli\u0107 druga, a Damian Peranovi\u0107 i Fran Petrovi\u0107 peti na me\u0111unarodnom kickboxing turniru u Zaboku"}]},{"@type":"WebSite","@id":"http:\/\/osnovnaskolamalinskadubasnica.hr\/#website","url":"http:\/\/osnovnaskolamalinskadubasnica.hr\/","name":"Osnovna \u0161kola Malinska-Duba\u0161nica","description":"","potentialAction":[{"@type":"SearchAction","target":{"@type":"EntryPoint","urlTemplate":"http:\/\/osnovnaskolamalinskadubasnica.hr\/?s={search_term_string}"},"query-input":{"@type":"PropertyValueSpecification","valueRequired":true,"valueName":"search_term_string"}}],"inLanguage":"hr"},{"@type":"Person","@id":"http:\/\/osnovnaskolamalinskadubasnica.hr\/#\/schema\/person\/ab4ffae0c646af016b083db5e2445e8f","name":"O\u0160 Malinska-Duba\u0161nica","url":"http:\/\/osnovnaskolamalinskadubasnica.hr\/?author=1"}]}},"_links":{"self":[{"href":"http:\/\/osnovnaskolamalinskadubasnica.hr\/index.php?rest_route=\/wp\/v2\/posts\/31442","targetHints":{"allow":["GET"]}}],"collection":[{"href":"http:\/\/osnovnaskolamalinskadubasnica.hr\/index.php?rest_route=\/wp\/v2\/posts"}],"about":[{"href":"http:\/\/osnovnaskolamalinskadubasnica.hr\/index.php?rest_route=\/wp\/v2\/types\/post"}],"author":[{"embeddable":true,"href":"http:\/\/osnovnaskolamalinskadubasnica.hr\/index.php?rest_route=\/wp\/v2\/users\/1"}],"replies":[{"embeddable":true,"href":"http:\/\/osnovnaskolamalinskadubasnica.hr\/index.php?rest_route=%2Fwp%2Fv2%2Fcomments&post=31442"}],"version-history":[{"count":2,"href":"http:\/\/osnovnaskolamalinskadubasnica.hr\/index.php?rest_route=\/wp\/v2\/posts\/31442\/revisions"}],"predecessor-version":[{"id":31494,"href":"http:\/\/osnovnaskolamalinskadubasnica.hr\/index.php?rest_route=\/wp\/v2\/posts\/31442\/revisions\/31494"}],"wp:attachment":[{"href":"http:\/\/osnovnaskolamalinskadubasnica.hr\/index.php?rest_route=%2Fwp%2Fv2%2Fmedia&parent=31442"}],"wp:term":[{"taxonomy":"category","embeddable":true,"href":"http:\/\/osnovnaskolamalinskadubasnica.hr\/index.php?rest_route=%2Fwp%2Fv2%2Fcategories&post=31442"},{"taxonomy":"post_tag","embeddable":true,"href":"http:\/\/osnovnaskolamalinskadubasnica.hr\/index.php?rest_route=%2Fwp%2Fv2%2Ftags&post=31442"}],"curies":[{"name":"wp","href":"https:\/\/api.w.org\/{rel}","templated":true}]}}