{"id":28504,"date":"2024-04-26T20:12:43","date_gmt":"2024-04-26T19:12:43","guid":{"rendered":"https:\/\/osnovnaskolamalinskadubasnica.hr\/?p=28504"},"modified":"2024-04-26T20:20:51","modified_gmt":"2024-04-26T19:20:51","slug":"predstavljanje-srednje-skole-hrvatski-kralj-zvonimir-2","status":"publish","type":"post","link":"http:\/\/osnovnaskolamalinskadubasnica.hr\/?p=28504","title":{"rendered":"Predstavljanje Srednje \u0161kole Hrvatski kralj Zvonimir"},"content":{"rendered":"<p style=\"text-align: justify;\"><span style=\"color: #000000;\"><a href=\"http:\/\/osnovnaskolamalinskadubasnica.hr\/wp-content\/uploads\/srednja-krk-web.jpg\" data-rel=\"lightbox-image-0\" data-rl_title=\"\" data-rl_caption=\"\" title=\"\"><img loading=\"lazy\" decoding=\"async\" class=\"alignleft wp-image-28503\" src=\"http:\/\/osnovnaskolamalinskadubasnica.hr\/wp-content\/uploads\/srednja-krk-web.jpg\" alt=\"\" width=\"272\" height=\"205\" srcset=\"http:\/\/osnovnaskolamalinskadubasnica.hr\/wp-content\/uploads\/srednja-krk-web.jpg 843w, http:\/\/osnovnaskolamalinskadubasnica.hr\/wp-content\/uploads\/srednja-krk-web-768x578.jpg 768w\" sizes=\"auto, (max-width: 272px) 100vw, 272px\" \/><\/a>Mjesec travanj vrijeme je kada u\u010denici osmih razreda intenzivno razmi\u0161ljaju koju \u0107e srednju \u0161kolu upisati. Kako bi im pomogli u odluci te potaknuli one neodlu\u010dne, u\u010denicima su u ponedjeljak 22. travnja predstavljeni programi koje mogu upisati u na\u0161oj oto\u010dkoj srednjoj \u0161koli.<\/span><\/p>\n<p><em><!--more--><\/em><\/p>\n<p style=\"text-align: justify;\"><span style=\"color: #000000;\">Predstavnici Srednje \u0161kole Hrvatski kralj Zvonimir iz Krka do\u0161li su nam u goste te prezentirali svoje programe. Ravnateljica Gordija Marijan pozdravila je u\u010denike te predstavila \u0161kolu kao ustanovu koja omogu\u0107uje svakom u\u010deniku da ostvari svoj potencijal, da sklapa nova poznanstva te napreduje i u\u010di u onom podru\u010dju za koje se opredijeli. \u0160kola je poznata po mobilnosti, putovanjima, raznim natjecanjima i pru\u017eanju prilike svakom u\u010deniku da sebe predstavi izvan granica na\u0161eg otoka, ali i dr\u017eave.\u00a0<\/span><\/p>\n<p style=\"text-align: justify;\"><span style=\"color: #000000;\">Nastavnica ugostiteljskih predmeta Sandra Moro\u017ein predstavila je ugostiteljski program, smjer konobar. Opisala je kako izgleda nastava, da se sastoji od prakti\u010dnog djela te poha\u0111anja nastave. Najkreativnije i najukusnije delicije stvaraju se u njihovom novom ugostiteljskom praktikumu koje nakon stvaranja zajedno degustiraju te daju prijedloge za pobolj\u0161anje. Kako to izgleda rekla nam je u\u010denica 1.razreda ugostiteljskog smjera konobar, Nadia Kosi\u0107. Ispri\u010dala nam je svoje iskustvo promjene programa jer je poha\u0111aju\u0107i gimnazijski program odlu\u010dila da se \u017eeli usavr\u0161avati za zanimanje konobara te uz potporu roditelja u\u010dinila veliku promjenu ve\u0107 na po\u010detku svog srednjo\u0161kolskog obrazovanja. Velika motivacija su joj me\u0111unarodna natjecanja i festivali na kojima ve\u0107 sudjelovala te postigla izvrsne rezultate.<\/span><\/p>\n<p style=\"text-align: justify;\"><span style=\"color: #000000;\">Ravnateljica je zatim pozvala u\u010denike i njihove roditelje na Dan otvorenih vrata srednje \u0161kole Krk koji \u0107e se odr\u017eati u \u010detvrtak 9. svibnja od 15 do 19 sati. U\u010denici \u0107e mo\u0107i iz prve ruke vidjeti i upitati \u0161to ih zanima vezano uz ponu\u0111ene programe.<\/span><\/p>\n<p style=\"text-align: justify;\"><a href=\"http:\/\/osnovnaskolamalinskadubasnica.hr\/wp-content\/uploads\/Plakat-Dan_otvorenih_vrata1_20240421_210901_0000.png\" data-rel=\"lightbox-image-1\" data-rl_title=\"\" data-rl_caption=\"\" title=\"\"><img loading=\"lazy\" decoding=\"async\" class=\"aligncenter size-full wp-image-28501\" src=\"http:\/\/osnovnaskolamalinskadubasnica.hr\/wp-content\/uploads\/Plakat-Dan_otvorenih_vrata1_20240421_210901_0000.png\" alt=\"\" width=\"1512\" height=\"2592\" srcset=\"http:\/\/osnovnaskolamalinskadubasnica.hr\/wp-content\/uploads\/Plakat-Dan_otvorenih_vrata1_20240421_210901_0000.png 1512w, http:\/\/osnovnaskolamalinskadubasnica.hr\/wp-content\/uploads\/Plakat-Dan_otvorenih_vrata1_20240421_210901_0000-768x1317.png 768w, http:\/\/osnovnaskolamalinskadubasnica.hr\/wp-content\/uploads\/Plakat-Dan_otvorenih_vrata1_20240421_210901_0000-896x1536.png 896w, http:\/\/osnovnaskolamalinskadubasnica.hr\/wp-content\/uploads\/Plakat-Dan_otvorenih_vrata1_20240421_210901_0000-1195x2048.png 1195w\" sizes=\"auto, (max-width: 1512px) 100vw, 1512px\" \/><\/a><br \/>\n<span style=\"color: #000000;\">Programi koji se ove godine mogu upisati su: op\u0107a gimnazija, hotelijersko-turisti\u010dki tehni\u010dar, ugostiteljstvo (kuhar i konobar) i\u00a0 strojarstvo (automehani\u010dar i vodoinstalater). Detaljnije o programima mo\u017eete vidjeti na web stranici njihove \u0161kole ili pratiti Facebook stranicu na kojoj je zanimljivo pratiti uspjehe koje posti\u017eu te aktivnosti kojima se bave.<\/span><\/p>\n<p style=\"text-align: justify;\"><span style=\"color: #000000;\">Jo\u0161 mo\u017eemo samo re\u0107i da je jedini i vrlo va\u017ean zadatak na\u0161ih osma\u0161a u ovom trenutku da u\u010de i daju sve od sebe kako bi mogli ostvariti svoje planove te upisati \u017eeljenu srednju \u0161kolu.<\/span><\/p>\n<p style=\"text-align: right;\"><span style=\"color: #000000;\"><em>Ivana Bonifa\u010di\u0107<\/em><\/span><\/p>\n<p><strong><span style=\"color: #800000;\">FOTOGALERIJA<\/span><\/strong><\/p>\n<div id='gallery-1' class='gallery galleryid-28504 gallery-columns-3 gallery-size-thumbnail'><dl class='gallery-item'>\n\t\t\t<dt class='gallery-icon landscape'>\n\t\t\t\t<a href='http:\/\/osnovnaskolamalinskadubasnica.hr\/wp-content\/uploads\/20240422_121448-scaled.jpg' title=\"\" data-rl_title=\"\" class=\"rl-gallery-link\" data-rl_caption=\"\" data-rel=\"lightbox-gallery-1\"><img loading=\"lazy\" decoding=\"async\" width=\"150\" height=\"150\" src=\"http:\/\/osnovnaskolamalinskadubasnica.hr\/wp-content\/uploads\/20240422_121448-150x150.jpg\" class=\"attachment-thumbnail size-thumbnail\" alt=\"\" \/><\/a>\n\t\t\t<\/dt><\/dl><dl class='gallery-item'>\n\t\t\t<dt class='gallery-icon landscape'>\n\t\t\t\t<a href='http:\/\/osnovnaskolamalinskadubasnica.hr\/wp-content\/uploads\/IMG_9559.jpeg' title=\"\" data-rl_title=\"\" class=\"rl-gallery-link\" data-rl_caption=\"\" data-rel=\"lightbox-gallery-1\"><img loading=\"lazy\" decoding=\"async\" width=\"150\" height=\"150\" src=\"http:\/\/osnovnaskolamalinskadubasnica.hr\/wp-content\/uploads\/IMG_9559-150x150.jpeg\" class=\"attachment-thumbnail size-thumbnail\" alt=\"\" \/><\/a>\n\t\t\t<\/dt><\/dl><dl class='gallery-item'>\n\t\t\t<dt class='gallery-icon landscape'>\n\t\t\t\t<a href='http:\/\/osnovnaskolamalinskadubasnica.hr\/wp-content\/uploads\/IMG_9562.jpeg' title=\"\" data-rl_title=\"\" class=\"rl-gallery-link\" data-rl_caption=\"\" data-rel=\"lightbox-gallery-1\"><img loading=\"lazy\" decoding=\"async\" width=\"150\" height=\"150\" src=\"http:\/\/osnovnaskolamalinskadubasnica.hr\/wp-content\/uploads\/IMG_9562-150x150.jpeg\" class=\"attachment-thumbnail size-thumbnail\" alt=\"\" \/><\/a>\n\t\t\t<\/dt><\/dl><br style=\"clear: both\" \/><dl class='gallery-item'>\n\t\t\t<dt class='gallery-icon landscape'>\n\t\t\t\t<a href='http:\/\/osnovnaskolamalinskadubasnica.hr\/wp-content\/uploads\/IMG_9563.jpeg' title=\"\" data-rl_title=\"\" class=\"rl-gallery-link\" data-rl_caption=\"\" data-rel=\"lightbox-gallery-1\"><img loading=\"lazy\" decoding=\"async\" width=\"150\" height=\"150\" src=\"http:\/\/osnovnaskolamalinskadubasnica.hr\/wp-content\/uploads\/IMG_9563-150x150.jpeg\" class=\"attachment-thumbnail size-thumbnail\" alt=\"\" \/><\/a>\n\t\t\t<\/dt><\/dl><dl class='gallery-item'>\n\t\t\t<dt class='gallery-icon landscape'>\n\t\t\t\t<a href='http:\/\/osnovnaskolamalinskadubasnica.hr\/wp-content\/uploads\/20240423_125602-scaled.jpg' title=\"\" data-rl_title=\"\" class=\"rl-gallery-link\" data-rl_caption=\"\" data-rel=\"lightbox-gallery-1\"><img loading=\"lazy\" decoding=\"async\" width=\"150\" height=\"150\" src=\"http:\/\/osnovnaskolamalinskadubasnica.hr\/wp-content\/uploads\/20240423_125602-150x150.jpg\" class=\"attachment-thumbnail size-thumbnail\" alt=\"\" \/><\/a>\n\t\t\t<\/dt><\/dl><dl class='gallery-item'>\n\t\t\t<dt class='gallery-icon portrait'>\n\t\t\t\t<a href='http:\/\/osnovnaskolamalinskadubasnica.hr\/wp-content\/uploads\/Plakat-Dan_otvorenih_vrata1_20240421_210901_0000.png' title=\"\" data-rl_title=\"\" class=\"rl-gallery-link\" data-rl_caption=\"\" data-rel=\"lightbox-gallery-1\"><img loading=\"lazy\" decoding=\"async\" width=\"150\" height=\"150\" src=\"http:\/\/osnovnaskolamalinskadubasnica.hr\/wp-content\/uploads\/Plakat-Dan_otvorenih_vrata1_20240421_210901_0000-150x150.png\" class=\"attachment-thumbnail size-thumbnail\" alt=\"\" \/><\/a>\n\t\t\t<\/dt><\/dl><br style=\"clear: both\" \/>\n\t\t<\/div>\n\n","protected":false},"excerpt":{"rendered":"<p>Mjesec travanj vrijeme je kada u\u010denici osmih razreda intenzivno razmi\u0161ljaju koju \u0107e srednju \u0161kolu upisati. Kako bi im pomogli u odluci te potaknuli one neodlu\u010dne, u\u010denicima su u ponedjeljak 22. travnja predstavljeni programi koje mogu upisati u na\u0161oj oto\u010dkoj srednjoj &hellip; <a href=\"http:\/\/osnovnaskolamalinskadubasnica.hr\/?p=28504\">Nastavi \u010ditati <span class=\"meta-nav\">&rarr;<\/span><\/a><\/p>\n","protected":false},"author":1,"featured_media":0,"comment_status":"closed","ping_status":"closed","sticky":false,"template":"","format":"standard","meta":{"footnotes":""},"categories":[24,9],"tags":[17,1020,303],"class_list":["post-28504","post","type-post","status-publish","format-standard","hentry","category-dogadanja","category-vijesti","tag-osmasi","tag-srednja-skola-krk","tag-upisi-u-srednju"],"yoast_head":"<!-- This site is optimized with the Yoast SEO plugin v27.5 - https:\/\/yoast.com\/product\/yoast-seo-wordpress\/ -->\n<title>Predstavljanje Srednje \u0161kole Hrvatski kralj Zvonimir - Osnovna \u0161kola Malinska-Duba\u0161nica<\/title>\n<meta name=\"robots\" content=\"index, follow, max-snippet:-1, max-image-preview:large, max-video-preview:-1\" \/>\n<link rel=\"canonical\" href=\"https:\/\/osnovnaskolamalinskadubasnica.hr\/?p=28504\" \/>\n<meta property=\"og:locale\" content=\"hr_HR\" \/>\n<meta property=\"og:type\" content=\"article\" \/>\n<meta property=\"og:title\" content=\"Predstavljanje Srednje \u0161kole Hrvatski kralj Zvonimir - Osnovna \u0161kola Malinska-Duba\u0161nica\" \/>\n<meta property=\"og:description\" content=\"Mjesec travanj vrijeme je kada u\u010denici osmih razreda intenzivno razmi\u0161ljaju koju \u0107e srednju \u0161kolu upisati. Kako bi im pomogli u odluci te potaknuli one neodlu\u010dne, u\u010denicima su u ponedjeljak 22. travnja predstavljeni programi koje mogu upisati u na\u0161oj oto\u010dkoj srednjoj &hellip; Nastavi \u010ditati &rarr;\" \/>\n<meta property=\"og:url\" content=\"https:\/\/osnovnaskolamalinskadubasnica.hr\/?p=28504\" \/>\n<meta property=\"og:site_name\" content=\"Osnovna \u0161kola Malinska-Duba\u0161nica\" \/>\n<meta property=\"article:publisher\" content=\"https:\/\/www.facebook.com\/osmalinskadubasnica\/\" \/>\n<meta property=\"article:published_time\" content=\"2024-04-26T19:12:43+00:00\" \/>\n<meta property=\"article:modified_time\" content=\"2024-04-26T19:20:51+00:00\" \/>\n<meta property=\"og:image\" content=\"https:\/\/osnovnaskolamalinskadubasnica.hr\/wp-content\/uploads\/srednja-krk-fb-scaled.jpg\" \/>\n\t<meta property=\"og:image:width\" content=\"2560\" \/>\n\t<meta property=\"og:image:height\" content=\"1564\" \/>\n\t<meta property=\"og:image:type\" content=\"image\/jpeg\" \/>\n<meta name=\"author\" content=\"O\u0160 Malinska-Duba\u0161nica\" \/>\n<meta name=\"twitter:card\" content=\"summary_large_image\" \/>\n<meta name=\"twitter:label1\" content=\"Napisao\/la\" \/>\n\t<meta name=\"twitter:data1\" content=\"O\u0160 Malinska-Duba\u0161nica\" \/>\n\t<meta name=\"twitter:label2\" content=\"Procijenjeno vrijeme \u010ditanja\" \/>\n\t<meta name=\"twitter:data2\" content=\"3 minute\" \/>\n<script type=\"application\/ld+json\" class=\"yoast-schema-graph\">{\"@context\":\"https:\\\/\\\/schema.org\",\"@graph\":[{\"@type\":\"Article\",\"@id\":\"https:\\\/\\\/osnovnaskolamalinskadubasnica.hr\\\/?p=28504#article\",\"isPartOf\":{\"@id\":\"https:\\\/\\\/osnovnaskolamalinskadubasnica.hr\\\/?p=28504\"},\"author\":{\"name\":\"O\u0160 Malinska-Duba\u0161nica\",\"@id\":\"http:\\\/\\\/osnovnaskolamalinskadubasnica.hr\\\/#\\\/schema\\\/person\\\/ab4ffae0c646af016b083db5e2445e8f\"},\"headline\":\"Predstavljanje Srednje \u0161kole Hrvatski kralj Zvonimir\",\"datePublished\":\"2024-04-26T19:12:43+00:00\",\"dateModified\":\"2024-04-26T19:20:51+00:00\",\"mainEntityOfPage\":{\"@id\":\"https:\\\/\\\/osnovnaskolamalinskadubasnica.hr\\\/?p=28504\"},\"wordCount\":404,\"image\":{\"@id\":\"https:\\\/\\\/osnovnaskolamalinskadubasnica.hr\\\/?p=28504#primaryimage\"},\"thumbnailUrl\":\"http:\\\/\\\/osnovnaskolamalinskadubasnica.hr\\\/wp-content\\\/uploads\\\/srednja-krk-web.jpg\",\"keywords\":[\"osma\u0161i\",\"Srednja \u0161kola Krk\",\"upisi u srednju\"],\"articleSection\":[\"Doga\u0111anja\",\"Vijesti\"],\"inLanguage\":\"hr\"},{\"@type\":\"WebPage\",\"@id\":\"https:\\\/\\\/osnovnaskolamalinskadubasnica.hr\\\/?p=28504\",\"url\":\"https:\\\/\\\/osnovnaskolamalinskadubasnica.hr\\\/?p=28504\",\"name\":\"Predstavljanje Srednje \u0161kole Hrvatski kralj Zvonimir - Osnovna \u0161kola Malinska-Duba\u0161nica\",\"isPartOf\":{\"@id\":\"http:\\\/\\\/osnovnaskolamalinskadubasnica.hr\\\/#website\"},\"primaryImageOfPage\":{\"@id\":\"https:\\\/\\\/osnovnaskolamalinskadubasnica.hr\\\/?p=28504#primaryimage\"},\"image\":{\"@id\":\"https:\\\/\\\/osnovnaskolamalinskadubasnica.hr\\\/?p=28504#primaryimage\"},\"thumbnailUrl\":\"http:\\\/\\\/osnovnaskolamalinskadubasnica.hr\\\/wp-content\\\/uploads\\\/srednja-krk-web.jpg\",\"datePublished\":\"2024-04-26T19:12:43+00:00\",\"dateModified\":\"2024-04-26T19:20:51+00:00\",\"author\":{\"@id\":\"http:\\\/\\\/osnovnaskolamalinskadubasnica.hr\\\/#\\\/schema\\\/person\\\/ab4ffae0c646af016b083db5e2445e8f\"},\"breadcrumb\":{\"@id\":\"https:\\\/\\\/osnovnaskolamalinskadubasnica.hr\\\/?p=28504#breadcrumb\"},\"inLanguage\":\"hr\",\"potentialAction\":[{\"@type\":\"ReadAction\",\"target\":[\"https:\\\/\\\/osnovnaskolamalinskadubasnica.hr\\\/?p=28504\"]}]},{\"@type\":\"ImageObject\",\"inLanguage\":\"hr\",\"@id\":\"https:\\\/\\\/osnovnaskolamalinskadubasnica.hr\\\/?p=28504#primaryimage\",\"url\":\"http:\\\/\\\/osnovnaskolamalinskadubasnica.hr\\\/wp-content\\\/uploads\\\/srednja-krk-web.jpg\",\"contentUrl\":\"http:\\\/\\\/osnovnaskolamalinskadubasnica.hr\\\/wp-content\\\/uploads\\\/srednja-krk-web.jpg\"},{\"@type\":\"BreadcrumbList\",\"@id\":\"https:\\\/\\\/osnovnaskolamalinskadubasnica.hr\\\/?p=28504#breadcrumb\",\"itemListElement\":[{\"@type\":\"ListItem\",\"position\":1,\"name\":\"Po\u010detna stranica\",\"item\":\"http:\\\/\\\/osnovnaskolamalinskadubasnica.hr\\\/\"},{\"@type\":\"ListItem\",\"position\":2,\"name\":\"Predstavljanje Srednje \u0161kole Hrvatski kralj Zvonimir\"}]},{\"@type\":\"WebSite\",\"@id\":\"http:\\\/\\\/osnovnaskolamalinskadubasnica.hr\\\/#website\",\"url\":\"http:\\\/\\\/osnovnaskolamalinskadubasnica.hr\\\/\",\"name\":\"Osnovna \u0161kola Malinska-Duba\u0161nica\",\"description\":\"\",\"potentialAction\":[{\"@type\":\"SearchAction\",\"target\":{\"@type\":\"EntryPoint\",\"urlTemplate\":\"http:\\\/\\\/osnovnaskolamalinskadubasnica.hr\\\/?s={search_term_string}\"},\"query-input\":{\"@type\":\"PropertyValueSpecification\",\"valueRequired\":true,\"valueName\":\"search_term_string\"}}],\"inLanguage\":\"hr\"},{\"@type\":\"Person\",\"@id\":\"http:\\\/\\\/osnovnaskolamalinskadubasnica.hr\\\/#\\\/schema\\\/person\\\/ab4ffae0c646af016b083db5e2445e8f\",\"name\":\"O\u0160 Malinska-Duba\u0161nica\",\"url\":\"http:\\\/\\\/osnovnaskolamalinskadubasnica.hr\\\/?author=1\"}]}<\/script>\n<!-- \/ Yoast SEO plugin. -->","yoast_head_json":{"title":"Predstavljanje Srednje \u0161kole Hrvatski kralj Zvonimir - Osnovna \u0161kola Malinska-Duba\u0161nica","robots":{"index":"index","follow":"follow","max-snippet":"max-snippet:-1","max-image-preview":"max-image-preview:large","max-video-preview":"max-video-preview:-1"},"canonical":"https:\/\/osnovnaskolamalinskadubasnica.hr\/?p=28504","og_locale":"hr_HR","og_type":"article","og_title":"Predstavljanje Srednje \u0161kole Hrvatski kralj Zvonimir - Osnovna \u0161kola Malinska-Duba\u0161nica","og_description":"Mjesec travanj vrijeme je kada u\u010denici osmih razreda intenzivno razmi\u0161ljaju koju \u0107e srednju \u0161kolu upisati. Kako bi im pomogli u odluci te potaknuli one neodlu\u010dne, u\u010denicima su u ponedjeljak 22. travnja predstavljeni programi koje mogu upisati u na\u0161oj oto\u010dkoj srednjoj &hellip; Nastavi \u010ditati &rarr;","og_url":"https:\/\/osnovnaskolamalinskadubasnica.hr\/?p=28504","og_site_name":"Osnovna \u0161kola Malinska-Duba\u0161nica","article_publisher":"https:\/\/www.facebook.com\/osmalinskadubasnica\/","article_published_time":"2024-04-26T19:12:43+00:00","article_modified_time":"2024-04-26T19:20:51+00:00","og_image":[{"width":2560,"height":1564,"url":"https:\/\/osnovnaskolamalinskadubasnica.hr\/wp-content\/uploads\/srednja-krk-fb-scaled.jpg","type":"image\/jpeg"}],"author":"O\u0160 Malinska-Duba\u0161nica","twitter_card":"summary_large_image","twitter_misc":{"Napisao\/la":"O\u0160 Malinska-Duba\u0161nica","Procijenjeno vrijeme \u010ditanja":"3 minute"},"schema":{"@context":"https:\/\/schema.org","@graph":[{"@type":"Article","@id":"https:\/\/osnovnaskolamalinskadubasnica.hr\/?p=28504#article","isPartOf":{"@id":"https:\/\/osnovnaskolamalinskadubasnica.hr\/?p=28504"},"author":{"name":"O\u0160 Malinska-Duba\u0161nica","@id":"http:\/\/osnovnaskolamalinskadubasnica.hr\/#\/schema\/person\/ab4ffae0c646af016b083db5e2445e8f"},"headline":"Predstavljanje Srednje \u0161kole Hrvatski kralj Zvonimir","datePublished":"2024-04-26T19:12:43+00:00","dateModified":"2024-04-26T19:20:51+00:00","mainEntityOfPage":{"@id":"https:\/\/osnovnaskolamalinskadubasnica.hr\/?p=28504"},"wordCount":404,"image":{"@id":"https:\/\/osnovnaskolamalinskadubasnica.hr\/?p=28504#primaryimage"},"thumbnailUrl":"http:\/\/osnovnaskolamalinskadubasnica.hr\/wp-content\/uploads\/srednja-krk-web.jpg","keywords":["osma\u0161i","Srednja \u0161kola Krk","upisi u srednju"],"articleSection":["Doga\u0111anja","Vijesti"],"inLanguage":"hr"},{"@type":"WebPage","@id":"https:\/\/osnovnaskolamalinskadubasnica.hr\/?p=28504","url":"https:\/\/osnovnaskolamalinskadubasnica.hr\/?p=28504","name":"Predstavljanje Srednje \u0161kole Hrvatski kralj Zvonimir - Osnovna \u0161kola Malinska-Duba\u0161nica","isPartOf":{"@id":"http:\/\/osnovnaskolamalinskadubasnica.hr\/#website"},"primaryImageOfPage":{"@id":"https:\/\/osnovnaskolamalinskadubasnica.hr\/?p=28504#primaryimage"},"image":{"@id":"https:\/\/osnovnaskolamalinskadubasnica.hr\/?p=28504#primaryimage"},"thumbnailUrl":"http:\/\/osnovnaskolamalinskadubasnica.hr\/wp-content\/uploads\/srednja-krk-web.jpg","datePublished":"2024-04-26T19:12:43+00:00","dateModified":"2024-04-26T19:20:51+00:00","author":{"@id":"http:\/\/osnovnaskolamalinskadubasnica.hr\/#\/schema\/person\/ab4ffae0c646af016b083db5e2445e8f"},"breadcrumb":{"@id":"https:\/\/osnovnaskolamalinskadubasnica.hr\/?p=28504#breadcrumb"},"inLanguage":"hr","potentialAction":[{"@type":"ReadAction","target":["https:\/\/osnovnaskolamalinskadubasnica.hr\/?p=28504"]}]},{"@type":"ImageObject","inLanguage":"hr","@id":"https:\/\/osnovnaskolamalinskadubasnica.hr\/?p=28504#primaryimage","url":"http:\/\/osnovnaskolamalinskadubasnica.hr\/wp-content\/uploads\/srednja-krk-web.jpg","contentUrl":"http:\/\/osnovnaskolamalinskadubasnica.hr\/wp-content\/uploads\/srednja-krk-web.jpg"},{"@type":"BreadcrumbList","@id":"https:\/\/osnovnaskolamalinskadubasnica.hr\/?p=28504#breadcrumb","itemListElement":[{"@type":"ListItem","position":1,"name":"Po\u010detna stranica","item":"http:\/\/osnovnaskolamalinskadubasnica.hr\/"},{"@type":"ListItem","position":2,"name":"Predstavljanje Srednje \u0161kole Hrvatski kralj Zvonimir"}]},{"@type":"WebSite","@id":"http:\/\/osnovnaskolamalinskadubasnica.hr\/#website","url":"http:\/\/osnovnaskolamalinskadubasnica.hr\/","name":"Osnovna \u0161kola Malinska-Duba\u0161nica","description":"","potentialAction":[{"@type":"SearchAction","target":{"@type":"EntryPoint","urlTemplate":"http:\/\/osnovnaskolamalinskadubasnica.hr\/?s={search_term_string}"},"query-input":{"@type":"PropertyValueSpecification","valueRequired":true,"valueName":"search_term_string"}}],"inLanguage":"hr"},{"@type":"Person","@id":"http:\/\/osnovnaskolamalinskadubasnica.hr\/#\/schema\/person\/ab4ffae0c646af016b083db5e2445e8f","name":"O\u0160 Malinska-Duba\u0161nica","url":"http:\/\/osnovnaskolamalinskadubasnica.hr\/?author=1"}]}},"_links":{"self":[{"href":"http:\/\/osnovnaskolamalinskadubasnica.hr\/index.php?rest_route=\/wp\/v2\/posts\/28504","targetHints":{"allow":["GET"]}}],"collection":[{"href":"http:\/\/osnovnaskolamalinskadubasnica.hr\/index.php?rest_route=\/wp\/v2\/posts"}],"about":[{"href":"http:\/\/osnovnaskolamalinskadubasnica.hr\/index.php?rest_route=\/wp\/v2\/types\/post"}],"author":[{"embeddable":true,"href":"http:\/\/osnovnaskolamalinskadubasnica.hr\/index.php?rest_route=\/wp\/v2\/users\/1"}],"replies":[{"embeddable":true,"href":"http:\/\/osnovnaskolamalinskadubasnica.hr\/index.php?rest_route=%2Fwp%2Fv2%2Fcomments&post=28504"}],"version-history":[{"count":2,"href":"http:\/\/osnovnaskolamalinskadubasnica.hr\/index.php?rest_route=\/wp\/v2\/posts\/28504\/revisions"}],"predecessor-version":[{"id":28506,"href":"http:\/\/osnovnaskolamalinskadubasnica.hr\/index.php?rest_route=\/wp\/v2\/posts\/28504\/revisions\/28506"}],"wp:attachment":[{"href":"http:\/\/osnovnaskolamalinskadubasnica.hr\/index.php?rest_route=%2Fwp%2Fv2%2Fmedia&parent=28504"}],"wp:term":[{"taxonomy":"category","embeddable":true,"href":"http:\/\/osnovnaskolamalinskadubasnica.hr\/index.php?rest_route=%2Fwp%2Fv2%2Fcategories&post=28504"},{"taxonomy":"post_tag","embeddable":true,"href":"http:\/\/osnovnaskolamalinskadubasnica.hr\/index.php?rest_route=%2Fwp%2Fv2%2Ftags&post=28504"}],"curies":[{"name":"wp","href":"https:\/\/api.w.org\/{rel}","templated":true}]}}