{"id":28051,"date":"2024-03-12T19:37:29","date_gmt":"2024-03-12T18:37:29","guid":{"rendered":"https:\/\/osnovnaskolamalinskadubasnica.hr\/?p=28051"},"modified":"2024-03-12T19:49:00","modified_gmt":"2024-03-12T18:49:00","slug":"edukacija-pruzanja-prve-pomoci","status":"publish","type":"post","link":"http:\/\/osnovnaskolamalinskadubasnica.hr\/?p=28051","title":{"rendered":"Edukacija pru\u017eanja prve pomo\u0107i"},"content":{"rendered":"<p style=\"text-align: justify;\"><span style=\"color: #000000;\"><a href=\"http:\/\/osnovnaskolamalinskadubasnica.hr\/wp-content\/uploads\/prva-pomoc-web.jpg\" data-rel=\"lightbox-image-0\" data-rl_title=\"\" data-rl_caption=\"\" title=\"\"><img loading=\"lazy\" decoding=\"async\" class=\"alignleft wp-image-28052\" src=\"http:\/\/osnovnaskolamalinskadubasnica.hr\/wp-content\/uploads\/prva-pomoc-web.jpg\" alt=\"\" width=\"272\" height=\"204\" srcset=\"http:\/\/osnovnaskolamalinskadubasnica.hr\/wp-content\/uploads\/prva-pomoc-web.jpg 845w, http:\/\/osnovnaskolamalinskadubasnica.hr\/wp-content\/uploads\/prva-pomoc-web-768x576.jpg 768w\" sizes=\"auto, (max-width: 272px) 100vw, 272px\" \/><\/a>U ponedjeljak, 11. o\u017eujka 2024. godine, u O\u0160 Malinska-Duba\u0161nica odr\u017eana je edukacija pru\u017eanja prve pomo\u0107i za djelatnike u organizaciji Gradskog dru\u0161tva Crveni kri\u017e Krk.<\/span><\/p>\n<p><em><!--more--><\/em><\/p>\n<p style=\"text-align: justify;\"><span style=\"color: #000000;\">Prva pomo\u0107 je skup postupaka kojima poma\u017eemo ozlije\u0111enoj ili naglo oboljeloj osobi do dolaska stru\u010dne medicinske pomo\u0107i. Prije svega, prilikom pru\u017eanja prve pomo\u0107i, neophodno je paziti na sigurnost svih sudionika i svoju sigurnost te smiriti sebe i prisutne kako se ne bi stvorila dodatna panika.<\/span><\/p>\n<p style=\"text-align: justify;\"><span style=\"color: #000000;\">Dr. Kon\u010darevi\u0107 sve je djelatnike podsjetila na postupke o kojima mo\u017ee ovisiti ne\u010diji \u017eivot. Postupak reanimacije lutke uz vodstvo su doktorice mogli isprobati svi djelatnici \u0161to su rado i u\u010dinili. Potom su kolegice me\u0111usobno jedna na dugoj isprobavale stabilan bo\u010dni polo\u017eaj u koji se postavlja osobu bez svijesti kako ne bi do\u0161lo do gu\u0161enja. Dr. Kon\u010darevi\u0107 naglasila je i postupke u slu\u010daju epilepti\u010dkog napada, reakcije u slu\u010daju varijacija \u0161e\u0107era te dva klju\u010dna zahvata kod gu\u0161enja.<\/span><\/p>\n<p style=\"text-align: justify;\"><span style=\"color: #000000;\">Edukacija se prve pomo\u0107i u osnovnim \u0161kolama provodi u sklopu \u0161kolskog preventivnog programa, minimalno jednom u dvije godine u skladu s Pravilnikom o na\u010dinu postupanja odgojno-obrazovnih radnika \u0161kolskih ustanova u poduzimanju mjera za\u0161tite prava u\u010denika te prijave svakog kr\u0161enja tih prava nadle\u017enim tijelima. Iako su gotovo svi djelatnici ve\u0107 prisustvovali ovakvim edukacijama, prema pozitivnim reakcijama i zainteresiranosti prisutnih jasno je da ih je neophodno redovito ponavljati.\u00a0<\/span><\/p>\n<p style=\"text-align: right;\"><em><span style=\"color: #000000;\">Matea Mrakov\u010di\u0107 Kosi\u0107<\/span><\/em><\/p>\n<p><strong><span style=\"color: #800000;\">FOTOGALERIJA<\/span><\/strong><\/p>\n<div id='gallery-1' class='gallery galleryid-28051 gallery-columns-2 gallery-size-medium'><dl class='gallery-item'>\n\t\t\t<dt class='gallery-icon landscape'>\n\t\t\t\t<a href='http:\/\/osnovnaskolamalinskadubasnica.hr\/wp-content\/uploads\/viber_slika_2024-03-11_18-20-22-027-scaled.jpg' title=\"\" data-rl_title=\"\" class=\"rl-gallery-link\" data-rl_caption=\"\" data-rel=\"lightbox-gallery-1\"><img loading=\"lazy\" decoding=\"async\" width=\"2560\" height=\"1920\" src=\"http:\/\/osnovnaskolamalinskadubasnica.hr\/wp-content\/uploads\/viber_slika_2024-03-11_18-20-22-027-scaled.jpg\" class=\"attachment-medium size-medium\" alt=\"\" srcset=\"http:\/\/osnovnaskolamalinskadubasnica.hr\/wp-content\/uploads\/viber_slika_2024-03-11_18-20-22-027-scaled.jpg 2560w, http:\/\/osnovnaskolamalinskadubasnica.hr\/wp-content\/uploads\/viber_slika_2024-03-11_18-20-22-027-768x576.jpg 768w, http:\/\/osnovnaskolamalinskadubasnica.hr\/wp-content\/uploads\/viber_slika_2024-03-11_18-20-22-027-1536x1152.jpg 1536w, http:\/\/osnovnaskolamalinskadubasnica.hr\/wp-content\/uploads\/viber_slika_2024-03-11_18-20-22-027-2048x1536.jpg 2048w\" sizes=\"auto, (max-width: 2560px) 100vw, 2560px\" \/><\/a>\n\t\t\t<\/dt><\/dl><dl class='gallery-item'>\n\t\t\t<dt class='gallery-icon landscape'>\n\t\t\t\t<a href='http:\/\/osnovnaskolamalinskadubasnica.hr\/wp-content\/uploads\/viber_slika_2024-03-11_18-20-26-995.jpg' title=\"\" data-rl_title=\"\" class=\"rl-gallery-link\" data-rl_caption=\"\" data-rel=\"lightbox-gallery-1\"><img loading=\"lazy\" decoding=\"async\" width=\"1600\" height=\"1200\" src=\"http:\/\/osnovnaskolamalinskadubasnica.hr\/wp-content\/uploads\/viber_slika_2024-03-11_18-20-26-995.jpg\" class=\"attachment-medium size-medium\" alt=\"\" srcset=\"http:\/\/osnovnaskolamalinskadubasnica.hr\/wp-content\/uploads\/viber_slika_2024-03-11_18-20-26-995.jpg 1600w, http:\/\/osnovnaskolamalinskadubasnica.hr\/wp-content\/uploads\/viber_slika_2024-03-11_18-20-26-995-768x576.jpg 768w, http:\/\/osnovnaskolamalinskadubasnica.hr\/wp-content\/uploads\/viber_slika_2024-03-11_18-20-26-995-1536x1152.jpg 1536w\" sizes=\"auto, (max-width: 1600px) 100vw, 1600px\" \/><\/a>\n\t\t\t<\/dt><\/dl><br style=\"clear: both\" \/><dl class='gallery-item'>\n\t\t\t<dt class='gallery-icon landscape'>\n\t\t\t\t<a href='http:\/\/osnovnaskolamalinskadubasnica.hr\/wp-content\/uploads\/viber_slika_2024-03-12_15-11-39-396.jpg' title=\"\" data-rl_title=\"\" class=\"rl-gallery-link\" data-rl_caption=\"\" data-rel=\"lightbox-gallery-1\"><img loading=\"lazy\" decoding=\"async\" width=\"1600\" height=\"1200\" src=\"http:\/\/osnovnaskolamalinskadubasnica.hr\/wp-content\/uploads\/viber_slika_2024-03-12_15-11-39-396.jpg\" class=\"attachment-medium size-medium\" alt=\"\" srcset=\"http:\/\/osnovnaskolamalinskadubasnica.hr\/wp-content\/uploads\/viber_slika_2024-03-12_15-11-39-396.jpg 1600w, http:\/\/osnovnaskolamalinskadubasnica.hr\/wp-content\/uploads\/viber_slika_2024-03-12_15-11-39-396-768x576.jpg 768w, http:\/\/osnovnaskolamalinskadubasnica.hr\/wp-content\/uploads\/viber_slika_2024-03-12_15-11-39-396-1536x1152.jpg 1536w\" sizes=\"auto, (max-width: 1600px) 100vw, 1600px\" \/><\/a>\n\t\t\t<\/dt><\/dl><dl class='gallery-item'>\n\t\t\t<dt class='gallery-icon landscape'>\n\t\t\t\t<a href='http:\/\/osnovnaskolamalinskadubasnica.hr\/wp-content\/uploads\/viber_slika_2024-03-12_15-11-39-624.jpg' title=\"\" data-rl_title=\"\" class=\"rl-gallery-link\" data-rl_caption=\"\" data-rel=\"lightbox-gallery-1\"><img loading=\"lazy\" decoding=\"async\" width=\"1600\" height=\"1200\" src=\"http:\/\/osnovnaskolamalinskadubasnica.hr\/wp-content\/uploads\/viber_slika_2024-03-12_15-11-39-624.jpg\" class=\"attachment-medium size-medium\" alt=\"\" srcset=\"http:\/\/osnovnaskolamalinskadubasnica.hr\/wp-content\/uploads\/viber_slika_2024-03-12_15-11-39-624.jpg 1600w, http:\/\/osnovnaskolamalinskadubasnica.hr\/wp-content\/uploads\/viber_slika_2024-03-12_15-11-39-624-768x576.jpg 768w, http:\/\/osnovnaskolamalinskadubasnica.hr\/wp-content\/uploads\/viber_slika_2024-03-12_15-11-39-624-1536x1152.jpg 1536w\" sizes=\"auto, (max-width: 1600px) 100vw, 1600px\" \/><\/a>\n\t\t\t<\/dt><\/dl><br style=\"clear: both\" \/><dl class='gallery-item'>\n\t\t\t<dt class='gallery-icon landscape'>\n\t\t\t\t<a href='http:\/\/osnovnaskolamalinskadubasnica.hr\/wp-content\/uploads\/viber_slika_2024-03-11_18-20-27-907.jpg' title=\"\" data-rl_title=\"\" class=\"rl-gallery-link\" data-rl_caption=\"\" data-rel=\"lightbox-gallery-1\"><img loading=\"lazy\" decoding=\"async\" width=\"1600\" height=\"1200\" src=\"http:\/\/osnovnaskolamalinskadubasnica.hr\/wp-content\/uploads\/viber_slika_2024-03-11_18-20-27-907.jpg\" class=\"attachment-medium size-medium\" alt=\"\" srcset=\"http:\/\/osnovnaskolamalinskadubasnica.hr\/wp-content\/uploads\/viber_slika_2024-03-11_18-20-27-907.jpg 1600w, http:\/\/osnovnaskolamalinskadubasnica.hr\/wp-content\/uploads\/viber_slika_2024-03-11_18-20-27-907-768x576.jpg 768w, http:\/\/osnovnaskolamalinskadubasnica.hr\/wp-content\/uploads\/viber_slika_2024-03-11_18-20-27-907-1536x1152.jpg 1536w\" sizes=\"auto, (max-width: 1600px) 100vw, 1600px\" \/><\/a>\n\t\t\t<\/dt><\/dl><dl class='gallery-item'>\n\t\t\t<dt class='gallery-icon landscape'>\n\t\t\t\t<a href='http:\/\/osnovnaskolamalinskadubasnica.hr\/wp-content\/uploads\/viber_slika_2024-03-11_18-20-28-272.jpg' title=\"\" data-rl_title=\"\" class=\"rl-gallery-link\" data-rl_caption=\"\" data-rel=\"lightbox-gallery-1\"><img loading=\"lazy\" decoding=\"async\" width=\"1600\" height=\"1200\" src=\"http:\/\/osnovnaskolamalinskadubasnica.hr\/wp-content\/uploads\/viber_slika_2024-03-11_18-20-28-272.jpg\" class=\"attachment-medium size-medium\" alt=\"\" srcset=\"http:\/\/osnovnaskolamalinskadubasnica.hr\/wp-content\/uploads\/viber_slika_2024-03-11_18-20-28-272.jpg 1600w, http:\/\/osnovnaskolamalinskadubasnica.hr\/wp-content\/uploads\/viber_slika_2024-03-11_18-20-28-272-768x576.jpg 768w, http:\/\/osnovnaskolamalinskadubasnica.hr\/wp-content\/uploads\/viber_slika_2024-03-11_18-20-28-272-1536x1152.jpg 1536w\" sizes=\"auto, (max-width: 1600px) 100vw, 1600px\" \/><\/a>\n\t\t\t<\/dt><\/dl><br style=\"clear: both\" \/><dl class='gallery-item'>\n\t\t\t<dt class='gallery-icon landscape'>\n\t\t\t\t<a href='http:\/\/osnovnaskolamalinskadubasnica.hr\/wp-content\/uploads\/viber_slika_2024-03-11_18-20-28-576.jpg' title=\"\" data-rl_title=\"\" class=\"rl-gallery-link\" data-rl_caption=\"\" data-rel=\"lightbox-gallery-1\"><img loading=\"lazy\" decoding=\"async\" width=\"1600\" height=\"1200\" src=\"http:\/\/osnovnaskolamalinskadubasnica.hr\/wp-content\/uploads\/viber_slika_2024-03-11_18-20-28-576.jpg\" class=\"attachment-medium size-medium\" alt=\"\" srcset=\"http:\/\/osnovnaskolamalinskadubasnica.hr\/wp-content\/uploads\/viber_slika_2024-03-11_18-20-28-576.jpg 1600w, http:\/\/osnovnaskolamalinskadubasnica.hr\/wp-content\/uploads\/viber_slika_2024-03-11_18-20-28-576-768x576.jpg 768w, http:\/\/osnovnaskolamalinskadubasnica.hr\/wp-content\/uploads\/viber_slika_2024-03-11_18-20-28-576-1536x1152.jpg 1536w\" sizes=\"auto, (max-width: 1600px) 100vw, 1600px\" \/><\/a>\n\t\t\t<\/dt><\/dl><dl class='gallery-item'>\n\t\t\t<dt class='gallery-icon landscape'>\n\t\t\t\t<a href='http:\/\/osnovnaskolamalinskadubasnica.hr\/wp-content\/uploads\/viber_slika_2024-03-11_18-20-29-263.jpg' title=\"\" data-rl_title=\"\" class=\"rl-gallery-link\" data-rl_caption=\"\" data-rel=\"lightbox-gallery-1\"><img loading=\"lazy\" decoding=\"async\" width=\"1600\" height=\"1200\" src=\"http:\/\/osnovnaskolamalinskadubasnica.hr\/wp-content\/uploads\/viber_slika_2024-03-11_18-20-29-263.jpg\" class=\"attachment-medium size-medium\" alt=\"\" srcset=\"http:\/\/osnovnaskolamalinskadubasnica.hr\/wp-content\/uploads\/viber_slika_2024-03-11_18-20-29-263.jpg 1600w, http:\/\/osnovnaskolamalinskadubasnica.hr\/wp-content\/uploads\/viber_slika_2024-03-11_18-20-29-263-768x576.jpg 768w, http:\/\/osnovnaskolamalinskadubasnica.hr\/wp-content\/uploads\/viber_slika_2024-03-11_18-20-29-263-1536x1152.jpg 1536w\" sizes=\"auto, (max-width: 1600px) 100vw, 1600px\" \/><\/a>\n\t\t\t<\/dt><\/dl><br style=\"clear: both\" \/><dl class='gallery-item'>\n\t\t\t<dt class='gallery-icon portrait'>\n\t\t\t\t<a href='http:\/\/osnovnaskolamalinskadubasnica.hr\/wp-content\/uploads\/viber_slika_2024-03-11_18-20-27-452.jpg' title=\"\" data-rl_title=\"\" class=\"rl-gallery-link\" data-rl_caption=\"\" data-rel=\"lightbox-gallery-1\"><img loading=\"lazy\" decoding=\"async\" width=\"1200\" height=\"1600\" src=\"http:\/\/osnovnaskolamalinskadubasnica.hr\/wp-content\/uploads\/viber_slika_2024-03-11_18-20-27-452.jpg\" class=\"attachment-medium size-medium\" alt=\"\" srcset=\"http:\/\/osnovnaskolamalinskadubasnica.hr\/wp-content\/uploads\/viber_slika_2024-03-11_18-20-27-452.jpg 1200w, http:\/\/osnovnaskolamalinskadubasnica.hr\/wp-content\/uploads\/viber_slika_2024-03-11_18-20-27-452-768x1024.jpg 768w, http:\/\/osnovnaskolamalinskadubasnica.hr\/wp-content\/uploads\/viber_slika_2024-03-11_18-20-27-452-1152x1536.jpg 1152w\" sizes=\"auto, (max-width: 1200px) 100vw, 1200px\" \/><\/a>\n\t\t\t<\/dt><\/dl><dl class='gallery-item'>\n\t\t\t<dt class='gallery-icon portrait'>\n\t\t\t\t<a href='http:\/\/osnovnaskolamalinskadubasnica.hr\/wp-content\/uploads\/viber_slika_2024-03-11_18-20-29-605.jpg' title=\"\" data-rl_title=\"\" class=\"rl-gallery-link\" data-rl_caption=\"\" data-rel=\"lightbox-gallery-1\"><img loading=\"lazy\" decoding=\"async\" width=\"1200\" height=\"1600\" src=\"http:\/\/osnovnaskolamalinskadubasnica.hr\/wp-content\/uploads\/viber_slika_2024-03-11_18-20-29-605.jpg\" class=\"attachment-medium size-medium\" alt=\"\" srcset=\"http:\/\/osnovnaskolamalinskadubasnica.hr\/wp-content\/uploads\/viber_slika_2024-03-11_18-20-29-605.jpg 1200w, http:\/\/osnovnaskolamalinskadubasnica.hr\/wp-content\/uploads\/viber_slika_2024-03-11_18-20-29-605-768x1024.jpg 768w, http:\/\/osnovnaskolamalinskadubasnica.hr\/wp-content\/uploads\/viber_slika_2024-03-11_18-20-29-605-1152x1536.jpg 1152w\" sizes=\"auto, (max-width: 1200px) 100vw, 1200px\" \/><\/a>\n\t\t\t<\/dt><\/dl><br style=\"clear: both\" \/><dl class='gallery-item'>\n\t\t\t<dt class='gallery-icon landscape'>\n\t\t\t\t<a href='http:\/\/osnovnaskolamalinskadubasnica.hr\/wp-content\/uploads\/viber_slika_2024-03-12_15-11-36-627-scaled.jpg' title=\"\" data-rl_title=\"\" class=\"rl-gallery-link\" data-rl_caption=\"\" data-rel=\"lightbox-gallery-1\"><img loading=\"lazy\" decoding=\"async\" width=\"2560\" height=\"1920\" src=\"http:\/\/osnovnaskolamalinskadubasnica.hr\/wp-content\/uploads\/viber_slika_2024-03-12_15-11-36-627-scaled.jpg\" class=\"attachment-medium size-medium\" alt=\"\" srcset=\"http:\/\/osnovnaskolamalinskadubasnica.hr\/wp-content\/uploads\/viber_slika_2024-03-12_15-11-36-627-scaled.jpg 2560w, http:\/\/osnovnaskolamalinskadubasnica.hr\/wp-content\/uploads\/viber_slika_2024-03-12_15-11-36-627-768x576.jpg 768w, http:\/\/osnovnaskolamalinskadubasnica.hr\/wp-content\/uploads\/viber_slika_2024-03-12_15-11-36-627-1536x1152.jpg 1536w, http:\/\/osnovnaskolamalinskadubasnica.hr\/wp-content\/uploads\/viber_slika_2024-03-12_15-11-36-627-2048x1536.jpg 2048w\" sizes=\"auto, (max-width: 2560px) 100vw, 2560px\" \/><\/a>\n\t\t\t<\/dt><\/dl><dl class='gallery-item'>\n\t\t\t<dt class='gallery-icon landscape'>\n\t\t\t\t<a href='http:\/\/osnovnaskolamalinskadubasnica.hr\/wp-content\/uploads\/viber_slika_2024-03-12_15-11-37-761.jpg' title=\"\" data-rl_title=\"\" class=\"rl-gallery-link\" data-rl_caption=\"\" data-rel=\"lightbox-gallery-1\"><img loading=\"lazy\" decoding=\"async\" width=\"1600\" height=\"1200\" src=\"http:\/\/osnovnaskolamalinskadubasnica.hr\/wp-content\/uploads\/viber_slika_2024-03-12_15-11-37-761.jpg\" class=\"attachment-medium size-medium\" alt=\"\" srcset=\"http:\/\/osnovnaskolamalinskadubasnica.hr\/wp-content\/uploads\/viber_slika_2024-03-12_15-11-37-761.jpg 1600w, http:\/\/osnovnaskolamalinskadubasnica.hr\/wp-content\/uploads\/viber_slika_2024-03-12_15-11-37-761-768x576.jpg 768w, http:\/\/osnovnaskolamalinskadubasnica.hr\/wp-content\/uploads\/viber_slika_2024-03-12_15-11-37-761-1536x1152.jpg 1536w\" sizes=\"auto, (max-width: 1600px) 100vw, 1600px\" \/><\/a>\n\t\t\t<\/dt><\/dl><br style=\"clear: both\" \/><dl class='gallery-item'>\n\t\t\t<dt class='gallery-icon landscape'>\n\t\t\t\t<a href='http:\/\/osnovnaskolamalinskadubasnica.hr\/wp-content\/uploads\/viber_slika_2024-03-12_15-11-37-981.jpg' title=\"\" data-rl_title=\"\" class=\"rl-gallery-link\" data-rl_caption=\"\" data-rel=\"lightbox-gallery-1\"><img loading=\"lazy\" decoding=\"async\" width=\"1600\" height=\"1200\" src=\"http:\/\/osnovnaskolamalinskadubasnica.hr\/wp-content\/uploads\/viber_slika_2024-03-12_15-11-37-981.jpg\" class=\"attachment-medium size-medium\" alt=\"\" srcset=\"http:\/\/osnovnaskolamalinskadubasnica.hr\/wp-content\/uploads\/viber_slika_2024-03-12_15-11-37-981.jpg 1600w, http:\/\/osnovnaskolamalinskadubasnica.hr\/wp-content\/uploads\/viber_slika_2024-03-12_15-11-37-981-768x576.jpg 768w, http:\/\/osnovnaskolamalinskadubasnica.hr\/wp-content\/uploads\/viber_slika_2024-03-12_15-11-37-981-1536x1152.jpg 1536w\" sizes=\"auto, (max-width: 1600px) 100vw, 1600px\" \/><\/a>\n\t\t\t<\/dt><\/dl><dl class='gallery-item'>\n\t\t\t<dt class='gallery-icon landscape'>\n\t\t\t\t<a href='http:\/\/osnovnaskolamalinskadubasnica.hr\/wp-content\/uploads\/viber_slika_2024-03-12_15-11-39-009.jpg' title=\"\" data-rl_title=\"\" class=\"rl-gallery-link\" data-rl_caption=\"\" data-rel=\"lightbox-gallery-1\"><img loading=\"lazy\" decoding=\"async\" width=\"1600\" height=\"1200\" src=\"http:\/\/osnovnaskolamalinskadubasnica.hr\/wp-content\/uploads\/viber_slika_2024-03-12_15-11-39-009.jpg\" class=\"attachment-medium size-medium\" alt=\"\" srcset=\"http:\/\/osnovnaskolamalinskadubasnica.hr\/wp-content\/uploads\/viber_slika_2024-03-12_15-11-39-009.jpg 1600w, http:\/\/osnovnaskolamalinskadubasnica.hr\/wp-content\/uploads\/viber_slika_2024-03-12_15-11-39-009-768x576.jpg 768w, http:\/\/osnovnaskolamalinskadubasnica.hr\/wp-content\/uploads\/viber_slika_2024-03-12_15-11-39-009-1536x1152.jpg 1536w\" sizes=\"auto, (max-width: 1600px) 100vw, 1600px\" \/><\/a>\n\t\t\t<\/dt><\/dl><br style=\"clear: both\" \/>\n\t\t<\/div>\n\n","protected":false},"excerpt":{"rendered":"<p>U ponedjeljak, 11. o\u017eujka 2024. godine, u O\u0160 Malinska-Duba\u0161nica odr\u017eana je edukacija pru\u017eanja prve pomo\u0107i za djelatnike u organizaciji Gradskog dru\u0161tva Crveni kri\u017e Krk.<\/p>\n","protected":false},"author":1,"featured_media":0,"comment_status":"closed","ping_status":"closed","sticky":false,"template":"","format":"standard","meta":{"footnotes":""},"categories":[24,9],"tags":[597,1099],"class_list":["post-28051","post","type-post","status-publish","format-standard","hentry","category-dogadanja","category-vijesti","tag-matea-mrakovcic-kosic","tag-prva-pomoc"],"yoast_head":"<!-- This site is optimized with the Yoast SEO plugin v27.4 - https:\/\/yoast.com\/product\/yoast-seo-wordpress\/ -->\n<title>Edukacija pru\u017eanja prve pomo\u0107i - Osnovna \u0161kola Malinska-Duba\u0161nica<\/title>\n<meta name=\"robots\" content=\"index, follow, max-snippet:-1, max-image-preview:large, max-video-preview:-1\" \/>\n<link rel=\"canonical\" href=\"http:\/\/osnovnaskolamalinskadubasnica.hr\/?p=28051\" \/>\n<meta property=\"og:locale\" content=\"hr_HR\" \/>\n<meta property=\"og:type\" content=\"article\" \/>\n<meta property=\"og:title\" content=\"Edukacija pru\u017eanja prve pomo\u0107i - Osnovna \u0161kola Malinska-Duba\u0161nica\" \/>\n<meta property=\"og:description\" content=\"U ponedjeljak, 11. o\u017eujka 2024. godine, u O\u0160 Malinska-Duba\u0161nica odr\u017eana je edukacija pru\u017eanja prve pomo\u0107i za djelatnike u organizaciji Gradskog dru\u0161tva Crveni kri\u017e Krk.\" \/>\n<meta property=\"og:url\" content=\"http:\/\/osnovnaskolamalinskadubasnica.hr\/?p=28051\" \/>\n<meta property=\"og:site_name\" content=\"Osnovna \u0161kola Malinska-Duba\u0161nica\" \/>\n<meta property=\"article:publisher\" content=\"https:\/\/www.facebook.com\/osmalinskadubasnica\/\" \/>\n<meta property=\"article:published_time\" content=\"2024-03-12T18:37:29+00:00\" \/>\n<meta property=\"article:modified_time\" content=\"2024-03-12T18:49:00+00:00\" \/>\n<meta property=\"og:image\" content=\"http:\/\/osnovnaskolamalinskadubasnica.hr\/wp-content\/uploads\/prva-pomoc-fb.jpg\" \/>\n\t<meta property=\"og:image:width\" content=\"1600\" \/>\n\t<meta property=\"og:image:height\" content=\"1062\" \/>\n\t<meta property=\"og:image:type\" content=\"image\/jpeg\" \/>\n<meta name=\"author\" content=\"O\u0160 Malinska-Duba\u0161nica\" \/>\n<meta name=\"twitter:card\" content=\"summary_large_image\" \/>\n<meta name=\"twitter:label1\" content=\"Napisao\/la\" \/>\n\t<meta name=\"twitter:data1\" content=\"O\u0160 Malinska-Duba\u0161nica\" \/>\n\t<meta name=\"twitter:label2\" content=\"Procijenjeno vrijeme \u010ditanja\" \/>\n\t<meta name=\"twitter:data2\" content=\"1 minuta\" \/>\n<script type=\"application\/ld+json\" class=\"yoast-schema-graph\">{\"@context\":\"https:\\\/\\\/schema.org\",\"@graph\":[{\"@type\":\"Article\",\"@id\":\"http:\\\/\\\/osnovnaskolamalinskadubasnica.hr\\\/?p=28051#article\",\"isPartOf\":{\"@id\":\"http:\\\/\\\/osnovnaskolamalinskadubasnica.hr\\\/?p=28051\"},\"author\":{\"name\":\"O\u0160 Malinska-Duba\u0161nica\",\"@id\":\"http:\\\/\\\/osnovnaskolamalinskadubasnica.hr\\\/#\\\/schema\\\/person\\\/ab4ffae0c646af016b083db5e2445e8f\"},\"headline\":\"Edukacija pru\u017eanja prve pomo\u0107i\",\"datePublished\":\"2024-03-12T18:37:29+00:00\",\"dateModified\":\"2024-03-12T18:49:00+00:00\",\"mainEntityOfPage\":{\"@id\":\"http:\\\/\\\/osnovnaskolamalinskadubasnica.hr\\\/?p=28051\"},\"wordCount\":258,\"image\":{\"@id\":\"http:\\\/\\\/osnovnaskolamalinskadubasnica.hr\\\/?p=28051#primaryimage\"},\"thumbnailUrl\":\"http:\\\/\\\/osnovnaskolamalinskadubasnica.hr\\\/wp-content\\\/uploads\\\/prva-pomoc-web.jpg\",\"keywords\":[\"Matea Mrakov\u010di\u0107 Kosi\u0107\",\"Prva pomo\u0107\"],\"articleSection\":[\"Doga\u0111anja\",\"Vijesti\"],\"inLanguage\":\"hr\"},{\"@type\":\"WebPage\",\"@id\":\"http:\\\/\\\/osnovnaskolamalinskadubasnica.hr\\\/?p=28051\",\"url\":\"http:\\\/\\\/osnovnaskolamalinskadubasnica.hr\\\/?p=28051\",\"name\":\"Edukacija pru\u017eanja prve pomo\u0107i - Osnovna \u0161kola Malinska-Duba\u0161nica\",\"isPartOf\":{\"@id\":\"http:\\\/\\\/osnovnaskolamalinskadubasnica.hr\\\/#website\"},\"primaryImageOfPage\":{\"@id\":\"http:\\\/\\\/osnovnaskolamalinskadubasnica.hr\\\/?p=28051#primaryimage\"},\"image\":{\"@id\":\"http:\\\/\\\/osnovnaskolamalinskadubasnica.hr\\\/?p=28051#primaryimage\"},\"thumbnailUrl\":\"http:\\\/\\\/osnovnaskolamalinskadubasnica.hr\\\/wp-content\\\/uploads\\\/prva-pomoc-web.jpg\",\"datePublished\":\"2024-03-12T18:37:29+00:00\",\"dateModified\":\"2024-03-12T18:49:00+00:00\",\"author\":{\"@id\":\"http:\\\/\\\/osnovnaskolamalinskadubasnica.hr\\\/#\\\/schema\\\/person\\\/ab4ffae0c646af016b083db5e2445e8f\"},\"breadcrumb\":{\"@id\":\"http:\\\/\\\/osnovnaskolamalinskadubasnica.hr\\\/?p=28051#breadcrumb\"},\"inLanguage\":\"hr\",\"potentialAction\":[{\"@type\":\"ReadAction\",\"target\":[\"http:\\\/\\\/osnovnaskolamalinskadubasnica.hr\\\/?p=28051\"]}]},{\"@type\":\"ImageObject\",\"inLanguage\":\"hr\",\"@id\":\"http:\\\/\\\/osnovnaskolamalinskadubasnica.hr\\\/?p=28051#primaryimage\",\"url\":\"http:\\\/\\\/osnovnaskolamalinskadubasnica.hr\\\/wp-content\\\/uploads\\\/prva-pomoc-web.jpg\",\"contentUrl\":\"http:\\\/\\\/osnovnaskolamalinskadubasnica.hr\\\/wp-content\\\/uploads\\\/prva-pomoc-web.jpg\"},{\"@type\":\"BreadcrumbList\",\"@id\":\"http:\\\/\\\/osnovnaskolamalinskadubasnica.hr\\\/?p=28051#breadcrumb\",\"itemListElement\":[{\"@type\":\"ListItem\",\"position\":1,\"name\":\"Po\u010detna stranica\",\"item\":\"http:\\\/\\\/osnovnaskolamalinskadubasnica.hr\\\/\"},{\"@type\":\"ListItem\",\"position\":2,\"name\":\"Edukacija pru\u017eanja prve pomo\u0107i\"}]},{\"@type\":\"WebSite\",\"@id\":\"http:\\\/\\\/osnovnaskolamalinskadubasnica.hr\\\/#website\",\"url\":\"http:\\\/\\\/osnovnaskolamalinskadubasnica.hr\\\/\",\"name\":\"Osnovna \u0161kola Malinska-Duba\u0161nica\",\"description\":\"\",\"potentialAction\":[{\"@type\":\"SearchAction\",\"target\":{\"@type\":\"EntryPoint\",\"urlTemplate\":\"http:\\\/\\\/osnovnaskolamalinskadubasnica.hr\\\/?s={search_term_string}\"},\"query-input\":{\"@type\":\"PropertyValueSpecification\",\"valueRequired\":true,\"valueName\":\"search_term_string\"}}],\"inLanguage\":\"hr\"},{\"@type\":\"Person\",\"@id\":\"http:\\\/\\\/osnovnaskolamalinskadubasnica.hr\\\/#\\\/schema\\\/person\\\/ab4ffae0c646af016b083db5e2445e8f\",\"name\":\"O\u0160 Malinska-Duba\u0161nica\",\"url\":\"http:\\\/\\\/osnovnaskolamalinskadubasnica.hr\\\/?author=1\"}]}<\/script>\n<!-- \/ Yoast SEO plugin. -->","yoast_head_json":{"title":"Edukacija pru\u017eanja prve pomo\u0107i - Osnovna \u0161kola Malinska-Duba\u0161nica","robots":{"index":"index","follow":"follow","max-snippet":"max-snippet:-1","max-image-preview":"max-image-preview:large","max-video-preview":"max-video-preview:-1"},"canonical":"http:\/\/osnovnaskolamalinskadubasnica.hr\/?p=28051","og_locale":"hr_HR","og_type":"article","og_title":"Edukacija pru\u017eanja prve pomo\u0107i - Osnovna \u0161kola Malinska-Duba\u0161nica","og_description":"U ponedjeljak, 11. o\u017eujka 2024. godine, u O\u0160 Malinska-Duba\u0161nica odr\u017eana je edukacija pru\u017eanja prve pomo\u0107i za djelatnike u organizaciji Gradskog dru\u0161tva Crveni kri\u017e Krk.","og_url":"http:\/\/osnovnaskolamalinskadubasnica.hr\/?p=28051","og_site_name":"Osnovna \u0161kola Malinska-Duba\u0161nica","article_publisher":"https:\/\/www.facebook.com\/osmalinskadubasnica\/","article_published_time":"2024-03-12T18:37:29+00:00","article_modified_time":"2024-03-12T18:49:00+00:00","og_image":[{"width":1600,"height":1062,"url":"http:\/\/osnovnaskolamalinskadubasnica.hr\/wp-content\/uploads\/prva-pomoc-fb.jpg","type":"image\/jpeg"}],"author":"O\u0160 Malinska-Duba\u0161nica","twitter_card":"summary_large_image","twitter_misc":{"Napisao\/la":"O\u0160 Malinska-Duba\u0161nica","Procijenjeno vrijeme \u010ditanja":"1 minuta"},"schema":{"@context":"https:\/\/schema.org","@graph":[{"@type":"Article","@id":"http:\/\/osnovnaskolamalinskadubasnica.hr\/?p=28051#article","isPartOf":{"@id":"http:\/\/osnovnaskolamalinskadubasnica.hr\/?p=28051"},"author":{"name":"O\u0160 Malinska-Duba\u0161nica","@id":"http:\/\/osnovnaskolamalinskadubasnica.hr\/#\/schema\/person\/ab4ffae0c646af016b083db5e2445e8f"},"headline":"Edukacija pru\u017eanja prve pomo\u0107i","datePublished":"2024-03-12T18:37:29+00:00","dateModified":"2024-03-12T18:49:00+00:00","mainEntityOfPage":{"@id":"http:\/\/osnovnaskolamalinskadubasnica.hr\/?p=28051"},"wordCount":258,"image":{"@id":"http:\/\/osnovnaskolamalinskadubasnica.hr\/?p=28051#primaryimage"},"thumbnailUrl":"http:\/\/osnovnaskolamalinskadubasnica.hr\/wp-content\/uploads\/prva-pomoc-web.jpg","keywords":["Matea Mrakov\u010di\u0107 Kosi\u0107","Prva pomo\u0107"],"articleSection":["Doga\u0111anja","Vijesti"],"inLanguage":"hr"},{"@type":"WebPage","@id":"http:\/\/osnovnaskolamalinskadubasnica.hr\/?p=28051","url":"http:\/\/osnovnaskolamalinskadubasnica.hr\/?p=28051","name":"Edukacija pru\u017eanja prve pomo\u0107i - Osnovna \u0161kola Malinska-Duba\u0161nica","isPartOf":{"@id":"http:\/\/osnovnaskolamalinskadubasnica.hr\/#website"},"primaryImageOfPage":{"@id":"http:\/\/osnovnaskolamalinskadubasnica.hr\/?p=28051#primaryimage"},"image":{"@id":"http:\/\/osnovnaskolamalinskadubasnica.hr\/?p=28051#primaryimage"},"thumbnailUrl":"http:\/\/osnovnaskolamalinskadubasnica.hr\/wp-content\/uploads\/prva-pomoc-web.jpg","datePublished":"2024-03-12T18:37:29+00:00","dateModified":"2024-03-12T18:49:00+00:00","author":{"@id":"http:\/\/osnovnaskolamalinskadubasnica.hr\/#\/schema\/person\/ab4ffae0c646af016b083db5e2445e8f"},"breadcrumb":{"@id":"http:\/\/osnovnaskolamalinskadubasnica.hr\/?p=28051#breadcrumb"},"inLanguage":"hr","potentialAction":[{"@type":"ReadAction","target":["http:\/\/osnovnaskolamalinskadubasnica.hr\/?p=28051"]}]},{"@type":"ImageObject","inLanguage":"hr","@id":"http:\/\/osnovnaskolamalinskadubasnica.hr\/?p=28051#primaryimage","url":"http:\/\/osnovnaskolamalinskadubasnica.hr\/wp-content\/uploads\/prva-pomoc-web.jpg","contentUrl":"http:\/\/osnovnaskolamalinskadubasnica.hr\/wp-content\/uploads\/prva-pomoc-web.jpg"},{"@type":"BreadcrumbList","@id":"http:\/\/osnovnaskolamalinskadubasnica.hr\/?p=28051#breadcrumb","itemListElement":[{"@type":"ListItem","position":1,"name":"Po\u010detna stranica","item":"http:\/\/osnovnaskolamalinskadubasnica.hr\/"},{"@type":"ListItem","position":2,"name":"Edukacija pru\u017eanja prve pomo\u0107i"}]},{"@type":"WebSite","@id":"http:\/\/osnovnaskolamalinskadubasnica.hr\/#website","url":"http:\/\/osnovnaskolamalinskadubasnica.hr\/","name":"Osnovna \u0161kola Malinska-Duba\u0161nica","description":"","potentialAction":[{"@type":"SearchAction","target":{"@type":"EntryPoint","urlTemplate":"http:\/\/osnovnaskolamalinskadubasnica.hr\/?s={search_term_string}"},"query-input":{"@type":"PropertyValueSpecification","valueRequired":true,"valueName":"search_term_string"}}],"inLanguage":"hr"},{"@type":"Person","@id":"http:\/\/osnovnaskolamalinskadubasnica.hr\/#\/schema\/person\/ab4ffae0c646af016b083db5e2445e8f","name":"O\u0160 Malinska-Duba\u0161nica","url":"http:\/\/osnovnaskolamalinskadubasnica.hr\/?author=1"}]}},"_links":{"self":[{"href":"http:\/\/osnovnaskolamalinskadubasnica.hr\/index.php?rest_route=\/wp\/v2\/posts\/28051","targetHints":{"allow":["GET"]}}],"collection":[{"href":"http:\/\/osnovnaskolamalinskadubasnica.hr\/index.php?rest_route=\/wp\/v2\/posts"}],"about":[{"href":"http:\/\/osnovnaskolamalinskadubasnica.hr\/index.php?rest_route=\/wp\/v2\/types\/post"}],"author":[{"embeddable":true,"href":"http:\/\/osnovnaskolamalinskadubasnica.hr\/index.php?rest_route=\/wp\/v2\/users\/1"}],"replies":[{"embeddable":true,"href":"http:\/\/osnovnaskolamalinskadubasnica.hr\/index.php?rest_route=%2Fwp%2Fv2%2Fcomments&post=28051"}],"version-history":[{"count":1,"href":"http:\/\/osnovnaskolamalinskadubasnica.hr\/index.php?rest_route=\/wp\/v2\/posts\/28051\/revisions"}],"predecessor-version":[{"id":28068,"href":"http:\/\/osnovnaskolamalinskadubasnica.hr\/index.php?rest_route=\/wp\/v2\/posts\/28051\/revisions\/28068"}],"wp:attachment":[{"href":"http:\/\/osnovnaskolamalinskadubasnica.hr\/index.php?rest_route=%2Fwp%2Fv2%2Fmedia&parent=28051"}],"wp:term":[{"taxonomy":"category","embeddable":true,"href":"http:\/\/osnovnaskolamalinskadubasnica.hr\/index.php?rest_route=%2Fwp%2Fv2%2Fcategories&post=28051"},{"taxonomy":"post_tag","embeddable":true,"href":"http:\/\/osnovnaskolamalinskadubasnica.hr\/index.php?rest_route=%2Fwp%2Fv2%2Ftags&post=28051"}],"curies":[{"name":"wp","href":"https:\/\/api.w.org\/{rel}","templated":true}]}}