{"id":28033,"date":"2024-03-07T19:55:04","date_gmt":"2024-03-07T18:55:04","guid":{"rendered":"https:\/\/osnovnaskolamalinskadubasnica.hr\/?p=28033"},"modified":"2024-03-07T20:04:40","modified_gmt":"2024-03-07T19:04:40","slug":"fizika-u-kazalistu-kazaliste-u-nastavi-fizike","status":"publish","type":"post","link":"http:\/\/osnovnaskolamalinskadubasnica.hr\/?p=28033","title":{"rendered":"Fizika u kazali\u0161tu, kazali\u0161te u nastavi fizike"},"content":{"rendered":"<p style=\"text-align: justify;\"><span style=\"color: #000000;\"><a href=\"http:\/\/osnovnaskolamalinskadubasnica.hr\/wp-content\/uploads\/fizika-web.jpg\" data-rel=\"lightbox-image-0\" data-rl_title=\"\" data-rl_caption=\"\" title=\"\"><img loading=\"lazy\" decoding=\"async\" class=\"alignleft wp-image-28034\" src=\"http:\/\/osnovnaskolamalinskadubasnica.hr\/wp-content\/uploads\/fizika-web.jpg\" alt=\"\" width=\"272\" height=\"202\" srcset=\"http:\/\/osnovnaskolamalinskadubasnica.hr\/wp-content\/uploads\/fizika-web.jpg 907w, http:\/\/osnovnaskolamalinskadubasnica.hr\/wp-content\/uploads\/fizika-web-768x572.jpg 768w\" sizes=\"auto, (max-width: 272px) 100vw, 272px\" \/><\/a>U\u010denici osmih razreda sudjelovali su u projektu <em>Fizika u kazali\u0161tu, kazali\u0161te u nastavi fizike.<\/em> Rije\u010d je o projektu udruge Rijeka Danas koji podupire Ministarstvo znanosti i obrazovanja putem bespovratnih sredstava projektima udruga u podru\u010dju izvaninstitucionalnog odgoja i obrazovanja djece i mladih.<\/span><\/p>\n<p><em><!--more--><\/em><\/p>\n<p style=\"text-align: justify;\"><span style=\"color: #000000;\">Umjesto da se znanost, tehnologiju, in\u017eenjerstvo i matematiku pou\u010dava kao zasebne predmete, STEM ih integrira u me\u0111uovisnost. Suvremene edukacijske znanosti ukazuju da u STEM treba dodati i \u201eA\u201c \u2013 STEAM. STEAM je obrazovni pristup u\u010denju koji koristi znanost, tehnologiju, in\u017eenjerstvo, umjetnost i matematiku kao pristupne to\u010dke za usmjeravanje u\u010deni\u010dkog propitivanja, dijaloga i kriti\u010dkog razmi\u0161ljanja, a projekt Fizika u kazali\u0161tu, kazali\u0161te u nastavi fizike usmjeren je upravo na taj pristup u\u010denju.<\/span><\/p>\n<div style=\"width: 640px;\" class=\"wp-video\"><video class=\"wp-video-shortcode\" id=\"video-28033-1\" width=\"640\" height=\"360\" preload=\"metadata\" controls=\"controls\"><source type=\"video\/mp4\" src=\"http:\/\/osnovnaskolamalinskadubasnica.hr\/wp-content\/uploads\/0-02-05-51e9c54faf64622a89cbd418fb8156b57f97bbe80ba136e8b5886a56998da391_70d609dbd5b508c3.mp4?_=1\" \/><a href=\"http:\/\/osnovnaskolamalinskadubasnica.hr\/wp-content\/uploads\/0-02-05-51e9c54faf64622a89cbd418fb8156b57f97bbe80ba136e8b5886a56998da391_70d609dbd5b508c3.mp4\">http:\/\/osnovnaskolamalinskadubasnica.hr\/wp-content\/uploads\/0-02-05-51e9c54faf64622a89cbd418fb8156b57f97bbe80ba136e8b5886a56998da391_70d609dbd5b508c3.mp4<\/a><\/video><\/div>\n<p style=\"text-align: justify;\"><span style=\"color: #000000;\">U\u010denici su u prvoj fazi sudjelovati u pred ispitivanju gdje se ispitivao njihov stav prema fizici, zatim u dvije radionice u kojima su im u \u0161kolskoj dvorani predstavljeni koncepti iz fizike na njima zanimljiv i blizak na\u010din. Nakon radionica provedeno je ponovno ispitivanje gdje je provjereno je li se njihov stav i odnos prema fizici promijenio. S rezultatima istra\u017eivanja bit \u0107emo upoznati na kraju projekta.<\/span><\/p>\n<p style=\"text-align: justify;\"><span style=\"color: #000000;\">U svakom su razredu odr\u017eane radionice u trajanju od \u010dak \u010detiri \u0161kolska sata raspore\u0111ene u dva dana. U\u010denici su tijekom radionica istra\u017eivali gibanje, brzinu i ubrzanje tijela, masu, te\u017ei\u0161te, silu i drugo. Dojmovi u\u010denika vrlo su pozitivni, kroz ove su radionice neke koncepte iz fizike do\u017eivjeli kao aktivni sudionici pokusa i na taj ih na\u010din razumjeli i nau\u010dili.<\/span><\/p>\n<p style=\"text-align: right;\"><em><span style=\"color: #000000;\">Matea Mrakov\u010di\u0107 Kosi\u0107<\/span><\/em><\/p>\n<p><strong><span style=\"color: #800000;\">FOTOGALERIJA<\/span><\/strong><\/p>\n<div id='gallery-1' class='gallery galleryid-28033 gallery-columns-2 gallery-size-medium'><dl class='gallery-item'>\n\t\t\t<dt class='gallery-icon landscape'>\n\t\t\t\t<a href='http:\/\/osnovnaskolamalinskadubasnica.hr\/wp-content\/uploads\/Fizika-u-kazalistu.jpg' title=\"\" data-rl_title=\"\" class=\"rl-gallery-link\" data-rl_caption=\"\" data-rel=\"lightbox-gallery-1\"><img loading=\"lazy\" decoding=\"async\" width=\"1600\" height=\"1200\" src=\"http:\/\/osnovnaskolamalinskadubasnica.hr\/wp-content\/uploads\/Fizika-u-kazalistu.jpg\" class=\"attachment-medium size-medium\" alt=\"\" srcset=\"http:\/\/osnovnaskolamalinskadubasnica.hr\/wp-content\/uploads\/Fizika-u-kazalistu.jpg 1600w, http:\/\/osnovnaskolamalinskadubasnica.hr\/wp-content\/uploads\/Fizika-u-kazalistu-768x576.jpg 768w, http:\/\/osnovnaskolamalinskadubasnica.hr\/wp-content\/uploads\/Fizika-u-kazalistu-1536x1152.jpg 1536w\" sizes=\"auto, (max-width: 1600px) 100vw, 1600px\" \/><\/a>\n\t\t\t<\/dt><\/dl><dl class='gallery-item'>\n\t\t\t<dt class='gallery-icon landscape'>\n\t\t\t\t<a href='http:\/\/osnovnaskolamalinskadubasnica.hr\/wp-content\/uploads\/viber_slika_2024-03-06_19-30-57-610.jpg' title=\"\" data-rl_title=\"\" class=\"rl-gallery-link\" data-rl_caption=\"\" data-rel=\"lightbox-gallery-1\"><img loading=\"lazy\" decoding=\"async\" width=\"1600\" height=\"1200\" src=\"http:\/\/osnovnaskolamalinskadubasnica.hr\/wp-content\/uploads\/viber_slika_2024-03-06_19-30-57-610.jpg\" class=\"attachment-medium size-medium\" alt=\"\" srcset=\"http:\/\/osnovnaskolamalinskadubasnica.hr\/wp-content\/uploads\/viber_slika_2024-03-06_19-30-57-610.jpg 1600w, http:\/\/osnovnaskolamalinskadubasnica.hr\/wp-content\/uploads\/viber_slika_2024-03-06_19-30-57-610-768x576.jpg 768w, http:\/\/osnovnaskolamalinskadubasnica.hr\/wp-content\/uploads\/viber_slika_2024-03-06_19-30-57-610-1536x1152.jpg 1536w\" sizes=\"auto, (max-width: 1600px) 100vw, 1600px\" \/><\/a>\n\t\t\t<\/dt><\/dl><br style=\"clear: both\" \/><dl class='gallery-item'>\n\t\t\t<dt class='gallery-icon landscape'>\n\t\t\t\t<a href='http:\/\/osnovnaskolamalinskadubasnica.hr\/wp-content\/uploads\/viber_slika_2024-03-06_19-32-03-633.jpg' title=\"\" data-rl_title=\"\" class=\"rl-gallery-link\" data-rl_caption=\"\" data-rel=\"lightbox-gallery-1\"><img loading=\"lazy\" decoding=\"async\" width=\"1600\" height=\"1200\" src=\"http:\/\/osnovnaskolamalinskadubasnica.hr\/wp-content\/uploads\/viber_slika_2024-03-06_19-32-03-633.jpg\" class=\"attachment-medium size-medium\" alt=\"\" srcset=\"http:\/\/osnovnaskolamalinskadubasnica.hr\/wp-content\/uploads\/viber_slika_2024-03-06_19-32-03-633.jpg 1600w, http:\/\/osnovnaskolamalinskadubasnica.hr\/wp-content\/uploads\/viber_slika_2024-03-06_19-32-03-633-768x576.jpg 768w, http:\/\/osnovnaskolamalinskadubasnica.hr\/wp-content\/uploads\/viber_slika_2024-03-06_19-32-03-633-1536x1152.jpg 1536w\" sizes=\"auto, (max-width: 1600px) 100vw, 1600px\" \/><\/a>\n\t\t\t<\/dt><\/dl><dl class='gallery-item'>\n\t\t\t<dt class='gallery-icon landscape'>\n\t\t\t\t<a href='http:\/\/osnovnaskolamalinskadubasnica.hr\/wp-content\/uploads\/viber_slika_2024-03-06_19-30-46-862.jpg' title=\"\" data-rl_title=\"\" class=\"rl-gallery-link\" data-rl_caption=\"\" data-rel=\"lightbox-gallery-1\"><img loading=\"lazy\" decoding=\"async\" width=\"1600\" height=\"1200\" src=\"http:\/\/osnovnaskolamalinskadubasnica.hr\/wp-content\/uploads\/viber_slika_2024-03-06_19-30-46-862.jpg\" class=\"attachment-medium size-medium\" alt=\"\" srcset=\"http:\/\/osnovnaskolamalinskadubasnica.hr\/wp-content\/uploads\/viber_slika_2024-03-06_19-30-46-862.jpg 1600w, http:\/\/osnovnaskolamalinskadubasnica.hr\/wp-content\/uploads\/viber_slika_2024-03-06_19-30-46-862-768x576.jpg 768w, http:\/\/osnovnaskolamalinskadubasnica.hr\/wp-content\/uploads\/viber_slika_2024-03-06_19-30-46-862-1536x1152.jpg 1536w\" sizes=\"auto, (max-width: 1600px) 100vw, 1600px\" \/><\/a>\n\t\t\t<\/dt><\/dl><br style=\"clear: both\" \/>\n\t\t<\/div>\n\n<p>&nbsp;<\/p>\n","protected":false},"excerpt":{"rendered":"<p>U\u010denici osmih razreda sudjelovali su u projektu Fizika u kazali\u0161tu, kazali\u0161te u nastavi fizike. Rije\u010d je o projektu udruge Rijeka Danas koji podupire Ministarstvo znanosti i obrazovanja putem bespovratnih sredstava projektima udruga u podru\u010dju izvaninstitucionalnog odgoja i obrazovanja djece i &hellip; <a href=\"http:\/\/osnovnaskolamalinskadubasnica.hr\/?p=28033\">Nastavi \u010ditati <span class=\"meta-nav\">&rarr;<\/span><\/a><\/p>\n","protected":false},"author":1,"featured_media":0,"comment_status":"closed","ping_status":"closed","sticky":false,"template":"","format":"standard","meta":{"footnotes":""},"categories":[30,9],"tags":[1369,597,1370],"class_list":["post-28033","post","type-post","status-publish","format-standard","hentry","category-projekti","category-vijesti","tag-fizika-u-kazalistu","tag-matea-mrakovcic-kosic","tag-rijeka-danas"],"yoast_head":"<!-- This site is optimized with the Yoast SEO plugin v27.4 - https:\/\/yoast.com\/product\/yoast-seo-wordpress\/ -->\n<title>Fizika u kazali\u0161tu, kazali\u0161te u nastavi fizike - Osnovna \u0161kola Malinska-Duba\u0161nica<\/title>\n<meta name=\"robots\" content=\"index, follow, max-snippet:-1, max-image-preview:large, max-video-preview:-1\" \/>\n<link rel=\"canonical\" href=\"http:\/\/osnovnaskolamalinskadubasnica.hr\/?p=28033\" \/>\n<meta property=\"og:locale\" content=\"hr_HR\" \/>\n<meta property=\"og:type\" content=\"article\" \/>\n<meta property=\"og:title\" content=\"Fizika u kazali\u0161tu, kazali\u0161te u nastavi fizike - Osnovna \u0161kola Malinska-Duba\u0161nica\" \/>\n<meta property=\"og:description\" content=\"U\u010denici osmih razreda sudjelovali su u projektu Fizika u kazali\u0161tu, kazali\u0161te u nastavi fizike. Rije\u010d je o projektu udruge Rijeka Danas koji podupire Ministarstvo znanosti i obrazovanja putem bespovratnih sredstava projektima udruga u podru\u010dju izvaninstitucionalnog odgoja i obrazovanja djece i &hellip; Nastavi \u010ditati &rarr;\" \/>\n<meta property=\"og:url\" content=\"http:\/\/osnovnaskolamalinskadubasnica.hr\/?p=28033\" \/>\n<meta property=\"og:site_name\" content=\"Osnovna \u0161kola Malinska-Duba\u0161nica\" \/>\n<meta property=\"article:publisher\" content=\"https:\/\/www.facebook.com\/osmalinskadubasnica\/\" \/>\n<meta property=\"article:published_time\" content=\"2024-03-07T18:55:04+00:00\" \/>\n<meta property=\"article:modified_time\" content=\"2024-03-07T19:04:40+00:00\" \/>\n<meta property=\"og:image\" content=\"http:\/\/osnovnaskolamalinskadubasnica.hr\/wp-content\/uploads\/fizika-fb.jpg\" \/>\n\t<meta property=\"og:image:width\" content=\"1600\" \/>\n\t<meta property=\"og:image:height\" content=\"1016\" \/>\n\t<meta property=\"og:image:type\" content=\"image\/jpeg\" \/>\n<meta name=\"author\" content=\"O\u0160 Malinska-Duba\u0161nica\" \/>\n<meta name=\"twitter:card\" content=\"summary_large_image\" \/>\n<meta name=\"twitter:label1\" content=\"Napisao\/la\" \/>\n\t<meta name=\"twitter:data1\" content=\"O\u0160 Malinska-Duba\u0161nica\" \/>\n\t<meta name=\"twitter:label2\" content=\"Procijenjeno vrijeme \u010ditanja\" \/>\n\t<meta name=\"twitter:data2\" content=\"2 minute\" \/>\n<script type=\"application\/ld+json\" class=\"yoast-schema-graph\">{\"@context\":\"https:\\\/\\\/schema.org\",\"@graph\":[{\"@type\":\"Article\",\"@id\":\"http:\\\/\\\/osnovnaskolamalinskadubasnica.hr\\\/?p=28033#article\",\"isPartOf\":{\"@id\":\"http:\\\/\\\/osnovnaskolamalinskadubasnica.hr\\\/?p=28033\"},\"author\":{\"name\":\"O\u0160 Malinska-Duba\u0161nica\",\"@id\":\"http:\\\/\\\/osnovnaskolamalinskadubasnica.hr\\\/#\\\/schema\\\/person\\\/ab4ffae0c646af016b083db5e2445e8f\"},\"headline\":\"Fizika u kazali\u0161tu, kazali\u0161te u nastavi fizike\",\"datePublished\":\"2024-03-07T18:55:04+00:00\",\"dateModified\":\"2024-03-07T19:04:40+00:00\",\"mainEntityOfPage\":{\"@id\":\"http:\\\/\\\/osnovnaskolamalinskadubasnica.hr\\\/?p=28033\"},\"wordCount\":315,\"image\":{\"@id\":\"http:\\\/\\\/osnovnaskolamalinskadubasnica.hr\\\/?p=28033#primaryimage\"},\"thumbnailUrl\":\"http:\\\/\\\/osnovnaskolamalinskadubasnica.hr\\\/wp-content\\\/uploads\\\/fizika-web.jpg\",\"keywords\":[\"Fizika u kazali\u0161tu\",\"Matea Mrakov\u010di\u0107 Kosi\u0107\",\"Rijeka Danas\"],\"articleSection\":[\"Projekti\",\"Vijesti\"],\"inLanguage\":\"hr\"},{\"@type\":\"WebPage\",\"@id\":\"http:\\\/\\\/osnovnaskolamalinskadubasnica.hr\\\/?p=28033\",\"url\":\"http:\\\/\\\/osnovnaskolamalinskadubasnica.hr\\\/?p=28033\",\"name\":\"Fizika u kazali\u0161tu, kazali\u0161te u nastavi fizike - Osnovna \u0161kola Malinska-Duba\u0161nica\",\"isPartOf\":{\"@id\":\"http:\\\/\\\/osnovnaskolamalinskadubasnica.hr\\\/#website\"},\"primaryImageOfPage\":{\"@id\":\"http:\\\/\\\/osnovnaskolamalinskadubasnica.hr\\\/?p=28033#primaryimage\"},\"image\":{\"@id\":\"http:\\\/\\\/osnovnaskolamalinskadubasnica.hr\\\/?p=28033#primaryimage\"},\"thumbnailUrl\":\"http:\\\/\\\/osnovnaskolamalinskadubasnica.hr\\\/wp-content\\\/uploads\\\/fizika-web.jpg\",\"datePublished\":\"2024-03-07T18:55:04+00:00\",\"dateModified\":\"2024-03-07T19:04:40+00:00\",\"author\":{\"@id\":\"http:\\\/\\\/osnovnaskolamalinskadubasnica.hr\\\/#\\\/schema\\\/person\\\/ab4ffae0c646af016b083db5e2445e8f\"},\"breadcrumb\":{\"@id\":\"http:\\\/\\\/osnovnaskolamalinskadubasnica.hr\\\/?p=28033#breadcrumb\"},\"inLanguage\":\"hr\",\"potentialAction\":[{\"@type\":\"ReadAction\",\"target\":[\"http:\\\/\\\/osnovnaskolamalinskadubasnica.hr\\\/?p=28033\"]}]},{\"@type\":\"ImageObject\",\"inLanguage\":\"hr\",\"@id\":\"http:\\\/\\\/osnovnaskolamalinskadubasnica.hr\\\/?p=28033#primaryimage\",\"url\":\"http:\\\/\\\/osnovnaskolamalinskadubasnica.hr\\\/wp-content\\\/uploads\\\/fizika-web.jpg\",\"contentUrl\":\"http:\\\/\\\/osnovnaskolamalinskadubasnica.hr\\\/wp-content\\\/uploads\\\/fizika-web.jpg\"},{\"@type\":\"BreadcrumbList\",\"@id\":\"http:\\\/\\\/osnovnaskolamalinskadubasnica.hr\\\/?p=28033#breadcrumb\",\"itemListElement\":[{\"@type\":\"ListItem\",\"position\":1,\"name\":\"Po\u010detna stranica\",\"item\":\"http:\\\/\\\/osnovnaskolamalinskadubasnica.hr\\\/\"},{\"@type\":\"ListItem\",\"position\":2,\"name\":\"Fizika u kazali\u0161tu, kazali\u0161te u nastavi fizike\"}]},{\"@type\":\"WebSite\",\"@id\":\"http:\\\/\\\/osnovnaskolamalinskadubasnica.hr\\\/#website\",\"url\":\"http:\\\/\\\/osnovnaskolamalinskadubasnica.hr\\\/\",\"name\":\"Osnovna \u0161kola Malinska-Duba\u0161nica\",\"description\":\"\",\"potentialAction\":[{\"@type\":\"SearchAction\",\"target\":{\"@type\":\"EntryPoint\",\"urlTemplate\":\"http:\\\/\\\/osnovnaskolamalinskadubasnica.hr\\\/?s={search_term_string}\"},\"query-input\":{\"@type\":\"PropertyValueSpecification\",\"valueRequired\":true,\"valueName\":\"search_term_string\"}}],\"inLanguage\":\"hr\"},{\"@type\":\"Person\",\"@id\":\"http:\\\/\\\/osnovnaskolamalinskadubasnica.hr\\\/#\\\/schema\\\/person\\\/ab4ffae0c646af016b083db5e2445e8f\",\"name\":\"O\u0160 Malinska-Duba\u0161nica\",\"url\":\"http:\\\/\\\/osnovnaskolamalinskadubasnica.hr\\\/?author=1\"}]}<\/script>\n<!-- \/ Yoast SEO plugin. -->","yoast_head_json":{"title":"Fizika u kazali\u0161tu, kazali\u0161te u nastavi fizike - Osnovna \u0161kola Malinska-Duba\u0161nica","robots":{"index":"index","follow":"follow","max-snippet":"max-snippet:-1","max-image-preview":"max-image-preview:large","max-video-preview":"max-video-preview:-1"},"canonical":"http:\/\/osnovnaskolamalinskadubasnica.hr\/?p=28033","og_locale":"hr_HR","og_type":"article","og_title":"Fizika u kazali\u0161tu, kazali\u0161te u nastavi fizike - Osnovna \u0161kola Malinska-Duba\u0161nica","og_description":"U\u010denici osmih razreda sudjelovali su u projektu Fizika u kazali\u0161tu, kazali\u0161te u nastavi fizike. Rije\u010d je o projektu udruge Rijeka Danas koji podupire Ministarstvo znanosti i obrazovanja putem bespovratnih sredstava projektima udruga u podru\u010dju izvaninstitucionalnog odgoja i obrazovanja djece i &hellip; Nastavi \u010ditati &rarr;","og_url":"http:\/\/osnovnaskolamalinskadubasnica.hr\/?p=28033","og_site_name":"Osnovna \u0161kola Malinska-Duba\u0161nica","article_publisher":"https:\/\/www.facebook.com\/osmalinskadubasnica\/","article_published_time":"2024-03-07T18:55:04+00:00","article_modified_time":"2024-03-07T19:04:40+00:00","og_image":[{"width":1600,"height":1016,"url":"http:\/\/osnovnaskolamalinskadubasnica.hr\/wp-content\/uploads\/fizika-fb.jpg","type":"image\/jpeg"}],"author":"O\u0160 Malinska-Duba\u0161nica","twitter_card":"summary_large_image","twitter_misc":{"Napisao\/la":"O\u0160 Malinska-Duba\u0161nica","Procijenjeno vrijeme \u010ditanja":"2 minute"},"schema":{"@context":"https:\/\/schema.org","@graph":[{"@type":"Article","@id":"http:\/\/osnovnaskolamalinskadubasnica.hr\/?p=28033#article","isPartOf":{"@id":"http:\/\/osnovnaskolamalinskadubasnica.hr\/?p=28033"},"author":{"name":"O\u0160 Malinska-Duba\u0161nica","@id":"http:\/\/osnovnaskolamalinskadubasnica.hr\/#\/schema\/person\/ab4ffae0c646af016b083db5e2445e8f"},"headline":"Fizika u kazali\u0161tu, kazali\u0161te u nastavi fizike","datePublished":"2024-03-07T18:55:04+00:00","dateModified":"2024-03-07T19:04:40+00:00","mainEntityOfPage":{"@id":"http:\/\/osnovnaskolamalinskadubasnica.hr\/?p=28033"},"wordCount":315,"image":{"@id":"http:\/\/osnovnaskolamalinskadubasnica.hr\/?p=28033#primaryimage"},"thumbnailUrl":"http:\/\/osnovnaskolamalinskadubasnica.hr\/wp-content\/uploads\/fizika-web.jpg","keywords":["Fizika u kazali\u0161tu","Matea Mrakov\u010di\u0107 Kosi\u0107","Rijeka Danas"],"articleSection":["Projekti","Vijesti"],"inLanguage":"hr"},{"@type":"WebPage","@id":"http:\/\/osnovnaskolamalinskadubasnica.hr\/?p=28033","url":"http:\/\/osnovnaskolamalinskadubasnica.hr\/?p=28033","name":"Fizika u kazali\u0161tu, kazali\u0161te u nastavi fizike - Osnovna \u0161kola Malinska-Duba\u0161nica","isPartOf":{"@id":"http:\/\/osnovnaskolamalinskadubasnica.hr\/#website"},"primaryImageOfPage":{"@id":"http:\/\/osnovnaskolamalinskadubasnica.hr\/?p=28033#primaryimage"},"image":{"@id":"http:\/\/osnovnaskolamalinskadubasnica.hr\/?p=28033#primaryimage"},"thumbnailUrl":"http:\/\/osnovnaskolamalinskadubasnica.hr\/wp-content\/uploads\/fizika-web.jpg","datePublished":"2024-03-07T18:55:04+00:00","dateModified":"2024-03-07T19:04:40+00:00","author":{"@id":"http:\/\/osnovnaskolamalinskadubasnica.hr\/#\/schema\/person\/ab4ffae0c646af016b083db5e2445e8f"},"breadcrumb":{"@id":"http:\/\/osnovnaskolamalinskadubasnica.hr\/?p=28033#breadcrumb"},"inLanguage":"hr","potentialAction":[{"@type":"ReadAction","target":["http:\/\/osnovnaskolamalinskadubasnica.hr\/?p=28033"]}]},{"@type":"ImageObject","inLanguage":"hr","@id":"http:\/\/osnovnaskolamalinskadubasnica.hr\/?p=28033#primaryimage","url":"http:\/\/osnovnaskolamalinskadubasnica.hr\/wp-content\/uploads\/fizika-web.jpg","contentUrl":"http:\/\/osnovnaskolamalinskadubasnica.hr\/wp-content\/uploads\/fizika-web.jpg"},{"@type":"BreadcrumbList","@id":"http:\/\/osnovnaskolamalinskadubasnica.hr\/?p=28033#breadcrumb","itemListElement":[{"@type":"ListItem","position":1,"name":"Po\u010detna stranica","item":"http:\/\/osnovnaskolamalinskadubasnica.hr\/"},{"@type":"ListItem","position":2,"name":"Fizika u kazali\u0161tu, kazali\u0161te u nastavi fizike"}]},{"@type":"WebSite","@id":"http:\/\/osnovnaskolamalinskadubasnica.hr\/#website","url":"http:\/\/osnovnaskolamalinskadubasnica.hr\/","name":"Osnovna \u0161kola Malinska-Duba\u0161nica","description":"","potentialAction":[{"@type":"SearchAction","target":{"@type":"EntryPoint","urlTemplate":"http:\/\/osnovnaskolamalinskadubasnica.hr\/?s={search_term_string}"},"query-input":{"@type":"PropertyValueSpecification","valueRequired":true,"valueName":"search_term_string"}}],"inLanguage":"hr"},{"@type":"Person","@id":"http:\/\/osnovnaskolamalinskadubasnica.hr\/#\/schema\/person\/ab4ffae0c646af016b083db5e2445e8f","name":"O\u0160 Malinska-Duba\u0161nica","url":"http:\/\/osnovnaskolamalinskadubasnica.hr\/?author=1"}]}},"_links":{"self":[{"href":"http:\/\/osnovnaskolamalinskadubasnica.hr\/index.php?rest_route=\/wp\/v2\/posts\/28033","targetHints":{"allow":["GET"]}}],"collection":[{"href":"http:\/\/osnovnaskolamalinskadubasnica.hr\/index.php?rest_route=\/wp\/v2\/posts"}],"about":[{"href":"http:\/\/osnovnaskolamalinskadubasnica.hr\/index.php?rest_route=\/wp\/v2\/types\/post"}],"author":[{"embeddable":true,"href":"http:\/\/osnovnaskolamalinskadubasnica.hr\/index.php?rest_route=\/wp\/v2\/users\/1"}],"replies":[{"embeddable":true,"href":"http:\/\/osnovnaskolamalinskadubasnica.hr\/index.php?rest_route=%2Fwp%2Fv2%2Fcomments&post=28033"}],"version-history":[{"count":3,"href":"http:\/\/osnovnaskolamalinskadubasnica.hr\/index.php?rest_route=\/wp\/v2\/posts\/28033\/revisions"}],"predecessor-version":[{"id":28043,"href":"http:\/\/osnovnaskolamalinskadubasnica.hr\/index.php?rest_route=\/wp\/v2\/posts\/28033\/revisions\/28043"}],"wp:attachment":[{"href":"http:\/\/osnovnaskolamalinskadubasnica.hr\/index.php?rest_route=%2Fwp%2Fv2%2Fmedia&parent=28033"}],"wp:term":[{"taxonomy":"category","embeddable":true,"href":"http:\/\/osnovnaskolamalinskadubasnica.hr\/index.php?rest_route=%2Fwp%2Fv2%2Fcategories&post=28033"},{"taxonomy":"post_tag","embeddable":true,"href":"http:\/\/osnovnaskolamalinskadubasnica.hr\/index.php?rest_route=%2Fwp%2Fv2%2Ftags&post=28033"}],"curies":[{"name":"wp","href":"https:\/\/api.w.org\/{rel}","templated":true}]}}