{"id":27752,"date":"2024-02-09T19:55:31","date_gmt":"2024-02-09T18:55:31","guid":{"rendered":"http:\/\/osnovnaskolamalinskadubasnica.hr\/?p=27752"},"modified":"2024-02-10T15:31:19","modified_gmt":"2024-02-10T14:31:19","slug":"obiljezili-smo-svjetski-dan-pizze","status":"publish","type":"post","link":"http:\/\/osnovnaskolamalinskadubasnica.hr\/?p=27752","title":{"rendered":"Obilje\u017eili smo Svjetski dan pizze"},"content":{"rendered":"<p style=\"text-align: justify;\"><span style=\"color: #000000;\"><a href=\"http:\/\/osnovnaskolamalinskadubasnica.hr\/wp-content\/uploads\/pizza-day-web.jpg\" data-rel=\"lightbox-image-0\" data-rl_title=\"\" data-rl_caption=\"\" title=\"\"><img loading=\"lazy\" decoding=\"async\" class=\"alignleft wp-image-27753\" src=\"http:\/\/osnovnaskolamalinskadubasnica.hr\/wp-content\/uploads\/pizza-day-web.jpg\" alt=\"\" width=\"272\" height=\"204\" srcset=\"http:\/\/osnovnaskolamalinskadubasnica.hr\/wp-content\/uploads\/pizza-day-web.jpg 844w, http:\/\/osnovnaskolamalinskadubasnica.hr\/wp-content\/uploads\/pizza-day-web-768x575.jpg 768w\" sizes=\"auto, (max-width: 272px) 100vw, 272px\" \/><\/a><\/span><span style=\"color: #000000;\">Danas je Svjetski dan pizze! \u2764\ufe0f<\/span><\/p>\n<p style=\"text-align: justify;\"><span style=\"color: #000000;\">U\u010denici \u010detvrtih razreda, polaznici izborne nastave talijanskog jezika, obilje\u017eili su <em>Svjetski dan pizze<\/em>. Sa svojom u\u010diteljicom Ivanom \u0160egulja u\u017eivali su u pripremi i degustaciji ovog, diljem svijeta mnogima omiljenog, talijanskog jela. \ud83c\udf55<\/span><\/p>\n<p><em><!--more--><\/em><\/p>\n<p style=\"text-align: justify;\"><span style=\"color: #000000;\">Diljem svijeta, Svjetski dan pizze obilje\u017eava se svake godine 9. velja\u010de. Povijesna pri\u010da o pizzi kakvu danas poznajemo vodi nas u Napulj, grad u ju\u017enoj Italiji. U po\u010detku je pizza postala jako popularno jelo me\u0111u obi\u010dnim pukom u Napulju, brzo se pripremala, sastojci su bili jednostavni i jeftini, a jako ukusni. Mnogi smatraju da je recept za pizzu smislio napuljski pekar <strong>Raffaele Esposito<\/strong>, vlasnik poznatog restorana <em>Pizzeria di Pietro e Basta Cos\u00ec<\/em> i \u010dovjek kojeg su u to vrijeme smatrali najve\u0107im majstorom pizze.<\/span><\/p>\n<p><iframe loading=\"lazy\" title=\"YouTube video player\" src=\"https:\/\/www.youtube.com\/embed\/PRn5iONxSQQ?si=IFhU5ZafmDaTj-gf\" width=\"640\" height=\"360\" frameborder=\"0\" allowfullscreen=\"allowfullscreen\"><span style=\"display: inline-block; width: 0px; overflow: hidden; line-height: 0;\" data-mce-type=\"bookmark\" class=\"mce_SELRES_start\">\ufeff<\/span><\/iframe><\/p>\n<p style=\"text-align: justify;\"><span style=\"color: #000000;\">Godine 1889. dogodio se vrlo va\u017ean doga\u0111aj u povijesti koji je pizzu, do tada jelo za siroma\u0161ne, pretvorio u ne\u0161to sasvim posebno. Te godine su Napulj posjetili <strong>kraljica Margherita di Savoia<\/strong> i njezin suprug kralj Umberto I. Upravo je Raffaele Esposito osmislio pizzu u \u010dast kralji\u010dinog posjeta Napulju i bojama Italije &#8211; zeleni bosiljak, bijela mozzarella i crvena raj\u010dica. Pri\u010da ka\u017ee da je Raffalele ugostio kraljicu Margheritu i kralja Umberta za vrijeme njihove \u0161etnje Napuljem i ponudio im pizzu Margherita koja je i danas jedna od najpoznatijih pizza.<br \/>\n<\/span><\/p>\n<p style=\"text-align: justify;\"><span style=\"color: #000000;\">Na\u0161i vrijedni \u010detvrta\u0161i nau\u010dili su pripremati ovu talijansku poslasticu, u\u017eivali su u pripremanju pizze, a nakon \u0161to su ih probali svojim su pizzama dali ocjenu 1000 od 100 jer, kao \u0161to znamo, najfinije jelo na svijetu je ono koje sami napravimo i pojedemo u dobrom dru\u0161tvu.\u2764\ufe0f<\/span><\/p>\n<p><strong><span style=\"color: #800000;\">FOTOGALERIJA<\/span><\/strong><\/p>\n<div id='gallery-1' class='gallery galleryid-27752 gallery-columns-2 gallery-size-medium'><dl class='gallery-item'>\n\t\t\t<dt class='gallery-icon portrait'>\n\t\t\t\t<a href='http:\/\/osnovnaskolamalinskadubasnica.hr\/wp-content\/uploads\/viber_slika_2024-02-05_12-23-59-649.jpg' title=\"\" data-rl_title=\"\" class=\"rl-gallery-link\" data-rl_caption=\"\" data-rel=\"lightbox-gallery-1\"><img loading=\"lazy\" decoding=\"async\" width=\"1350\" height=\"1800\" src=\"http:\/\/osnovnaskolamalinskadubasnica.hr\/wp-content\/uploads\/viber_slika_2024-02-05_12-23-59-649.jpg\" class=\"attachment-medium size-medium\" alt=\"\" srcset=\"http:\/\/osnovnaskolamalinskadubasnica.hr\/wp-content\/uploads\/viber_slika_2024-02-05_12-23-59-649.jpg 1350w, http:\/\/osnovnaskolamalinskadubasnica.hr\/wp-content\/uploads\/viber_slika_2024-02-05_12-23-59-649-768x1024.jpg 768w, http:\/\/osnovnaskolamalinskadubasnica.hr\/wp-content\/uploads\/viber_slika_2024-02-05_12-23-59-649-1152x1536.jpg 1152w\" sizes=\"auto, (max-width: 1350px) 100vw, 1350px\" \/><\/a>\n\t\t\t<\/dt><\/dl><dl class='gallery-item'>\n\t\t\t<dt class='gallery-icon portrait'>\n\t\t\t\t<a href='http:\/\/osnovnaskolamalinskadubasnica.hr\/wp-content\/uploads\/viber_slika_2024-02-05_12-24-35-023.jpg' title=\"\" data-rl_title=\"\" class=\"rl-gallery-link\" data-rl_caption=\"\" data-rel=\"lightbox-gallery-1\"><img loading=\"lazy\" decoding=\"async\" width=\"1350\" height=\"1800\" src=\"http:\/\/osnovnaskolamalinskadubasnica.hr\/wp-content\/uploads\/viber_slika_2024-02-05_12-24-35-023.jpg\" class=\"attachment-medium size-medium\" alt=\"\" srcset=\"http:\/\/osnovnaskolamalinskadubasnica.hr\/wp-content\/uploads\/viber_slika_2024-02-05_12-24-35-023.jpg 1350w, http:\/\/osnovnaskolamalinskadubasnica.hr\/wp-content\/uploads\/viber_slika_2024-02-05_12-24-35-023-768x1024.jpg 768w, http:\/\/osnovnaskolamalinskadubasnica.hr\/wp-content\/uploads\/viber_slika_2024-02-05_12-24-35-023-1152x1536.jpg 1152w\" sizes=\"auto, (max-width: 1350px) 100vw, 1350px\" \/><\/a>\n\t\t\t<\/dt><\/dl><br style=\"clear: both\" \/><dl class='gallery-item'>\n\t\t\t<dt class='gallery-icon landscape'>\n\t\t\t\t<a href='http:\/\/osnovnaskolamalinskadubasnica.hr\/wp-content\/uploads\/viber_slika_2024-02-05_12-24-35-267.jpg' title=\"\" data-rl_title=\"\" class=\"rl-gallery-link\" data-rl_caption=\"\" data-rel=\"lightbox-gallery-1\"><img loading=\"lazy\" decoding=\"async\" width=\"1800\" height=\"1350\" src=\"http:\/\/osnovnaskolamalinskadubasnica.hr\/wp-content\/uploads\/viber_slika_2024-02-05_12-24-35-267.jpg\" class=\"attachment-medium size-medium\" alt=\"\" srcset=\"http:\/\/osnovnaskolamalinskadubasnica.hr\/wp-content\/uploads\/viber_slika_2024-02-05_12-24-35-267.jpg 1800w, http:\/\/osnovnaskolamalinskadubasnica.hr\/wp-content\/uploads\/viber_slika_2024-02-05_12-24-35-267-768x576.jpg 768w, http:\/\/osnovnaskolamalinskadubasnica.hr\/wp-content\/uploads\/viber_slika_2024-02-05_12-24-35-267-1536x1152.jpg 1536w\" sizes=\"auto, (max-width: 1800px) 100vw, 1800px\" \/><\/a>\n\t\t\t<\/dt><\/dl><dl class='gallery-item'>\n\t\t\t<dt class='gallery-icon landscape'>\n\t\t\t\t<a href='http:\/\/osnovnaskolamalinskadubasnica.hr\/wp-content\/uploads\/viber_slika_2024-02-07_12-39-51-976.jpg' title=\"\" data-rl_title=\"\" class=\"rl-gallery-link\" data-rl_caption=\"\" data-rel=\"lightbox-gallery-1\"><img loading=\"lazy\" decoding=\"async\" width=\"1800\" height=\"1350\" src=\"http:\/\/osnovnaskolamalinskadubasnica.hr\/wp-content\/uploads\/viber_slika_2024-02-07_12-39-51-976.jpg\" class=\"attachment-medium size-medium\" alt=\"\" srcset=\"http:\/\/osnovnaskolamalinskadubasnica.hr\/wp-content\/uploads\/viber_slika_2024-02-07_12-39-51-976.jpg 1800w, http:\/\/osnovnaskolamalinskadubasnica.hr\/wp-content\/uploads\/viber_slika_2024-02-07_12-39-51-976-768x576.jpg 768w, http:\/\/osnovnaskolamalinskadubasnica.hr\/wp-content\/uploads\/viber_slika_2024-02-07_12-39-51-976-1536x1152.jpg 1536w\" sizes=\"auto, (max-width: 1800px) 100vw, 1800px\" \/><\/a>\n\t\t\t<\/dt><\/dl><br style=\"clear: both\" \/><dl class='gallery-item'>\n\t\t\t<dt class='gallery-icon portrait'>\n\t\t\t\t<a href='http:\/\/osnovnaskolamalinskadubasnica.hr\/wp-content\/uploads\/viber_slika_2024-02-05_12-24-35-146.jpg' title=\"\" data-rl_title=\"\" class=\"rl-gallery-link\" data-rl_caption=\"\" data-rel=\"lightbox-gallery-1\"><img loading=\"lazy\" decoding=\"async\" width=\"1350\" height=\"1800\" src=\"http:\/\/osnovnaskolamalinskadubasnica.hr\/wp-content\/uploads\/viber_slika_2024-02-05_12-24-35-146.jpg\" class=\"attachment-medium size-medium\" alt=\"\" srcset=\"http:\/\/osnovnaskolamalinskadubasnica.hr\/wp-content\/uploads\/viber_slika_2024-02-05_12-24-35-146.jpg 1350w, http:\/\/osnovnaskolamalinskadubasnica.hr\/wp-content\/uploads\/viber_slika_2024-02-05_12-24-35-146-768x1024.jpg 768w, http:\/\/osnovnaskolamalinskadubasnica.hr\/wp-content\/uploads\/viber_slika_2024-02-05_12-24-35-146-1152x1536.jpg 1152w\" sizes=\"auto, (max-width: 1350px) 100vw, 1350px\" \/><\/a>\n\t\t\t<\/dt><\/dl><dl class='gallery-item'>\n\t\t\t<dt class='gallery-icon portrait'>\n\t\t\t\t<a href='http:\/\/osnovnaskolamalinskadubasnica.hr\/wp-content\/uploads\/viber_slika_2024-02-05_12-24-35-362.jpg' title=\"\" data-rl_title=\"\" class=\"rl-gallery-link\" data-rl_caption=\"\" data-rel=\"lightbox-gallery-1\"><img loading=\"lazy\" decoding=\"async\" width=\"1350\" height=\"1800\" src=\"http:\/\/osnovnaskolamalinskadubasnica.hr\/wp-content\/uploads\/viber_slika_2024-02-05_12-24-35-362.jpg\" class=\"attachment-medium size-medium\" alt=\"\" srcset=\"http:\/\/osnovnaskolamalinskadubasnica.hr\/wp-content\/uploads\/viber_slika_2024-02-05_12-24-35-362.jpg 1350w, http:\/\/osnovnaskolamalinskadubasnica.hr\/wp-content\/uploads\/viber_slika_2024-02-05_12-24-35-362-768x1024.jpg 768w, http:\/\/osnovnaskolamalinskadubasnica.hr\/wp-content\/uploads\/viber_slika_2024-02-05_12-24-35-362-1152x1536.jpg 1152w\" sizes=\"auto, (max-width: 1350px) 100vw, 1350px\" \/><\/a>\n\t\t\t<\/dt><\/dl><br style=\"clear: both\" \/><dl class='gallery-item'>\n\t\t\t<dt class='gallery-icon portrait'>\n\t\t\t\t<a href='http:\/\/osnovnaskolamalinskadubasnica.hr\/wp-content\/uploads\/viber_slika_2024-02-07_12-39-51-660.jpg' title=\"\" data-rl_title=\"\" class=\"rl-gallery-link\" data-rl_caption=\"\" data-rel=\"lightbox-gallery-1\"><img loading=\"lazy\" decoding=\"async\" width=\"1350\" height=\"1800\" src=\"http:\/\/osnovnaskolamalinskadubasnica.hr\/wp-content\/uploads\/viber_slika_2024-02-07_12-39-51-660.jpg\" class=\"attachment-medium size-medium\" alt=\"\" srcset=\"http:\/\/osnovnaskolamalinskadubasnica.hr\/wp-content\/uploads\/viber_slika_2024-02-07_12-39-51-660.jpg 1350w, http:\/\/osnovnaskolamalinskadubasnica.hr\/wp-content\/uploads\/viber_slika_2024-02-07_12-39-51-660-768x1024.jpg 768w, http:\/\/osnovnaskolamalinskadubasnica.hr\/wp-content\/uploads\/viber_slika_2024-02-07_12-39-51-660-1152x1536.jpg 1152w\" sizes=\"auto, (max-width: 1350px) 100vw, 1350px\" \/><\/a>\n\t\t\t<\/dt><\/dl><dl class='gallery-item'>\n\t\t\t<dt class='gallery-icon portrait'>\n\t\t\t\t<a href='http:\/\/osnovnaskolamalinskadubasnica.hr\/wp-content\/uploads\/viber_slika_2024-02-07_12-39-52-080.jpg' title=\"\" data-rl_title=\"\" class=\"rl-gallery-link\" data-rl_caption=\"\" data-rel=\"lightbox-gallery-1\"><img loading=\"lazy\" decoding=\"async\" width=\"1350\" height=\"1800\" src=\"http:\/\/osnovnaskolamalinskadubasnica.hr\/wp-content\/uploads\/viber_slika_2024-02-07_12-39-52-080.jpg\" class=\"attachment-medium size-medium\" alt=\"\" srcset=\"http:\/\/osnovnaskolamalinskadubasnica.hr\/wp-content\/uploads\/viber_slika_2024-02-07_12-39-52-080.jpg 1350w, http:\/\/osnovnaskolamalinskadubasnica.hr\/wp-content\/uploads\/viber_slika_2024-02-07_12-39-52-080-768x1024.jpg 768w, http:\/\/osnovnaskolamalinskadubasnica.hr\/wp-content\/uploads\/viber_slika_2024-02-07_12-39-52-080-1152x1536.jpg 1152w\" sizes=\"auto, (max-width: 1350px) 100vw, 1350px\" \/><\/a>\n\t\t\t<\/dt><\/dl><br style=\"clear: both\" \/><dl class='gallery-item'>\n\t\t\t<dt class='gallery-icon portrait'>\n\t\t\t\t<a href='http:\/\/osnovnaskolamalinskadubasnica.hr\/wp-content\/uploads\/viber_slika_2024-02-07_12-39-54-737.jpg' title=\"\" data-rl_title=\"\" class=\"rl-gallery-link\" data-rl_caption=\"\" data-rel=\"lightbox-gallery-1\"><img loading=\"lazy\" decoding=\"async\" width=\"1350\" height=\"1800\" src=\"http:\/\/osnovnaskolamalinskadubasnica.hr\/wp-content\/uploads\/viber_slika_2024-02-07_12-39-54-737.jpg\" class=\"attachment-medium size-medium\" alt=\"\" srcset=\"http:\/\/osnovnaskolamalinskadubasnica.hr\/wp-content\/uploads\/viber_slika_2024-02-07_12-39-54-737.jpg 1350w, http:\/\/osnovnaskolamalinskadubasnica.hr\/wp-content\/uploads\/viber_slika_2024-02-07_12-39-54-737-768x1024.jpg 768w, http:\/\/osnovnaskolamalinskadubasnica.hr\/wp-content\/uploads\/viber_slika_2024-02-07_12-39-54-737-1152x1536.jpg 1152w\" sizes=\"auto, (max-width: 1350px) 100vw, 1350px\" \/><\/a>\n\t\t\t<\/dt><\/dl><dl class='gallery-item'>\n\t\t\t<dt class='gallery-icon portrait'>\n\t\t\t\t<a href='http:\/\/osnovnaskolamalinskadubasnica.hr\/wp-content\/uploads\/viber_slika_2024-02-07_12-39-54-824.jpg' title=\"\" data-rl_title=\"\" class=\"rl-gallery-link\" data-rl_caption=\"\" data-rel=\"lightbox-gallery-1\"><img loading=\"lazy\" decoding=\"async\" width=\"1350\" height=\"1800\" src=\"http:\/\/osnovnaskolamalinskadubasnica.hr\/wp-content\/uploads\/viber_slika_2024-02-07_12-39-54-824.jpg\" class=\"attachment-medium size-medium\" alt=\"\" srcset=\"http:\/\/osnovnaskolamalinskadubasnica.hr\/wp-content\/uploads\/viber_slika_2024-02-07_12-39-54-824.jpg 1350w, http:\/\/osnovnaskolamalinskadubasnica.hr\/wp-content\/uploads\/viber_slika_2024-02-07_12-39-54-824-768x1024.jpg 768w, http:\/\/osnovnaskolamalinskadubasnica.hr\/wp-content\/uploads\/viber_slika_2024-02-07_12-39-54-824-1152x1536.jpg 1152w\" sizes=\"auto, (max-width: 1350px) 100vw, 1350px\" \/><\/a>\n\t\t\t<\/dt><\/dl><br style=\"clear: both\" \/>\n\t\t<\/div>\n\n<p style=\"text-align: center;\"><span style=\"color: #000000;\">foto: Ivana \u0160egulja<\/span><\/p>\n","protected":false},"excerpt":{"rendered":"<p>Danas je Svjetski dan pizze! \u2764\ufe0f U\u010denici \u010detvrtih razreda, polaznici izborne nastave talijanskog jezika, obilje\u017eili su Svjetski dan pizze. Sa svojom u\u010diteljicom Ivanom \u0160egulja u\u017eivali su u pripremi i degustaciji ovog, diljem svijeta mnogima omiljenog, talijanskog jela. \ud83c\udf55<\/p>\n","protected":false},"author":1,"featured_media":0,"comment_status":"closed","ping_status":"closed","sticky":false,"template":"","format":"standard","meta":{"footnotes":""},"categories":[24,9,102],"tags":[1364,1362,1363],"class_list":["post-27752","post","type-post","status-publish","format-standard","hentry","category-dogadanja","category-vijesti","category-zanimljivosti-2","tag-ivana-segulja","tag-svjetski-dan-pizze","tag-talijanski-jezik"],"yoast_head":"<!-- This site is optimized with the Yoast SEO plugin v27.5 - https:\/\/yoast.com\/product\/yoast-seo-wordpress\/ -->\n<title>Obilje\u017eili smo Svjetski dan pizze - Osnovna \u0161kola Malinska-Duba\u0161nica<\/title>\n<meta name=\"robots\" content=\"index, follow, max-snippet:-1, max-image-preview:large, max-video-preview:-1\" \/>\n<link rel=\"canonical\" href=\"https:\/\/osnovnaskolamalinskadubasnica.hr\/?p=27752\" \/>\n<meta property=\"og:locale\" content=\"hr_HR\" \/>\n<meta property=\"og:type\" content=\"article\" \/>\n<meta property=\"og:title\" content=\"Obilje\u017eili smo Svjetski dan pizze - Osnovna \u0161kola Malinska-Duba\u0161nica\" \/>\n<meta property=\"og:description\" content=\"Danas je Svjetski dan pizze! \u2764\ufe0f U\u010denici \u010detvrtih razreda, polaznici izborne nastave talijanskog jezika, obilje\u017eili su Svjetski dan pizze. Sa svojom u\u010diteljicom Ivanom \u0160egulja u\u017eivali su u pripremi i degustaciji ovog, diljem svijeta mnogima omiljenog, talijanskog jela. \ud83c\udf55\" \/>\n<meta property=\"og:url\" content=\"https:\/\/osnovnaskolamalinskadubasnica.hr\/?p=27752\" \/>\n<meta property=\"og:site_name\" content=\"Osnovna \u0161kola Malinska-Duba\u0161nica\" \/>\n<meta property=\"article:publisher\" content=\"https:\/\/www.facebook.com\/osmalinskadubasnica\/\" \/>\n<meta property=\"article:published_time\" content=\"2024-02-09T18:55:31+00:00\" \/>\n<meta property=\"article:modified_time\" content=\"2024-02-10T14:31:19+00:00\" \/>\n<meta property=\"og:image\" content=\"https:\/\/osnovnaskolamalinskadubasnica.hr\/wp-content\/uploads\/pizza-day-fb-scaled.jpg\" \/>\n\t<meta property=\"og:image:width\" content=\"2560\" \/>\n\t<meta property=\"og:image:height\" content=\"1599\" \/>\n\t<meta property=\"og:image:type\" content=\"image\/jpeg\" \/>\n<meta name=\"author\" content=\"O\u0160 Malinska-Duba\u0161nica\" \/>\n<meta name=\"twitter:card\" content=\"summary_large_image\" \/>\n<meta name=\"twitter:label1\" content=\"Napisao\/la\" \/>\n\t<meta name=\"twitter:data1\" content=\"O\u0160 Malinska-Duba\u0161nica\" \/>\n\t<meta name=\"twitter:label2\" content=\"Procijenjeno vrijeme \u010ditanja\" \/>\n\t<meta name=\"twitter:data2\" content=\"2 minute\" \/>\n<script type=\"application\/ld+json\" class=\"yoast-schema-graph\">{\"@context\":\"https:\\\/\\\/schema.org\",\"@graph\":[{\"@type\":\"Article\",\"@id\":\"https:\\\/\\\/osnovnaskolamalinskadubasnica.hr\\\/?p=27752#article\",\"isPartOf\":{\"@id\":\"https:\\\/\\\/osnovnaskolamalinskadubasnica.hr\\\/?p=27752\"},\"author\":{\"name\":\"O\u0160 Malinska-Duba\u0161nica\",\"@id\":\"http:\\\/\\\/osnovnaskolamalinskadubasnica.hr\\\/#\\\/schema\\\/person\\\/ab4ffae0c646af016b083db5e2445e8f\"},\"headline\":\"Obilje\u017eili smo Svjetski dan pizze\",\"datePublished\":\"2024-02-09T18:55:31+00:00\",\"dateModified\":\"2024-02-10T14:31:19+00:00\",\"mainEntityOfPage\":{\"@id\":\"https:\\\/\\\/osnovnaskolamalinskadubasnica.hr\\\/?p=27752\"},\"wordCount\":289,\"image\":{\"@id\":\"https:\\\/\\\/osnovnaskolamalinskadubasnica.hr\\\/?p=27752#primaryimage\"},\"thumbnailUrl\":\"http:\\\/\\\/osnovnaskolamalinskadubasnica.hr\\\/wp-content\\\/uploads\\\/pizza-day-web.jpg\",\"keywords\":[\"Ivana \u0160egulja\",\"Svjetski dan pizze\",\"Talijanski jezik\"],\"articleSection\":[\"Doga\u0111anja\",\"Vijesti\",\"Zanimljivosti\"],\"inLanguage\":\"hr\"},{\"@type\":\"WebPage\",\"@id\":\"https:\\\/\\\/osnovnaskolamalinskadubasnica.hr\\\/?p=27752\",\"url\":\"https:\\\/\\\/osnovnaskolamalinskadubasnica.hr\\\/?p=27752\",\"name\":\"Obilje\u017eili smo Svjetski dan pizze - Osnovna \u0161kola Malinska-Duba\u0161nica\",\"isPartOf\":{\"@id\":\"http:\\\/\\\/osnovnaskolamalinskadubasnica.hr\\\/#website\"},\"primaryImageOfPage\":{\"@id\":\"https:\\\/\\\/osnovnaskolamalinskadubasnica.hr\\\/?p=27752#primaryimage\"},\"image\":{\"@id\":\"https:\\\/\\\/osnovnaskolamalinskadubasnica.hr\\\/?p=27752#primaryimage\"},\"thumbnailUrl\":\"http:\\\/\\\/osnovnaskolamalinskadubasnica.hr\\\/wp-content\\\/uploads\\\/pizza-day-web.jpg\",\"datePublished\":\"2024-02-09T18:55:31+00:00\",\"dateModified\":\"2024-02-10T14:31:19+00:00\",\"author\":{\"@id\":\"http:\\\/\\\/osnovnaskolamalinskadubasnica.hr\\\/#\\\/schema\\\/person\\\/ab4ffae0c646af016b083db5e2445e8f\"},\"breadcrumb\":{\"@id\":\"https:\\\/\\\/osnovnaskolamalinskadubasnica.hr\\\/?p=27752#breadcrumb\"},\"inLanguage\":\"hr\",\"potentialAction\":[{\"@type\":\"ReadAction\",\"target\":[\"https:\\\/\\\/osnovnaskolamalinskadubasnica.hr\\\/?p=27752\"]}]},{\"@type\":\"ImageObject\",\"inLanguage\":\"hr\",\"@id\":\"https:\\\/\\\/osnovnaskolamalinskadubasnica.hr\\\/?p=27752#primaryimage\",\"url\":\"http:\\\/\\\/osnovnaskolamalinskadubasnica.hr\\\/wp-content\\\/uploads\\\/pizza-day-web.jpg\",\"contentUrl\":\"http:\\\/\\\/osnovnaskolamalinskadubasnica.hr\\\/wp-content\\\/uploads\\\/pizza-day-web.jpg\",\"width\":844,\"height\":632},{\"@type\":\"BreadcrumbList\",\"@id\":\"https:\\\/\\\/osnovnaskolamalinskadubasnica.hr\\\/?p=27752#breadcrumb\",\"itemListElement\":[{\"@type\":\"ListItem\",\"position\":1,\"name\":\"Po\u010detna stranica\",\"item\":\"http:\\\/\\\/osnovnaskolamalinskadubasnica.hr\\\/\"},{\"@type\":\"ListItem\",\"position\":2,\"name\":\"Obilje\u017eili smo Svjetski dan pizze\"}]},{\"@type\":\"WebSite\",\"@id\":\"http:\\\/\\\/osnovnaskolamalinskadubasnica.hr\\\/#website\",\"url\":\"http:\\\/\\\/osnovnaskolamalinskadubasnica.hr\\\/\",\"name\":\"Osnovna \u0161kola Malinska-Duba\u0161nica\",\"description\":\"\",\"potentialAction\":[{\"@type\":\"SearchAction\",\"target\":{\"@type\":\"EntryPoint\",\"urlTemplate\":\"http:\\\/\\\/osnovnaskolamalinskadubasnica.hr\\\/?s={search_term_string}\"},\"query-input\":{\"@type\":\"PropertyValueSpecification\",\"valueRequired\":true,\"valueName\":\"search_term_string\"}}],\"inLanguage\":\"hr\"},{\"@type\":\"Person\",\"@id\":\"http:\\\/\\\/osnovnaskolamalinskadubasnica.hr\\\/#\\\/schema\\\/person\\\/ab4ffae0c646af016b083db5e2445e8f\",\"name\":\"O\u0160 Malinska-Duba\u0161nica\",\"url\":\"http:\\\/\\\/osnovnaskolamalinskadubasnica.hr\\\/?author=1\"}]}<\/script>\n<!-- \/ Yoast SEO plugin. -->","yoast_head_json":{"title":"Obilje\u017eili smo Svjetski dan pizze - Osnovna \u0161kola Malinska-Duba\u0161nica","robots":{"index":"index","follow":"follow","max-snippet":"max-snippet:-1","max-image-preview":"max-image-preview:large","max-video-preview":"max-video-preview:-1"},"canonical":"https:\/\/osnovnaskolamalinskadubasnica.hr\/?p=27752","og_locale":"hr_HR","og_type":"article","og_title":"Obilje\u017eili smo Svjetski dan pizze - Osnovna \u0161kola Malinska-Duba\u0161nica","og_description":"Danas je Svjetski dan pizze! \u2764\ufe0f U\u010denici \u010detvrtih razreda, polaznici izborne nastave talijanskog jezika, obilje\u017eili su Svjetski dan pizze. Sa svojom u\u010diteljicom Ivanom \u0160egulja u\u017eivali su u pripremi i degustaciji ovog, diljem svijeta mnogima omiljenog, talijanskog jela. \ud83c\udf55","og_url":"https:\/\/osnovnaskolamalinskadubasnica.hr\/?p=27752","og_site_name":"Osnovna \u0161kola Malinska-Duba\u0161nica","article_publisher":"https:\/\/www.facebook.com\/osmalinskadubasnica\/","article_published_time":"2024-02-09T18:55:31+00:00","article_modified_time":"2024-02-10T14:31:19+00:00","og_image":[{"width":2560,"height":1599,"url":"https:\/\/osnovnaskolamalinskadubasnica.hr\/wp-content\/uploads\/pizza-day-fb-scaled.jpg","type":"image\/jpeg"}],"author":"O\u0160 Malinska-Duba\u0161nica","twitter_card":"summary_large_image","twitter_misc":{"Napisao\/la":"O\u0160 Malinska-Duba\u0161nica","Procijenjeno vrijeme \u010ditanja":"2 minute"},"schema":{"@context":"https:\/\/schema.org","@graph":[{"@type":"Article","@id":"https:\/\/osnovnaskolamalinskadubasnica.hr\/?p=27752#article","isPartOf":{"@id":"https:\/\/osnovnaskolamalinskadubasnica.hr\/?p=27752"},"author":{"name":"O\u0160 Malinska-Duba\u0161nica","@id":"http:\/\/osnovnaskolamalinskadubasnica.hr\/#\/schema\/person\/ab4ffae0c646af016b083db5e2445e8f"},"headline":"Obilje\u017eili smo Svjetski dan pizze","datePublished":"2024-02-09T18:55:31+00:00","dateModified":"2024-02-10T14:31:19+00:00","mainEntityOfPage":{"@id":"https:\/\/osnovnaskolamalinskadubasnica.hr\/?p=27752"},"wordCount":289,"image":{"@id":"https:\/\/osnovnaskolamalinskadubasnica.hr\/?p=27752#primaryimage"},"thumbnailUrl":"http:\/\/osnovnaskolamalinskadubasnica.hr\/wp-content\/uploads\/pizza-day-web.jpg","keywords":["Ivana \u0160egulja","Svjetski dan pizze","Talijanski jezik"],"articleSection":["Doga\u0111anja","Vijesti","Zanimljivosti"],"inLanguage":"hr"},{"@type":"WebPage","@id":"https:\/\/osnovnaskolamalinskadubasnica.hr\/?p=27752","url":"https:\/\/osnovnaskolamalinskadubasnica.hr\/?p=27752","name":"Obilje\u017eili smo Svjetski dan pizze - Osnovna \u0161kola Malinska-Duba\u0161nica","isPartOf":{"@id":"http:\/\/osnovnaskolamalinskadubasnica.hr\/#website"},"primaryImageOfPage":{"@id":"https:\/\/osnovnaskolamalinskadubasnica.hr\/?p=27752#primaryimage"},"image":{"@id":"https:\/\/osnovnaskolamalinskadubasnica.hr\/?p=27752#primaryimage"},"thumbnailUrl":"http:\/\/osnovnaskolamalinskadubasnica.hr\/wp-content\/uploads\/pizza-day-web.jpg","datePublished":"2024-02-09T18:55:31+00:00","dateModified":"2024-02-10T14:31:19+00:00","author":{"@id":"http:\/\/osnovnaskolamalinskadubasnica.hr\/#\/schema\/person\/ab4ffae0c646af016b083db5e2445e8f"},"breadcrumb":{"@id":"https:\/\/osnovnaskolamalinskadubasnica.hr\/?p=27752#breadcrumb"},"inLanguage":"hr","potentialAction":[{"@type":"ReadAction","target":["https:\/\/osnovnaskolamalinskadubasnica.hr\/?p=27752"]}]},{"@type":"ImageObject","inLanguage":"hr","@id":"https:\/\/osnovnaskolamalinskadubasnica.hr\/?p=27752#primaryimage","url":"http:\/\/osnovnaskolamalinskadubasnica.hr\/wp-content\/uploads\/pizza-day-web.jpg","contentUrl":"http:\/\/osnovnaskolamalinskadubasnica.hr\/wp-content\/uploads\/pizza-day-web.jpg","width":844,"height":632},{"@type":"BreadcrumbList","@id":"https:\/\/osnovnaskolamalinskadubasnica.hr\/?p=27752#breadcrumb","itemListElement":[{"@type":"ListItem","position":1,"name":"Po\u010detna stranica","item":"http:\/\/osnovnaskolamalinskadubasnica.hr\/"},{"@type":"ListItem","position":2,"name":"Obilje\u017eili smo Svjetski dan pizze"}]},{"@type":"WebSite","@id":"http:\/\/osnovnaskolamalinskadubasnica.hr\/#website","url":"http:\/\/osnovnaskolamalinskadubasnica.hr\/","name":"Osnovna \u0161kola Malinska-Duba\u0161nica","description":"","potentialAction":[{"@type":"SearchAction","target":{"@type":"EntryPoint","urlTemplate":"http:\/\/osnovnaskolamalinskadubasnica.hr\/?s={search_term_string}"},"query-input":{"@type":"PropertyValueSpecification","valueRequired":true,"valueName":"search_term_string"}}],"inLanguage":"hr"},{"@type":"Person","@id":"http:\/\/osnovnaskolamalinskadubasnica.hr\/#\/schema\/person\/ab4ffae0c646af016b083db5e2445e8f","name":"O\u0160 Malinska-Duba\u0161nica","url":"http:\/\/osnovnaskolamalinskadubasnica.hr\/?author=1"}]}},"_links":{"self":[{"href":"http:\/\/osnovnaskolamalinskadubasnica.hr\/index.php?rest_route=\/wp\/v2\/posts\/27752","targetHints":{"allow":["GET"]}}],"collection":[{"href":"http:\/\/osnovnaskolamalinskadubasnica.hr\/index.php?rest_route=\/wp\/v2\/posts"}],"about":[{"href":"http:\/\/osnovnaskolamalinskadubasnica.hr\/index.php?rest_route=\/wp\/v2\/types\/post"}],"author":[{"embeddable":true,"href":"http:\/\/osnovnaskolamalinskadubasnica.hr\/index.php?rest_route=\/wp\/v2\/users\/1"}],"replies":[{"embeddable":true,"href":"http:\/\/osnovnaskolamalinskadubasnica.hr\/index.php?rest_route=%2Fwp%2Fv2%2Fcomments&post=27752"}],"version-history":[{"count":3,"href":"http:\/\/osnovnaskolamalinskadubasnica.hr\/index.php?rest_route=\/wp\/v2\/posts\/27752\/revisions"}],"predecessor-version":[{"id":27767,"href":"http:\/\/osnovnaskolamalinskadubasnica.hr\/index.php?rest_route=\/wp\/v2\/posts\/27752\/revisions\/27767"}],"wp:attachment":[{"href":"http:\/\/osnovnaskolamalinskadubasnica.hr\/index.php?rest_route=%2Fwp%2Fv2%2Fmedia&parent=27752"}],"wp:term":[{"taxonomy":"category","embeddable":true,"href":"http:\/\/osnovnaskolamalinskadubasnica.hr\/index.php?rest_route=%2Fwp%2Fv2%2Fcategories&post=27752"},{"taxonomy":"post_tag","embeddable":true,"href":"http:\/\/osnovnaskolamalinskadubasnica.hr\/index.php?rest_route=%2Fwp%2Fv2%2Ftags&post=27752"}],"curies":[{"name":"wp","href":"https:\/\/api.w.org\/{rel}","templated":true}]}}