{"id":27459,"date":"2023-12-21T17:56:51","date_gmt":"2023-12-21T16:56:51","guid":{"rendered":"http:\/\/osnovnaskolamalinskadubasnica.hr\/?p=27459"},"modified":"2023-12-21T19:35:46","modified_gmt":"2023-12-21T18:35:46","slug":"putevima-frankopana-radionica-izrade-grbova","status":"publish","type":"post","link":"http:\/\/osnovnaskolamalinskadubasnica.hr\/?p=27459","title":{"rendered":"Radionica izrade grbova"},"content":{"rendered":"<p style=\"text-align: justify;\"><span style=\"color: #000000;\"><a href=\"http:\/\/osnovnaskolamalinskadubasnica.hr\/wp-content\/uploads\/izrada-grbova-WEB.jpg\" data-rel=\"lightbox-image-0\" data-rl_title=\"\" data-rl_caption=\"\" title=\"\"><img loading=\"lazy\" decoding=\"async\" class=\"alignleft wp-image-27449\" src=\"http:\/\/osnovnaskolamalinskadubasnica.hr\/wp-content\/uploads\/izrada-grbova-WEB.jpg\" alt=\"\" width=\"272\" height=\"182\" srcset=\"http:\/\/osnovnaskolamalinskadubasnica.hr\/wp-content\/uploads\/izrada-grbova-WEB.jpg 1072w, http:\/\/osnovnaskolamalinskadubasnica.hr\/wp-content\/uploads\/izrada-grbova-WEB-768x513.jpg 768w\" sizes=\"auto, (max-width: 272px) 100vw, 272px\" \/><\/a>Nastavljamo s\u00a0 aktivnostima vezanim za projekt <em>Pri\u010da o Frankopana<\/em>. Ovoga\u00a0 puta u \u0161kolskoj knji\u017enici od u\u010diteljice Simone saznajemo \u0161to je to heraldika, kako nastaju grbovi, o bojama i simbolima koji se pojavljuju na njima.<\/span><\/p>\n<p><em><!--more--><\/em><\/p>\n<p style=\"text-align: justify;\"><span style=\"color: #000000;\">Nestrpljivi da \u0161to prije napravimo grb koji bi najbolje predstavio nas ili na\u0161e obitelji\u00a0 &#8220;bacamo se\u00a0 na posao&#8221;, na crtanje\u00a0 grbova. Od na\u0161ih malih grbova u\u010diteljica je slo\u017eila veliki grb. S nestrpljenjem o\u010dekujemo sljede\u0107u radionicu s u\u010diteljicom Simonom jer ona je uvijek prepuna ideja, a za promjenu lijepo je\u00a0 u\u010dionicu zamijeniti knji\u017enicom. \ud83d\ude0a<br \/>\n<\/span><\/p>\n<p style=\"text-align: right;\"><a href=\"http:\/\/osnovnaskolamalinskadubasnica.hr\/wp-content\/uploads\/viber_slika_2023-12-21_13-10-59-344.jpg\" data-rel=\"lightbox-image-1\" data-rl_title=\"\" data-rl_caption=\"\" title=\"\"><img loading=\"lazy\" decoding=\"async\" class=\"aligncenter size-full wp-image-27458\" src=\"http:\/\/osnovnaskolamalinskadubasnica.hr\/wp-content\/uploads\/viber_slika_2023-12-21_13-10-59-344.jpg\" alt=\"\" width=\"1222\" height=\"1458\" srcset=\"http:\/\/osnovnaskolamalinskadubasnica.hr\/wp-content\/uploads\/viber_slika_2023-12-21_13-10-59-344.jpg 1222w, http:\/\/osnovnaskolamalinskadubasnica.hr\/wp-content\/uploads\/viber_slika_2023-12-21_13-10-59-344-768x916.jpg 768w\" sizes=\"auto, (max-width: 1222px) 100vw, 1222px\" \/><\/a><em><span style=\"color: #000000;\">Ivona Dundovi\u0107-Ljuti\u0107<\/span><\/em><\/p>\n<p><strong><span style=\"color: #800000;\">FOTOGALERIJA<\/span><\/strong><\/p>\n<div id='gallery-1' class='gallery galleryid-27459 gallery-columns-2 gallery-size-medium'><dl class='gallery-item'>\n\t\t\t<dt class='gallery-icon landscape'>\n\t\t\t\t<a href='http:\/\/osnovnaskolamalinskadubasnica.hr\/wp-content\/uploads\/viber_slika_2023-12-13_16-38-17-727.jpg' title=\"\" data-rl_title=\"\" class=\"rl-gallery-link\" data-rl_caption=\"\" data-rel=\"lightbox-gallery-1\"><img loading=\"lazy\" decoding=\"async\" width=\"1600\" height=\"720\" src=\"http:\/\/osnovnaskolamalinskadubasnica.hr\/wp-content\/uploads\/viber_slika_2023-12-13_16-38-17-727.jpg\" class=\"attachment-medium size-medium\" alt=\"\" srcset=\"http:\/\/osnovnaskolamalinskadubasnica.hr\/wp-content\/uploads\/viber_slika_2023-12-13_16-38-17-727.jpg 1600w, http:\/\/osnovnaskolamalinskadubasnica.hr\/wp-content\/uploads\/viber_slika_2023-12-13_16-38-17-727-768x346.jpg 768w, http:\/\/osnovnaskolamalinskadubasnica.hr\/wp-content\/uploads\/viber_slika_2023-12-13_16-38-17-727-1536x691.jpg 1536w\" sizes=\"auto, (max-width: 1600px) 100vw, 1600px\" \/><\/a>\n\t\t\t<\/dt><\/dl><dl class='gallery-item'>\n\t\t\t<dt class='gallery-icon landscape'>\n\t\t\t\t<a href='http:\/\/osnovnaskolamalinskadubasnica.hr\/wp-content\/uploads\/viber_slika_2023-12-13_16-38-17-988.jpg' title=\"\" data-rl_title=\"\" class=\"rl-gallery-link\" data-rl_caption=\"\" data-rel=\"lightbox-gallery-1\"><img loading=\"lazy\" decoding=\"async\" width=\"1600\" height=\"720\" src=\"http:\/\/osnovnaskolamalinskadubasnica.hr\/wp-content\/uploads\/viber_slika_2023-12-13_16-38-17-988.jpg\" class=\"attachment-medium size-medium\" alt=\"\" srcset=\"http:\/\/osnovnaskolamalinskadubasnica.hr\/wp-content\/uploads\/viber_slika_2023-12-13_16-38-17-988.jpg 1600w, http:\/\/osnovnaskolamalinskadubasnica.hr\/wp-content\/uploads\/viber_slika_2023-12-13_16-38-17-988-768x346.jpg 768w, http:\/\/osnovnaskolamalinskadubasnica.hr\/wp-content\/uploads\/viber_slika_2023-12-13_16-38-17-988-1536x691.jpg 1536w\" sizes=\"auto, (max-width: 1600px) 100vw, 1600px\" \/><\/a>\n\t\t\t<\/dt><\/dl><br style=\"clear: both\" \/><dl class='gallery-item'>\n\t\t\t<dt class='gallery-icon landscape'>\n\t\t\t\t<a href='http:\/\/osnovnaskolamalinskadubasnica.hr\/wp-content\/uploads\/viber_slika_2023-12-13_16-38-18-393.jpg' title=\"\" data-rl_title=\"\" class=\"rl-gallery-link\" data-rl_caption=\"\" data-rel=\"lightbox-gallery-1\"><img loading=\"lazy\" decoding=\"async\" width=\"1600\" height=\"720\" src=\"http:\/\/osnovnaskolamalinskadubasnica.hr\/wp-content\/uploads\/viber_slika_2023-12-13_16-38-18-393.jpg\" class=\"attachment-medium size-medium\" alt=\"\" srcset=\"http:\/\/osnovnaskolamalinskadubasnica.hr\/wp-content\/uploads\/viber_slika_2023-12-13_16-38-18-393.jpg 1600w, http:\/\/osnovnaskolamalinskadubasnica.hr\/wp-content\/uploads\/viber_slika_2023-12-13_16-38-18-393-768x346.jpg 768w, http:\/\/osnovnaskolamalinskadubasnica.hr\/wp-content\/uploads\/viber_slika_2023-12-13_16-38-18-393-1536x691.jpg 1536w\" sizes=\"auto, (max-width: 1600px) 100vw, 1600px\" \/><\/a>\n\t\t\t<\/dt><\/dl><dl class='gallery-item'>\n\t\t\t<dt class='gallery-icon landscape'>\n\t\t\t\t<a href='http:\/\/osnovnaskolamalinskadubasnica.hr\/wp-content\/uploads\/viber_slika_2023-12-13_16-38-18-720.jpg' title=\"\" data-rl_title=\"\" class=\"rl-gallery-link\" data-rl_caption=\"\" data-rel=\"lightbox-gallery-1\"><img loading=\"lazy\" decoding=\"async\" width=\"1600\" height=\"720\" src=\"http:\/\/osnovnaskolamalinskadubasnica.hr\/wp-content\/uploads\/viber_slika_2023-12-13_16-38-18-720.jpg\" class=\"attachment-medium size-medium\" alt=\"\" srcset=\"http:\/\/osnovnaskolamalinskadubasnica.hr\/wp-content\/uploads\/viber_slika_2023-12-13_16-38-18-720.jpg 1600w, http:\/\/osnovnaskolamalinskadubasnica.hr\/wp-content\/uploads\/viber_slika_2023-12-13_16-38-18-720-768x346.jpg 768w, http:\/\/osnovnaskolamalinskadubasnica.hr\/wp-content\/uploads\/viber_slika_2023-12-13_16-38-18-720-1536x691.jpg 1536w\" sizes=\"auto, (max-width: 1600px) 100vw, 1600px\" \/><\/a>\n\t\t\t<\/dt><\/dl><br style=\"clear: both\" \/><dl class='gallery-item'>\n\t\t\t<dt class='gallery-icon landscape'>\n\t\t\t\t<a href='http:\/\/osnovnaskolamalinskadubasnica.hr\/wp-content\/uploads\/viber_slika_2023-12-13_16-38-18-854.jpg' title=\"\" data-rl_title=\"\" class=\"rl-gallery-link\" data-rl_caption=\"\" data-rel=\"lightbox-gallery-1\"><img loading=\"lazy\" decoding=\"async\" width=\"1600\" height=\"720\" src=\"http:\/\/osnovnaskolamalinskadubasnica.hr\/wp-content\/uploads\/viber_slika_2023-12-13_16-38-18-854.jpg\" class=\"attachment-medium size-medium\" alt=\"\" srcset=\"http:\/\/osnovnaskolamalinskadubasnica.hr\/wp-content\/uploads\/viber_slika_2023-12-13_16-38-18-854.jpg 1600w, http:\/\/osnovnaskolamalinskadubasnica.hr\/wp-content\/uploads\/viber_slika_2023-12-13_16-38-18-854-768x346.jpg 768w, http:\/\/osnovnaskolamalinskadubasnica.hr\/wp-content\/uploads\/viber_slika_2023-12-13_16-38-18-854-1536x691.jpg 1536w\" sizes=\"auto, (max-width: 1600px) 100vw, 1600px\" \/><\/a>\n\t\t\t<\/dt><\/dl><dl class='gallery-item'>\n\t\t\t<dt class='gallery-icon landscape'>\n\t\t\t\t<a href='http:\/\/osnovnaskolamalinskadubasnica.hr\/wp-content\/uploads\/viber_slika_2023-12-13_16-38-18-531.jpg' title=\"\" data-rl_title=\"\" class=\"rl-gallery-link\" data-rl_caption=\"\" data-rel=\"lightbox-gallery-1\"><img loading=\"lazy\" decoding=\"async\" width=\"1600\" height=\"720\" src=\"http:\/\/osnovnaskolamalinskadubasnica.hr\/wp-content\/uploads\/viber_slika_2023-12-13_16-38-18-531.jpg\" class=\"attachment-medium size-medium\" alt=\"\" srcset=\"http:\/\/osnovnaskolamalinskadubasnica.hr\/wp-content\/uploads\/viber_slika_2023-12-13_16-38-18-531.jpg 1600w, http:\/\/osnovnaskolamalinskadubasnica.hr\/wp-content\/uploads\/viber_slika_2023-12-13_16-38-18-531-768x346.jpg 768w, http:\/\/osnovnaskolamalinskadubasnica.hr\/wp-content\/uploads\/viber_slika_2023-12-13_16-38-18-531-1536x691.jpg 1536w\" sizes=\"auto, (max-width: 1600px) 100vw, 1600px\" \/><\/a>\n\t\t\t<\/dt><\/dl><br style=\"clear: both\" \/><dl class='gallery-item'>\n\t\t\t<dt class='gallery-icon portrait'>\n\t\t\t\t<a href='http:\/\/osnovnaskolamalinskadubasnica.hr\/wp-content\/uploads\/viber_slika_2023-12-13_16-38-16-348.jpg' title=\"\" data-rl_title=\"\" class=\"rl-gallery-link\" data-rl_caption=\"\" data-rel=\"lightbox-gallery-1\"><img loading=\"lazy\" decoding=\"async\" width=\"720\" height=\"1128\" src=\"http:\/\/osnovnaskolamalinskadubasnica.hr\/wp-content\/uploads\/viber_slika_2023-12-13_16-38-16-348.jpg\" class=\"attachment-medium size-medium\" alt=\"\" \/><\/a>\n\t\t\t<\/dt><\/dl><dl class='gallery-item'>\n\t\t\t<dt class='gallery-icon portrait'>\n\t\t\t\t<a href='http:\/\/osnovnaskolamalinskadubasnica.hr\/wp-content\/uploads\/viber_slika_2023-12-13_16-38-18-210.jpg' title=\"\" data-rl_title=\"\" class=\"rl-gallery-link\" data-rl_caption=\"\" data-rel=\"lightbox-gallery-1\"><img loading=\"lazy\" decoding=\"async\" width=\"720\" height=\"1128\" src=\"http:\/\/osnovnaskolamalinskadubasnica.hr\/wp-content\/uploads\/viber_slika_2023-12-13_16-38-18-210.jpg\" class=\"attachment-medium size-medium\" alt=\"\" \/><\/a>\n\t\t\t<\/dt><\/dl><br style=\"clear: both\" \/>\n\t\t<\/div>\n\n","protected":false},"excerpt":{"rendered":"<p>Nastavljamo s\u00a0 aktivnostima vezanim za projekt Pri\u010da o Frankopana. Ovoga\u00a0 puta u \u0161kolskoj knji\u017enici od u\u010diteljice Simone saznajemo \u0161to je to heraldika, kako nastaju grbovi, o bojama i simbolima koji se pojavljuju na njima.<\/p>\n","protected":false},"author":1,"featured_media":0,"comment_status":"closed","ping_status":"closed","sticky":false,"template":"","format":"standard","meta":{"footnotes":""},"categories":[523,30,9,102],"tags":[1349,1348,753,1037],"class_list":["post-27459","post","type-post","status-publish","format-standard","hentry","category-knjiznica","category-projekti","category-vijesti","category-zanimljivosti-2","tag-grboslovlje","tag-heraldika","tag-ivona-dundovic-ljutic","tag-simona-samanic-jezabek"],"yoast_head":"<!-- This site is optimized with the Yoast SEO plugin v27.4 - https:\/\/yoast.com\/product\/yoast-seo-wordpress\/ -->\n<title>Radionica izrade grbova - Osnovna \u0161kola Malinska-Duba\u0161nica<\/title>\n<meta name=\"robots\" content=\"index, follow, max-snippet:-1, max-image-preview:large, max-video-preview:-1\" \/>\n<link rel=\"canonical\" href=\"http:\/\/osnovnaskolamalinskadubasnica.hr\/?p=27459\" \/>\n<meta property=\"og:locale\" content=\"hr_HR\" \/>\n<meta property=\"og:type\" content=\"article\" \/>\n<meta property=\"og:title\" content=\"Radionica izrade grbova - Osnovna \u0161kola Malinska-Duba\u0161nica\" \/>\n<meta property=\"og:description\" content=\"Nastavljamo s\u00a0 aktivnostima vezanim za projekt Pri\u010da o Frankopana. Ovoga\u00a0 puta u \u0161kolskoj knji\u017enici od u\u010diteljice Simone saznajemo \u0161to je to heraldika, kako nastaju grbovi, o bojama i simbolima koji se pojavljuju na njima.\" \/>\n<meta property=\"og:url\" content=\"http:\/\/osnovnaskolamalinskadubasnica.hr\/?p=27459\" \/>\n<meta property=\"og:site_name\" content=\"Osnovna \u0161kola Malinska-Duba\u0161nica\" \/>\n<meta property=\"article:publisher\" content=\"https:\/\/www.facebook.com\/osmalinskadubasnica\/\" \/>\n<meta property=\"article:published_time\" content=\"2023-12-21T16:56:51+00:00\" \/>\n<meta property=\"article:modified_time\" content=\"2023-12-21T18:35:46+00:00\" \/>\n<meta property=\"og:image\" content=\"http:\/\/osnovnaskolamalinskadubasnica.hr\/wp-content\/uploads\/izrada-grbova-FB.jpg\" \/>\n\t<meta property=\"og:image:width\" content=\"1317\" \/>\n\t<meta property=\"og:image:height\" content=\"720\" \/>\n\t<meta property=\"og:image:type\" content=\"image\/jpeg\" \/>\n<meta name=\"author\" content=\"O\u0160 Malinska-Duba\u0161nica\" \/>\n<meta name=\"twitter:card\" content=\"summary_large_image\" \/>\n<meta name=\"twitter:label1\" content=\"Napisao\/la\" \/>\n\t<meta name=\"twitter:data1\" content=\"O\u0160 Malinska-Duba\u0161nica\" \/>\n\t<meta name=\"twitter:label2\" content=\"Procijenjeno vrijeme \u010ditanja\" \/>\n\t<meta name=\"twitter:data2\" content=\"1 minuta\" \/>\n<script type=\"application\/ld+json\" class=\"yoast-schema-graph\">{\"@context\":\"https:\\\/\\\/schema.org\",\"@graph\":[{\"@type\":\"Article\",\"@id\":\"http:\\\/\\\/osnovnaskolamalinskadubasnica.hr\\\/?p=27459#article\",\"isPartOf\":{\"@id\":\"http:\\\/\\\/osnovnaskolamalinskadubasnica.hr\\\/?p=27459\"},\"author\":{\"name\":\"O\u0160 Malinska-Duba\u0161nica\",\"@id\":\"http:\\\/\\\/osnovnaskolamalinskadubasnica.hr\\\/#\\\/schema\\\/person\\\/ab4ffae0c646af016b083db5e2445e8f\"},\"headline\":\"Radionica izrade grbova\",\"datePublished\":\"2023-12-21T16:56:51+00:00\",\"dateModified\":\"2023-12-21T18:35:46+00:00\",\"mainEntityOfPage\":{\"@id\":\"http:\\\/\\\/osnovnaskolamalinskadubasnica.hr\\\/?p=27459\"},\"wordCount\":110,\"image\":{\"@id\":\"http:\\\/\\\/osnovnaskolamalinskadubasnica.hr\\\/?p=27459#primaryimage\"},\"thumbnailUrl\":\"http:\\\/\\\/osnovnaskolamalinskadubasnica.hr\\\/wp-content\\\/uploads\\\/izrada-grbova-WEB.jpg\",\"keywords\":[\"grboslovlje\",\"heraldika\",\"Ivona Dundovi\u0107-Ljuti\u0107\",\"Simona \u0160amani\u0107 Je\u017eabek\"],\"articleSection\":[\"Knji\u017enica\",\"Projekti\",\"Vijesti\",\"Zanimljivosti\"],\"inLanguage\":\"hr\"},{\"@type\":\"WebPage\",\"@id\":\"http:\\\/\\\/osnovnaskolamalinskadubasnica.hr\\\/?p=27459\",\"url\":\"http:\\\/\\\/osnovnaskolamalinskadubasnica.hr\\\/?p=27459\",\"name\":\"Radionica izrade grbova - Osnovna \u0161kola Malinska-Duba\u0161nica\",\"isPartOf\":{\"@id\":\"http:\\\/\\\/osnovnaskolamalinskadubasnica.hr\\\/#website\"},\"primaryImageOfPage\":{\"@id\":\"http:\\\/\\\/osnovnaskolamalinskadubasnica.hr\\\/?p=27459#primaryimage\"},\"image\":{\"@id\":\"http:\\\/\\\/osnovnaskolamalinskadubasnica.hr\\\/?p=27459#primaryimage\"},\"thumbnailUrl\":\"http:\\\/\\\/osnovnaskolamalinskadubasnica.hr\\\/wp-content\\\/uploads\\\/izrada-grbova-WEB.jpg\",\"datePublished\":\"2023-12-21T16:56:51+00:00\",\"dateModified\":\"2023-12-21T18:35:46+00:00\",\"author\":{\"@id\":\"http:\\\/\\\/osnovnaskolamalinskadubasnica.hr\\\/#\\\/schema\\\/person\\\/ab4ffae0c646af016b083db5e2445e8f\"},\"breadcrumb\":{\"@id\":\"http:\\\/\\\/osnovnaskolamalinskadubasnica.hr\\\/?p=27459#breadcrumb\"},\"inLanguage\":\"hr\",\"potentialAction\":[{\"@type\":\"ReadAction\",\"target\":[\"http:\\\/\\\/osnovnaskolamalinskadubasnica.hr\\\/?p=27459\"]}]},{\"@type\":\"ImageObject\",\"inLanguage\":\"hr\",\"@id\":\"http:\\\/\\\/osnovnaskolamalinskadubasnica.hr\\\/?p=27459#primaryimage\",\"url\":\"http:\\\/\\\/osnovnaskolamalinskadubasnica.hr\\\/wp-content\\\/uploads\\\/izrada-grbova-WEB.jpg\",\"contentUrl\":\"http:\\\/\\\/osnovnaskolamalinskadubasnica.hr\\\/wp-content\\\/uploads\\\/izrada-grbova-WEB.jpg\",\"width\":1072,\"height\":716},{\"@type\":\"BreadcrumbList\",\"@id\":\"http:\\\/\\\/osnovnaskolamalinskadubasnica.hr\\\/?p=27459#breadcrumb\",\"itemListElement\":[{\"@type\":\"ListItem\",\"position\":1,\"name\":\"Po\u010detna stranica\",\"item\":\"http:\\\/\\\/osnovnaskolamalinskadubasnica.hr\\\/\"},{\"@type\":\"ListItem\",\"position\":2,\"name\":\"Radionica izrade grbova\"}]},{\"@type\":\"WebSite\",\"@id\":\"http:\\\/\\\/osnovnaskolamalinskadubasnica.hr\\\/#website\",\"url\":\"http:\\\/\\\/osnovnaskolamalinskadubasnica.hr\\\/\",\"name\":\"Osnovna \u0161kola Malinska-Duba\u0161nica\",\"description\":\"\",\"potentialAction\":[{\"@type\":\"SearchAction\",\"target\":{\"@type\":\"EntryPoint\",\"urlTemplate\":\"http:\\\/\\\/osnovnaskolamalinskadubasnica.hr\\\/?s={search_term_string}\"},\"query-input\":{\"@type\":\"PropertyValueSpecification\",\"valueRequired\":true,\"valueName\":\"search_term_string\"}}],\"inLanguage\":\"hr\"},{\"@type\":\"Person\",\"@id\":\"http:\\\/\\\/osnovnaskolamalinskadubasnica.hr\\\/#\\\/schema\\\/person\\\/ab4ffae0c646af016b083db5e2445e8f\",\"name\":\"O\u0160 Malinska-Duba\u0161nica\",\"url\":\"http:\\\/\\\/osnovnaskolamalinskadubasnica.hr\\\/?author=1\"}]}<\/script>\n<!-- \/ Yoast SEO plugin. -->","yoast_head_json":{"title":"Radionica izrade grbova - Osnovna \u0161kola Malinska-Duba\u0161nica","robots":{"index":"index","follow":"follow","max-snippet":"max-snippet:-1","max-image-preview":"max-image-preview:large","max-video-preview":"max-video-preview:-1"},"canonical":"http:\/\/osnovnaskolamalinskadubasnica.hr\/?p=27459","og_locale":"hr_HR","og_type":"article","og_title":"Radionica izrade grbova - Osnovna \u0161kola Malinska-Duba\u0161nica","og_description":"Nastavljamo s\u00a0 aktivnostima vezanim za projekt Pri\u010da o Frankopana. Ovoga\u00a0 puta u \u0161kolskoj knji\u017enici od u\u010diteljice Simone saznajemo \u0161to je to heraldika, kako nastaju grbovi, o bojama i simbolima koji se pojavljuju na njima.","og_url":"http:\/\/osnovnaskolamalinskadubasnica.hr\/?p=27459","og_site_name":"Osnovna \u0161kola Malinska-Duba\u0161nica","article_publisher":"https:\/\/www.facebook.com\/osmalinskadubasnica\/","article_published_time":"2023-12-21T16:56:51+00:00","article_modified_time":"2023-12-21T18:35:46+00:00","og_image":[{"width":1317,"height":720,"url":"http:\/\/osnovnaskolamalinskadubasnica.hr\/wp-content\/uploads\/izrada-grbova-FB.jpg","type":"image\/jpeg"}],"author":"O\u0160 Malinska-Duba\u0161nica","twitter_card":"summary_large_image","twitter_misc":{"Napisao\/la":"O\u0160 Malinska-Duba\u0161nica","Procijenjeno vrijeme \u010ditanja":"1 minuta"},"schema":{"@context":"https:\/\/schema.org","@graph":[{"@type":"Article","@id":"http:\/\/osnovnaskolamalinskadubasnica.hr\/?p=27459#article","isPartOf":{"@id":"http:\/\/osnovnaskolamalinskadubasnica.hr\/?p=27459"},"author":{"name":"O\u0160 Malinska-Duba\u0161nica","@id":"http:\/\/osnovnaskolamalinskadubasnica.hr\/#\/schema\/person\/ab4ffae0c646af016b083db5e2445e8f"},"headline":"Radionica izrade grbova","datePublished":"2023-12-21T16:56:51+00:00","dateModified":"2023-12-21T18:35:46+00:00","mainEntityOfPage":{"@id":"http:\/\/osnovnaskolamalinskadubasnica.hr\/?p=27459"},"wordCount":110,"image":{"@id":"http:\/\/osnovnaskolamalinskadubasnica.hr\/?p=27459#primaryimage"},"thumbnailUrl":"http:\/\/osnovnaskolamalinskadubasnica.hr\/wp-content\/uploads\/izrada-grbova-WEB.jpg","keywords":["grboslovlje","heraldika","Ivona Dundovi\u0107-Ljuti\u0107","Simona \u0160amani\u0107 Je\u017eabek"],"articleSection":["Knji\u017enica","Projekti","Vijesti","Zanimljivosti"],"inLanguage":"hr"},{"@type":"WebPage","@id":"http:\/\/osnovnaskolamalinskadubasnica.hr\/?p=27459","url":"http:\/\/osnovnaskolamalinskadubasnica.hr\/?p=27459","name":"Radionica izrade grbova - Osnovna \u0161kola Malinska-Duba\u0161nica","isPartOf":{"@id":"http:\/\/osnovnaskolamalinskadubasnica.hr\/#website"},"primaryImageOfPage":{"@id":"http:\/\/osnovnaskolamalinskadubasnica.hr\/?p=27459#primaryimage"},"image":{"@id":"http:\/\/osnovnaskolamalinskadubasnica.hr\/?p=27459#primaryimage"},"thumbnailUrl":"http:\/\/osnovnaskolamalinskadubasnica.hr\/wp-content\/uploads\/izrada-grbova-WEB.jpg","datePublished":"2023-12-21T16:56:51+00:00","dateModified":"2023-12-21T18:35:46+00:00","author":{"@id":"http:\/\/osnovnaskolamalinskadubasnica.hr\/#\/schema\/person\/ab4ffae0c646af016b083db5e2445e8f"},"breadcrumb":{"@id":"http:\/\/osnovnaskolamalinskadubasnica.hr\/?p=27459#breadcrumb"},"inLanguage":"hr","potentialAction":[{"@type":"ReadAction","target":["http:\/\/osnovnaskolamalinskadubasnica.hr\/?p=27459"]}]},{"@type":"ImageObject","inLanguage":"hr","@id":"http:\/\/osnovnaskolamalinskadubasnica.hr\/?p=27459#primaryimage","url":"http:\/\/osnovnaskolamalinskadubasnica.hr\/wp-content\/uploads\/izrada-grbova-WEB.jpg","contentUrl":"http:\/\/osnovnaskolamalinskadubasnica.hr\/wp-content\/uploads\/izrada-grbova-WEB.jpg","width":1072,"height":716},{"@type":"BreadcrumbList","@id":"http:\/\/osnovnaskolamalinskadubasnica.hr\/?p=27459#breadcrumb","itemListElement":[{"@type":"ListItem","position":1,"name":"Po\u010detna stranica","item":"http:\/\/osnovnaskolamalinskadubasnica.hr\/"},{"@type":"ListItem","position":2,"name":"Radionica izrade grbova"}]},{"@type":"WebSite","@id":"http:\/\/osnovnaskolamalinskadubasnica.hr\/#website","url":"http:\/\/osnovnaskolamalinskadubasnica.hr\/","name":"Osnovna \u0161kola Malinska-Duba\u0161nica","description":"","potentialAction":[{"@type":"SearchAction","target":{"@type":"EntryPoint","urlTemplate":"http:\/\/osnovnaskolamalinskadubasnica.hr\/?s={search_term_string}"},"query-input":{"@type":"PropertyValueSpecification","valueRequired":true,"valueName":"search_term_string"}}],"inLanguage":"hr"},{"@type":"Person","@id":"http:\/\/osnovnaskolamalinskadubasnica.hr\/#\/schema\/person\/ab4ffae0c646af016b083db5e2445e8f","name":"O\u0160 Malinska-Duba\u0161nica","url":"http:\/\/osnovnaskolamalinskadubasnica.hr\/?author=1"}]}},"_links":{"self":[{"href":"http:\/\/osnovnaskolamalinskadubasnica.hr\/index.php?rest_route=\/wp\/v2\/posts\/27459","targetHints":{"allow":["GET"]}}],"collection":[{"href":"http:\/\/osnovnaskolamalinskadubasnica.hr\/index.php?rest_route=\/wp\/v2\/posts"}],"about":[{"href":"http:\/\/osnovnaskolamalinskadubasnica.hr\/index.php?rest_route=\/wp\/v2\/types\/post"}],"author":[{"embeddable":true,"href":"http:\/\/osnovnaskolamalinskadubasnica.hr\/index.php?rest_route=\/wp\/v2\/users\/1"}],"replies":[{"embeddable":true,"href":"http:\/\/osnovnaskolamalinskadubasnica.hr\/index.php?rest_route=%2Fwp%2Fv2%2Fcomments&post=27459"}],"version-history":[{"count":6,"href":"http:\/\/osnovnaskolamalinskadubasnica.hr\/index.php?rest_route=\/wp\/v2\/posts\/27459\/revisions"}],"predecessor-version":[{"id":27465,"href":"http:\/\/osnovnaskolamalinskadubasnica.hr\/index.php?rest_route=\/wp\/v2\/posts\/27459\/revisions\/27465"}],"wp:attachment":[{"href":"http:\/\/osnovnaskolamalinskadubasnica.hr\/index.php?rest_route=%2Fwp%2Fv2%2Fmedia&parent=27459"}],"wp:term":[{"taxonomy":"category","embeddable":true,"href":"http:\/\/osnovnaskolamalinskadubasnica.hr\/index.php?rest_route=%2Fwp%2Fv2%2Fcategories&post=27459"},{"taxonomy":"post_tag","embeddable":true,"href":"http:\/\/osnovnaskolamalinskadubasnica.hr\/index.php?rest_route=%2Fwp%2Fv2%2Ftags&post=27459"}],"curies":[{"name":"wp","href":"https:\/\/api.w.org\/{rel}","templated":true}]}}