{"id":25587,"date":"2023-09-05T17:35:04","date_gmt":"2023-09-05T16:35:04","guid":{"rendered":"http:\/\/osnovnaskolamalinskadubasnica.hr\/?p=25587"},"modified":"2023-09-05T17:35:04","modified_gmt":"2023-09-05T16:35:04","slug":"dobro-dosli-prvasici-2","status":"publish","type":"post","link":"http:\/\/osnovnaskolamalinskadubasnica.hr\/?p=25587","title":{"rendered":"Dobro do\u0161li, prva\u0161i\u0107i!"},"content":{"rendered":"<p style=\"text-align: justify;\"><span style=\"color: #000000;\"><a href=\"http:\/\/osnovnaskolamalinskadubasnica.hr\/wp-content\/uploads\/IMG_2964.jpg\" data-rel=\"lightbox-image-0\" data-rl_title=\"\" data-rl_caption=\"\" title=\"\"><img loading=\"lazy\" decoding=\"async\" class=\"alignleft wp-image-25578\" src=\"http:\/\/osnovnaskolamalinskadubasnica.hr\/wp-content\/uploads\/IMG_2964.jpg\" alt=\"\" width=\"272\" height=\"186\" srcset=\"http:\/\/osnovnaskolamalinskadubasnica.hr\/wp-content\/uploads\/IMG_2964.jpg 1148w, http:\/\/osnovnaskolamalinskadubasnica.hr\/wp-content\/uploads\/IMG_2964-768x526.jpg 768w\" sizes=\"auto, (max-width: 272px) 100vw, 272px\" \/><\/a>Prvi dan \u0161kole, 4. rujna, bio je poseban dan za na\u0161e nove u\u010denike prvih razreda!<\/span><br \/>\n<span style=\"color: #000000;\">S torbama na le\u0111ima i ozarenih lica uzbu\u0111eni prva\u0161i\u0107i su zajedno s roditeljima i\u0161\u010dekivali svoje u\u010diteljice, Anitu \u010cemelji\u0107 Karabai\u0107 i Ivu Spiciarich.<\/span><\/p>\n<p style=\"text-align: justify;\"><em><!--more--><\/em><br \/>\n<span style=\"color: #000000;\">U ime u\u010ditelja i ostalih djelatnika \u0161kole ravnateljica Nedeljka Tur\u010di\u0107 uputila im je rije\u010di dobrodo\u0161lice, a u\u010denicima su se u ime Op\u0107ine Malinska-Duba\u0161nica s par prigodnih rije\u010di obratili Katica Cveli\u0107 i Neven Matu\u010d.<\/span><\/p>\n<p style=\"text-align: justify;\"><span style=\"color: #000000;\"><a href=\"http:\/\/osnovnaskolamalinskadubasnica.hr\/wp-content\/uploads\/IMG_2950.jpg\" data-rel=\"lightbox-image-1\" data-rl_title=\"\" data-rl_caption=\"\" title=\"\"><img loading=\"lazy\" decoding=\"async\" class=\"alignleft size-full wp-image-25577\" src=\"http:\/\/osnovnaskolamalinskadubasnica.hr\/wp-content\/uploads\/IMG_2950.jpg\" alt=\"\" width=\"1613\" height=\"1210\" srcset=\"http:\/\/osnovnaskolamalinskadubasnica.hr\/wp-content\/uploads\/IMG_2950.jpg 1613w, http:\/\/osnovnaskolamalinskadubasnica.hr\/wp-content\/uploads\/IMG_2950-768x576.jpg 768w, http:\/\/osnovnaskolamalinskadubasnica.hr\/wp-content\/uploads\/IMG_2950-1536x1152.jpg 1536w\" sizes=\"auto, (max-width: 1613px) 100vw, 1613px\" \/><\/a>U\u010denici su se nakon prozivke uputili zajedno s u\u010diteljicama i roditeljima u svoje nove u\u010dionice te po prvi puta sjeli u \u0161kolske klupe. <\/span><\/p>\n<p><a href=\"http:\/\/osnovnaskolamalinskadubasnica.hr\/wp-content\/uploads\/20230904081519__MG_9119-2.jpg\" data-rel=\"lightbox-image-2\" data-rl_title=\"\" data-rl_caption=\"\" title=\"\"><img loading=\"lazy\" decoding=\"async\" class=\"alignleft size-full wp-image-25576\" src=\"http:\/\/osnovnaskolamalinskadubasnica.hr\/wp-content\/uploads\/20230904081519__MG_9119-2.jpg\" alt=\"\" width=\"1638\" height=\"1229\" srcset=\"http:\/\/osnovnaskolamalinskadubasnica.hr\/wp-content\/uploads\/20230904081519__MG_9119-2.jpg 1638w, http:\/\/osnovnaskolamalinskadubasnica.hr\/wp-content\/uploads\/20230904081519__MG_9119-2-768x576.jpg 768w, http:\/\/osnovnaskolamalinskadubasnica.hr\/wp-content\/uploads\/20230904081519__MG_9119-2-1536x1152.jpg 1536w\" sizes=\"auto, (max-width: 1638px) 100vw, 1638px\" \/><\/a><\/p>\n<p style=\"text-align: justify;\"><span style=\"color: #000000;\">Dru\u0161tvo u\u010diteljice Anite u 1.a razredu \u010dine Lea Dimi\u0107, Arijan D\u017eebi\u0107, Mauro Hr\u017ei\u0107, David Ko\u0161i\u0107, Samuel Bruno Kr\u00e4ker, Alana Kurbegovi\u0107, Adin Majeti\u0107, Nina Majstorovi\u0107, Amber Willa Martin\u010di\u0107, Lea Mate\u0161a, Lorenzo Orli\u0107, Paula Pavlovi\u0107, Niko Peranovi\u0107, Vid Petrovski, Barbara \u017du\u017ei\u0107.<\/span><\/p>\n<p style=\"text-align: justify;\"><a href=\"http:\/\/osnovnaskolamalinskadubasnica.hr\/wp-content\/uploads\/IMG_2984.jpg\" data-rel=\"lightbox-image-3\" data-rl_title=\"\" data-rl_caption=\"\" title=\"\"><img loading=\"lazy\" decoding=\"async\" class=\"alignleft size-full wp-image-25580\" src=\"http:\/\/osnovnaskolamalinskadubasnica.hr\/wp-content\/uploads\/IMG_2984.jpg\" alt=\"\" width=\"1613\" height=\"1210\" srcset=\"http:\/\/osnovnaskolamalinskadubasnica.hr\/wp-content\/uploads\/IMG_2984.jpg 1613w, http:\/\/osnovnaskolamalinskadubasnica.hr\/wp-content\/uploads\/IMG_2984-768x576.jpg 768w, http:\/\/osnovnaskolamalinskadubasnica.hr\/wp-content\/uploads\/IMG_2984-1536x1152.jpg 1536w\" sizes=\"auto, (max-width: 1613px) 100vw, 1613px\" \/><\/a><br \/>\n<span style=\"color: #000000;\">U\u010denici koji se dru\u017ee s u\u010diteljicom Ivom u 1.b su Anna Dolenec, Zrin Hulji\u0107, Ivan Jemri\u0107, Luka Kremeni\u0107, Una Lame\u0161i\u0107, Emil Majeti\u0107, Ela Merdi\u0107, Bartol Miloti\u0107, Laura Perkovi\u0107, Tino Ra\u0161i\u0107, Nikol Simi\u0107 Bogdanovi\u0107, Nika \u0160antek i Luna Luise T\u00e4tzsch.<\/span><\/p>\n<p><a href=\"http:\/\/osnovnaskolamalinskadubasnica.hr\/wp-content\/uploads\/IMG_20230904_101131_resized_20230904_064938813.jpg\" data-rel=\"lightbox-image-4\" data-rl_title=\"\" data-rl_caption=\"\" title=\"\"><img loading=\"lazy\" decoding=\"async\" class=\"alignleft size-full wp-image-25582\" src=\"http:\/\/osnovnaskolamalinskadubasnica.hr\/wp-content\/uploads\/IMG_20230904_101131_resized_20230904_064938813.jpg\" alt=\"\" width=\"1718\" height=\"562\" srcset=\"http:\/\/osnovnaskolamalinskadubasnica.hr\/wp-content\/uploads\/IMG_20230904_101131_resized_20230904_064938813.jpg 1718w, http:\/\/osnovnaskolamalinskadubasnica.hr\/wp-content\/uploads\/IMG_20230904_101131_resized_20230904_064938813-768x251.jpg 768w, http:\/\/osnovnaskolamalinskadubasnica.hr\/wp-content\/uploads\/IMG_20230904_101131_resized_20230904_064938813-1536x502.jpg 1536w\" sizes=\"auto, (max-width: 1718px) 100vw, 1718px\" \/><\/a><\/p>\n<p style=\"text-align: justify;\"><span style=\"color: #000000;\">Prva\u0161i\u0107ima, kao i svim ostalim \u0111acima, \u017eelimo puno uspjeha u nadolaze\u0107im \u0161kolskim danima!<\/span><\/p>\n<p style=\"text-align: right;\">\n<em><span style=\"color: #000000;\">U\u010diteljice Anita i Iva<\/span><\/em><\/p>\n<p><a href=\"http:\/\/osnovnaskolamalinskadubasnica.hr\/wp-content\/uploads\/IMG_2973.jpg\" data-rel=\"lightbox-image-5\" data-rl_title=\"\" data-rl_caption=\"\" title=\"\"><img loading=\"lazy\" decoding=\"async\" class=\"alignleft size-full wp-image-25579\" src=\"http:\/\/osnovnaskolamalinskadubasnica.hr\/wp-content\/uploads\/IMG_2973.jpg\" alt=\"\" width=\"1613\" height=\"1210\" srcset=\"http:\/\/osnovnaskolamalinskadubasnica.hr\/wp-content\/uploads\/IMG_2973.jpg 1613w, http:\/\/osnovnaskolamalinskadubasnica.hr\/wp-content\/uploads\/IMG_2973-768x576.jpg 768w, http:\/\/osnovnaskolamalinskadubasnica.hr\/wp-content\/uploads\/IMG_2973-1536x1152.jpg 1536w\" sizes=\"auto, (max-width: 1613px) 100vw, 1613px\" \/><\/a><\/p>\n<p>&nbsp;<\/p>\n<p><a href=\"http:\/\/osnovnaskolamalinskadubasnica.hr\/wp-content\/uploads\/IMG_3003.jpg\" data-rel=\"lightbox-image-6\" data-rl_title=\"\" data-rl_caption=\"\" title=\"\"><img loading=\"lazy\" decoding=\"async\" class=\"alignleft size-full wp-image-25581\" src=\"http:\/\/osnovnaskolamalinskadubasnica.hr\/wp-content\/uploads\/IMG_3003.jpg\" alt=\"\" width=\"1613\" height=\"1210\" srcset=\"http:\/\/osnovnaskolamalinskadubasnica.hr\/wp-content\/uploads\/IMG_3003.jpg 1613w, http:\/\/osnovnaskolamalinskadubasnica.hr\/wp-content\/uploads\/IMG_3003-768x576.jpg 768w, http:\/\/osnovnaskolamalinskadubasnica.hr\/wp-content\/uploads\/IMG_3003-1536x1152.jpg 1536w\" sizes=\"auto, (max-width: 1613px) 100vw, 1613px\" \/><\/a><a href=\"http:\/\/osnovnaskolamalinskadubasnica.hr\/wp-content\/uploads\/IMG-44b3f9932f28b4fb14c9106f1af341f5-V.jpg\" data-rel=\"lightbox-image-7\" data-rl_title=\"\" data-rl_caption=\"\" title=\"\"><img loading=\"lazy\" decoding=\"async\" class=\"alignleft size-full wp-image-25583\" src=\"http:\/\/osnovnaskolamalinskadubasnica.hr\/wp-content\/uploads\/IMG-44b3f9932f28b4fb14c9106f1af341f5-V.jpg\" alt=\"\" width=\"1620\" height=\"1215\" srcset=\"http:\/\/osnovnaskolamalinskadubasnica.hr\/wp-content\/uploads\/IMG-44b3f9932f28b4fb14c9106f1af341f5-V.jpg 1620w, http:\/\/osnovnaskolamalinskadubasnica.hr\/wp-content\/uploads\/IMG-44b3f9932f28b4fb14c9106f1af341f5-V-768x576.jpg 768w, http:\/\/osnovnaskolamalinskadubasnica.hr\/wp-content\/uploads\/IMG-44b3f9932f28b4fb14c9106f1af341f5-V-1536x1152.jpg 1536w\" sizes=\"auto, (max-width: 1620px) 100vw, 1620px\" \/><\/a><a href=\"http:\/\/osnovnaskolamalinskadubasnica.hr\/wp-content\/uploads\/IMG-45196bf6a5547568ed264c9d43cf35e4-V.jpg\" data-rel=\"lightbox-image-8\" data-rl_title=\"\" data-rl_caption=\"\" title=\"\"><img loading=\"lazy\" decoding=\"async\" class=\"alignleft size-full wp-image-25584\" src=\"http:\/\/osnovnaskolamalinskadubasnica.hr\/wp-content\/uploads\/IMG-45196bf6a5547568ed264c9d43cf35e4-V.jpg\" alt=\"\" width=\"1620\" height=\"1215\" srcset=\"http:\/\/osnovnaskolamalinskadubasnica.hr\/wp-content\/uploads\/IMG-45196bf6a5547568ed264c9d43cf35e4-V.jpg 1620w, http:\/\/osnovnaskolamalinskadubasnica.hr\/wp-content\/uploads\/IMG-45196bf6a5547568ed264c9d43cf35e4-V-768x576.jpg 768w, http:\/\/osnovnaskolamalinskadubasnica.hr\/wp-content\/uploads\/IMG-45196bf6a5547568ed264c9d43cf35e4-V-1536x1152.jpg 1536w\" sizes=\"auto, (max-width: 1620px) 100vw, 1620px\" \/><\/a><\/p>\n","protected":false},"excerpt":{"rendered":"<p>Prvi dan \u0161kole, 4. rujna, bio je poseban dan za na\u0161e nove u\u010denike prvih razreda! S torbama na le\u0111ima i ozarenih lica uzbu\u0111eni prva\u0161i\u0107i su zajedno s roditeljima i\u0161\u010dekivali svoje u\u010diteljice, Anitu \u010cemelji\u0107 Karabai\u0107 i Ivu Spiciarich.<\/p>\n","protected":false},"author":1,"featured_media":0,"comment_status":"closed","ping_status":"closed","sticky":false,"template":"","format":"standard","meta":{"footnotes":""},"categories":[24,9],"tags":[795,794,659,89],"class_list":["post-25587","post","type-post","status-publish","format-standard","hentry","category-dogadanja","category-vijesti","tag-anita-cemeljic-karabaic","tag-iva-spiciarich","tag-nedeljka-turcic","tag-prvasici"],"yoast_head":"<!-- This site is optimized with the Yoast SEO plugin v27.5 - https:\/\/yoast.com\/product\/yoast-seo-wordpress\/ -->\n<title>Dobro do\u0161li, prva\u0161i\u0107i! - Osnovna \u0161kola Malinska-Duba\u0161nica<\/title>\n<meta name=\"robots\" content=\"index, follow, max-snippet:-1, max-image-preview:large, max-video-preview:-1\" \/>\n<link rel=\"canonical\" href=\"http:\/\/osnovnaskolamalinskadubasnica.hr\/?p=25587\" \/>\n<meta property=\"og:locale\" content=\"hr_HR\" \/>\n<meta property=\"og:type\" content=\"article\" \/>\n<meta property=\"og:title\" content=\"Dobro do\u0161li, prva\u0161i\u0107i! - Osnovna \u0161kola Malinska-Duba\u0161nica\" \/>\n<meta property=\"og:description\" content=\"Prvi dan \u0161kole, 4. rujna, bio je poseban dan za na\u0161e nove u\u010denike prvih razreda! S torbama na le\u0111ima i ozarenih lica uzbu\u0111eni prva\u0161i\u0107i su zajedno s roditeljima i\u0161\u010dekivali svoje u\u010diteljice, Anitu \u010cemelji\u0107 Karabai\u0107 i Ivu Spiciarich.\" \/>\n<meta property=\"og:url\" content=\"http:\/\/osnovnaskolamalinskadubasnica.hr\/?p=25587\" \/>\n<meta property=\"og:site_name\" content=\"Osnovna \u0161kola Malinska-Duba\u0161nica\" \/>\n<meta property=\"article:publisher\" content=\"https:\/\/www.facebook.com\/osmalinskadubasnica\/\" \/>\n<meta property=\"article:published_time\" content=\"2023-09-05T16:35:04+00:00\" \/>\n<meta property=\"og:image\" content=\"http:\/\/osnovnaskolamalinskadubasnica.hr\/wp-content\/uploads\/PRVASICI-23-fb-scaled.jpg\" \/>\n\t<meta property=\"og:image:width\" content=\"2560\" \/>\n\t<meta property=\"og:image:height\" content=\"1525\" \/>\n\t<meta property=\"og:image:type\" content=\"image\/jpeg\" \/>\n<meta name=\"author\" content=\"O\u0160 Malinska-Duba\u0161nica\" \/>\n<meta name=\"twitter:card\" content=\"summary_large_image\" \/>\n<meta name=\"twitter:label1\" content=\"Napisao\/la\" \/>\n\t<meta name=\"twitter:data1\" content=\"O\u0160 Malinska-Duba\u0161nica\" \/>\n\t<meta name=\"twitter:label2\" content=\"Procijenjeno vrijeme \u010ditanja\" \/>\n\t<meta name=\"twitter:data2\" content=\"3 minute\" \/>\n<script type=\"application\/ld+json\" class=\"yoast-schema-graph\">{\"@context\":\"https:\\\/\\\/schema.org\",\"@graph\":[{\"@type\":\"Article\",\"@id\":\"http:\\\/\\\/osnovnaskolamalinskadubasnica.hr\\\/?p=25587#article\",\"isPartOf\":{\"@id\":\"http:\\\/\\\/osnovnaskolamalinskadubasnica.hr\\\/?p=25587\"},\"author\":{\"name\":\"O\u0160 Malinska-Duba\u0161nica\",\"@id\":\"https:\\\/\\\/osnovnaskolamalinskadubasnica.hr\\\/#\\\/schema\\\/person\\\/ab4ffae0c646af016b083db5e2445e8f\"},\"headline\":\"Dobro do\u0161li, prva\u0161i\u0107i!\",\"datePublished\":\"2023-09-05T16:35:04+00:00\",\"mainEntityOfPage\":{\"@id\":\"http:\\\/\\\/osnovnaskolamalinskadubasnica.hr\\\/?p=25587\"},\"wordCount\":232,\"image\":{\"@id\":\"http:\\\/\\\/osnovnaskolamalinskadubasnica.hr\\\/?p=25587#primaryimage\"},\"thumbnailUrl\":\"http:\\\/\\\/osnovnaskolamalinskadubasnica.hr\\\/wp-content\\\/uploads\\\/IMG_2964.jpg\",\"keywords\":[\"Anita \u010cemelji\u0107 - Karabai\u0107\",\"Iva Spiciarich\",\"Nedeljka Tur\u010di\u0107\",\"prva\u0161i\u0107i\"],\"articleSection\":[\"Doga\u0111anja\",\"Vijesti\"],\"inLanguage\":\"hr\"},{\"@type\":\"WebPage\",\"@id\":\"http:\\\/\\\/osnovnaskolamalinskadubasnica.hr\\\/?p=25587\",\"url\":\"http:\\\/\\\/osnovnaskolamalinskadubasnica.hr\\\/?p=25587\",\"name\":\"Dobro do\u0161li, prva\u0161i\u0107i! - Osnovna \u0161kola Malinska-Duba\u0161nica\",\"isPartOf\":{\"@id\":\"https:\\\/\\\/osnovnaskolamalinskadubasnica.hr\\\/#website\"},\"primaryImageOfPage\":{\"@id\":\"http:\\\/\\\/osnovnaskolamalinskadubasnica.hr\\\/?p=25587#primaryimage\"},\"image\":{\"@id\":\"http:\\\/\\\/osnovnaskolamalinskadubasnica.hr\\\/?p=25587#primaryimage\"},\"thumbnailUrl\":\"http:\\\/\\\/osnovnaskolamalinskadubasnica.hr\\\/wp-content\\\/uploads\\\/IMG_2964.jpg\",\"datePublished\":\"2023-09-05T16:35:04+00:00\",\"author\":{\"@id\":\"https:\\\/\\\/osnovnaskolamalinskadubasnica.hr\\\/#\\\/schema\\\/person\\\/ab4ffae0c646af016b083db5e2445e8f\"},\"breadcrumb\":{\"@id\":\"http:\\\/\\\/osnovnaskolamalinskadubasnica.hr\\\/?p=25587#breadcrumb\"},\"inLanguage\":\"hr\",\"potentialAction\":[{\"@type\":\"ReadAction\",\"target\":[\"http:\\\/\\\/osnovnaskolamalinskadubasnica.hr\\\/?p=25587\"]}]},{\"@type\":\"ImageObject\",\"inLanguage\":\"hr\",\"@id\":\"http:\\\/\\\/osnovnaskolamalinskadubasnica.hr\\\/?p=25587#primaryimage\",\"url\":\"http:\\\/\\\/osnovnaskolamalinskadubasnica.hr\\\/wp-content\\\/uploads\\\/IMG_2964.jpg\",\"contentUrl\":\"http:\\\/\\\/osnovnaskolamalinskadubasnica.hr\\\/wp-content\\\/uploads\\\/IMG_2964.jpg\",\"width\":1148,\"height\":786},{\"@type\":\"BreadcrumbList\",\"@id\":\"http:\\\/\\\/osnovnaskolamalinskadubasnica.hr\\\/?p=25587#breadcrumb\",\"itemListElement\":[{\"@type\":\"ListItem\",\"position\":1,\"name\":\"Po\u010detna stranica\",\"item\":\"https:\\\/\\\/osnovnaskolamalinskadubasnica.hr\\\/\"},{\"@type\":\"ListItem\",\"position\":2,\"name\":\"Dobro do\u0161li, prva\u0161i\u0107i!\"}]},{\"@type\":\"WebSite\",\"@id\":\"https:\\\/\\\/osnovnaskolamalinskadubasnica.hr\\\/#website\",\"url\":\"https:\\\/\\\/osnovnaskolamalinskadubasnica.hr\\\/\",\"name\":\"Osnovna \u0161kola Malinska-Duba\u0161nica\",\"description\":\"\",\"potentialAction\":[{\"@type\":\"SearchAction\",\"target\":{\"@type\":\"EntryPoint\",\"urlTemplate\":\"https:\\\/\\\/osnovnaskolamalinskadubasnica.hr\\\/?s={search_term_string}\"},\"query-input\":{\"@type\":\"PropertyValueSpecification\",\"valueRequired\":true,\"valueName\":\"search_term_string\"}}],\"inLanguage\":\"hr\"},{\"@type\":\"Person\",\"@id\":\"https:\\\/\\\/osnovnaskolamalinskadubasnica.hr\\\/#\\\/schema\\\/person\\\/ab4ffae0c646af016b083db5e2445e8f\",\"name\":\"O\u0160 Malinska-Duba\u0161nica\",\"url\":\"http:\\\/\\\/osnovnaskolamalinskadubasnica.hr\\\/?author=1\"}]}<\/script>\n<!-- \/ Yoast SEO plugin. -->","yoast_head_json":{"title":"Dobro do\u0161li, prva\u0161i\u0107i! - Osnovna \u0161kola Malinska-Duba\u0161nica","robots":{"index":"index","follow":"follow","max-snippet":"max-snippet:-1","max-image-preview":"max-image-preview:large","max-video-preview":"max-video-preview:-1"},"canonical":"http:\/\/osnovnaskolamalinskadubasnica.hr\/?p=25587","og_locale":"hr_HR","og_type":"article","og_title":"Dobro do\u0161li, prva\u0161i\u0107i! - Osnovna \u0161kola Malinska-Duba\u0161nica","og_description":"Prvi dan \u0161kole, 4. rujna, bio je poseban dan za na\u0161e nove u\u010denike prvih razreda! S torbama na le\u0111ima i ozarenih lica uzbu\u0111eni prva\u0161i\u0107i su zajedno s roditeljima i\u0161\u010dekivali svoje u\u010diteljice, Anitu \u010cemelji\u0107 Karabai\u0107 i Ivu Spiciarich.","og_url":"http:\/\/osnovnaskolamalinskadubasnica.hr\/?p=25587","og_site_name":"Osnovna \u0161kola Malinska-Duba\u0161nica","article_publisher":"https:\/\/www.facebook.com\/osmalinskadubasnica\/","article_published_time":"2023-09-05T16:35:04+00:00","og_image":[{"width":2560,"height":1525,"url":"http:\/\/osnovnaskolamalinskadubasnica.hr\/wp-content\/uploads\/PRVASICI-23-fb-scaled.jpg","type":"image\/jpeg"}],"author":"O\u0160 Malinska-Duba\u0161nica","twitter_card":"summary_large_image","twitter_misc":{"Napisao\/la":"O\u0160 Malinska-Duba\u0161nica","Procijenjeno vrijeme \u010ditanja":"3 minute"},"schema":{"@context":"https:\/\/schema.org","@graph":[{"@type":"Article","@id":"http:\/\/osnovnaskolamalinskadubasnica.hr\/?p=25587#article","isPartOf":{"@id":"http:\/\/osnovnaskolamalinskadubasnica.hr\/?p=25587"},"author":{"name":"O\u0160 Malinska-Duba\u0161nica","@id":"https:\/\/osnovnaskolamalinskadubasnica.hr\/#\/schema\/person\/ab4ffae0c646af016b083db5e2445e8f"},"headline":"Dobro do\u0161li, prva\u0161i\u0107i!","datePublished":"2023-09-05T16:35:04+00:00","mainEntityOfPage":{"@id":"http:\/\/osnovnaskolamalinskadubasnica.hr\/?p=25587"},"wordCount":232,"image":{"@id":"http:\/\/osnovnaskolamalinskadubasnica.hr\/?p=25587#primaryimage"},"thumbnailUrl":"http:\/\/osnovnaskolamalinskadubasnica.hr\/wp-content\/uploads\/IMG_2964.jpg","keywords":["Anita \u010cemelji\u0107 - Karabai\u0107","Iva Spiciarich","Nedeljka Tur\u010di\u0107","prva\u0161i\u0107i"],"articleSection":["Doga\u0111anja","Vijesti"],"inLanguage":"hr"},{"@type":"WebPage","@id":"http:\/\/osnovnaskolamalinskadubasnica.hr\/?p=25587","url":"http:\/\/osnovnaskolamalinskadubasnica.hr\/?p=25587","name":"Dobro do\u0161li, prva\u0161i\u0107i! - Osnovna \u0161kola Malinska-Duba\u0161nica","isPartOf":{"@id":"https:\/\/osnovnaskolamalinskadubasnica.hr\/#website"},"primaryImageOfPage":{"@id":"http:\/\/osnovnaskolamalinskadubasnica.hr\/?p=25587#primaryimage"},"image":{"@id":"http:\/\/osnovnaskolamalinskadubasnica.hr\/?p=25587#primaryimage"},"thumbnailUrl":"http:\/\/osnovnaskolamalinskadubasnica.hr\/wp-content\/uploads\/IMG_2964.jpg","datePublished":"2023-09-05T16:35:04+00:00","author":{"@id":"https:\/\/osnovnaskolamalinskadubasnica.hr\/#\/schema\/person\/ab4ffae0c646af016b083db5e2445e8f"},"breadcrumb":{"@id":"http:\/\/osnovnaskolamalinskadubasnica.hr\/?p=25587#breadcrumb"},"inLanguage":"hr","potentialAction":[{"@type":"ReadAction","target":["http:\/\/osnovnaskolamalinskadubasnica.hr\/?p=25587"]}]},{"@type":"ImageObject","inLanguage":"hr","@id":"http:\/\/osnovnaskolamalinskadubasnica.hr\/?p=25587#primaryimage","url":"http:\/\/osnovnaskolamalinskadubasnica.hr\/wp-content\/uploads\/IMG_2964.jpg","contentUrl":"http:\/\/osnovnaskolamalinskadubasnica.hr\/wp-content\/uploads\/IMG_2964.jpg","width":1148,"height":786},{"@type":"BreadcrumbList","@id":"http:\/\/osnovnaskolamalinskadubasnica.hr\/?p=25587#breadcrumb","itemListElement":[{"@type":"ListItem","position":1,"name":"Po\u010detna stranica","item":"https:\/\/osnovnaskolamalinskadubasnica.hr\/"},{"@type":"ListItem","position":2,"name":"Dobro do\u0161li, prva\u0161i\u0107i!"}]},{"@type":"WebSite","@id":"https:\/\/osnovnaskolamalinskadubasnica.hr\/#website","url":"https:\/\/osnovnaskolamalinskadubasnica.hr\/","name":"Osnovna \u0161kola Malinska-Duba\u0161nica","description":"","potentialAction":[{"@type":"SearchAction","target":{"@type":"EntryPoint","urlTemplate":"https:\/\/osnovnaskolamalinskadubasnica.hr\/?s={search_term_string}"},"query-input":{"@type":"PropertyValueSpecification","valueRequired":true,"valueName":"search_term_string"}}],"inLanguage":"hr"},{"@type":"Person","@id":"https:\/\/osnovnaskolamalinskadubasnica.hr\/#\/schema\/person\/ab4ffae0c646af016b083db5e2445e8f","name":"O\u0160 Malinska-Duba\u0161nica","url":"http:\/\/osnovnaskolamalinskadubasnica.hr\/?author=1"}]}},"_links":{"self":[{"href":"http:\/\/osnovnaskolamalinskadubasnica.hr\/index.php?rest_route=\/wp\/v2\/posts\/25587","targetHints":{"allow":["GET"]}}],"collection":[{"href":"http:\/\/osnovnaskolamalinskadubasnica.hr\/index.php?rest_route=\/wp\/v2\/posts"}],"about":[{"href":"http:\/\/osnovnaskolamalinskadubasnica.hr\/index.php?rest_route=\/wp\/v2\/types\/post"}],"author":[{"embeddable":true,"href":"http:\/\/osnovnaskolamalinskadubasnica.hr\/index.php?rest_route=\/wp\/v2\/users\/1"}],"replies":[{"embeddable":true,"href":"http:\/\/osnovnaskolamalinskadubasnica.hr\/index.php?rest_route=%2Fwp%2Fv2%2Fcomments&post=25587"}],"version-history":[{"count":1,"href":"http:\/\/osnovnaskolamalinskadubasnica.hr\/index.php?rest_route=\/wp\/v2\/posts\/25587\/revisions"}],"predecessor-version":[{"id":25588,"href":"http:\/\/osnovnaskolamalinskadubasnica.hr\/index.php?rest_route=\/wp\/v2\/posts\/25587\/revisions\/25588"}],"wp:attachment":[{"href":"http:\/\/osnovnaskolamalinskadubasnica.hr\/index.php?rest_route=%2Fwp%2Fv2%2Fmedia&parent=25587"}],"wp:term":[{"taxonomy":"category","embeddable":true,"href":"http:\/\/osnovnaskolamalinskadubasnica.hr\/index.php?rest_route=%2Fwp%2Fv2%2Fcategories&post=25587"},{"taxonomy":"post_tag","embeddable":true,"href":"http:\/\/osnovnaskolamalinskadubasnica.hr\/index.php?rest_route=%2Fwp%2Fv2%2Ftags&post=25587"}],"curies":[{"name":"wp","href":"https:\/\/api.w.org\/{rel}","templated":true}]}}