{"id":23166,"date":"2022-12-08T19:47:52","date_gmt":"2022-12-08T18:47:52","guid":{"rendered":"http:\/\/osnovnaskolamalinskadubasnica.hr\/?p=23166"},"modified":"2022-12-08T20:00:41","modified_gmt":"2022-12-08T19:00:41","slug":"paola-ivana-medved-zlatna-na-taekwon-do-tehnickom-prvenstvu-hrvatske","status":"publish","type":"post","link":"http:\/\/osnovnaskolamalinskadubasnica.hr\/?p=23166","title":{"rendered":"Paola Ivana Medved zlatna na Taekwon Do tehni\u010dkom prvenstvu Hrvatske"},"content":{"rendered":"<p style=\"text-align: justify;\"><span style=\"color: #000000;\"><a href=\"http:\/\/osnovnaskolamalinskadubasnica.hr\/wp-content\/uploads\/PIM-zlato-web.jpg\" data-rel=\"lightbox-image-0\" data-rl_title=\"\" data-rl_caption=\"\" title=\"\"><img loading=\"lazy\" decoding=\"async\" class=\"alignleft wp-image-23167\" src=\"http:\/\/osnovnaskolamalinskadubasnica.hr\/wp-content\/uploads\/PIM-zlato-web.jpg\" alt=\"\" width=\"272\" height=\"207\" srcset=\"http:\/\/osnovnaskolamalinskadubasnica.hr\/wp-content\/uploads\/PIM-zlato-web.jpg 817w, http:\/\/osnovnaskolamalinskadubasnica.hr\/wp-content\/uploads\/PIM-zlato-web-768x586.jpg 768w\" sizes=\"auto, (max-width: 272px) 100vw, 272px\" \/><\/a>Paola Ivana Medved, u\u010denica 8.b razreda, ostvarila je jo\u0161 jedan u nizu svojih izvrsnih sportskih uspjeha osvojiv\u0161i zlato na Tehni\u010dkom prvenstvu Hrvatske u Tradicionalnom ITF Taekwon Do-u koje se odr\u017ealo u nedjelju 4. prosinca Rijeci. Bravo Paola Ivana! \u2764\ufe0f<\/span><\/p>\n<p><em><!--more--><\/em><\/p>\n<p style=\"text-align: justify;\"><span style=\"color: #000000;\">Prvenstvo je odr\u017eano u organizaciji hrvatskog Tradicionalnog ITF taekwon-Do Saveza. Natjecalo se vi\u0161e od stotinu natjecatelja iz 11 hrvatskih klubova. Discipline su bile zanimljive i tehni\u010dki zahtjevne. Uklju\u010divale su agilnost, brzinu, brzinu reakcije, fleksibilnost i poznavanje ITF taekwon-Do tehnike.<\/span><\/p>\n<p><a href=\"http:\/\/osnovnaskolamalinskadubasnica.hr\/wp-content\/uploads\/Paola-Ivana-Medved-Taekwon-Do-2022-04.jpg\" data-rel=\"lightbox-image-1\" data-rl_title=\"\" data-rl_caption=\"\" title=\"\"><img loading=\"lazy\" decoding=\"async\" class=\"aligncenter size-full wp-image-23168\" src=\"http:\/\/osnovnaskolamalinskadubasnica.hr\/wp-content\/uploads\/Paola-Ivana-Medved-Taekwon-Do-2022-04.jpg\" alt=\"\" width=\"2048\" height=\"1536\" srcset=\"http:\/\/osnovnaskolamalinskadubasnica.hr\/wp-content\/uploads\/Paola-Ivana-Medved-Taekwon-Do-2022-04.jpg 2048w, http:\/\/osnovnaskolamalinskadubasnica.hr\/wp-content\/uploads\/Paola-Ivana-Medved-Taekwon-Do-2022-04-768x576.jpg 768w, http:\/\/osnovnaskolamalinskadubasnica.hr\/wp-content\/uploads\/Paola-Ivana-Medved-Taekwon-Do-2022-04-1536x1152.jpg 1536w\" sizes=\"auto, (max-width: 2048px) 100vw, 2048px\" \/><\/a><\/p>\n<p style=\"text-align: justify;\"><span style=\"color: #000000;\">Sve se to moglo vidjeti kroz test bo\u010dnog udarca na pokretnu metu, test visine udarca, test bu\u010dnog udarca, skretanje u stranu na svjetlosni podra\u017eaj, test udarca \u010delom \u0161ake, test visine udarca nogom u skoku te obavezne ITF taekwon-Do sastave.<\/span><\/p>\n<p style=\"text-align: justify;\"><strong><a href=\"http:\/\/osnovnaskolamalinskadubasnica.hr\/wp-content\/uploads\/Paola-Ivana-Medved-Taekwon-Do-2022-01.jpg\" data-rel=\"lightbox-image-2\" data-rl_title=\"\" data-rl_caption=\"\" title=\"\"><img loading=\"lazy\" decoding=\"async\" class=\"aligncenter size-full wp-image-23169\" src=\"http:\/\/osnovnaskolamalinskadubasnica.hr\/wp-content\/uploads\/Paola-Ivana-Medved-Taekwon-Do-2022-01.jpg\" alt=\"\" width=\"1170\" height=\"1560\" srcset=\"http:\/\/osnovnaskolamalinskadubasnica.hr\/wp-content\/uploads\/Paola-Ivana-Medved-Taekwon-Do-2022-01.jpg 1170w, http:\/\/osnovnaskolamalinskadubasnica.hr\/wp-content\/uploads\/Paola-Ivana-Medved-Taekwon-Do-2022-01-768x1024.jpg 768w, http:\/\/osnovnaskolamalinskadubasnica.hr\/wp-content\/uploads\/Paola-Ivana-Medved-Taekwon-Do-2022-01-1152x1536.jpg 1152w\" sizes=\"auto, (max-width: 1170px) 100vw, 1170px\" \/><\/a>Paola Ivana osvojila je medalju zlatnog sjaja \ud83e\udd47 u kategoriji starije kadetkinje &#8211; \u017euti pojas. \u2728<\/strong><\/p>\n<p style=\"text-align: justify;\"><span style=\"color: #000000;\">Natjecanje se odvijalo u principu vi\u0161eboja gdje su natjecatelji skupljali bodove u svim testovima \u0161to je na kraju \u010dinilo ukupan rezultat. De\u010dki i cure iz kluba \u201cRijeka\u201d osvojili su ekipno prvo mjesto sa \u0161est zlatnih medalja.<\/span><\/p>\n<p style=\"text-align: justify;\"><em><span style=\"color: #000080;\">\u010cestitke Paoli Ivani kojoj od srca \u017eelimo jo\u0161\u00a0 puno ovakvih izvrsnih sportskih uspjeha. Njezina sportska pri\u010da prava je inspiracija za sve mlade jer pokazuje kako su talent upornost, ljubav prema onome \u0161to radimo i puno ulo\u017eenog truda jedini pravi put do uspjeha. <\/span><\/em><span style=\"color: #800000;\">\u2764\ufe0f<\/span><\/p>\n<div id='gallery-1' class='gallery galleryid-23166 gallery-columns-3 gallery-size-thumbnail'><dl class='gallery-item'>\n\t\t\t<dt class='gallery-icon portrait'>\n\t\t\t\t<a href='http:\/\/osnovnaskolamalinskadubasnica.hr\/wp-content\/uploads\/Paola-Ivana-Medved-Taekwon-Do-2022-03.jpg' title=\"\" data-rl_title=\"\" class=\"rl-gallery-link\" data-rl_caption=\"\" data-rel=\"lightbox-gallery-1\"><img loading=\"lazy\" decoding=\"async\" width=\"150\" height=\"150\" src=\"http:\/\/osnovnaskolamalinskadubasnica.hr\/wp-content\/uploads\/Paola-Ivana-Medved-Taekwon-Do-2022-03-150x150.jpg\" class=\"attachment-thumbnail size-thumbnail\" alt=\"\" \/><\/a>\n\t\t\t<\/dt><\/dl><dl class='gallery-item'>\n\t\t\t<dt class='gallery-icon portrait'>\n\t\t\t\t<a href='http:\/\/osnovnaskolamalinskadubasnica.hr\/wp-content\/uploads\/Paola-Ivana-Medved-Taekwon-Do-2022-02.jpg' title=\"\" data-rl_title=\"\" class=\"rl-gallery-link\" data-rl_caption=\"\" data-rel=\"lightbox-gallery-1\"><img loading=\"lazy\" decoding=\"async\" width=\"150\" height=\"150\" src=\"http:\/\/osnovnaskolamalinskadubasnica.hr\/wp-content\/uploads\/Paola-Ivana-Medved-Taekwon-Do-2022-02-150x150.jpg\" class=\"attachment-thumbnail size-thumbnail\" alt=\"\" \/><\/a>\n\t\t\t<\/dt><\/dl><dl class='gallery-item'>\n\t\t\t<dt class='gallery-icon portrait'>\n\t\t\t\t<a href='http:\/\/osnovnaskolamalinskadubasnica.hr\/wp-content\/uploads\/viber_slika_2022-12-04_17-01-44-178.jpg' title=\"\" data-rl_title=\"\" class=\"rl-gallery-link\" data-rl_caption=\"\" data-rel=\"lightbox-gallery-1\"><img loading=\"lazy\" decoding=\"async\" width=\"150\" height=\"150\" src=\"http:\/\/osnovnaskolamalinskadubasnica.hr\/wp-content\/uploads\/viber_slika_2022-12-04_17-01-44-178-150x150.jpg\" class=\"attachment-thumbnail size-thumbnail\" alt=\"\" \/><\/a>\n\t\t\t<\/dt><\/dl><br style=\"clear: both\" \/>\n\t\t<\/div>\n\n","protected":false},"excerpt":{"rendered":"<p>Paola Ivana Medved, u\u010denica 8.b razreda, ostvarila je jo\u0161 jedan u nizu svojih izvrsnih sportskih uspjeha osvojiv\u0161i zlato na Tehni\u010dkom prvenstvu Hrvatske u Tradicionalnom ITF Taekwon Do-u koje se odr\u017ealo u nedjelju 4. prosinca Rijeci. Bravo Paola Ivana! \u2764\ufe0f<\/p>\n","protected":false},"author":1,"featured_media":0,"comment_status":"closed","ping_status":"closed","sticky":false,"template":"","format":"standard","meta":{"footnotes":""},"categories":[40,19,9],"tags":[803,275,1216],"class_list":["post-23166","post","type-post","status-publish","format-standard","hentry","category-natjecanja-2","category-sport-2","category-vijesti","tag-paola-ivana-medved","tag-taekwondo","tag-zlatna-medalja"],"yoast_head":"<!-- This site is optimized with the Yoast SEO plugin v27.5 - https:\/\/yoast.com\/product\/yoast-seo-wordpress\/ -->\n<title>Paola Ivana Medved zlatna na Taekwon Do tehni\u010dkom prvenstvu Hrvatske - Osnovna \u0161kola Malinska-Duba\u0161nica<\/title>\n<meta name=\"robots\" content=\"index, follow, max-snippet:-1, max-image-preview:large, max-video-preview:-1\" \/>\n<link rel=\"canonical\" href=\"http:\/\/osnovnaskolamalinskadubasnica.hr\/?p=23166\" \/>\n<meta property=\"og:locale\" content=\"hr_HR\" \/>\n<meta property=\"og:type\" content=\"article\" \/>\n<meta property=\"og:title\" content=\"Paola Ivana Medved zlatna na Taekwon Do tehni\u010dkom prvenstvu Hrvatske - Osnovna \u0161kola Malinska-Duba\u0161nica\" \/>\n<meta property=\"og:description\" content=\"Paola Ivana Medved, u\u010denica 8.b razreda, ostvarila je jo\u0161 jedan u nizu svojih izvrsnih sportskih uspjeha osvojiv\u0161i zlato na Tehni\u010dkom prvenstvu Hrvatske u Tradicionalnom ITF Taekwon Do-u koje se odr\u017ealo u nedjelju 4. prosinca Rijeci. Bravo Paola Ivana! \u2764\ufe0f\" \/>\n<meta property=\"og:url\" content=\"http:\/\/osnovnaskolamalinskadubasnica.hr\/?p=23166\" \/>\n<meta property=\"og:site_name\" content=\"Osnovna \u0161kola Malinska-Duba\u0161nica\" \/>\n<meta property=\"article:publisher\" content=\"https:\/\/www.facebook.com\/osmalinskadubasnica\/\" \/>\n<meta property=\"article:published_time\" content=\"2022-12-08T18:47:52+00:00\" \/>\n<meta property=\"article:modified_time\" content=\"2022-12-08T19:00:41+00:00\" \/>\n<meta property=\"og:image\" content=\"http:\/\/osnovnaskolamalinskadubasnica.hr\/wp-content\/uploads\/PIM-zlato-fb.jpg\" \/>\n\t<meta property=\"og:image:width\" content=\"1814\" \/>\n\t<meta property=\"og:image:height\" content=\"1136\" \/>\n\t<meta property=\"og:image:type\" content=\"image\/jpeg\" \/>\n<meta name=\"author\" content=\"O\u0160 Malinska-Duba\u0161nica\" \/>\n<meta name=\"twitter:card\" content=\"summary_large_image\" \/>\n<meta name=\"twitter:label1\" content=\"Napisao\/la\" \/>\n\t<meta name=\"twitter:data1\" content=\"O\u0160 Malinska-Duba\u0161nica\" \/>\n\t<meta name=\"twitter:label2\" content=\"Procijenjeno vrijeme \u010ditanja\" \/>\n\t<meta name=\"twitter:data2\" content=\"2 minute\" \/>\n<script type=\"application\/ld+json\" class=\"yoast-schema-graph\">{\"@context\":\"https:\\\/\\\/schema.org\",\"@graph\":[{\"@type\":\"Article\",\"@id\":\"http:\\\/\\\/osnovnaskolamalinskadubasnica.hr\\\/?p=23166#article\",\"isPartOf\":{\"@id\":\"http:\\\/\\\/osnovnaskolamalinskadubasnica.hr\\\/?p=23166\"},\"author\":{\"name\":\"O\u0160 Malinska-Duba\u0161nica\",\"@id\":\"http:\\\/\\\/osnovnaskolamalinskadubasnica.hr\\\/#\\\/schema\\\/person\\\/ab4ffae0c646af016b083db5e2445e8f\"},\"headline\":\"Paola Ivana Medved zlatna na Taekwon Do tehni\u010dkom prvenstvu Hrvatske\",\"datePublished\":\"2022-12-08T18:47:52+00:00\",\"dateModified\":\"2022-12-08T19:00:41+00:00\",\"mainEntityOfPage\":{\"@id\":\"http:\\\/\\\/osnovnaskolamalinskadubasnica.hr\\\/?p=23166\"},\"wordCount\":234,\"image\":{\"@id\":\"http:\\\/\\\/osnovnaskolamalinskadubasnica.hr\\\/?p=23166#primaryimage\"},\"thumbnailUrl\":\"http:\\\/\\\/osnovnaskolamalinskadubasnica.hr\\\/wp-content\\\/uploads\\\/PIM-zlato-web.jpg\",\"keywords\":[\"Paola Ivana Medved\",\"taekwondo\",\"zlatna medalja\"],\"articleSection\":[\"Natjecanja\",\"Sport\",\"Vijesti\"],\"inLanguage\":\"hr\"},{\"@type\":\"WebPage\",\"@id\":\"http:\\\/\\\/osnovnaskolamalinskadubasnica.hr\\\/?p=23166\",\"url\":\"http:\\\/\\\/osnovnaskolamalinskadubasnica.hr\\\/?p=23166\",\"name\":\"Paola Ivana Medved zlatna na Taekwon Do tehni\u010dkom prvenstvu Hrvatske - Osnovna \u0161kola Malinska-Duba\u0161nica\",\"isPartOf\":{\"@id\":\"http:\\\/\\\/osnovnaskolamalinskadubasnica.hr\\\/#website\"},\"primaryImageOfPage\":{\"@id\":\"http:\\\/\\\/osnovnaskolamalinskadubasnica.hr\\\/?p=23166#primaryimage\"},\"image\":{\"@id\":\"http:\\\/\\\/osnovnaskolamalinskadubasnica.hr\\\/?p=23166#primaryimage\"},\"thumbnailUrl\":\"http:\\\/\\\/osnovnaskolamalinskadubasnica.hr\\\/wp-content\\\/uploads\\\/PIM-zlato-web.jpg\",\"datePublished\":\"2022-12-08T18:47:52+00:00\",\"dateModified\":\"2022-12-08T19:00:41+00:00\",\"author\":{\"@id\":\"http:\\\/\\\/osnovnaskolamalinskadubasnica.hr\\\/#\\\/schema\\\/person\\\/ab4ffae0c646af016b083db5e2445e8f\"},\"breadcrumb\":{\"@id\":\"http:\\\/\\\/osnovnaskolamalinskadubasnica.hr\\\/?p=23166#breadcrumb\"},\"inLanguage\":\"hr\",\"potentialAction\":[{\"@type\":\"ReadAction\",\"target\":[\"http:\\\/\\\/osnovnaskolamalinskadubasnica.hr\\\/?p=23166\"]}]},{\"@type\":\"ImageObject\",\"inLanguage\":\"hr\",\"@id\":\"http:\\\/\\\/osnovnaskolamalinskadubasnica.hr\\\/?p=23166#primaryimage\",\"url\":\"http:\\\/\\\/osnovnaskolamalinskadubasnica.hr\\\/wp-content\\\/uploads\\\/PIM-zlato-web.jpg\",\"contentUrl\":\"http:\\\/\\\/osnovnaskolamalinskadubasnica.hr\\\/wp-content\\\/uploads\\\/PIM-zlato-web.jpg\",\"width\":817,\"height\":623},{\"@type\":\"BreadcrumbList\",\"@id\":\"http:\\\/\\\/osnovnaskolamalinskadubasnica.hr\\\/?p=23166#breadcrumb\",\"itemListElement\":[{\"@type\":\"ListItem\",\"position\":1,\"name\":\"Po\u010detna stranica\",\"item\":\"http:\\\/\\\/osnovnaskolamalinskadubasnica.hr\\\/\"},{\"@type\":\"ListItem\",\"position\":2,\"name\":\"Paola Ivana Medved zlatna na Taekwon Do tehni\u010dkom prvenstvu Hrvatske\"}]},{\"@type\":\"WebSite\",\"@id\":\"http:\\\/\\\/osnovnaskolamalinskadubasnica.hr\\\/#website\",\"url\":\"http:\\\/\\\/osnovnaskolamalinskadubasnica.hr\\\/\",\"name\":\"Osnovna \u0161kola Malinska-Duba\u0161nica\",\"description\":\"\",\"potentialAction\":[{\"@type\":\"SearchAction\",\"target\":{\"@type\":\"EntryPoint\",\"urlTemplate\":\"http:\\\/\\\/osnovnaskolamalinskadubasnica.hr\\\/?s={search_term_string}\"},\"query-input\":{\"@type\":\"PropertyValueSpecification\",\"valueRequired\":true,\"valueName\":\"search_term_string\"}}],\"inLanguage\":\"hr\"},{\"@type\":\"Person\",\"@id\":\"http:\\\/\\\/osnovnaskolamalinskadubasnica.hr\\\/#\\\/schema\\\/person\\\/ab4ffae0c646af016b083db5e2445e8f\",\"name\":\"O\u0160 Malinska-Duba\u0161nica\",\"url\":\"http:\\\/\\\/osnovnaskolamalinskadubasnica.hr\\\/?author=1\"}]}<\/script>\n<!-- \/ Yoast SEO plugin. -->","yoast_head_json":{"title":"Paola Ivana Medved zlatna na Taekwon Do tehni\u010dkom prvenstvu Hrvatske - Osnovna \u0161kola Malinska-Duba\u0161nica","robots":{"index":"index","follow":"follow","max-snippet":"max-snippet:-1","max-image-preview":"max-image-preview:large","max-video-preview":"max-video-preview:-1"},"canonical":"http:\/\/osnovnaskolamalinskadubasnica.hr\/?p=23166","og_locale":"hr_HR","og_type":"article","og_title":"Paola Ivana Medved zlatna na Taekwon Do tehni\u010dkom prvenstvu Hrvatske - Osnovna \u0161kola Malinska-Duba\u0161nica","og_description":"Paola Ivana Medved, u\u010denica 8.b razreda, ostvarila je jo\u0161 jedan u nizu svojih izvrsnih sportskih uspjeha osvojiv\u0161i zlato na Tehni\u010dkom prvenstvu Hrvatske u Tradicionalnom ITF Taekwon Do-u koje se odr\u017ealo u nedjelju 4. prosinca Rijeci. Bravo Paola Ivana! \u2764\ufe0f","og_url":"http:\/\/osnovnaskolamalinskadubasnica.hr\/?p=23166","og_site_name":"Osnovna \u0161kola Malinska-Duba\u0161nica","article_publisher":"https:\/\/www.facebook.com\/osmalinskadubasnica\/","article_published_time":"2022-12-08T18:47:52+00:00","article_modified_time":"2022-12-08T19:00:41+00:00","og_image":[{"width":1814,"height":1136,"url":"http:\/\/osnovnaskolamalinskadubasnica.hr\/wp-content\/uploads\/PIM-zlato-fb.jpg","type":"image\/jpeg"}],"author":"O\u0160 Malinska-Duba\u0161nica","twitter_card":"summary_large_image","twitter_misc":{"Napisao\/la":"O\u0160 Malinska-Duba\u0161nica","Procijenjeno vrijeme \u010ditanja":"2 minute"},"schema":{"@context":"https:\/\/schema.org","@graph":[{"@type":"Article","@id":"http:\/\/osnovnaskolamalinskadubasnica.hr\/?p=23166#article","isPartOf":{"@id":"http:\/\/osnovnaskolamalinskadubasnica.hr\/?p=23166"},"author":{"name":"O\u0160 Malinska-Duba\u0161nica","@id":"http:\/\/osnovnaskolamalinskadubasnica.hr\/#\/schema\/person\/ab4ffae0c646af016b083db5e2445e8f"},"headline":"Paola Ivana Medved zlatna na Taekwon Do tehni\u010dkom prvenstvu Hrvatske","datePublished":"2022-12-08T18:47:52+00:00","dateModified":"2022-12-08T19:00:41+00:00","mainEntityOfPage":{"@id":"http:\/\/osnovnaskolamalinskadubasnica.hr\/?p=23166"},"wordCount":234,"image":{"@id":"http:\/\/osnovnaskolamalinskadubasnica.hr\/?p=23166#primaryimage"},"thumbnailUrl":"http:\/\/osnovnaskolamalinskadubasnica.hr\/wp-content\/uploads\/PIM-zlato-web.jpg","keywords":["Paola Ivana Medved","taekwondo","zlatna medalja"],"articleSection":["Natjecanja","Sport","Vijesti"],"inLanguage":"hr"},{"@type":"WebPage","@id":"http:\/\/osnovnaskolamalinskadubasnica.hr\/?p=23166","url":"http:\/\/osnovnaskolamalinskadubasnica.hr\/?p=23166","name":"Paola Ivana Medved zlatna na Taekwon Do tehni\u010dkom prvenstvu Hrvatske - Osnovna \u0161kola Malinska-Duba\u0161nica","isPartOf":{"@id":"http:\/\/osnovnaskolamalinskadubasnica.hr\/#website"},"primaryImageOfPage":{"@id":"http:\/\/osnovnaskolamalinskadubasnica.hr\/?p=23166#primaryimage"},"image":{"@id":"http:\/\/osnovnaskolamalinskadubasnica.hr\/?p=23166#primaryimage"},"thumbnailUrl":"http:\/\/osnovnaskolamalinskadubasnica.hr\/wp-content\/uploads\/PIM-zlato-web.jpg","datePublished":"2022-12-08T18:47:52+00:00","dateModified":"2022-12-08T19:00:41+00:00","author":{"@id":"http:\/\/osnovnaskolamalinskadubasnica.hr\/#\/schema\/person\/ab4ffae0c646af016b083db5e2445e8f"},"breadcrumb":{"@id":"http:\/\/osnovnaskolamalinskadubasnica.hr\/?p=23166#breadcrumb"},"inLanguage":"hr","potentialAction":[{"@type":"ReadAction","target":["http:\/\/osnovnaskolamalinskadubasnica.hr\/?p=23166"]}]},{"@type":"ImageObject","inLanguage":"hr","@id":"http:\/\/osnovnaskolamalinskadubasnica.hr\/?p=23166#primaryimage","url":"http:\/\/osnovnaskolamalinskadubasnica.hr\/wp-content\/uploads\/PIM-zlato-web.jpg","contentUrl":"http:\/\/osnovnaskolamalinskadubasnica.hr\/wp-content\/uploads\/PIM-zlato-web.jpg","width":817,"height":623},{"@type":"BreadcrumbList","@id":"http:\/\/osnovnaskolamalinskadubasnica.hr\/?p=23166#breadcrumb","itemListElement":[{"@type":"ListItem","position":1,"name":"Po\u010detna stranica","item":"http:\/\/osnovnaskolamalinskadubasnica.hr\/"},{"@type":"ListItem","position":2,"name":"Paola Ivana Medved zlatna na Taekwon Do tehni\u010dkom prvenstvu Hrvatske"}]},{"@type":"WebSite","@id":"http:\/\/osnovnaskolamalinskadubasnica.hr\/#website","url":"http:\/\/osnovnaskolamalinskadubasnica.hr\/","name":"Osnovna \u0161kola Malinska-Duba\u0161nica","description":"","potentialAction":[{"@type":"SearchAction","target":{"@type":"EntryPoint","urlTemplate":"http:\/\/osnovnaskolamalinskadubasnica.hr\/?s={search_term_string}"},"query-input":{"@type":"PropertyValueSpecification","valueRequired":true,"valueName":"search_term_string"}}],"inLanguage":"hr"},{"@type":"Person","@id":"http:\/\/osnovnaskolamalinskadubasnica.hr\/#\/schema\/person\/ab4ffae0c646af016b083db5e2445e8f","name":"O\u0160 Malinska-Duba\u0161nica","url":"http:\/\/osnovnaskolamalinskadubasnica.hr\/?author=1"}]}},"_links":{"self":[{"href":"http:\/\/osnovnaskolamalinskadubasnica.hr\/index.php?rest_route=\/wp\/v2\/posts\/23166","targetHints":{"allow":["GET"]}}],"collection":[{"href":"http:\/\/osnovnaskolamalinskadubasnica.hr\/index.php?rest_route=\/wp\/v2\/posts"}],"about":[{"href":"http:\/\/osnovnaskolamalinskadubasnica.hr\/index.php?rest_route=\/wp\/v2\/types\/post"}],"author":[{"embeddable":true,"href":"http:\/\/osnovnaskolamalinskadubasnica.hr\/index.php?rest_route=\/wp\/v2\/users\/1"}],"replies":[{"embeddable":true,"href":"http:\/\/osnovnaskolamalinskadubasnica.hr\/index.php?rest_route=%2Fwp%2Fv2%2Fcomments&post=23166"}],"version-history":[{"count":2,"href":"http:\/\/osnovnaskolamalinskadubasnica.hr\/index.php?rest_route=\/wp\/v2\/posts\/23166\/revisions"}],"predecessor-version":[{"id":23176,"href":"http:\/\/osnovnaskolamalinskadubasnica.hr\/index.php?rest_route=\/wp\/v2\/posts\/23166\/revisions\/23176"}],"wp:attachment":[{"href":"http:\/\/osnovnaskolamalinskadubasnica.hr\/index.php?rest_route=%2Fwp%2Fv2%2Fmedia&parent=23166"}],"wp:term":[{"taxonomy":"category","embeddable":true,"href":"http:\/\/osnovnaskolamalinskadubasnica.hr\/index.php?rest_route=%2Fwp%2Fv2%2Fcategories&post=23166"},{"taxonomy":"post_tag","embeddable":true,"href":"http:\/\/osnovnaskolamalinskadubasnica.hr\/index.php?rest_route=%2Fwp%2Fv2%2Ftags&post=23166"}],"curies":[{"name":"wp","href":"https:\/\/api.w.org\/{rel}","templated":true}]}}