{"id":20872,"date":"2022-03-23T18:40:31","date_gmt":"2022-03-23T17:40:31","guid":{"rendered":"http:\/\/osnovnaskolamalinskadubasnica.hr\/?p=20872"},"modified":"2022-03-23T18:49:28","modified_gmt":"2022-03-23T17:49:28","slug":"izlet-u-rijeci-pomorski-i-povijesni-muzej-hrvatskog-primorja-rijeka-i-djecja-kuca","status":"publish","type":"post","link":"http:\/\/osnovnaskolamalinskadubasnica.hr\/?p=20872","title":{"rendered":"Izlet u Rijeci &#8211; Pomorski i povijesni muzej Hrvatskog primorja Rijeka i Dje\u010dja ku\u0107a"},"content":{"rendered":"<p style=\"text-align: justify;\"><span style=\"color: #000000;\"><a href=\"http:\/\/osnovnaskolamalinskadubasnica.hr\/wp-content\/uploads\/rijeka-ck-dub-web.jpg\" data-rel=\"lightbox-image-0\" data-rl_title=\"\" data-rl_caption=\"\" title=\"\"><img loading=\"lazy\" decoding=\"async\" class=\"alignleft wp-image-20873\" src=\"http:\/\/osnovnaskolamalinskadubasnica.hr\/wp-content\/uploads\/rijeka-ck-dub-web.jpg\" alt=\"\" width=\"272\" height=\"204\" srcset=\"http:\/\/osnovnaskolamalinskadubasnica.hr\/wp-content\/uploads\/rijeka-ck-dub-web.jpg 936w, http:\/\/osnovnaskolamalinskadubasnica.hr\/wp-content\/uploads\/rijeka-ck-dub-web-768x576.jpg 768w\" sizes=\"auto, (max-width: 272px) 100vw, 272px\" \/><\/a>Na\u0161e aktivne i marljive \u010dlanice \u010citateljskog kluba Dub pro\u0161le su godine osvojile nagradu na natje\u010daju &#8220;Jednaki u razli\u010ditosti&#8221; Pomorskog i povijesnog muzeja Hrvatskog primorja Rijeka \u2013 ulaznice u Muzej! Do\u010dekali smo ih s veseljem i uzbu\u0111enjem \u0161to nastaje nakon saznanja da se uskoro pripremamo na put. \ud83d\ude0a<\/span><\/p>\n<p style=\"text-align: justify;\"><em><!--more--><\/em><br \/>\n<span style=\"color: #000000;\">U petak, 4. o\u017eujka spremno smo \u010dekali prijevoz pored \u0161kolskog igrali\u0161ta, ukrcali se i uzbudljivo krenuli u na\u0161u malu avanturu!<\/span><\/p>\n<p style=\"text-align: justify;\"><span style=\"color: #000000;\">Prije odlaska u Muzej, kratko smo posjetili Gradsku knji\u017enicu Rijeka i pro\u0161etali smo Korzom. U Muzeju smo saznali mnogo zanimljivih informacija uz stru\u010dno vodstvo te nas je dojmilo bogatstvo rije\u010dke i kvarnerske povijesti. Lucija Baj\u010di\u0107 uspjela nam je do\u010darati izlet kratkim osvrtom kojega je napisala u ime \u010citateljskog kluba Dub.<\/span><\/p>\n<h3 style=\"text-align: justify;\"><strong><span style=\"color: #800000;\">Prvi izlet \u010citateljskog kluba Dub<\/span><\/strong><\/h3>\n<p style=\"text-align: justify;\"><span style=\"color: #000000;\">Petak, 4. o\u017eujka \u010citateljski klub Dub uputio se prema Rijeci. Preciznije \u0107emo re\u0107i na Korzo i u Muzej. Okupili smo se na busnoj stanici iznad \u0161kole, kraj \u0161kolskog igrali\u0161ta gdje nas je u 8:30 sati \u010dekao mini autobus, kombi sa osam sjedala. Tako smo se sretno uputili prema Rijeci nas \u010detiri sedma\u0161ice, tri peta\u0161ice i na\u0161a draga knji\u017eni\u010darka Anika.<\/span><\/p>\n<p><a href=\"http:\/\/osnovnaskolamalinskadubasnica.hr\/wp-content\/uploads\/IMG_20220304_081904.jpg\" data-rel=\"lightbox-image-1\" data-rl_title=\"\" data-rl_caption=\"\" title=\"\"><img loading=\"lazy\" decoding=\"async\" class=\"aligncenter wp-image-20874 size-full\" src=\"http:\/\/osnovnaskolamalinskadubasnica.hr\/wp-content\/uploads\/IMG_20220304_081904.jpg\" alt=\"\" width=\"1296\" height=\"972\" srcset=\"http:\/\/osnovnaskolamalinskadubasnica.hr\/wp-content\/uploads\/IMG_20220304_081904.jpg 1296w, http:\/\/osnovnaskolamalinskadubasnica.hr\/wp-content\/uploads\/IMG_20220304_081904-768x576.jpg 768w\" sizes=\"auto, (max-width: 1296px) 100vw, 1296px\" \/><\/a><\/p>\n<p style=\"text-align: justify;\"><span style=\"color: #000000;\">U Rijeci nas je do\u010dekalo predivno, sun\u010dano vrijeme te nikako nismo mogli odoljeti lijepoj \u0161etnji i posjeti Gradskoj knji\u017enici. U 10 sati krenuli smo prema Guvernerovoj pala\u010di, a Muzej smje\u0161ten u njoj bio je zapravo glavni cilj ovoga izleta kojeg smo dobili kao nagradu u projektu \u201cJednaki u razli\u010ditosti\u201d. Iako su neki od nas ve\u0107 posjetili taj Muzej, svejedno nas je o\u010darala povijest Rijeke te smo na kraju \u010dak postali pravi arheolozi. Izlaze\u0107i iz Muzeja odu\u0161evljenih lica, do\u010dekalo nas je veliko, ugodno iznena\u0111enje za koje je znala samo knji\u017eni\u010darka Anika. Ispred Muzeja \u010dekala nas je na\u0161a draga knji\u017eni\u010darka Simona s njezinom slatkom k\u0107eri Anikom. Zajedno smo se po\u010dastili sa Simonom i Anikom u slasti\u010darnici Kakao.<\/span><\/p>\n<p><a href=\"http:\/\/osnovnaskolamalinskadubasnica.hr\/wp-content\/uploads\/IMG_20220304_113108.jpg\" data-rel=\"lightbox-image-2\" data-rl_title=\"\" data-rl_caption=\"\" title=\"\"><img loading=\"lazy\" decoding=\"async\" class=\"aligncenter size-full wp-image-20878\" src=\"http:\/\/osnovnaskolamalinskadubasnica.hr\/wp-content\/uploads\/IMG_20220304_113108.jpg\" alt=\"\" width=\"1058\" height=\"793\" srcset=\"http:\/\/osnovnaskolamalinskadubasnica.hr\/wp-content\/uploads\/IMG_20220304_113108.jpg 1058w, http:\/\/osnovnaskolamalinskadubasnica.hr\/wp-content\/uploads\/IMG_20220304_113108-768x576.jpg 768w\" sizes=\"auto, (max-width: 1058px) 100vw, 1058px\" \/><\/a><\/p>\n<p style=\"text-align: justify;\"><span style=\"color: #000000;\">Kad smo se pozdravili sa Simonom i njezinom k\u0107eri, nastavili smo prema Dje\u010djoj ku\u0107i. Odu\u0161evili smo se jo\u0161 jednom knji\u017enicom, galerijom dje\u010djih radova i \u0161umom Striborovom, sve to u sklopu Dje\u010dje ku\u0107e. Jo\u0161 smo se malo pro\u0161etali i na kratko svratili u jednu knji\u017earu. Polako smo se uputili na Jela\u010di\u0107ev trg gdje nas je \u010dekao na\u0161 mini bus, kombi za veseli povratak. Vratili smo se svojim ku\u0107ama sretni i odu\u0161evljeni, uz nadu da \u0107emo ubrzo ponoviti jo\u0161 ovakvih izleta.<\/span><\/p>\n<p style=\"text-align: right;\"><em><span style=\"color: #000000;\">knji\u017eni\u010darka Anika \u017degarac i Lucija Baj\u010di\u0107, 7.a<\/span><\/em><\/p>\n<p><strong><span style=\"color: #800000;\">FOTOGALERIJA:<\/span><\/strong><\/p>\n<div id='gallery-1' class='gallery galleryid-20872 gallery-columns-2 gallery-size-medium'><dl class='gallery-item'>\n\t\t\t<dt class='gallery-icon landscape'>\n\t\t\t\t<a href='http:\/\/osnovnaskolamalinskadubasnica.hr\/wp-content\/uploads\/IMG_20220304_081904.jpg' title=\"\" data-rl_title=\"\" class=\"rl-gallery-link\" data-rl_caption=\"\" data-rel=\"lightbox-gallery-1\"><img loading=\"lazy\" decoding=\"async\" width=\"1296\" height=\"972\" src=\"http:\/\/osnovnaskolamalinskadubasnica.hr\/wp-content\/uploads\/IMG_20220304_081904.jpg\" class=\"attachment-medium size-medium\" alt=\"\" aria-describedby=\"gallery-1-20874\" srcset=\"http:\/\/osnovnaskolamalinskadubasnica.hr\/wp-content\/uploads\/IMG_20220304_081904.jpg 1296w, http:\/\/osnovnaskolamalinskadubasnica.hr\/wp-content\/uploads\/IMG_20220304_081904-768x576.jpg 768w\" sizes=\"auto, (max-width: 1296px) 100vw, 1296px\" \/><\/a>\n\t\t\t<\/dt>\n\t\t\t\t<dd class='wp-caption-text gallery-caption' id='gallery-1-20874'>\n\t\t\t\trbt\n\t\t\t\t<\/dd><\/dl><dl class='gallery-item'>\n\t\t\t<dt class='gallery-icon landscape'>\n\t\t\t\t<a href='http:\/\/osnovnaskolamalinskadubasnica.hr\/wp-content\/uploads\/IMG_20220304_101134.jpg' title=\"\" data-rl_title=\"\" class=\"rl-gallery-link\" data-rl_caption=\"\" data-rel=\"lightbox-gallery-1\"><img loading=\"lazy\" decoding=\"async\" width=\"1296\" height=\"972\" src=\"http:\/\/osnovnaskolamalinskadubasnica.hr\/wp-content\/uploads\/IMG_20220304_101134.jpg\" class=\"attachment-medium size-medium\" alt=\"\" srcset=\"http:\/\/osnovnaskolamalinskadubasnica.hr\/wp-content\/uploads\/IMG_20220304_101134.jpg 1296w, http:\/\/osnovnaskolamalinskadubasnica.hr\/wp-content\/uploads\/IMG_20220304_101134-768x576.jpg 768w\" sizes=\"auto, (max-width: 1296px) 100vw, 1296px\" \/><\/a>\n\t\t\t<\/dt><\/dl><br style=\"clear: both\" \/><dl class='gallery-item'>\n\t\t\t<dt class='gallery-icon landscape'>\n\t\t\t\t<a href='http:\/\/osnovnaskolamalinskadubasnica.hr\/wp-content\/uploads\/IMG_20220304_093418.jpg' title=\"\" data-rl_title=\"\" class=\"rl-gallery-link\" data-rl_caption=\"\" data-rel=\"lightbox-gallery-1\"><img loading=\"lazy\" decoding=\"async\" width=\"1058\" height=\"793\" src=\"http:\/\/osnovnaskolamalinskadubasnica.hr\/wp-content\/uploads\/IMG_20220304_093418.jpg\" class=\"attachment-medium size-medium\" alt=\"\" srcset=\"http:\/\/osnovnaskolamalinskadubasnica.hr\/wp-content\/uploads\/IMG_20220304_093418.jpg 1058w, http:\/\/osnovnaskolamalinskadubasnica.hr\/wp-content\/uploads\/IMG_20220304_093418-768x576.jpg 768w\" sizes=\"auto, (max-width: 1058px) 100vw, 1058px\" \/><\/a>\n\t\t\t<\/dt><\/dl><dl class='gallery-item'>\n\t\t\t<dt class='gallery-icon landscape'>\n\t\t\t\t<a href='http:\/\/osnovnaskolamalinskadubasnica.hr\/wp-content\/uploads\/IMG_20220304_113108.jpg' title=\"\" data-rl_title=\"\" class=\"rl-gallery-link\" data-rl_caption=\"\" data-rel=\"lightbox-gallery-1\"><img loading=\"lazy\" decoding=\"async\" width=\"1058\" height=\"793\" src=\"http:\/\/osnovnaskolamalinskadubasnica.hr\/wp-content\/uploads\/IMG_20220304_113108.jpg\" class=\"attachment-medium size-medium\" alt=\"\" srcset=\"http:\/\/osnovnaskolamalinskadubasnica.hr\/wp-content\/uploads\/IMG_20220304_113108.jpg 1058w, http:\/\/osnovnaskolamalinskadubasnica.hr\/wp-content\/uploads\/IMG_20220304_113108-768x576.jpg 768w\" sizes=\"auto, (max-width: 1058px) 100vw, 1058px\" \/><\/a>\n\t\t\t<\/dt><\/dl><br style=\"clear: both\" \/><dl class='gallery-item'>\n\t\t\t<dt class='gallery-icon landscape'>\n\t\t\t\t<a href='http:\/\/osnovnaskolamalinskadubasnica.hr\/wp-content\/uploads\/IMG_20220304_120420.jpg' title=\"\" data-rl_title=\"\" class=\"rl-gallery-link\" data-rl_caption=\"\" data-rel=\"lightbox-gallery-1\"><img loading=\"lazy\" decoding=\"async\" width=\"1296\" height=\"972\" src=\"http:\/\/osnovnaskolamalinskadubasnica.hr\/wp-content\/uploads\/IMG_20220304_120420.jpg\" class=\"attachment-medium size-medium\" alt=\"\" srcset=\"http:\/\/osnovnaskolamalinskadubasnica.hr\/wp-content\/uploads\/IMG_20220304_120420.jpg 1296w, http:\/\/osnovnaskolamalinskadubasnica.hr\/wp-content\/uploads\/IMG_20220304_120420-768x576.jpg 768w\" sizes=\"auto, (max-width: 1296px) 100vw, 1296px\" \/><\/a>\n\t\t\t<\/dt><\/dl><dl class='gallery-item'>\n\t\t\t<dt class='gallery-icon landscape'>\n\t\t\t\t<a href='http:\/\/osnovnaskolamalinskadubasnica.hr\/wp-content\/uploads\/IMG_20220304_120611.jpg' title=\"\" data-rl_title=\"\" class=\"rl-gallery-link\" data-rl_caption=\"\" data-rel=\"lightbox-gallery-1\"><img loading=\"lazy\" decoding=\"async\" width=\"1296\" height=\"972\" src=\"http:\/\/osnovnaskolamalinskadubasnica.hr\/wp-content\/uploads\/IMG_20220304_120611.jpg\" class=\"attachment-medium size-medium\" alt=\"\" srcset=\"http:\/\/osnovnaskolamalinskadubasnica.hr\/wp-content\/uploads\/IMG_20220304_120611.jpg 1296w, http:\/\/osnovnaskolamalinskadubasnica.hr\/wp-content\/uploads\/IMG_20220304_120611-768x576.jpg 768w\" sizes=\"auto, (max-width: 1296px) 100vw, 1296px\" \/><\/a>\n\t\t\t<\/dt><\/dl><br style=\"clear: both\" \/><dl class='gallery-item'>\n\t\t\t<dt class='gallery-icon landscape'>\n\t\t\t\t<a href='http:\/\/osnovnaskolamalinskadubasnica.hr\/wp-content\/uploads\/IMG_20220304_120620.jpg' title=\"\" data-rl_title=\"\" class=\"rl-gallery-link\" data-rl_caption=\"\" data-rel=\"lightbox-gallery-1\"><img loading=\"lazy\" decoding=\"async\" width=\"1296\" height=\"972\" src=\"http:\/\/osnovnaskolamalinskadubasnica.hr\/wp-content\/uploads\/IMG_20220304_120620.jpg\" class=\"attachment-medium size-medium\" alt=\"\" srcset=\"http:\/\/osnovnaskolamalinskadubasnica.hr\/wp-content\/uploads\/IMG_20220304_120620.jpg 1296w, http:\/\/osnovnaskolamalinskadubasnica.hr\/wp-content\/uploads\/IMG_20220304_120620-768x576.jpg 768w\" sizes=\"auto, (max-width: 1296px) 100vw, 1296px\" \/><\/a>\n\t\t\t<\/dt><\/dl><dl class='gallery-item'>\n\t\t\t<dt class='gallery-icon landscape'>\n\t\t\t\t<a href='http:\/\/osnovnaskolamalinskadubasnica.hr\/wp-content\/uploads\/IMG_20220304_123607.jpg' title=\"\" data-rl_title=\"\" class=\"rl-gallery-link\" data-rl_caption=\"\" data-rel=\"lightbox-gallery-1\"><img loading=\"lazy\" decoding=\"async\" width=\"1058\" height=\"793\" src=\"http:\/\/osnovnaskolamalinskadubasnica.hr\/wp-content\/uploads\/IMG_20220304_123607.jpg\" class=\"attachment-medium size-medium\" alt=\"\" srcset=\"http:\/\/osnovnaskolamalinskadubasnica.hr\/wp-content\/uploads\/IMG_20220304_123607.jpg 1058w, http:\/\/osnovnaskolamalinskadubasnica.hr\/wp-content\/uploads\/IMG_20220304_123607-768x576.jpg 768w\" sizes=\"auto, (max-width: 1058px) 100vw, 1058px\" \/><\/a>\n\t\t\t<\/dt><\/dl><br style=\"clear: both\" \/><dl class='gallery-item'>\n\t\t\t<dt class='gallery-icon portrait'>\n\t\t\t\t<a href='http:\/\/osnovnaskolamalinskadubasnica.hr\/wp-content\/uploads\/IMG_20220304_092056.jpg' title=\"\" data-rl_title=\"\" class=\"rl-gallery-link\" data-rl_caption=\"\" data-rel=\"lightbox-gallery-1\"><img loading=\"lazy\" decoding=\"async\" width=\"972\" height=\"1296\" src=\"http:\/\/osnovnaskolamalinskadubasnica.hr\/wp-content\/uploads\/IMG_20220304_092056.jpg\" class=\"attachment-medium size-medium\" alt=\"\" srcset=\"http:\/\/osnovnaskolamalinskadubasnica.hr\/wp-content\/uploads\/IMG_20220304_092056.jpg 972w, http:\/\/osnovnaskolamalinskadubasnica.hr\/wp-content\/uploads\/IMG_20220304_092056-768x1024.jpg 768w\" sizes=\"auto, (max-width: 972px) 100vw, 972px\" \/><\/a>\n\t\t\t<\/dt><\/dl><dl class='gallery-item'>\n\t\t\t<dt class='gallery-icon portrait'>\n\t\t\t\t<a href='http:\/\/osnovnaskolamalinskadubasnica.hr\/wp-content\/uploads\/IMG_20220304_120751.jpg' title=\"\" data-rl_title=\"\" class=\"rl-gallery-link\" data-rl_caption=\"\" data-rel=\"lightbox-gallery-1\"><img loading=\"lazy\" decoding=\"async\" width=\"972\" height=\"1296\" src=\"http:\/\/osnovnaskolamalinskadubasnica.hr\/wp-content\/uploads\/IMG_20220304_120751.jpg\" class=\"attachment-medium size-medium\" alt=\"\" srcset=\"http:\/\/osnovnaskolamalinskadubasnica.hr\/wp-content\/uploads\/IMG_20220304_120751.jpg 972w, http:\/\/osnovnaskolamalinskadubasnica.hr\/wp-content\/uploads\/IMG_20220304_120751-768x1024.jpg 768w\" sizes=\"auto, (max-width: 972px) 100vw, 972px\" \/><\/a>\n\t\t\t<\/dt><\/dl><br style=\"clear: both\" \/>\n\t\t<\/div>\n\n","protected":false},"excerpt":{"rendered":"<p>Na\u0161e aktivne i marljive \u010dlanice \u010citateljskog kluba Dub pro\u0161le su godine osvojile nagradu na natje\u010daju &#8220;Jednaki u razli\u010ditosti&#8221; Pomorskog i povijesnog muzeja Hrvatskog primorja Rijeka \u2013 ulaznice u Muzej! Do\u010dekali smo ih s veseljem i uzbu\u0111enjem \u0161to nastaje nakon saznanja &hellip; <a href=\"http:\/\/osnovnaskolamalinskadubasnica.hr\/?p=20872\">Nastavi \u010ditati <span class=\"meta-nav\">&rarr;<\/span><\/a><\/p>\n","protected":false},"author":1,"featured_media":0,"comment_status":"closed","ping_status":"closed","sticky":false,"template":"","format":"standard","meta":{"footnotes":""},"categories":[13,523,52,9],"tags":[1108,902,1133,1132,633],"class_list":["post-20872","post","type-post","status-publish","format-standard","hentry","category-izleti","category-knjiznica","category-terenska-nastava","category-vijesti","tag-anika-zegarac","tag-citateljski-klub","tag-djecja-kuca","tag-lucija-bajcic","tag-pomorski-i-povijesni-muzej-rijeka"],"yoast_head":"<!-- This site is optimized with the Yoast SEO plugin v27.4 - https:\/\/yoast.com\/product\/yoast-seo-wordpress\/ -->\n<title>Izlet u Rijeci - Pomorski i povijesni muzej Hrvatskog primorja Rijeka i Dje\u010dja ku\u0107a - Osnovna \u0161kola Malinska-Duba\u0161nica<\/title>\n<meta name=\"robots\" content=\"index, follow, max-snippet:-1, max-image-preview:large, max-video-preview:-1\" \/>\n<link rel=\"canonical\" href=\"http:\/\/osnovnaskolamalinskadubasnica.hr\/?p=20872\" \/>\n<meta property=\"og:locale\" content=\"hr_HR\" \/>\n<meta property=\"og:type\" content=\"article\" \/>\n<meta property=\"og:title\" content=\"Izlet u Rijeci - Pomorski i povijesni muzej Hrvatskog primorja Rijeka i Dje\u010dja ku\u0107a - Osnovna \u0161kola Malinska-Duba\u0161nica\" \/>\n<meta property=\"og:description\" content=\"Na\u0161e aktivne i marljive \u010dlanice \u010citateljskog kluba Dub pro\u0161le su godine osvojile nagradu na natje\u010daju &#8220;Jednaki u razli\u010ditosti&#8221; Pomorskog i povijesnog muzeja Hrvatskog primorja Rijeka \u2013 ulaznice u Muzej! Do\u010dekali smo ih s veseljem i uzbu\u0111enjem \u0161to nastaje nakon saznanja &hellip; Nastavi \u010ditati &rarr;\" \/>\n<meta property=\"og:url\" content=\"http:\/\/osnovnaskolamalinskadubasnica.hr\/?p=20872\" \/>\n<meta property=\"og:site_name\" content=\"Osnovna \u0161kola Malinska-Duba\u0161nica\" \/>\n<meta property=\"article:publisher\" content=\"https:\/\/www.facebook.com\/osmalinskadubasnica\/\" \/>\n<meta property=\"article:published_time\" content=\"2022-03-23T17:40:31+00:00\" \/>\n<meta property=\"article:modified_time\" content=\"2022-03-23T17:49:28+00:00\" \/>\n<meta property=\"og:image\" content=\"http:\/\/osnovnaskolamalinskadubasnica.hr\/wp-content\/uploads\/rijeka-ck-dub-fb.jpg\" \/>\n\t<meta property=\"og:image:width\" content=\"1296\" \/>\n\t<meta property=\"og:image:height\" content=\"840\" \/>\n\t<meta property=\"og:image:type\" content=\"image\/jpeg\" \/>\n<meta name=\"author\" content=\"O\u0160 Malinska-Duba\u0161nica\" \/>\n<meta name=\"twitter:card\" content=\"summary_large_image\" \/>\n<meta name=\"twitter:label1\" content=\"Napisao\/la\" \/>\n\t<meta name=\"twitter:data1\" content=\"O\u0160 Malinska-Duba\u0161nica\" \/>\n\t<meta name=\"twitter:label2\" content=\"Procijenjeno vrijeme \u010ditanja\" \/>\n\t<meta name=\"twitter:data2\" content=\"3 minute\" \/>\n<script type=\"application\/ld+json\" class=\"yoast-schema-graph\">{\"@context\":\"https:\\\/\\\/schema.org\",\"@graph\":[{\"@type\":\"Article\",\"@id\":\"http:\\\/\\\/osnovnaskolamalinskadubasnica.hr\\\/?p=20872#article\",\"isPartOf\":{\"@id\":\"http:\\\/\\\/osnovnaskolamalinskadubasnica.hr\\\/?p=20872\"},\"author\":{\"name\":\"O\u0160 Malinska-Duba\u0161nica\",\"@id\":\"http:\\\/\\\/osnovnaskolamalinskadubasnica.hr\\\/#\\\/schema\\\/person\\\/ab4ffae0c646af016b083db5e2445e8f\"},\"headline\":\"Izlet u Rijeci &#8211; Pomorski i povijesni muzej Hrvatskog primorja Rijeka i Dje\u010dja ku\u0107a\",\"datePublished\":\"2022-03-23T17:40:31+00:00\",\"dateModified\":\"2022-03-23T17:49:28+00:00\",\"mainEntityOfPage\":{\"@id\":\"http:\\\/\\\/osnovnaskolamalinskadubasnica.hr\\\/?p=20872\"},\"wordCount\":457,\"image\":{\"@id\":\"http:\\\/\\\/osnovnaskolamalinskadubasnica.hr\\\/?p=20872#primaryimage\"},\"thumbnailUrl\":\"http:\\\/\\\/osnovnaskolamalinskadubasnica.hr\\\/wp-content\\\/uploads\\\/rijeka-ck-dub-web.jpg\",\"keywords\":[\"Anika \u017degarac\",\"\u010citateljski klub\",\"Dje\u010dja ku\u0107a\",\"Lucija Baj\u010di\u0107\",\"Pomorski i povijesni muzej Rijeka\"],\"articleSection\":[\"Izleti\",\"Knji\u017enica\",\"Terenska nastava\",\"Vijesti\"],\"inLanguage\":\"hr\"},{\"@type\":\"WebPage\",\"@id\":\"http:\\\/\\\/osnovnaskolamalinskadubasnica.hr\\\/?p=20872\",\"url\":\"http:\\\/\\\/osnovnaskolamalinskadubasnica.hr\\\/?p=20872\",\"name\":\"Izlet u Rijeci - Pomorski i povijesni muzej Hrvatskog primorja Rijeka i Dje\u010dja ku\u0107a - Osnovna \u0161kola Malinska-Duba\u0161nica\",\"isPartOf\":{\"@id\":\"http:\\\/\\\/osnovnaskolamalinskadubasnica.hr\\\/#website\"},\"primaryImageOfPage\":{\"@id\":\"http:\\\/\\\/osnovnaskolamalinskadubasnica.hr\\\/?p=20872#primaryimage\"},\"image\":{\"@id\":\"http:\\\/\\\/osnovnaskolamalinskadubasnica.hr\\\/?p=20872#primaryimage\"},\"thumbnailUrl\":\"http:\\\/\\\/osnovnaskolamalinskadubasnica.hr\\\/wp-content\\\/uploads\\\/rijeka-ck-dub-web.jpg\",\"datePublished\":\"2022-03-23T17:40:31+00:00\",\"dateModified\":\"2022-03-23T17:49:28+00:00\",\"author\":{\"@id\":\"http:\\\/\\\/osnovnaskolamalinskadubasnica.hr\\\/#\\\/schema\\\/person\\\/ab4ffae0c646af016b083db5e2445e8f\"},\"breadcrumb\":{\"@id\":\"http:\\\/\\\/osnovnaskolamalinskadubasnica.hr\\\/?p=20872#breadcrumb\"},\"inLanguage\":\"hr\",\"potentialAction\":[{\"@type\":\"ReadAction\",\"target\":[\"http:\\\/\\\/osnovnaskolamalinskadubasnica.hr\\\/?p=20872\"]}]},{\"@type\":\"ImageObject\",\"inLanguage\":\"hr\",\"@id\":\"http:\\\/\\\/osnovnaskolamalinskadubasnica.hr\\\/?p=20872#primaryimage\",\"url\":\"http:\\\/\\\/osnovnaskolamalinskadubasnica.hr\\\/wp-content\\\/uploads\\\/rijeka-ck-dub-web.jpg\",\"contentUrl\":\"http:\\\/\\\/osnovnaskolamalinskadubasnica.hr\\\/wp-content\\\/uploads\\\/rijeka-ck-dub-web.jpg\",\"width\":936,\"height\":702},{\"@type\":\"BreadcrumbList\",\"@id\":\"http:\\\/\\\/osnovnaskolamalinskadubasnica.hr\\\/?p=20872#breadcrumb\",\"itemListElement\":[{\"@type\":\"ListItem\",\"position\":1,\"name\":\"Po\u010detna stranica\",\"item\":\"http:\\\/\\\/osnovnaskolamalinskadubasnica.hr\\\/\"},{\"@type\":\"ListItem\",\"position\":2,\"name\":\"Izlet u Rijeci &#8211; Pomorski i povijesni muzej Hrvatskog primorja Rijeka i Dje\u010dja ku\u0107a\"}]},{\"@type\":\"WebSite\",\"@id\":\"http:\\\/\\\/osnovnaskolamalinskadubasnica.hr\\\/#website\",\"url\":\"http:\\\/\\\/osnovnaskolamalinskadubasnica.hr\\\/\",\"name\":\"Osnovna \u0161kola Malinska-Duba\u0161nica\",\"description\":\"\",\"potentialAction\":[{\"@type\":\"SearchAction\",\"target\":{\"@type\":\"EntryPoint\",\"urlTemplate\":\"http:\\\/\\\/osnovnaskolamalinskadubasnica.hr\\\/?s={search_term_string}\"},\"query-input\":{\"@type\":\"PropertyValueSpecification\",\"valueRequired\":true,\"valueName\":\"search_term_string\"}}],\"inLanguage\":\"hr\"},{\"@type\":\"Person\",\"@id\":\"http:\\\/\\\/osnovnaskolamalinskadubasnica.hr\\\/#\\\/schema\\\/person\\\/ab4ffae0c646af016b083db5e2445e8f\",\"name\":\"O\u0160 Malinska-Duba\u0161nica\",\"url\":\"http:\\\/\\\/osnovnaskolamalinskadubasnica.hr\\\/?author=1\"}]}<\/script>\n<!-- \/ Yoast SEO plugin. -->","yoast_head_json":{"title":"Izlet u Rijeci - Pomorski i povijesni muzej Hrvatskog primorja Rijeka i Dje\u010dja ku\u0107a - Osnovna \u0161kola Malinska-Duba\u0161nica","robots":{"index":"index","follow":"follow","max-snippet":"max-snippet:-1","max-image-preview":"max-image-preview:large","max-video-preview":"max-video-preview:-1"},"canonical":"http:\/\/osnovnaskolamalinskadubasnica.hr\/?p=20872","og_locale":"hr_HR","og_type":"article","og_title":"Izlet u Rijeci - Pomorski i povijesni muzej Hrvatskog primorja Rijeka i Dje\u010dja ku\u0107a - Osnovna \u0161kola Malinska-Duba\u0161nica","og_description":"Na\u0161e aktivne i marljive \u010dlanice \u010citateljskog kluba Dub pro\u0161le su godine osvojile nagradu na natje\u010daju &#8220;Jednaki u razli\u010ditosti&#8221; Pomorskog i povijesnog muzeja Hrvatskog primorja Rijeka \u2013 ulaznice u Muzej! Do\u010dekali smo ih s veseljem i uzbu\u0111enjem \u0161to nastaje nakon saznanja &hellip; Nastavi \u010ditati &rarr;","og_url":"http:\/\/osnovnaskolamalinskadubasnica.hr\/?p=20872","og_site_name":"Osnovna \u0161kola Malinska-Duba\u0161nica","article_publisher":"https:\/\/www.facebook.com\/osmalinskadubasnica\/","article_published_time":"2022-03-23T17:40:31+00:00","article_modified_time":"2022-03-23T17:49:28+00:00","og_image":[{"width":1296,"height":840,"url":"http:\/\/osnovnaskolamalinskadubasnica.hr\/wp-content\/uploads\/rijeka-ck-dub-fb.jpg","type":"image\/jpeg"}],"author":"O\u0160 Malinska-Duba\u0161nica","twitter_card":"summary_large_image","twitter_misc":{"Napisao\/la":"O\u0160 Malinska-Duba\u0161nica","Procijenjeno vrijeme \u010ditanja":"3 minute"},"schema":{"@context":"https:\/\/schema.org","@graph":[{"@type":"Article","@id":"http:\/\/osnovnaskolamalinskadubasnica.hr\/?p=20872#article","isPartOf":{"@id":"http:\/\/osnovnaskolamalinskadubasnica.hr\/?p=20872"},"author":{"name":"O\u0160 Malinska-Duba\u0161nica","@id":"http:\/\/osnovnaskolamalinskadubasnica.hr\/#\/schema\/person\/ab4ffae0c646af016b083db5e2445e8f"},"headline":"Izlet u Rijeci &#8211; Pomorski i povijesni muzej Hrvatskog primorja Rijeka i Dje\u010dja ku\u0107a","datePublished":"2022-03-23T17:40:31+00:00","dateModified":"2022-03-23T17:49:28+00:00","mainEntityOfPage":{"@id":"http:\/\/osnovnaskolamalinskadubasnica.hr\/?p=20872"},"wordCount":457,"image":{"@id":"http:\/\/osnovnaskolamalinskadubasnica.hr\/?p=20872#primaryimage"},"thumbnailUrl":"http:\/\/osnovnaskolamalinskadubasnica.hr\/wp-content\/uploads\/rijeka-ck-dub-web.jpg","keywords":["Anika \u017degarac","\u010citateljski klub","Dje\u010dja ku\u0107a","Lucija Baj\u010di\u0107","Pomorski i povijesni muzej Rijeka"],"articleSection":["Izleti","Knji\u017enica","Terenska nastava","Vijesti"],"inLanguage":"hr"},{"@type":"WebPage","@id":"http:\/\/osnovnaskolamalinskadubasnica.hr\/?p=20872","url":"http:\/\/osnovnaskolamalinskadubasnica.hr\/?p=20872","name":"Izlet u Rijeci - Pomorski i povijesni muzej Hrvatskog primorja Rijeka i Dje\u010dja ku\u0107a - Osnovna \u0161kola Malinska-Duba\u0161nica","isPartOf":{"@id":"http:\/\/osnovnaskolamalinskadubasnica.hr\/#website"},"primaryImageOfPage":{"@id":"http:\/\/osnovnaskolamalinskadubasnica.hr\/?p=20872#primaryimage"},"image":{"@id":"http:\/\/osnovnaskolamalinskadubasnica.hr\/?p=20872#primaryimage"},"thumbnailUrl":"http:\/\/osnovnaskolamalinskadubasnica.hr\/wp-content\/uploads\/rijeka-ck-dub-web.jpg","datePublished":"2022-03-23T17:40:31+00:00","dateModified":"2022-03-23T17:49:28+00:00","author":{"@id":"http:\/\/osnovnaskolamalinskadubasnica.hr\/#\/schema\/person\/ab4ffae0c646af016b083db5e2445e8f"},"breadcrumb":{"@id":"http:\/\/osnovnaskolamalinskadubasnica.hr\/?p=20872#breadcrumb"},"inLanguage":"hr","potentialAction":[{"@type":"ReadAction","target":["http:\/\/osnovnaskolamalinskadubasnica.hr\/?p=20872"]}]},{"@type":"ImageObject","inLanguage":"hr","@id":"http:\/\/osnovnaskolamalinskadubasnica.hr\/?p=20872#primaryimage","url":"http:\/\/osnovnaskolamalinskadubasnica.hr\/wp-content\/uploads\/rijeka-ck-dub-web.jpg","contentUrl":"http:\/\/osnovnaskolamalinskadubasnica.hr\/wp-content\/uploads\/rijeka-ck-dub-web.jpg","width":936,"height":702},{"@type":"BreadcrumbList","@id":"http:\/\/osnovnaskolamalinskadubasnica.hr\/?p=20872#breadcrumb","itemListElement":[{"@type":"ListItem","position":1,"name":"Po\u010detna stranica","item":"http:\/\/osnovnaskolamalinskadubasnica.hr\/"},{"@type":"ListItem","position":2,"name":"Izlet u Rijeci &#8211; Pomorski i povijesni muzej Hrvatskog primorja Rijeka i Dje\u010dja ku\u0107a"}]},{"@type":"WebSite","@id":"http:\/\/osnovnaskolamalinskadubasnica.hr\/#website","url":"http:\/\/osnovnaskolamalinskadubasnica.hr\/","name":"Osnovna \u0161kola Malinska-Duba\u0161nica","description":"","potentialAction":[{"@type":"SearchAction","target":{"@type":"EntryPoint","urlTemplate":"http:\/\/osnovnaskolamalinskadubasnica.hr\/?s={search_term_string}"},"query-input":{"@type":"PropertyValueSpecification","valueRequired":true,"valueName":"search_term_string"}}],"inLanguage":"hr"},{"@type":"Person","@id":"http:\/\/osnovnaskolamalinskadubasnica.hr\/#\/schema\/person\/ab4ffae0c646af016b083db5e2445e8f","name":"O\u0160 Malinska-Duba\u0161nica","url":"http:\/\/osnovnaskolamalinskadubasnica.hr\/?author=1"}]}},"_links":{"self":[{"href":"http:\/\/osnovnaskolamalinskadubasnica.hr\/index.php?rest_route=\/wp\/v2\/posts\/20872","targetHints":{"allow":["GET"]}}],"collection":[{"href":"http:\/\/osnovnaskolamalinskadubasnica.hr\/index.php?rest_route=\/wp\/v2\/posts"}],"about":[{"href":"http:\/\/osnovnaskolamalinskadubasnica.hr\/index.php?rest_route=\/wp\/v2\/types\/post"}],"author":[{"embeddable":true,"href":"http:\/\/osnovnaskolamalinskadubasnica.hr\/index.php?rest_route=\/wp\/v2\/users\/1"}],"replies":[{"embeddable":true,"href":"http:\/\/osnovnaskolamalinskadubasnica.hr\/index.php?rest_route=%2Fwp%2Fv2%2Fcomments&post=20872"}],"version-history":[{"count":3,"href":"http:\/\/osnovnaskolamalinskadubasnica.hr\/index.php?rest_route=\/wp\/v2\/posts\/20872\/revisions"}],"predecessor-version":[{"id":20887,"href":"http:\/\/osnovnaskolamalinskadubasnica.hr\/index.php?rest_route=\/wp\/v2\/posts\/20872\/revisions\/20887"}],"wp:attachment":[{"href":"http:\/\/osnovnaskolamalinskadubasnica.hr\/index.php?rest_route=%2Fwp%2Fv2%2Fmedia&parent=20872"}],"wp:term":[{"taxonomy":"category","embeddable":true,"href":"http:\/\/osnovnaskolamalinskadubasnica.hr\/index.php?rest_route=%2Fwp%2Fv2%2Fcategories&post=20872"},{"taxonomy":"post_tag","embeddable":true,"href":"http:\/\/osnovnaskolamalinskadubasnica.hr\/index.php?rest_route=%2Fwp%2Fv2%2Ftags&post=20872"}],"curies":[{"name":"wp","href":"https:\/\/api.w.org\/{rel}","templated":true}]}}