{"id":20844,"date":"2022-03-21T18:19:50","date_gmt":"2022-03-21T17:19:50","guid":{"rendered":"http:\/\/osnovnaskolamalinskadubasnica.hr\/?p=20844"},"modified":"2022-03-21T18:19:50","modified_gmt":"2022-03-21T17:19:50","slug":"19-ozujka-dan-oceva","status":"publish","type":"post","link":"http:\/\/osnovnaskolamalinskadubasnica.hr\/?p=20844","title":{"rendered":"19. o\u017eujka &#8211; Dan o\u010deva"},"content":{"rendered":"<p style=\"text-align: justify;\"><span style=\"color: #000000;\"><a href=\"http:\/\/osnovnaskolamalinskadubasnica.hr\/wp-content\/uploads\/dan-oceva-2021.jpg\" data-rel=\"lightbox-image-0\" data-rl_title=\"\" data-rl_caption=\"\" title=\"\"><img loading=\"lazy\" decoding=\"async\" class=\"alignleft wp-image-18854\" src=\"http:\/\/osnovnaskolamalinskadubasnica.hr\/wp-content\/uploads\/dan-oceva-2021.jpg\" alt=\"\" width=\"272\" height=\"191\" \/><\/a>U\u010diteljica Ana Marija \u0160viderski Jurinjak donosi nam povijesnu pri\u010du o blagdanu svetog Josipa, za\u0161titniku na\u0161e domovine Hrvatske i svih o\u010deva, kao i vrlo kreativnu prezentaciju koja prikazuje kako je njezin 4.b razred obilje\u017eio ovaj poseban dan. \u2764\ufe0f<\/span><\/p>\n<p><em><!--more--><\/em><\/p>\n<p style=\"text-align: justify;\"><span style=\"color: #000000;\">Vlada\u00a0Dubrova\u010dke Republike\u00a0je 20. o\u017eujka\u00a01521.\u00a0godine prihvatila prijedlog da se u Republici, svetkovina svetog Josipa slavi kao zapovijedani blagdan.<\/span><\/p>\n<p style=\"text-align: justify;\"><span style=\"color: #000000;\">U sjevernim krajevima\u00a0Hrvatske\u00a0\u0161tovanje su mu \u0161irili\u00a0isusovci, a\u00a0Hrvatski sabor\u00a0na svom zasjedanju\u00a09.\u00a0i\u00a010. lipnja\u00a01687.\u00a0godine proglasio ga je za\u0161titnikom\u00a0hrvatskog kraljevstva. To\u010dnije, u saborskom protokolu od tih dana, na latinskom jeziku pi\u0161e: &#8220;<em>Sveti Josip, Krista Spasitelja vjerni branitelj, Djevice Bogorodice djevi\u010danski zaru\u010dnik, za posebnog za\u0161titnika Kraljevine Hrvatske u Dr\u017eavnom saboru godine 1687. od redova i stale\u017ea jednoglasno je odabran.<\/em>&#8221;\u00a0Svijest o tome da nam je za\u0161titnik nije osobito za\u017eivjela, ali su na\u0161i\u00a0biskupi\u00a0na svom zasjedanju u\u00a0Splitu\u00a01972.\u00a0godine rekli &#8220;da je odluka Hrvatskog sabora iz 1687. god. i sada na snazi, jer Sabor nije imao u vidu apstraktno hrvatsko kraljevstvo, nego hrvatski narod, koji nad\u017eivljuje sve peripetije oko svoga suvereniteta\u2026&#8221;. Tada je Hrvatska biskupska konferencija donijela odluku da se osobito mora \u0161tovati u Hrvatskoj. To je progla\u0161enje na prijedlog zagreba\u010dkog biskupa\u00a0Martina Borkovi\u0107a\u00a0bilo pravovaljano sa svjetovne i crkvene strane, i kasnije nije nikada osporeno.<\/span><\/p>\n<p style=\"text-align: justify;\"><a href=\"http:\/\/osnovnaskolamalinskadubasnica.hr\/wp-content\/uploads\/josip_i_isus-1.jpg\" data-rel=\"lightbox-image-1\" data-rl_title=\"\" data-rl_caption=\"\" title=\"\"><img loading=\"lazy\" decoding=\"async\" class=\"aligncenter size-full wp-image-20845\" src=\"http:\/\/osnovnaskolamalinskadubasnica.hr\/wp-content\/uploads\/josip_i_isus-1.jpg\" alt=\"\" width=\"1024\" height=\"768\" srcset=\"http:\/\/osnovnaskolamalinskadubasnica.hr\/wp-content\/uploads\/josip_i_isus-1.jpg 1024w, http:\/\/osnovnaskolamalinskadubasnica.hr\/wp-content\/uploads\/josip_i_isus-1-768x576.jpg 768w\" sizes=\"auto, (max-width: 1024px) 100vw, 1024px\" \/><\/a><span style=\"color: #000000;\">Odlukom HNV R. Srbije blagdan sv. Josipa je jedan od \u010detiriju blagdana hrvatske zajednice u Srbiji. Nacionalno sveti\u0161te sv. Josipa je u Karlovcu na Dubovcu.<\/span><\/p>\n<p style=\"text-align: justify;\"><span style=\"color: #000000;\">2017. godine se na Tridesetodnevnici za Hrvatsku i hrvatski narod molilo za sve nakane po zagovorusv. Josipa, povodom 330. obljetnice kako je Hrvatski saborproglasio sv. Josipa za nebeskog za\u0161titnika hrvatskog naroda. Prema odluci kardinala Josipa Bozani\u0107a na podru\u010dju Zagreba\u010dke nadbiskupije zapo\u010dela je Godina svetog Josipa 19. o\u017eujka 2017., povodom 330. obljetnice kako je Hrvatski sabor izabrao svetog Josipa za za\u0161titnika Hrvatske.<\/span><\/p>\n<p style=\"text-align: justify;\"><span style=\"color: #000000;\">Izvor: <\/span><a href=\"https:\/\/hr.wikipedia.org\/wiki\/Sveti_Josip\">hr.wikipedia.org\/wiki\/Sveti_Josip<\/a><\/p>\n<p style=\"text-align: justify;\"><span style=\"color: #000000;\">Zbog \u0161tovanja \u017eivotnih vrijednosti,\u00a0 Svetog Josipa se \u0161tuje i kao za\u0161titnika svih o\u010deva. Kako su nama svima o\u010devi va\u017eni, odlu\u010dili smo u 4. b i ove godine s njima obilje\u017eiti njihov dan.<\/span><\/p>\n<p><em><span style=\"color: #000000;\">Klik na sliku i pogledajte prezentaciju:<\/span><\/em><\/p>\n<p style=\"text-align: right;\"><a href=\"https:\/\/www.canva.com\/design\/DAE7jJK2fzI\/ucfZABK8xDRaYTjvpR17og\/view?utm_content=DAE7jJK2fzI&amp;utm_campaign=designshare&amp;utm_medium=link2&amp;utm_source=sharebutton\" target=\"_blank\" rel=\"noopener\"><img loading=\"lazy\" decoding=\"async\" class=\"aligncenter size-full wp-image-20846\" src=\"http:\/\/osnovnaskolamalinskadubasnica.hr\/wp-content\/uploads\/dan-oceva-web.jpg\" alt=\"\" width=\"1117\" height=\"879\" srcset=\"http:\/\/osnovnaskolamalinskadubasnica.hr\/wp-content\/uploads\/dan-oceva-web.jpg 1117w, http:\/\/osnovnaskolamalinskadubasnica.hr\/wp-content\/uploads\/dan-oceva-web-768x604.jpg 768w\" sizes=\"auto, (max-width: 1117px) 100vw, 1117px\" \/><\/a><\/p>\n<p style=\"text-align: right;\"><em><span style=\"color: #000000;\">Pripremila: Ana Marija \u0160viderski &#8211; Jurinjak<\/span><\/em><\/p>\n","protected":false},"excerpt":{"rendered":"<p>U\u010diteljica Ana Marija \u0160viderski Jurinjak donosi nam povijesnu pri\u010du o blagdanu svetog Josipa, za\u0161titniku na\u0161e domovine Hrvatske i svih o\u010deva, kao i vrlo kreativnu prezentaciju koja prikazuje kako je njezin 4.b razred obilje\u017eio ovaj poseban dan. \u2764\ufe0f<\/p>\n","protected":false},"author":1,"featured_media":0,"comment_status":"closed","ping_status":"closed","sticky":false,"template":"","format":"standard","meta":{"footnotes":""},"categories":[154,9,102],"tags":[751,111,1056,1131],"class_list":["post-20844","post","type-post","status-publish","format-standard","hentry","category-kreativac","category-vijesti","category-zanimljivosti-2","tag-ana-marija-sviderski-jurinjak","tag-cetvrtasi","tag-dan-oceva","tag-sveti-josip"],"yoast_head":"<!-- This site is optimized with the Yoast SEO plugin v27.4 - https:\/\/yoast.com\/product\/yoast-seo-wordpress\/ -->\n<title>19. o\u017eujka - Dan o\u010deva - Osnovna \u0161kola Malinska-Duba\u0161nica<\/title>\n<meta name=\"robots\" content=\"index, follow, max-snippet:-1, max-image-preview:large, max-video-preview:-1\" \/>\n<link rel=\"canonical\" href=\"http:\/\/osnovnaskolamalinskadubasnica.hr\/?p=20844\" \/>\n<meta property=\"og:locale\" content=\"hr_HR\" \/>\n<meta property=\"og:type\" content=\"article\" \/>\n<meta property=\"og:title\" content=\"19. o\u017eujka - Dan o\u010deva - Osnovna \u0161kola Malinska-Duba\u0161nica\" \/>\n<meta property=\"og:description\" content=\"U\u010diteljica Ana Marija \u0160viderski Jurinjak donosi nam povijesnu pri\u010du o blagdanu svetog Josipa, za\u0161titniku na\u0161e domovine Hrvatske i svih o\u010deva, kao i vrlo kreativnu prezentaciju koja prikazuje kako je njezin 4.b razred obilje\u017eio ovaj poseban dan. \u2764\ufe0f\" \/>\n<meta property=\"og:url\" content=\"http:\/\/osnovnaskolamalinskadubasnica.hr\/?p=20844\" \/>\n<meta property=\"og:site_name\" content=\"Osnovna \u0161kola Malinska-Duba\u0161nica\" \/>\n<meta property=\"article:publisher\" content=\"https:\/\/www.facebook.com\/osmalinskadubasnica\/\" \/>\n<meta property=\"article:published_time\" content=\"2022-03-21T17:19:50+00:00\" \/>\n<meta property=\"og:image\" content=\"http:\/\/osnovnaskolamalinskadubasnica.hr\/wp-content\/uploads\/sveti-josip-radnik.jpg\" \/>\n\t<meta property=\"og:image:width\" content=\"1024\" \/>\n\t<meta property=\"og:image:height\" content=\"665\" \/>\n\t<meta property=\"og:image:type\" content=\"image\/jpeg\" \/>\n<meta name=\"author\" content=\"O\u0160 Malinska-Duba\u0161nica\" \/>\n<meta name=\"twitter:card\" content=\"summary_large_image\" \/>\n<meta name=\"twitter:label1\" content=\"Napisao\/la\" \/>\n\t<meta name=\"twitter:data1\" content=\"O\u0160 Malinska-Duba\u0161nica\" \/>\n\t<meta name=\"twitter:label2\" content=\"Procijenjeno vrijeme \u010ditanja\" \/>\n\t<meta name=\"twitter:data2\" content=\"3 minute\" \/>\n<script type=\"application\/ld+json\" class=\"yoast-schema-graph\">{\"@context\":\"https:\\\/\\\/schema.org\",\"@graph\":[{\"@type\":\"Article\",\"@id\":\"http:\\\/\\\/osnovnaskolamalinskadubasnica.hr\\\/?p=20844#article\",\"isPartOf\":{\"@id\":\"http:\\\/\\\/osnovnaskolamalinskadubasnica.hr\\\/?p=20844\"},\"author\":{\"name\":\"O\u0160 Malinska-Duba\u0161nica\",\"@id\":\"http:\\\/\\\/osnovnaskolamalinskadubasnica.hr\\\/#\\\/schema\\\/person\\\/ab4ffae0c646af016b083db5e2445e8f\"},\"headline\":\"19. o\u017eujka &#8211; Dan o\u010deva\",\"datePublished\":\"2022-03-21T17:19:50+00:00\",\"mainEntityOfPage\":{\"@id\":\"http:\\\/\\\/osnovnaskolamalinskadubasnica.hr\\\/?p=20844\"},\"wordCount\":376,\"image\":{\"@id\":\"http:\\\/\\\/osnovnaskolamalinskadubasnica.hr\\\/?p=20844#primaryimage\"},\"thumbnailUrl\":\"http:\\\/\\\/osnovnaskolamalinskadubasnica.hr\\\/wp-content\\\/uploads\\\/dan-oceva-2021.jpg\",\"keywords\":[\"Ana Marija \u0160viderski - Jurinjak\",\"\u010detvrta\u0161i\",\"Dan o\u010deva\",\"Sveti Josip\"],\"articleSection\":[\"Kreativac\",\"Vijesti\",\"Zanimljivosti\"],\"inLanguage\":\"hr\"},{\"@type\":\"WebPage\",\"@id\":\"http:\\\/\\\/osnovnaskolamalinskadubasnica.hr\\\/?p=20844\",\"url\":\"http:\\\/\\\/osnovnaskolamalinskadubasnica.hr\\\/?p=20844\",\"name\":\"19. o\u017eujka - Dan o\u010deva - Osnovna \u0161kola Malinska-Duba\u0161nica\",\"isPartOf\":{\"@id\":\"http:\\\/\\\/osnovnaskolamalinskadubasnica.hr\\\/#website\"},\"primaryImageOfPage\":{\"@id\":\"http:\\\/\\\/osnovnaskolamalinskadubasnica.hr\\\/?p=20844#primaryimage\"},\"image\":{\"@id\":\"http:\\\/\\\/osnovnaskolamalinskadubasnica.hr\\\/?p=20844#primaryimage\"},\"thumbnailUrl\":\"http:\\\/\\\/osnovnaskolamalinskadubasnica.hr\\\/wp-content\\\/uploads\\\/dan-oceva-2021.jpg\",\"datePublished\":\"2022-03-21T17:19:50+00:00\",\"author\":{\"@id\":\"http:\\\/\\\/osnovnaskolamalinskadubasnica.hr\\\/#\\\/schema\\\/person\\\/ab4ffae0c646af016b083db5e2445e8f\"},\"breadcrumb\":{\"@id\":\"http:\\\/\\\/osnovnaskolamalinskadubasnica.hr\\\/?p=20844#breadcrumb\"},\"inLanguage\":\"hr\",\"potentialAction\":[{\"@type\":\"ReadAction\",\"target\":[\"http:\\\/\\\/osnovnaskolamalinskadubasnica.hr\\\/?p=20844\"]}]},{\"@type\":\"ImageObject\",\"inLanguage\":\"hr\",\"@id\":\"http:\\\/\\\/osnovnaskolamalinskadubasnica.hr\\\/?p=20844#primaryimage\",\"url\":\"http:\\\/\\\/osnovnaskolamalinskadubasnica.hr\\\/wp-content\\\/uploads\\\/dan-oceva-2021.jpg\",\"contentUrl\":\"http:\\\/\\\/osnovnaskolamalinskadubasnica.hr\\\/wp-content\\\/uploads\\\/dan-oceva-2021.jpg\",\"width\":700,\"height\":492},{\"@type\":\"BreadcrumbList\",\"@id\":\"http:\\\/\\\/osnovnaskolamalinskadubasnica.hr\\\/?p=20844#breadcrumb\",\"itemListElement\":[{\"@type\":\"ListItem\",\"position\":1,\"name\":\"Po\u010detna stranica\",\"item\":\"http:\\\/\\\/osnovnaskolamalinskadubasnica.hr\\\/\"},{\"@type\":\"ListItem\",\"position\":2,\"name\":\"19. o\u017eujka &#8211; Dan o\u010deva\"}]},{\"@type\":\"WebSite\",\"@id\":\"http:\\\/\\\/osnovnaskolamalinskadubasnica.hr\\\/#website\",\"url\":\"http:\\\/\\\/osnovnaskolamalinskadubasnica.hr\\\/\",\"name\":\"Osnovna \u0161kola Malinska-Duba\u0161nica\",\"description\":\"\",\"potentialAction\":[{\"@type\":\"SearchAction\",\"target\":{\"@type\":\"EntryPoint\",\"urlTemplate\":\"http:\\\/\\\/osnovnaskolamalinskadubasnica.hr\\\/?s={search_term_string}\"},\"query-input\":{\"@type\":\"PropertyValueSpecification\",\"valueRequired\":true,\"valueName\":\"search_term_string\"}}],\"inLanguage\":\"hr\"},{\"@type\":\"Person\",\"@id\":\"http:\\\/\\\/osnovnaskolamalinskadubasnica.hr\\\/#\\\/schema\\\/person\\\/ab4ffae0c646af016b083db5e2445e8f\",\"name\":\"O\u0160 Malinska-Duba\u0161nica\",\"url\":\"http:\\\/\\\/osnovnaskolamalinskadubasnica.hr\\\/?author=1\"}]}<\/script>\n<!-- \/ Yoast SEO plugin. -->","yoast_head_json":{"title":"19. o\u017eujka - Dan o\u010deva - Osnovna \u0161kola Malinska-Duba\u0161nica","robots":{"index":"index","follow":"follow","max-snippet":"max-snippet:-1","max-image-preview":"max-image-preview:large","max-video-preview":"max-video-preview:-1"},"canonical":"http:\/\/osnovnaskolamalinskadubasnica.hr\/?p=20844","og_locale":"hr_HR","og_type":"article","og_title":"19. o\u017eujka - Dan o\u010deva - Osnovna \u0161kola Malinska-Duba\u0161nica","og_description":"U\u010diteljica Ana Marija \u0160viderski Jurinjak donosi nam povijesnu pri\u010du o blagdanu svetog Josipa, za\u0161titniku na\u0161e domovine Hrvatske i svih o\u010deva, kao i vrlo kreativnu prezentaciju koja prikazuje kako je njezin 4.b razred obilje\u017eio ovaj poseban dan. \u2764\ufe0f","og_url":"http:\/\/osnovnaskolamalinskadubasnica.hr\/?p=20844","og_site_name":"Osnovna \u0161kola Malinska-Duba\u0161nica","article_publisher":"https:\/\/www.facebook.com\/osmalinskadubasnica\/","article_published_time":"2022-03-21T17:19:50+00:00","og_image":[{"width":1024,"height":665,"url":"http:\/\/osnovnaskolamalinskadubasnica.hr\/wp-content\/uploads\/sveti-josip-radnik.jpg","type":"image\/jpeg"}],"author":"O\u0160 Malinska-Duba\u0161nica","twitter_card":"summary_large_image","twitter_misc":{"Napisao\/la":"O\u0160 Malinska-Duba\u0161nica","Procijenjeno vrijeme \u010ditanja":"3 minute"},"schema":{"@context":"https:\/\/schema.org","@graph":[{"@type":"Article","@id":"http:\/\/osnovnaskolamalinskadubasnica.hr\/?p=20844#article","isPartOf":{"@id":"http:\/\/osnovnaskolamalinskadubasnica.hr\/?p=20844"},"author":{"name":"O\u0160 Malinska-Duba\u0161nica","@id":"http:\/\/osnovnaskolamalinskadubasnica.hr\/#\/schema\/person\/ab4ffae0c646af016b083db5e2445e8f"},"headline":"19. o\u017eujka &#8211; Dan o\u010deva","datePublished":"2022-03-21T17:19:50+00:00","mainEntityOfPage":{"@id":"http:\/\/osnovnaskolamalinskadubasnica.hr\/?p=20844"},"wordCount":376,"image":{"@id":"http:\/\/osnovnaskolamalinskadubasnica.hr\/?p=20844#primaryimage"},"thumbnailUrl":"http:\/\/osnovnaskolamalinskadubasnica.hr\/wp-content\/uploads\/dan-oceva-2021.jpg","keywords":["Ana Marija \u0160viderski - Jurinjak","\u010detvrta\u0161i","Dan o\u010deva","Sveti Josip"],"articleSection":["Kreativac","Vijesti","Zanimljivosti"],"inLanguage":"hr"},{"@type":"WebPage","@id":"http:\/\/osnovnaskolamalinskadubasnica.hr\/?p=20844","url":"http:\/\/osnovnaskolamalinskadubasnica.hr\/?p=20844","name":"19. o\u017eujka - Dan o\u010deva - Osnovna \u0161kola Malinska-Duba\u0161nica","isPartOf":{"@id":"http:\/\/osnovnaskolamalinskadubasnica.hr\/#website"},"primaryImageOfPage":{"@id":"http:\/\/osnovnaskolamalinskadubasnica.hr\/?p=20844#primaryimage"},"image":{"@id":"http:\/\/osnovnaskolamalinskadubasnica.hr\/?p=20844#primaryimage"},"thumbnailUrl":"http:\/\/osnovnaskolamalinskadubasnica.hr\/wp-content\/uploads\/dan-oceva-2021.jpg","datePublished":"2022-03-21T17:19:50+00:00","author":{"@id":"http:\/\/osnovnaskolamalinskadubasnica.hr\/#\/schema\/person\/ab4ffae0c646af016b083db5e2445e8f"},"breadcrumb":{"@id":"http:\/\/osnovnaskolamalinskadubasnica.hr\/?p=20844#breadcrumb"},"inLanguage":"hr","potentialAction":[{"@type":"ReadAction","target":["http:\/\/osnovnaskolamalinskadubasnica.hr\/?p=20844"]}]},{"@type":"ImageObject","inLanguage":"hr","@id":"http:\/\/osnovnaskolamalinskadubasnica.hr\/?p=20844#primaryimage","url":"http:\/\/osnovnaskolamalinskadubasnica.hr\/wp-content\/uploads\/dan-oceva-2021.jpg","contentUrl":"http:\/\/osnovnaskolamalinskadubasnica.hr\/wp-content\/uploads\/dan-oceva-2021.jpg","width":700,"height":492},{"@type":"BreadcrumbList","@id":"http:\/\/osnovnaskolamalinskadubasnica.hr\/?p=20844#breadcrumb","itemListElement":[{"@type":"ListItem","position":1,"name":"Po\u010detna stranica","item":"http:\/\/osnovnaskolamalinskadubasnica.hr\/"},{"@type":"ListItem","position":2,"name":"19. o\u017eujka &#8211; Dan o\u010deva"}]},{"@type":"WebSite","@id":"http:\/\/osnovnaskolamalinskadubasnica.hr\/#website","url":"http:\/\/osnovnaskolamalinskadubasnica.hr\/","name":"Osnovna \u0161kola Malinska-Duba\u0161nica","description":"","potentialAction":[{"@type":"SearchAction","target":{"@type":"EntryPoint","urlTemplate":"http:\/\/osnovnaskolamalinskadubasnica.hr\/?s={search_term_string}"},"query-input":{"@type":"PropertyValueSpecification","valueRequired":true,"valueName":"search_term_string"}}],"inLanguage":"hr"},{"@type":"Person","@id":"http:\/\/osnovnaskolamalinskadubasnica.hr\/#\/schema\/person\/ab4ffae0c646af016b083db5e2445e8f","name":"O\u0160 Malinska-Duba\u0161nica","url":"http:\/\/osnovnaskolamalinskadubasnica.hr\/?author=1"}]}},"_links":{"self":[{"href":"http:\/\/osnovnaskolamalinskadubasnica.hr\/index.php?rest_route=\/wp\/v2\/posts\/20844","targetHints":{"allow":["GET"]}}],"collection":[{"href":"http:\/\/osnovnaskolamalinskadubasnica.hr\/index.php?rest_route=\/wp\/v2\/posts"}],"about":[{"href":"http:\/\/osnovnaskolamalinskadubasnica.hr\/index.php?rest_route=\/wp\/v2\/types\/post"}],"author":[{"embeddable":true,"href":"http:\/\/osnovnaskolamalinskadubasnica.hr\/index.php?rest_route=\/wp\/v2\/users\/1"}],"replies":[{"embeddable":true,"href":"http:\/\/osnovnaskolamalinskadubasnica.hr\/index.php?rest_route=%2Fwp%2Fv2%2Fcomments&post=20844"}],"version-history":[{"count":1,"href":"http:\/\/osnovnaskolamalinskadubasnica.hr\/index.php?rest_route=\/wp\/v2\/posts\/20844\/revisions"}],"predecessor-version":[{"id":20848,"href":"http:\/\/osnovnaskolamalinskadubasnica.hr\/index.php?rest_route=\/wp\/v2\/posts\/20844\/revisions\/20848"}],"wp:attachment":[{"href":"http:\/\/osnovnaskolamalinskadubasnica.hr\/index.php?rest_route=%2Fwp%2Fv2%2Fmedia&parent=20844"}],"wp:term":[{"taxonomy":"category","embeddable":true,"href":"http:\/\/osnovnaskolamalinskadubasnica.hr\/index.php?rest_route=%2Fwp%2Fv2%2Fcategories&post=20844"},{"taxonomy":"post_tag","embeddable":true,"href":"http:\/\/osnovnaskolamalinskadubasnica.hr\/index.php?rest_route=%2Fwp%2Fv2%2Ftags&post=20844"}],"curies":[{"name":"wp","href":"https:\/\/api.w.org\/{rel}","templated":true}]}}