{"id":20814,"date":"2022-03-18T21:25:42","date_gmt":"2022-03-18T20:25:42","guid":{"rendered":"http:\/\/osnovnaskolamalinskadubasnica.hr\/?p=20814"},"modified":"2022-03-18T21:27:27","modified_gmt":"2022-03-18T20:27:27","slug":"tjedan-mozga-brain-awareness-week","status":"publish","type":"post","link":"http:\/\/osnovnaskolamalinskadubasnica.hr\/?p=20814","title":{"rendered":"Tjedan mozga (Brain Awareness Week)"},"content":{"rendered":"<p style=\"text-align: justify;\"><a href=\"http:\/\/osnovnaskolamalinskadubasnica.hr\/wp-content\/uploads\/197jtjo820150228124411brain.jpg\" data-rel=\"lightbox-image-0\" data-rl_title=\"\" data-rl_caption=\"\" title=\"\"><img loading=\"lazy\" decoding=\"async\" class=\"alignleft wp-image-20811\" src=\"http:\/\/osnovnaskolamalinskadubasnica.hr\/wp-content\/uploads\/197jtjo820150228124411brain.jpg\" alt=\"\" width=\"272\" height=\"240\" \/><\/a><span style=\"color: #000000;\">Prigodnim panoom obilje\u017een je Tjedan mozga (Brain Awareness Week) u O\u0160 Malinska-Duba\u0161nica. <\/span><span style=\"color: #000000;\">Tjedan mozga me\u0111unarodno je znanstveno-obrazovno-promid\u017ebena kampanja posve\u0107ena pitanjima istra\u017eivanja ljudskog mozga. U Republici Hrvatskoj obilje\u017eava se od 2002. godine, ove godine u tjednu od 14. do 20. o\u017eujka.<\/span><\/p>\n<p><em><!--more--><\/em><\/p>\n<p style=\"text-align: justify;\"><span style=\"color: #000000;\">Hrvatsko dru\u0161tvo za neuroznanost i Hrvatski institut za istra\u017eivanje mozga Medicinskog fakulteta Sveu\u010dili\u0161ta u Zagrebu glavni su organizatori obilje\u017eavanja Tjedna mozga, a pridru\u017euju im se brojni fakulteti, \u0161kole, institucije i ustanove brojnim predavanjima, radionicama i aktivnostima.<\/span><\/p>\n<p style=\"text-align: justify;\"><span style=\"color: #000000;\">Pozivamo vas da ispunite kviz Hrvatskog dru\u0161tvo za neuroznanost, zabavite se i nau\u010dite ne\u0161to vi\u0161e o mozgu<\/span> <strong><a href=\"https:\/\/www.hdn.hr\/hr\/kviz\/?fbclid=IwAR1C_MrrKP4ZEgMnQQw7UQb-xZ7NxANJTzLG5s-VapoMHx55spfCW1xe2ug\" target=\"_blank\" rel=\"noopener\">Kviz \u2013 Hrvatsko dru\u0161tvo za neuroznanost (hdn.hr)<\/a><\/strong><\/p>\n<div id=\"attachment_20812\" style=\"width: 1210px\" class=\"wp-caption aligncenter\"><a href=\"http:\/\/osnovnaskolamalinskadubasnica.hr\/wp-content\/uploads\/IMAG3849.jpg\" data-rel=\"lightbox-image-1\" data-rl_title=\"\" data-rl_caption=\"\" title=\"\"><img loading=\"lazy\" decoding=\"async\" aria-describedby=\"caption-attachment-20812\" class=\"wp-image-20812 size-full\" src=\"http:\/\/osnovnaskolamalinskadubasnica.hr\/wp-content\/uploads\/IMAG3849.jpg\" alt=\"\" width=\"1200\" height=\"417\" srcset=\"http:\/\/osnovnaskolamalinskadubasnica.hr\/wp-content\/uploads\/IMAG3849.jpg 1200w, http:\/\/osnovnaskolamalinskadubasnica.hr\/wp-content\/uploads\/IMAG3849-768x267.jpg 768w\" sizes=\"auto, (max-width: 1200px) 100vw, 1200px\" \/><\/a><p id=\"caption-attachment-20812\" class=\"wp-caption-text\">Prigodni \u0161kolski pano uredila je \u0161kolska psihologinja Matea Mrakov\u010di\u0107 Kosi\u0107<\/p><\/div>\n","protected":false},"excerpt":{"rendered":"<p>Prigodnim panoom obilje\u017een je Tjedan mozga (Brain Awareness Week) u O\u0160 Malinska-Duba\u0161nica. Tjedan mozga me\u0111unarodno je znanstveno-obrazovno-promid\u017ebena kampanja posve\u0107ena pitanjima istra\u017eivanja ljudskog mozga. U Republici Hrvatskoj obilje\u017eava se od 2002. godine, ove godine u tjednu od 14. do 20. o\u017eujka.<\/p>\n","protected":false},"author":1,"featured_media":0,"comment_status":"closed","ping_status":"closed","sticky":false,"template":"","format":"standard","meta":{"footnotes":""},"categories":[24,30,9],"tags":[1130,597,408,1129],"class_list":["post-20814","post","type-post","status-publish","format-standard","hentry","category-dogadanja","category-projekti","category-vijesti","tag-brain-awereness-week","tag-matea-mrakovcic-kosic","tag-skolski-pano","tag-tjedan-mozga"],"yoast_head":"<!-- This site is optimized with the Yoast SEO plugin v27.4 - https:\/\/yoast.com\/product\/yoast-seo-wordpress\/ -->\n<title>Tjedan mozga (Brain Awareness Week) - Osnovna \u0161kola Malinska-Duba\u0161nica<\/title>\n<meta name=\"robots\" content=\"index, follow, max-snippet:-1, max-image-preview:large, max-video-preview:-1\" \/>\n<link rel=\"canonical\" href=\"http:\/\/osnovnaskolamalinskadubasnica.hr\/?p=20814\" \/>\n<meta property=\"og:locale\" content=\"hr_HR\" \/>\n<meta property=\"og:type\" content=\"article\" \/>\n<meta property=\"og:title\" content=\"Tjedan mozga (Brain Awareness Week) - Osnovna \u0161kola Malinska-Duba\u0161nica\" \/>\n<meta property=\"og:description\" content=\"Prigodnim panoom obilje\u017een je Tjedan mozga (Brain Awareness Week) u O\u0160 Malinska-Duba\u0161nica. Tjedan mozga me\u0111unarodno je znanstveno-obrazovno-promid\u017ebena kampanja posve\u0107ena pitanjima istra\u017eivanja ljudskog mozga. U Republici Hrvatskoj obilje\u017eava se od 2002. godine, ove godine u tjednu od 14. do 20. o\u017eujka.\" \/>\n<meta property=\"og:url\" content=\"http:\/\/osnovnaskolamalinskadubasnica.hr\/?p=20814\" \/>\n<meta property=\"og:site_name\" content=\"Osnovna \u0161kola Malinska-Duba\u0161nica\" \/>\n<meta property=\"article:publisher\" content=\"https:\/\/www.facebook.com\/osmalinskadubasnica\/\" \/>\n<meta property=\"article:published_time\" content=\"2022-03-18T20:25:42+00:00\" \/>\n<meta property=\"article:modified_time\" content=\"2022-03-18T20:27:27+00:00\" \/>\n<meta property=\"og:image\" content=\"http:\/\/osnovnaskolamalinskadubasnica.hr\/wp-content\/uploads\/IMAG3849.jpg\" \/>\n\t<meta property=\"og:image:width\" content=\"1200\" \/>\n\t<meta property=\"og:image:height\" content=\"417\" \/>\n\t<meta property=\"og:image:type\" content=\"image\/jpeg\" \/>\n<meta name=\"author\" content=\"O\u0160 Malinska-Duba\u0161nica\" \/>\n<meta name=\"twitter:card\" content=\"summary_large_image\" \/>\n<meta name=\"twitter:label1\" content=\"Napisao\/la\" \/>\n\t<meta name=\"twitter:data1\" content=\"O\u0160 Malinska-Duba\u0161nica\" \/>\n\t<meta name=\"twitter:label2\" content=\"Procijenjeno vrijeme \u010ditanja\" \/>\n\t<meta name=\"twitter:data2\" content=\"2 minute\" \/>\n<script type=\"application\/ld+json\" class=\"yoast-schema-graph\">{\"@context\":\"https:\\\/\\\/schema.org\",\"@graph\":[{\"@type\":\"Article\",\"@id\":\"http:\\\/\\\/osnovnaskolamalinskadubasnica.hr\\\/?p=20814#article\",\"isPartOf\":{\"@id\":\"http:\\\/\\\/osnovnaskolamalinskadubasnica.hr\\\/?p=20814\"},\"author\":{\"name\":\"O\u0160 Malinska-Duba\u0161nica\",\"@id\":\"http:\\\/\\\/osnovnaskolamalinskadubasnica.hr\\\/#\\\/schema\\\/person\\\/ab4ffae0c646af016b083db5e2445e8f\"},\"headline\":\"Tjedan mozga (Brain Awareness Week)\",\"datePublished\":\"2022-03-18T20:25:42+00:00\",\"dateModified\":\"2022-03-18T20:27:27+00:00\",\"mainEntityOfPage\":{\"@id\":\"http:\\\/\\\/osnovnaskolamalinskadubasnica.hr\\\/?p=20814\"},\"wordCount\":139,\"image\":{\"@id\":\"http:\\\/\\\/osnovnaskolamalinskadubasnica.hr\\\/?p=20814#primaryimage\"},\"thumbnailUrl\":\"http:\\\/\\\/osnovnaskolamalinskadubasnica.hr\\\/wp-content\\\/uploads\\\/197jtjo820150228124411brain.jpg\",\"keywords\":[\"Brain Awereness Week\",\"Matea Mrakov\u010di\u0107 Kosi\u0107\",\"\u0161kolski pano\",\"Tjedan mozga\"],\"articleSection\":[\"Doga\u0111anja\",\"Projekti\",\"Vijesti\"],\"inLanguage\":\"hr\"},{\"@type\":\"WebPage\",\"@id\":\"http:\\\/\\\/osnovnaskolamalinskadubasnica.hr\\\/?p=20814\",\"url\":\"http:\\\/\\\/osnovnaskolamalinskadubasnica.hr\\\/?p=20814\",\"name\":\"Tjedan mozga (Brain Awareness Week) - Osnovna \u0161kola Malinska-Duba\u0161nica\",\"isPartOf\":{\"@id\":\"http:\\\/\\\/osnovnaskolamalinskadubasnica.hr\\\/#website\"},\"primaryImageOfPage\":{\"@id\":\"http:\\\/\\\/osnovnaskolamalinskadubasnica.hr\\\/?p=20814#primaryimage\"},\"image\":{\"@id\":\"http:\\\/\\\/osnovnaskolamalinskadubasnica.hr\\\/?p=20814#primaryimage\"},\"thumbnailUrl\":\"http:\\\/\\\/osnovnaskolamalinskadubasnica.hr\\\/wp-content\\\/uploads\\\/197jtjo820150228124411brain.jpg\",\"datePublished\":\"2022-03-18T20:25:42+00:00\",\"dateModified\":\"2022-03-18T20:27:27+00:00\",\"author\":{\"@id\":\"http:\\\/\\\/osnovnaskolamalinskadubasnica.hr\\\/#\\\/schema\\\/person\\\/ab4ffae0c646af016b083db5e2445e8f\"},\"breadcrumb\":{\"@id\":\"http:\\\/\\\/osnovnaskolamalinskadubasnica.hr\\\/?p=20814#breadcrumb\"},\"inLanguage\":\"hr\",\"potentialAction\":[{\"@type\":\"ReadAction\",\"target\":[\"http:\\\/\\\/osnovnaskolamalinskadubasnica.hr\\\/?p=20814\"]}]},{\"@type\":\"ImageObject\",\"inLanguage\":\"hr\",\"@id\":\"http:\\\/\\\/osnovnaskolamalinskadubasnica.hr\\\/?p=20814#primaryimage\",\"url\":\"http:\\\/\\\/osnovnaskolamalinskadubasnica.hr\\\/wp-content\\\/uploads\\\/197jtjo820150228124411brain.jpg\",\"contentUrl\":\"http:\\\/\\\/osnovnaskolamalinskadubasnica.hr\\\/wp-content\\\/uploads\\\/197jtjo820150228124411brain.jpg\",\"width\":724,\"height\":638},{\"@type\":\"BreadcrumbList\",\"@id\":\"http:\\\/\\\/osnovnaskolamalinskadubasnica.hr\\\/?p=20814#breadcrumb\",\"itemListElement\":[{\"@type\":\"ListItem\",\"position\":1,\"name\":\"Po\u010detna stranica\",\"item\":\"http:\\\/\\\/osnovnaskolamalinskadubasnica.hr\\\/\"},{\"@type\":\"ListItem\",\"position\":2,\"name\":\"Tjedan mozga (Brain Awareness Week)\"}]},{\"@type\":\"WebSite\",\"@id\":\"http:\\\/\\\/osnovnaskolamalinskadubasnica.hr\\\/#website\",\"url\":\"http:\\\/\\\/osnovnaskolamalinskadubasnica.hr\\\/\",\"name\":\"Osnovna \u0161kola Malinska-Duba\u0161nica\",\"description\":\"\",\"potentialAction\":[{\"@type\":\"SearchAction\",\"target\":{\"@type\":\"EntryPoint\",\"urlTemplate\":\"http:\\\/\\\/osnovnaskolamalinskadubasnica.hr\\\/?s={search_term_string}\"},\"query-input\":{\"@type\":\"PropertyValueSpecification\",\"valueRequired\":true,\"valueName\":\"search_term_string\"}}],\"inLanguage\":\"hr\"},{\"@type\":\"Person\",\"@id\":\"http:\\\/\\\/osnovnaskolamalinskadubasnica.hr\\\/#\\\/schema\\\/person\\\/ab4ffae0c646af016b083db5e2445e8f\",\"name\":\"O\u0160 Malinska-Duba\u0161nica\",\"url\":\"http:\\\/\\\/osnovnaskolamalinskadubasnica.hr\\\/?author=1\"}]}<\/script>\n<!-- \/ Yoast SEO plugin. -->","yoast_head_json":{"title":"Tjedan mozga (Brain Awareness Week) - Osnovna \u0161kola Malinska-Duba\u0161nica","robots":{"index":"index","follow":"follow","max-snippet":"max-snippet:-1","max-image-preview":"max-image-preview:large","max-video-preview":"max-video-preview:-1"},"canonical":"http:\/\/osnovnaskolamalinskadubasnica.hr\/?p=20814","og_locale":"hr_HR","og_type":"article","og_title":"Tjedan mozga (Brain Awareness Week) - Osnovna \u0161kola Malinska-Duba\u0161nica","og_description":"Prigodnim panoom obilje\u017een je Tjedan mozga (Brain Awareness Week) u O\u0160 Malinska-Duba\u0161nica. Tjedan mozga me\u0111unarodno je znanstveno-obrazovno-promid\u017ebena kampanja posve\u0107ena pitanjima istra\u017eivanja ljudskog mozga. U Republici Hrvatskoj obilje\u017eava se od 2002. godine, ove godine u tjednu od 14. do 20. o\u017eujka.","og_url":"http:\/\/osnovnaskolamalinskadubasnica.hr\/?p=20814","og_site_name":"Osnovna \u0161kola Malinska-Duba\u0161nica","article_publisher":"https:\/\/www.facebook.com\/osmalinskadubasnica\/","article_published_time":"2022-03-18T20:25:42+00:00","article_modified_time":"2022-03-18T20:27:27+00:00","og_image":[{"width":1200,"height":417,"url":"http:\/\/osnovnaskolamalinskadubasnica.hr\/wp-content\/uploads\/IMAG3849.jpg","type":"image\/jpeg"}],"author":"O\u0160 Malinska-Duba\u0161nica","twitter_card":"summary_large_image","twitter_misc":{"Napisao\/la":"O\u0160 Malinska-Duba\u0161nica","Procijenjeno vrijeme \u010ditanja":"2 minute"},"schema":{"@context":"https:\/\/schema.org","@graph":[{"@type":"Article","@id":"http:\/\/osnovnaskolamalinskadubasnica.hr\/?p=20814#article","isPartOf":{"@id":"http:\/\/osnovnaskolamalinskadubasnica.hr\/?p=20814"},"author":{"name":"O\u0160 Malinska-Duba\u0161nica","@id":"http:\/\/osnovnaskolamalinskadubasnica.hr\/#\/schema\/person\/ab4ffae0c646af016b083db5e2445e8f"},"headline":"Tjedan mozga (Brain Awareness Week)","datePublished":"2022-03-18T20:25:42+00:00","dateModified":"2022-03-18T20:27:27+00:00","mainEntityOfPage":{"@id":"http:\/\/osnovnaskolamalinskadubasnica.hr\/?p=20814"},"wordCount":139,"image":{"@id":"http:\/\/osnovnaskolamalinskadubasnica.hr\/?p=20814#primaryimage"},"thumbnailUrl":"http:\/\/osnovnaskolamalinskadubasnica.hr\/wp-content\/uploads\/197jtjo820150228124411brain.jpg","keywords":["Brain Awereness Week","Matea Mrakov\u010di\u0107 Kosi\u0107","\u0161kolski pano","Tjedan mozga"],"articleSection":["Doga\u0111anja","Projekti","Vijesti"],"inLanguage":"hr"},{"@type":"WebPage","@id":"http:\/\/osnovnaskolamalinskadubasnica.hr\/?p=20814","url":"http:\/\/osnovnaskolamalinskadubasnica.hr\/?p=20814","name":"Tjedan mozga (Brain Awareness Week) - Osnovna \u0161kola Malinska-Duba\u0161nica","isPartOf":{"@id":"http:\/\/osnovnaskolamalinskadubasnica.hr\/#website"},"primaryImageOfPage":{"@id":"http:\/\/osnovnaskolamalinskadubasnica.hr\/?p=20814#primaryimage"},"image":{"@id":"http:\/\/osnovnaskolamalinskadubasnica.hr\/?p=20814#primaryimage"},"thumbnailUrl":"http:\/\/osnovnaskolamalinskadubasnica.hr\/wp-content\/uploads\/197jtjo820150228124411brain.jpg","datePublished":"2022-03-18T20:25:42+00:00","dateModified":"2022-03-18T20:27:27+00:00","author":{"@id":"http:\/\/osnovnaskolamalinskadubasnica.hr\/#\/schema\/person\/ab4ffae0c646af016b083db5e2445e8f"},"breadcrumb":{"@id":"http:\/\/osnovnaskolamalinskadubasnica.hr\/?p=20814#breadcrumb"},"inLanguage":"hr","potentialAction":[{"@type":"ReadAction","target":["http:\/\/osnovnaskolamalinskadubasnica.hr\/?p=20814"]}]},{"@type":"ImageObject","inLanguage":"hr","@id":"http:\/\/osnovnaskolamalinskadubasnica.hr\/?p=20814#primaryimage","url":"http:\/\/osnovnaskolamalinskadubasnica.hr\/wp-content\/uploads\/197jtjo820150228124411brain.jpg","contentUrl":"http:\/\/osnovnaskolamalinskadubasnica.hr\/wp-content\/uploads\/197jtjo820150228124411brain.jpg","width":724,"height":638},{"@type":"BreadcrumbList","@id":"http:\/\/osnovnaskolamalinskadubasnica.hr\/?p=20814#breadcrumb","itemListElement":[{"@type":"ListItem","position":1,"name":"Po\u010detna stranica","item":"http:\/\/osnovnaskolamalinskadubasnica.hr\/"},{"@type":"ListItem","position":2,"name":"Tjedan mozga (Brain Awareness Week)"}]},{"@type":"WebSite","@id":"http:\/\/osnovnaskolamalinskadubasnica.hr\/#website","url":"http:\/\/osnovnaskolamalinskadubasnica.hr\/","name":"Osnovna \u0161kola Malinska-Duba\u0161nica","description":"","potentialAction":[{"@type":"SearchAction","target":{"@type":"EntryPoint","urlTemplate":"http:\/\/osnovnaskolamalinskadubasnica.hr\/?s={search_term_string}"},"query-input":{"@type":"PropertyValueSpecification","valueRequired":true,"valueName":"search_term_string"}}],"inLanguage":"hr"},{"@type":"Person","@id":"http:\/\/osnovnaskolamalinskadubasnica.hr\/#\/schema\/person\/ab4ffae0c646af016b083db5e2445e8f","name":"O\u0160 Malinska-Duba\u0161nica","url":"http:\/\/osnovnaskolamalinskadubasnica.hr\/?author=1"}]}},"_links":{"self":[{"href":"http:\/\/osnovnaskolamalinskadubasnica.hr\/index.php?rest_route=\/wp\/v2\/posts\/20814","targetHints":{"allow":["GET"]}}],"collection":[{"href":"http:\/\/osnovnaskolamalinskadubasnica.hr\/index.php?rest_route=\/wp\/v2\/posts"}],"about":[{"href":"http:\/\/osnovnaskolamalinskadubasnica.hr\/index.php?rest_route=\/wp\/v2\/types\/post"}],"author":[{"embeddable":true,"href":"http:\/\/osnovnaskolamalinskadubasnica.hr\/index.php?rest_route=\/wp\/v2\/users\/1"}],"replies":[{"embeddable":true,"href":"http:\/\/osnovnaskolamalinskadubasnica.hr\/index.php?rest_route=%2Fwp%2Fv2%2Fcomments&post=20814"}],"version-history":[{"count":3,"href":"http:\/\/osnovnaskolamalinskadubasnica.hr\/index.php?rest_route=\/wp\/v2\/posts\/20814\/revisions"}],"predecessor-version":[{"id":20818,"href":"http:\/\/osnovnaskolamalinskadubasnica.hr\/index.php?rest_route=\/wp\/v2\/posts\/20814\/revisions\/20818"}],"wp:attachment":[{"href":"http:\/\/osnovnaskolamalinskadubasnica.hr\/index.php?rest_route=%2Fwp%2Fv2%2Fmedia&parent=20814"}],"wp:term":[{"taxonomy":"category","embeddable":true,"href":"http:\/\/osnovnaskolamalinskadubasnica.hr\/index.php?rest_route=%2Fwp%2Fv2%2Fcategories&post=20814"},{"taxonomy":"post_tag","embeddable":true,"href":"http:\/\/osnovnaskolamalinskadubasnica.hr\/index.php?rest_route=%2Fwp%2Fv2%2Ftags&post=20814"}],"curies":[{"name":"wp","href":"https:\/\/api.w.org\/{rel}","templated":true}]}}