{"id":20507,"date":"2021-12-21T19:27:35","date_gmt":"2021-12-21T18:27:35","guid":{"rendered":"http:\/\/osnovnaskolamalinskadubasnica.hr\/?p=20507"},"modified":"2021-12-21T19:36:47","modified_gmt":"2021-12-21T18:36:47","slug":"pogledajte-nasu-bozicnu-priredbu-%f0%9f%8e%84","status":"publish","type":"post","link":"http:\/\/osnovnaskolamalinskadubasnica.hr\/?p=20507","title":{"rendered":"Pogledajte na\u0161u bo\u017ei\u0107nu priredbu \ud83c\udf84"},"content":{"rendered":"<p style=\"text-align: justify;\"><a href=\"http:\/\/osnovnaskolamalinskadubasnica.hr\/wp-content\/uploads\/bozicna-priredba-2021-naslovnica-web.jpg\" data-rel=\"lightbox-image-0\" data-rl_title=\"\" data-rl_caption=\"\" title=\"\"><img loading=\"lazy\" decoding=\"async\" class=\"alignleft wp-image-20508\" src=\"http:\/\/osnovnaskolamalinskadubasnica.hr\/wp-content\/uploads\/bozicna-priredba-2021-naslovnica-web.jpg\" alt=\"\" width=\"272\" height=\"189\" srcset=\"http:\/\/osnovnaskolamalinskadubasnica.hr\/wp-content\/uploads\/bozicna-priredba-2021-naslovnica-web.jpg 830w, http:\/\/osnovnaskolamalinskadubasnica.hr\/wp-content\/uploads\/bozicna-priredba-2021-naslovnica-web-768x535.jpg 768w\" sizes=\"auto, (max-width: 272px) 100vw, 272px\" \/><\/a><span style=\"color: #000000;\">Dragi u\u010denici, po\u0161tovani roditelji i prijatelji,<br \/>\n<\/span><span style=\"color: #000000;\">ni ove godine nismo u mogu\u0107nosti izravno se susresti povodom blagdana koji slijede. Sve to ne umanjuje ljepotu i va\u017enost onoga \u0161to svi zajedno \u010dinimo. Godina je na izmaku, bilo je te\u0161ko i zahtjevno, ali uspjeli smo pripremiti program za sve nas. \ud83d\udc96 \ud83c\udf84 \ud83d\udc96<br \/>\n<\/span><\/p>\n<p><em><!--more--><\/em><\/p>\n<p style=\"text-align: justify;\"><span style=\"color: #000000;\">Uz pomo\u0107 tvrtke <em>Miki\u0107 grupa<\/em> tiskan je kalendar na temu glagoljice koja je, kao nepresu\u0161na tema, i ovaj put pokazala velike talente na\u0161ih u\u010denika kojima ovom prilikom zahvaljujem na trudu. Kalendar ima humanitarnu svrhu. Prikupljamo dobrovoljne priloge za potrebe obitelji u\u010denika na\u0161e \u0161kole. Hvala svima koji \u0107e nas u toj nakani podr\u017eati!<\/span><\/p>\n<p style=\"text-align: justify;\"><span style=\"color: #000000;\">Hvala svim u\u010denicima i u\u010diteljima koji su zaslu\u017eni za ovaj bo\u017ei\u0107ni program!<\/span><\/p>\n<p style=\"text-align: justify;\"><span style=\"color: #000000;\">U ime svih djelatnika O\u0160 Malinska-Duba\u0161nica i svoje ime \u017eelim vam dobro zdravlje, blagoslovljen Bo\u017ei\u0107 i sretnu novu 2022. godinu! \u2764\ufe0f<br \/>\n<\/span><\/p>\n<p style=\"text-align: right;\"><em><span style=\"color: #000000;\">ravnateljica Nedeljka Tur\u010di\u0107, prof.<\/span><\/em><\/p>\n<p><iframe loading=\"lazy\" title=\"YouTube video player\" src=\"https:\/\/www.youtube.com\/embed\/ZrJuzGSY-gk\" width=\"640\" height=\"360\" frameborder=\"0\" allowfullscreen=\"allowfullscreen\"><span style=\"display: inline-block; width: 0px; overflow: hidden; line-height: 0;\" data-mce-type=\"bookmark\" class=\"mce_SELRES_start\">\ufeff<\/span><\/iframe><\/p>\n","protected":false},"excerpt":{"rendered":"<p>Dragi u\u010denici, po\u0161tovani roditelji i prijatelji, ni ove godine nismo u mogu\u0107nosti izravno se susresti povodom blagdana koji slijede. Sve to ne umanjuje ljepotu i va\u017enost onoga \u0161to svi zajedno \u010dinimo. Godina je na izmaku, bilo je te\u0161ko i zahtjevno, &hellip; <a href=\"http:\/\/osnovnaskolamalinskadubasnica.hr\/?p=20507\">Nastavi \u010ditati <span class=\"meta-nav\">&rarr;<\/span><\/a><\/p>\n","protected":false},"author":1,"featured_media":0,"comment_status":"closed","ping_status":"closed","sticky":false,"template":"","format":"standard","meta":{"footnotes":""},"categories":[24,30,47,441,9],"tags":[966,50,659,1038],"class_list":["post-20507","post","type-post","status-publish","format-standard","hentry","category-dogadanja","category-projekti","category-svecanosti","category-video-kutak","category-vijesti","tag-bozicna-priredba","tag-kalendar","tag-nedeljka-turcic","tag-virtualna-bozicna-priredba"],"yoast_head":"<!-- This site is optimized with the Yoast SEO plugin v27.5 - https:\/\/yoast.com\/product\/yoast-seo-wordpress\/ -->\n<title>Pogledajte na\u0161u bo\u017ei\u0107nu priredbu \ud83c\udf84 - Osnovna \u0161kola Malinska-Duba\u0161nica<\/title>\n<meta name=\"robots\" content=\"index, follow, max-snippet:-1, max-image-preview:large, max-video-preview:-1\" \/>\n<link rel=\"canonical\" href=\"https:\/\/osnovnaskolamalinskadubasnica.hr\/?p=20507\" \/>\n<meta property=\"og:locale\" content=\"hr_HR\" \/>\n<meta property=\"og:type\" content=\"article\" \/>\n<meta property=\"og:title\" content=\"Pogledajte na\u0161u bo\u017ei\u0107nu priredbu \ud83c\udf84 - Osnovna \u0161kola Malinska-Duba\u0161nica\" \/>\n<meta property=\"og:description\" content=\"Dragi u\u010denici, po\u0161tovani roditelji i prijatelji, ni ove godine nismo u mogu\u0107nosti izravno se susresti povodom blagdana koji slijede. Sve to ne umanjuje ljepotu i va\u017enost onoga \u0161to svi zajedno \u010dinimo. Godina je na izmaku, bilo je te\u0161ko i zahtjevno, &hellip; Nastavi \u010ditati &rarr;\" \/>\n<meta property=\"og:url\" content=\"https:\/\/osnovnaskolamalinskadubasnica.hr\/?p=20507\" \/>\n<meta property=\"og:site_name\" content=\"Osnovna \u0161kola Malinska-Duba\u0161nica\" \/>\n<meta property=\"article:publisher\" content=\"https:\/\/www.facebook.com\/osmalinskadubasnica\/\" \/>\n<meta property=\"article:published_time\" content=\"2021-12-21T18:27:35+00:00\" \/>\n<meta property=\"article:modified_time\" content=\"2021-12-21T18:36:47+00:00\" \/>\n<meta property=\"og:image\" content=\"https:\/\/osnovnaskolamalinskadubasnica.hr\/wp-content\/uploads\/video-naslovnica.jpg\" \/>\n\t<meta property=\"og:image:width\" content=\"1920\" \/>\n\t<meta property=\"og:image:height\" content=\"1080\" \/>\n\t<meta property=\"og:image:type\" content=\"image\/jpeg\" \/>\n<meta name=\"author\" content=\"O\u0160 Malinska-Duba\u0161nica\" \/>\n<meta name=\"twitter:card\" content=\"summary_large_image\" \/>\n<meta name=\"twitter:label1\" content=\"Napisao\/la\" \/>\n\t<meta name=\"twitter:data1\" content=\"O\u0160 Malinska-Duba\u0161nica\" \/>\n\t<meta name=\"twitter:label2\" content=\"Procijenjeno vrijeme \u010ditanja\" \/>\n\t<meta name=\"twitter:data2\" content=\"1 minuta\" \/>\n<script type=\"application\/ld+json\" class=\"yoast-schema-graph\">{\"@context\":\"https:\\\/\\\/schema.org\",\"@graph\":[{\"@type\":\"Article\",\"@id\":\"https:\\\/\\\/osnovnaskolamalinskadubasnica.hr\\\/?p=20507#article\",\"isPartOf\":{\"@id\":\"https:\\\/\\\/osnovnaskolamalinskadubasnica.hr\\\/?p=20507\"},\"author\":{\"name\":\"O\u0160 Malinska-Duba\u0161nica\",\"@id\":\"http:\\\/\\\/osnovnaskolamalinskadubasnica.hr\\\/#\\\/schema\\\/person\\\/ab4ffae0c646af016b083db5e2445e8f\"},\"headline\":\"Pogledajte na\u0161u bo\u017ei\u0107nu priredbu \ud83c\udf84\",\"datePublished\":\"2021-12-21T18:27:35+00:00\",\"dateModified\":\"2021-12-21T18:36:47+00:00\",\"mainEntityOfPage\":{\"@id\":\"https:\\\/\\\/osnovnaskolamalinskadubasnica.hr\\\/?p=20507\"},\"wordCount\":161,\"image\":{\"@id\":\"https:\\\/\\\/osnovnaskolamalinskadubasnica.hr\\\/?p=20507#primaryimage\"},\"thumbnailUrl\":\"http:\\\/\\\/osnovnaskolamalinskadubasnica.hr\\\/wp-content\\\/uploads\\\/bozicna-priredba-2021-naslovnica-web.jpg\",\"keywords\":[\"Bo\u017ei\u0107na priredba\",\"kalendar\",\"Nedeljka Tur\u010di\u0107\",\"virtualna bo\u017ei\u0107na priredba\"],\"articleSection\":[\"Doga\u0111anja\",\"Projekti\",\"Sve\u010danosti\",\"Video kutak\",\"Vijesti\"],\"inLanguage\":\"hr\"},{\"@type\":\"WebPage\",\"@id\":\"https:\\\/\\\/osnovnaskolamalinskadubasnica.hr\\\/?p=20507\",\"url\":\"https:\\\/\\\/osnovnaskolamalinskadubasnica.hr\\\/?p=20507\",\"name\":\"Pogledajte na\u0161u bo\u017ei\u0107nu priredbu \ud83c\udf84 - Osnovna \u0161kola Malinska-Duba\u0161nica\",\"isPartOf\":{\"@id\":\"http:\\\/\\\/osnovnaskolamalinskadubasnica.hr\\\/#website\"},\"primaryImageOfPage\":{\"@id\":\"https:\\\/\\\/osnovnaskolamalinskadubasnica.hr\\\/?p=20507#primaryimage\"},\"image\":{\"@id\":\"https:\\\/\\\/osnovnaskolamalinskadubasnica.hr\\\/?p=20507#primaryimage\"},\"thumbnailUrl\":\"http:\\\/\\\/osnovnaskolamalinskadubasnica.hr\\\/wp-content\\\/uploads\\\/bozicna-priredba-2021-naslovnica-web.jpg\",\"datePublished\":\"2021-12-21T18:27:35+00:00\",\"dateModified\":\"2021-12-21T18:36:47+00:00\",\"author\":{\"@id\":\"http:\\\/\\\/osnovnaskolamalinskadubasnica.hr\\\/#\\\/schema\\\/person\\\/ab4ffae0c646af016b083db5e2445e8f\"},\"breadcrumb\":{\"@id\":\"https:\\\/\\\/osnovnaskolamalinskadubasnica.hr\\\/?p=20507#breadcrumb\"},\"inLanguage\":\"hr\",\"potentialAction\":[{\"@type\":\"ReadAction\",\"target\":[\"https:\\\/\\\/osnovnaskolamalinskadubasnica.hr\\\/?p=20507\"]}]},{\"@type\":\"ImageObject\",\"inLanguage\":\"hr\",\"@id\":\"https:\\\/\\\/osnovnaskolamalinskadubasnica.hr\\\/?p=20507#primaryimage\",\"url\":\"http:\\\/\\\/osnovnaskolamalinskadubasnica.hr\\\/wp-content\\\/uploads\\\/bozicna-priredba-2021-naslovnica-web.jpg\",\"contentUrl\":\"http:\\\/\\\/osnovnaskolamalinskadubasnica.hr\\\/wp-content\\\/uploads\\\/bozicna-priredba-2021-naslovnica-web.jpg\",\"width\":830,\"height\":578},{\"@type\":\"BreadcrumbList\",\"@id\":\"https:\\\/\\\/osnovnaskolamalinskadubasnica.hr\\\/?p=20507#breadcrumb\",\"itemListElement\":[{\"@type\":\"ListItem\",\"position\":1,\"name\":\"Po\u010detna stranica\",\"item\":\"http:\\\/\\\/osnovnaskolamalinskadubasnica.hr\\\/\"},{\"@type\":\"ListItem\",\"position\":2,\"name\":\"Pogledajte na\u0161u bo\u017ei\u0107nu priredbu \ud83c\udf84\"}]},{\"@type\":\"WebSite\",\"@id\":\"http:\\\/\\\/osnovnaskolamalinskadubasnica.hr\\\/#website\",\"url\":\"http:\\\/\\\/osnovnaskolamalinskadubasnica.hr\\\/\",\"name\":\"Osnovna \u0161kola Malinska-Duba\u0161nica\",\"description\":\"\",\"potentialAction\":[{\"@type\":\"SearchAction\",\"target\":{\"@type\":\"EntryPoint\",\"urlTemplate\":\"http:\\\/\\\/osnovnaskolamalinskadubasnica.hr\\\/?s={search_term_string}\"},\"query-input\":{\"@type\":\"PropertyValueSpecification\",\"valueRequired\":true,\"valueName\":\"search_term_string\"}}],\"inLanguage\":\"hr\"},{\"@type\":\"Person\",\"@id\":\"http:\\\/\\\/osnovnaskolamalinskadubasnica.hr\\\/#\\\/schema\\\/person\\\/ab4ffae0c646af016b083db5e2445e8f\",\"name\":\"O\u0160 Malinska-Duba\u0161nica\",\"url\":\"http:\\\/\\\/osnovnaskolamalinskadubasnica.hr\\\/?author=1\"}]}<\/script>\n<!-- \/ Yoast SEO plugin. -->","yoast_head_json":{"title":"Pogledajte na\u0161u bo\u017ei\u0107nu priredbu \ud83c\udf84 - Osnovna \u0161kola Malinska-Duba\u0161nica","robots":{"index":"index","follow":"follow","max-snippet":"max-snippet:-1","max-image-preview":"max-image-preview:large","max-video-preview":"max-video-preview:-1"},"canonical":"https:\/\/osnovnaskolamalinskadubasnica.hr\/?p=20507","og_locale":"hr_HR","og_type":"article","og_title":"Pogledajte na\u0161u bo\u017ei\u0107nu priredbu \ud83c\udf84 - Osnovna \u0161kola Malinska-Duba\u0161nica","og_description":"Dragi u\u010denici, po\u0161tovani roditelji i prijatelji, ni ove godine nismo u mogu\u0107nosti izravno se susresti povodom blagdana koji slijede. Sve to ne umanjuje ljepotu i va\u017enost onoga \u0161to svi zajedno \u010dinimo. Godina je na izmaku, bilo je te\u0161ko i zahtjevno, &hellip; Nastavi \u010ditati &rarr;","og_url":"https:\/\/osnovnaskolamalinskadubasnica.hr\/?p=20507","og_site_name":"Osnovna \u0161kola Malinska-Duba\u0161nica","article_publisher":"https:\/\/www.facebook.com\/osmalinskadubasnica\/","article_published_time":"2021-12-21T18:27:35+00:00","article_modified_time":"2021-12-21T18:36:47+00:00","og_image":[{"width":1920,"height":1080,"url":"https:\/\/osnovnaskolamalinskadubasnica.hr\/wp-content\/uploads\/video-naslovnica.jpg","type":"image\/jpeg"}],"author":"O\u0160 Malinska-Duba\u0161nica","twitter_card":"summary_large_image","twitter_misc":{"Napisao\/la":"O\u0160 Malinska-Duba\u0161nica","Procijenjeno vrijeme \u010ditanja":"1 minuta"},"schema":{"@context":"https:\/\/schema.org","@graph":[{"@type":"Article","@id":"https:\/\/osnovnaskolamalinskadubasnica.hr\/?p=20507#article","isPartOf":{"@id":"https:\/\/osnovnaskolamalinskadubasnica.hr\/?p=20507"},"author":{"name":"O\u0160 Malinska-Duba\u0161nica","@id":"http:\/\/osnovnaskolamalinskadubasnica.hr\/#\/schema\/person\/ab4ffae0c646af016b083db5e2445e8f"},"headline":"Pogledajte na\u0161u bo\u017ei\u0107nu priredbu \ud83c\udf84","datePublished":"2021-12-21T18:27:35+00:00","dateModified":"2021-12-21T18:36:47+00:00","mainEntityOfPage":{"@id":"https:\/\/osnovnaskolamalinskadubasnica.hr\/?p=20507"},"wordCount":161,"image":{"@id":"https:\/\/osnovnaskolamalinskadubasnica.hr\/?p=20507#primaryimage"},"thumbnailUrl":"http:\/\/osnovnaskolamalinskadubasnica.hr\/wp-content\/uploads\/bozicna-priredba-2021-naslovnica-web.jpg","keywords":["Bo\u017ei\u0107na priredba","kalendar","Nedeljka Tur\u010di\u0107","virtualna bo\u017ei\u0107na priredba"],"articleSection":["Doga\u0111anja","Projekti","Sve\u010danosti","Video kutak","Vijesti"],"inLanguage":"hr"},{"@type":"WebPage","@id":"https:\/\/osnovnaskolamalinskadubasnica.hr\/?p=20507","url":"https:\/\/osnovnaskolamalinskadubasnica.hr\/?p=20507","name":"Pogledajte na\u0161u bo\u017ei\u0107nu priredbu \ud83c\udf84 - Osnovna \u0161kola Malinska-Duba\u0161nica","isPartOf":{"@id":"http:\/\/osnovnaskolamalinskadubasnica.hr\/#website"},"primaryImageOfPage":{"@id":"https:\/\/osnovnaskolamalinskadubasnica.hr\/?p=20507#primaryimage"},"image":{"@id":"https:\/\/osnovnaskolamalinskadubasnica.hr\/?p=20507#primaryimage"},"thumbnailUrl":"http:\/\/osnovnaskolamalinskadubasnica.hr\/wp-content\/uploads\/bozicna-priredba-2021-naslovnica-web.jpg","datePublished":"2021-12-21T18:27:35+00:00","dateModified":"2021-12-21T18:36:47+00:00","author":{"@id":"http:\/\/osnovnaskolamalinskadubasnica.hr\/#\/schema\/person\/ab4ffae0c646af016b083db5e2445e8f"},"breadcrumb":{"@id":"https:\/\/osnovnaskolamalinskadubasnica.hr\/?p=20507#breadcrumb"},"inLanguage":"hr","potentialAction":[{"@type":"ReadAction","target":["https:\/\/osnovnaskolamalinskadubasnica.hr\/?p=20507"]}]},{"@type":"ImageObject","inLanguage":"hr","@id":"https:\/\/osnovnaskolamalinskadubasnica.hr\/?p=20507#primaryimage","url":"http:\/\/osnovnaskolamalinskadubasnica.hr\/wp-content\/uploads\/bozicna-priredba-2021-naslovnica-web.jpg","contentUrl":"http:\/\/osnovnaskolamalinskadubasnica.hr\/wp-content\/uploads\/bozicna-priredba-2021-naslovnica-web.jpg","width":830,"height":578},{"@type":"BreadcrumbList","@id":"https:\/\/osnovnaskolamalinskadubasnica.hr\/?p=20507#breadcrumb","itemListElement":[{"@type":"ListItem","position":1,"name":"Po\u010detna stranica","item":"http:\/\/osnovnaskolamalinskadubasnica.hr\/"},{"@type":"ListItem","position":2,"name":"Pogledajte na\u0161u bo\u017ei\u0107nu priredbu \ud83c\udf84"}]},{"@type":"WebSite","@id":"http:\/\/osnovnaskolamalinskadubasnica.hr\/#website","url":"http:\/\/osnovnaskolamalinskadubasnica.hr\/","name":"Osnovna \u0161kola Malinska-Duba\u0161nica","description":"","potentialAction":[{"@type":"SearchAction","target":{"@type":"EntryPoint","urlTemplate":"http:\/\/osnovnaskolamalinskadubasnica.hr\/?s={search_term_string}"},"query-input":{"@type":"PropertyValueSpecification","valueRequired":true,"valueName":"search_term_string"}}],"inLanguage":"hr"},{"@type":"Person","@id":"http:\/\/osnovnaskolamalinskadubasnica.hr\/#\/schema\/person\/ab4ffae0c646af016b083db5e2445e8f","name":"O\u0160 Malinska-Duba\u0161nica","url":"http:\/\/osnovnaskolamalinskadubasnica.hr\/?author=1"}]}},"_links":{"self":[{"href":"http:\/\/osnovnaskolamalinskadubasnica.hr\/index.php?rest_route=\/wp\/v2\/posts\/20507","targetHints":{"allow":["GET"]}}],"collection":[{"href":"http:\/\/osnovnaskolamalinskadubasnica.hr\/index.php?rest_route=\/wp\/v2\/posts"}],"about":[{"href":"http:\/\/osnovnaskolamalinskadubasnica.hr\/index.php?rest_route=\/wp\/v2\/types\/post"}],"author":[{"embeddable":true,"href":"http:\/\/osnovnaskolamalinskadubasnica.hr\/index.php?rest_route=\/wp\/v2\/users\/1"}],"replies":[{"embeddable":true,"href":"http:\/\/osnovnaskolamalinskadubasnica.hr\/index.php?rest_route=%2Fwp%2Fv2%2Fcomments&post=20507"}],"version-history":[{"count":3,"href":"http:\/\/osnovnaskolamalinskadubasnica.hr\/index.php?rest_route=\/wp\/v2\/posts\/20507\/revisions"}],"predecessor-version":[{"id":20511,"href":"http:\/\/osnovnaskolamalinskadubasnica.hr\/index.php?rest_route=\/wp\/v2\/posts\/20507\/revisions\/20511"}],"wp:attachment":[{"href":"http:\/\/osnovnaskolamalinskadubasnica.hr\/index.php?rest_route=%2Fwp%2Fv2%2Fmedia&parent=20507"}],"wp:term":[{"taxonomy":"category","embeddable":true,"href":"http:\/\/osnovnaskolamalinskadubasnica.hr\/index.php?rest_route=%2Fwp%2Fv2%2Fcategories&post=20507"},{"taxonomy":"post_tag","embeddable":true,"href":"http:\/\/osnovnaskolamalinskadubasnica.hr\/index.php?rest_route=%2Fwp%2Fv2%2Ftags&post=20507"}],"curies":[{"name":"wp","href":"https:\/\/api.w.org\/{rel}","templated":true}]}}