{"id":20318,"date":"2021-11-21T13:17:13","date_gmt":"2021-11-21T12:17:13","guid":{"rendered":"http:\/\/osnovnaskolamalinskadubasnica.hr\/?p=20318"},"modified":"2021-11-21T13:29:41","modified_gmt":"2021-11-21T12:29:41","slug":"obiljezili-smo-medunarodni-dan-djecjih-prava","status":"publish","type":"post","link":"http:\/\/osnovnaskolamalinskadubasnica.hr\/?p=20318","title":{"rendered":"Obilje\u017eili smo Me\u0111unarodni dan dje\u010djih prava"},"content":{"rendered":"<p style=\"text-align: justify;\"><span style=\"color: #000000;\"><a href=\"http:\/\/osnovnaskolamalinskadubasnica.hr\/wp-content\/uploads\/dan-prava-djeteta-web-.jpg\" data-rel=\"lightbox-image-0\" data-rl_title=\"\" data-rl_caption=\"\" title=\"\"><img loading=\"lazy\" decoding=\"async\" class=\"alignleft wp-image-20317\" src=\"http:\/\/osnovnaskolamalinskadubasnica.hr\/wp-content\/uploads\/dan-prava-djeteta-web-.jpg\" alt=\"\" width=\"272\" height=\"203\" srcset=\"http:\/\/osnovnaskolamalinskadubasnica.hr\/wp-content\/uploads\/dan-prava-djeteta-web-.jpg 839w, http:\/\/osnovnaskolamalinskadubasnica.hr\/wp-content\/uploads\/dan-prava-djeteta-web--768x574.jpg 768w\" sizes=\"auto, (max-width: 272px) 100vw, 272px\" \/><\/a>Me\u0111unarodni dan dje\u010djih prava obilje\u017eavamo 20. studenoga. Na taj je datum 1989. godine usvojena Konvencija o pravima djeteta, me\u0111unarodni dokument kojim se priznaju prava djece u cijelome svijetu.<\/span><\/p>\n<p><em><!--more--><\/em><\/p>\n<p style=\"text-align: justify;\"><span style=\"color: #000000;\">Konvenciju je potpisalo 196 dr\u017eava, \u010dime je postala najbr\u017ee i naj\u0161ire prihva\u0107en sporazum u podru\u010dju ljudskih prava u povijesti.<\/span><\/p>\n<p style=\"text-align: justify;\"><span style=\"color: #000000;\">Na izvannastavnoj aktivnosti Gra\u0111anski odgoj i obrazovanje, u sklopu sata na temu \u201eMoja i tvoja prava \u2013 na\u0161a su prava\u201c, u\u010dili smo o dje\u010djima pravima te izra\u0111ivali plakat. U\u010denici su se podijelili u dvije skupine i prezentirali svoje plakate koje mo\u017eete pogledati u nastavku.<\/span><\/p>\n<p style=\"text-align: center;\"><a href=\"http:\/\/osnovnaskolamalinskadubasnica.hr\/wp-content\/uploads\/anika-01.jpg\" data-rel=\"lightbox-image-1\" data-rl_title=\"\" data-rl_caption=\"\" title=\"\"><img loading=\"lazy\" decoding=\"async\" class=\"aligncenter size-full wp-image-20314\" src=\"http:\/\/osnovnaskolamalinskadubasnica.hr\/wp-content\/uploads\/anika-01.jpg\" alt=\"\" width=\"1200\" height=\"900\" srcset=\"http:\/\/osnovnaskolamalinskadubasnica.hr\/wp-content\/uploads\/anika-01.jpg 1200w, http:\/\/osnovnaskolamalinskadubasnica.hr\/wp-content\/uploads\/anika-01-768x576.jpg 768w\" sizes=\"auto, (max-width: 1200px) 100vw, 1200px\" \/><\/a><a href=\"http:\/\/osnovnaskolamalinskadubasnica.hr\/wp-content\/uploads\/anika-02.jpg\" data-rel=\"lightbox-image-2\" data-rl_title=\"\" data-rl_caption=\"\" title=\"\"><img loading=\"lazy\" decoding=\"async\" class=\"aligncenter size-full wp-image-20315\" src=\"http:\/\/osnovnaskolamalinskadubasnica.hr\/wp-content\/uploads\/anika-02.jpg\" alt=\"\" width=\"1200\" height=\"900\" srcset=\"http:\/\/osnovnaskolamalinskadubasnica.hr\/wp-content\/uploads\/anika-02.jpg 1200w, http:\/\/osnovnaskolamalinskadubasnica.hr\/wp-content\/uploads\/anika-02-768x576.jpg 768w\" sizes=\"auto, (max-width: 1200px) 100vw, 1200px\" \/><\/a><strong><em><span style=\"color: #800000; font-size: 14pt;\">Upoznaj i ti svoja prava!<\/span><\/em><\/strong><\/p>\n<p style=\"text-align: center;\"><strong><span style=\"color: #800000; font-size: 14pt;\">Zaigraj igricu o dje\u010djim pravima \u201e\u010covje\u010de, ispravi se!\u201c:<\/span><\/strong><\/p>\n<p style=\"text-align: center;\"><strong><a href=\"https:\/\/covjeceispravise.unicef.hr\/\" target=\"_blank\" rel=\"noopener\"><span style=\"font-size: 14pt;\">UPUTE ZA IGRU<\/span><\/a><a href=\"http:\/\/osnovnaskolamalinskadubasnica.hr\/wp-content\/uploads\/medijska-pismenost-covjeceispravise.jpg\" data-rel=\"lightbox-image-3\" data-rl_title=\"\" data-rl_caption=\"\" title=\"\"><img loading=\"lazy\" decoding=\"async\" class=\"alignleft wp-image-20319\" src=\"http:\/\/osnovnaskolamalinskadubasnica.hr\/wp-content\/uploads\/medijska-pismenost-covjeceispravise.jpg\" alt=\"\" width=\"243\" height=\"162\" \/><\/a><\/strong><\/p>\n<p style=\"text-align: center;\"><strong><a href=\"https:\/\/covjeceispravise.unicef.hr\/igra\" target=\"_blank\" rel=\"noopener\"><span style=\"font-size: 14pt;\">POKRENI IGRU &#8220;\u010covje\u010de, ispravi se!&#8221;<\/span><\/a><\/strong><\/p>\n<p style=\"text-align: center;\"><span style=\"font-size: 18pt;\">\u2764\ufe0f<\/span><\/p>\n<p><span style=\"color: #ffffff;\">.<\/span><\/p>\n<p style=\"text-align: left;\"><span style=\"color: #000000;\">pripremila: <em>Anika \u017degarac, \u0161kolska knji\u017eni\u010darka<\/em><\/span><\/p>\n","protected":false},"excerpt":{"rendered":"<p>Me\u0111unarodni dan dje\u010djih prava obilje\u017eavamo 20. studenoga. Na taj je datum 1989. godine usvojena Konvencija o pravima djeteta, me\u0111unarodni dokument kojim se priznaju prava djece u cijelome svijetu.<\/p>\n","protected":false},"author":1,"featured_media":0,"comment_status":"closed","ping_status":"closed","sticky":false,"template":"","format":"standard","meta":{"footnotes":""},"categories":[30,978,9],"tags":[1108,1110,1109,162],"class_list":["post-20318","post","type-post","status-publish","format-standard","hentry","category-projekti","category-slobodne-aktivnosti","category-vijesti","tag-anika-zegarac","tag-gradanski-odgoj","tag-medunarodni-dan-djecjih-prava","tag-petasi"],"yoast_head":"<!-- This site is optimized with the Yoast SEO plugin v27.4 - https:\/\/yoast.com\/product\/yoast-seo-wordpress\/ -->\n<title>Obilje\u017eili smo Me\u0111unarodni dan dje\u010djih prava - Osnovna \u0161kola Malinska-Duba\u0161nica<\/title>\n<meta name=\"robots\" content=\"index, follow, max-snippet:-1, max-image-preview:large, max-video-preview:-1\" \/>\n<link rel=\"canonical\" href=\"http:\/\/osnovnaskolamalinskadubasnica.hr\/?p=20318\" \/>\n<meta property=\"og:locale\" content=\"hr_HR\" \/>\n<meta property=\"og:type\" content=\"article\" \/>\n<meta property=\"og:title\" content=\"Obilje\u017eili smo Me\u0111unarodni dan dje\u010djih prava - Osnovna \u0161kola Malinska-Duba\u0161nica\" \/>\n<meta property=\"og:description\" content=\"Me\u0111unarodni dan dje\u010djih prava obilje\u017eavamo 20. studenoga. Na taj je datum 1989. godine usvojena Konvencija o pravima djeteta, me\u0111unarodni dokument kojim se priznaju prava djece u cijelome svijetu.\" \/>\n<meta property=\"og:url\" content=\"http:\/\/osnovnaskolamalinskadubasnica.hr\/?p=20318\" \/>\n<meta property=\"og:site_name\" content=\"Osnovna \u0161kola Malinska-Duba\u0161nica\" \/>\n<meta property=\"article:publisher\" content=\"https:\/\/www.facebook.com\/osmalinskadubasnica\/\" \/>\n<meta property=\"article:published_time\" content=\"2021-11-21T12:17:13+00:00\" \/>\n<meta property=\"article:modified_time\" content=\"2021-11-21T12:29:41+00:00\" \/>\n<meta property=\"og:image\" content=\"http:\/\/osnovnaskolamalinskadubasnica.hr\/wp-content\/uploads\/dan-prava-djeteta-fb.jpg\" \/>\n\t<meta property=\"og:image:width\" content=\"1200\" \/>\n\t<meta property=\"og:image:height\" content=\"737\" \/>\n\t<meta property=\"og:image:type\" content=\"image\/jpeg\" \/>\n<meta name=\"author\" content=\"O\u0160 Malinska-Duba\u0161nica\" \/>\n<meta name=\"twitter:card\" content=\"summary_large_image\" \/>\n<meta name=\"twitter:label1\" content=\"Napisao\/la\" \/>\n\t<meta name=\"twitter:data1\" content=\"O\u0160 Malinska-Duba\u0161nica\" \/>\n\t<meta name=\"twitter:label2\" content=\"Procijenjeno vrijeme \u010ditanja\" \/>\n\t<meta name=\"twitter:data2\" content=\"2 minute\" \/>\n<script type=\"application\/ld+json\" class=\"yoast-schema-graph\">{\"@context\":\"https:\\\/\\\/schema.org\",\"@graph\":[{\"@type\":\"Article\",\"@id\":\"http:\\\/\\\/osnovnaskolamalinskadubasnica.hr\\\/?p=20318#article\",\"isPartOf\":{\"@id\":\"http:\\\/\\\/osnovnaskolamalinskadubasnica.hr\\\/?p=20318\"},\"author\":{\"name\":\"O\u0160 Malinska-Duba\u0161nica\",\"@id\":\"http:\\\/\\\/osnovnaskolamalinskadubasnica.hr\\\/#\\\/schema\\\/person\\\/ab4ffae0c646af016b083db5e2445e8f\"},\"headline\":\"Obilje\u017eili smo Me\u0111unarodni dan dje\u010djih prava\",\"datePublished\":\"2021-11-21T12:17:13+00:00\",\"dateModified\":\"2021-11-21T12:29:41+00:00\",\"mainEntityOfPage\":{\"@id\":\"http:\\\/\\\/osnovnaskolamalinskadubasnica.hr\\\/?p=20318\"},\"wordCount\":143,\"image\":{\"@id\":\"http:\\\/\\\/osnovnaskolamalinskadubasnica.hr\\\/?p=20318#primaryimage\"},\"thumbnailUrl\":\"http:\\\/\\\/osnovnaskolamalinskadubasnica.hr\\\/wp-content\\\/uploads\\\/dan-prava-djeteta-web-.jpg\",\"keywords\":[\"Anika \u017degarac\",\"Gra\u0111anski odgoj\",\"Me\u0111unarodni dan dje\u010djih prava\",\"peta\u0161i\"],\"articleSection\":[\"Projekti\",\"Slobodne aktivnosti\",\"Vijesti\"],\"inLanguage\":\"hr\"},{\"@type\":\"WebPage\",\"@id\":\"http:\\\/\\\/osnovnaskolamalinskadubasnica.hr\\\/?p=20318\",\"url\":\"http:\\\/\\\/osnovnaskolamalinskadubasnica.hr\\\/?p=20318\",\"name\":\"Obilje\u017eili smo Me\u0111unarodni dan dje\u010djih prava - Osnovna \u0161kola Malinska-Duba\u0161nica\",\"isPartOf\":{\"@id\":\"http:\\\/\\\/osnovnaskolamalinskadubasnica.hr\\\/#website\"},\"primaryImageOfPage\":{\"@id\":\"http:\\\/\\\/osnovnaskolamalinskadubasnica.hr\\\/?p=20318#primaryimage\"},\"image\":{\"@id\":\"http:\\\/\\\/osnovnaskolamalinskadubasnica.hr\\\/?p=20318#primaryimage\"},\"thumbnailUrl\":\"http:\\\/\\\/osnovnaskolamalinskadubasnica.hr\\\/wp-content\\\/uploads\\\/dan-prava-djeteta-web-.jpg\",\"datePublished\":\"2021-11-21T12:17:13+00:00\",\"dateModified\":\"2021-11-21T12:29:41+00:00\",\"author\":{\"@id\":\"http:\\\/\\\/osnovnaskolamalinskadubasnica.hr\\\/#\\\/schema\\\/person\\\/ab4ffae0c646af016b083db5e2445e8f\"},\"breadcrumb\":{\"@id\":\"http:\\\/\\\/osnovnaskolamalinskadubasnica.hr\\\/?p=20318#breadcrumb\"},\"inLanguage\":\"hr\",\"potentialAction\":[{\"@type\":\"ReadAction\",\"target\":[\"http:\\\/\\\/osnovnaskolamalinskadubasnica.hr\\\/?p=20318\"]}]},{\"@type\":\"ImageObject\",\"inLanguage\":\"hr\",\"@id\":\"http:\\\/\\\/osnovnaskolamalinskadubasnica.hr\\\/?p=20318#primaryimage\",\"url\":\"http:\\\/\\\/osnovnaskolamalinskadubasnica.hr\\\/wp-content\\\/uploads\\\/dan-prava-djeteta-web-.jpg\",\"contentUrl\":\"http:\\\/\\\/osnovnaskolamalinskadubasnica.hr\\\/wp-content\\\/uploads\\\/dan-prava-djeteta-web-.jpg\",\"width\":839,\"height\":627},{\"@type\":\"BreadcrumbList\",\"@id\":\"http:\\\/\\\/osnovnaskolamalinskadubasnica.hr\\\/?p=20318#breadcrumb\",\"itemListElement\":[{\"@type\":\"ListItem\",\"position\":1,\"name\":\"Po\u010detna stranica\",\"item\":\"http:\\\/\\\/osnovnaskolamalinskadubasnica.hr\\\/\"},{\"@type\":\"ListItem\",\"position\":2,\"name\":\"Obilje\u017eili smo Me\u0111unarodni dan dje\u010djih prava\"}]},{\"@type\":\"WebSite\",\"@id\":\"http:\\\/\\\/osnovnaskolamalinskadubasnica.hr\\\/#website\",\"url\":\"http:\\\/\\\/osnovnaskolamalinskadubasnica.hr\\\/\",\"name\":\"Osnovna \u0161kola Malinska-Duba\u0161nica\",\"description\":\"\",\"potentialAction\":[{\"@type\":\"SearchAction\",\"target\":{\"@type\":\"EntryPoint\",\"urlTemplate\":\"http:\\\/\\\/osnovnaskolamalinskadubasnica.hr\\\/?s={search_term_string}\"},\"query-input\":{\"@type\":\"PropertyValueSpecification\",\"valueRequired\":true,\"valueName\":\"search_term_string\"}}],\"inLanguage\":\"hr\"},{\"@type\":\"Person\",\"@id\":\"http:\\\/\\\/osnovnaskolamalinskadubasnica.hr\\\/#\\\/schema\\\/person\\\/ab4ffae0c646af016b083db5e2445e8f\",\"name\":\"O\u0160 Malinska-Duba\u0161nica\",\"url\":\"http:\\\/\\\/osnovnaskolamalinskadubasnica.hr\\\/?author=1\"}]}<\/script>\n<!-- \/ Yoast SEO plugin. -->","yoast_head_json":{"title":"Obilje\u017eili smo Me\u0111unarodni dan dje\u010djih prava - Osnovna \u0161kola Malinska-Duba\u0161nica","robots":{"index":"index","follow":"follow","max-snippet":"max-snippet:-1","max-image-preview":"max-image-preview:large","max-video-preview":"max-video-preview:-1"},"canonical":"http:\/\/osnovnaskolamalinskadubasnica.hr\/?p=20318","og_locale":"hr_HR","og_type":"article","og_title":"Obilje\u017eili smo Me\u0111unarodni dan dje\u010djih prava - Osnovna \u0161kola Malinska-Duba\u0161nica","og_description":"Me\u0111unarodni dan dje\u010djih prava obilje\u017eavamo 20. studenoga. Na taj je datum 1989. godine usvojena Konvencija o pravima djeteta, me\u0111unarodni dokument kojim se priznaju prava djece u cijelome svijetu.","og_url":"http:\/\/osnovnaskolamalinskadubasnica.hr\/?p=20318","og_site_name":"Osnovna \u0161kola Malinska-Duba\u0161nica","article_publisher":"https:\/\/www.facebook.com\/osmalinskadubasnica\/","article_published_time":"2021-11-21T12:17:13+00:00","article_modified_time":"2021-11-21T12:29:41+00:00","og_image":[{"width":1200,"height":737,"url":"http:\/\/osnovnaskolamalinskadubasnica.hr\/wp-content\/uploads\/dan-prava-djeteta-fb.jpg","type":"image\/jpeg"}],"author":"O\u0160 Malinska-Duba\u0161nica","twitter_card":"summary_large_image","twitter_misc":{"Napisao\/la":"O\u0160 Malinska-Duba\u0161nica","Procijenjeno vrijeme \u010ditanja":"2 minute"},"schema":{"@context":"https:\/\/schema.org","@graph":[{"@type":"Article","@id":"http:\/\/osnovnaskolamalinskadubasnica.hr\/?p=20318#article","isPartOf":{"@id":"http:\/\/osnovnaskolamalinskadubasnica.hr\/?p=20318"},"author":{"name":"O\u0160 Malinska-Duba\u0161nica","@id":"http:\/\/osnovnaskolamalinskadubasnica.hr\/#\/schema\/person\/ab4ffae0c646af016b083db5e2445e8f"},"headline":"Obilje\u017eili smo Me\u0111unarodni dan dje\u010djih prava","datePublished":"2021-11-21T12:17:13+00:00","dateModified":"2021-11-21T12:29:41+00:00","mainEntityOfPage":{"@id":"http:\/\/osnovnaskolamalinskadubasnica.hr\/?p=20318"},"wordCount":143,"image":{"@id":"http:\/\/osnovnaskolamalinskadubasnica.hr\/?p=20318#primaryimage"},"thumbnailUrl":"http:\/\/osnovnaskolamalinskadubasnica.hr\/wp-content\/uploads\/dan-prava-djeteta-web-.jpg","keywords":["Anika \u017degarac","Gra\u0111anski odgoj","Me\u0111unarodni dan dje\u010djih prava","peta\u0161i"],"articleSection":["Projekti","Slobodne aktivnosti","Vijesti"],"inLanguage":"hr"},{"@type":"WebPage","@id":"http:\/\/osnovnaskolamalinskadubasnica.hr\/?p=20318","url":"http:\/\/osnovnaskolamalinskadubasnica.hr\/?p=20318","name":"Obilje\u017eili smo Me\u0111unarodni dan dje\u010djih prava - Osnovna \u0161kola Malinska-Duba\u0161nica","isPartOf":{"@id":"http:\/\/osnovnaskolamalinskadubasnica.hr\/#website"},"primaryImageOfPage":{"@id":"http:\/\/osnovnaskolamalinskadubasnica.hr\/?p=20318#primaryimage"},"image":{"@id":"http:\/\/osnovnaskolamalinskadubasnica.hr\/?p=20318#primaryimage"},"thumbnailUrl":"http:\/\/osnovnaskolamalinskadubasnica.hr\/wp-content\/uploads\/dan-prava-djeteta-web-.jpg","datePublished":"2021-11-21T12:17:13+00:00","dateModified":"2021-11-21T12:29:41+00:00","author":{"@id":"http:\/\/osnovnaskolamalinskadubasnica.hr\/#\/schema\/person\/ab4ffae0c646af016b083db5e2445e8f"},"breadcrumb":{"@id":"http:\/\/osnovnaskolamalinskadubasnica.hr\/?p=20318#breadcrumb"},"inLanguage":"hr","potentialAction":[{"@type":"ReadAction","target":["http:\/\/osnovnaskolamalinskadubasnica.hr\/?p=20318"]}]},{"@type":"ImageObject","inLanguage":"hr","@id":"http:\/\/osnovnaskolamalinskadubasnica.hr\/?p=20318#primaryimage","url":"http:\/\/osnovnaskolamalinskadubasnica.hr\/wp-content\/uploads\/dan-prava-djeteta-web-.jpg","contentUrl":"http:\/\/osnovnaskolamalinskadubasnica.hr\/wp-content\/uploads\/dan-prava-djeteta-web-.jpg","width":839,"height":627},{"@type":"BreadcrumbList","@id":"http:\/\/osnovnaskolamalinskadubasnica.hr\/?p=20318#breadcrumb","itemListElement":[{"@type":"ListItem","position":1,"name":"Po\u010detna stranica","item":"http:\/\/osnovnaskolamalinskadubasnica.hr\/"},{"@type":"ListItem","position":2,"name":"Obilje\u017eili smo Me\u0111unarodni dan dje\u010djih prava"}]},{"@type":"WebSite","@id":"http:\/\/osnovnaskolamalinskadubasnica.hr\/#website","url":"http:\/\/osnovnaskolamalinskadubasnica.hr\/","name":"Osnovna \u0161kola Malinska-Duba\u0161nica","description":"","potentialAction":[{"@type":"SearchAction","target":{"@type":"EntryPoint","urlTemplate":"http:\/\/osnovnaskolamalinskadubasnica.hr\/?s={search_term_string}"},"query-input":{"@type":"PropertyValueSpecification","valueRequired":true,"valueName":"search_term_string"}}],"inLanguage":"hr"},{"@type":"Person","@id":"http:\/\/osnovnaskolamalinskadubasnica.hr\/#\/schema\/person\/ab4ffae0c646af016b083db5e2445e8f","name":"O\u0160 Malinska-Duba\u0161nica","url":"http:\/\/osnovnaskolamalinskadubasnica.hr\/?author=1"}]}},"_links":{"self":[{"href":"http:\/\/osnovnaskolamalinskadubasnica.hr\/index.php?rest_route=\/wp\/v2\/posts\/20318","targetHints":{"allow":["GET"]}}],"collection":[{"href":"http:\/\/osnovnaskolamalinskadubasnica.hr\/index.php?rest_route=\/wp\/v2\/posts"}],"about":[{"href":"http:\/\/osnovnaskolamalinskadubasnica.hr\/index.php?rest_route=\/wp\/v2\/types\/post"}],"author":[{"embeddable":true,"href":"http:\/\/osnovnaskolamalinskadubasnica.hr\/index.php?rest_route=\/wp\/v2\/users\/1"}],"replies":[{"embeddable":true,"href":"http:\/\/osnovnaskolamalinskadubasnica.hr\/index.php?rest_route=%2Fwp%2Fv2%2Fcomments&post=20318"}],"version-history":[{"count":3,"href":"http:\/\/osnovnaskolamalinskadubasnica.hr\/index.php?rest_route=\/wp\/v2\/posts\/20318\/revisions"}],"predecessor-version":[{"id":20322,"href":"http:\/\/osnovnaskolamalinskadubasnica.hr\/index.php?rest_route=\/wp\/v2\/posts\/20318\/revisions\/20322"}],"wp:attachment":[{"href":"http:\/\/osnovnaskolamalinskadubasnica.hr\/index.php?rest_route=%2Fwp%2Fv2%2Fmedia&parent=20318"}],"wp:term":[{"taxonomy":"category","embeddable":true,"href":"http:\/\/osnovnaskolamalinskadubasnica.hr\/index.php?rest_route=%2Fwp%2Fv2%2Fcategories&post=20318"},{"taxonomy":"post_tag","embeddable":true,"href":"http:\/\/osnovnaskolamalinskadubasnica.hr\/index.php?rest_route=%2Fwp%2Fv2%2Ftags&post=20318"}],"curies":[{"name":"wp","href":"https:\/\/api.w.org\/{rel}","templated":true}]}}