{"id":19421,"date":"2021-06-22T20:08:13","date_gmt":"2021-06-22T19:08:13","guid":{"rendered":"http:\/\/osnovnaskolamalinskadubasnica.hr\/?p=19421"},"modified":"2021-06-22T20:09:05","modified_gmt":"2021-06-22T19:09:05","slug":"izlet-osmasa-na-cres","status":"publish","type":"post","link":"http:\/\/osnovnaskolamalinskadubasnica.hr\/?p=19421","title":{"rendered":"Izlet osma\u0161a na Cres"},"content":{"rendered":"<p style=\"text-align: justify;\"><a href=\"http:\/\/osnovnaskolamalinskadubasnica.hr\/wp-content\/uploads\/cres-8ab.jpg\" data-rel=\"lightbox-image-0\" data-rl_title=\"\" data-rl_caption=\"\" title=\"\"><img loading=\"lazy\" decoding=\"async\" class=\"alignleft wp-image-19404\" src=\"http:\/\/osnovnaskolamalinskadubasnica.hr\/wp-content\/uploads\/cres-8ab.jpg\" alt=\"\" width=\"272\" height=\"149\" srcset=\"http:\/\/osnovnaskolamalinskadubasnica.hr\/wp-content\/uploads\/cres-8ab.jpg 779w, http:\/\/osnovnaskolamalinskadubasnica.hr\/wp-content\/uploads\/cres-8ab-768x422.jpg 768w\" sizes=\"auto, (max-width: 272px) 100vw, 272px\" \/><\/a><span style=\"color: #000000;\">U \u010detvrtak 17. lipnja 2021. u\u010denici 8. a i 8. b razreda imali su priliku posjetiti mjesto Beli na otoku Cresu kako bi vidjeli bjeloglave supove i o\u010distili lokalnu pla\u017eu. \ud83c\udf1e<br \/>\n<\/span><\/p>\n<p><em><!--more--><\/em><\/p>\n<p style=\"text-align: justify;\"><span style=\"color: #000000;\">Do otoka Cresa uputili smo se iz sredi\u0161ta Malinske u\u017eivaju\u0107i u vo\u017enji panoramskim brodom. Putem su nas pozdravili dupini, a nad Cresom do\u010dekali bjeloglavi supovi. Sunce, more, priroda, dobro dru\u0161tvo i ekoakcija iznova su se pokazali kao savr\u0161en recept za sjajan provod!<\/span><\/p>\n<p style=\"text-align: justify;\"><strong><span style=\"color: #800000;\">U\u017eivajte u fotogaleriji:<\/span><\/strong><\/p>\n<div id='gallery-1' class='gallery galleryid-19421 gallery-columns-4 gallery-size-thumbnail'><dl class='gallery-item'>\n\t\t\t<dt class='gallery-icon landscape'>\n\t\t\t\t<a href='http:\/\/osnovnaskolamalinskadubasnica.hr\/wp-content\/uploads\/IMG_20210617_085309.jpg' title=\"\" data-rl_title=\"\" class=\"rl-gallery-link\" data-rl_caption=\"\" data-rel=\"lightbox-gallery-1\"><img loading=\"lazy\" decoding=\"async\" width=\"150\" height=\"150\" src=\"http:\/\/osnovnaskolamalinskadubasnica.hr\/wp-content\/uploads\/IMG_20210617_085309-150x150.jpg\" class=\"attachment-thumbnail size-thumbnail\" alt=\"\" \/><\/a>\n\t\t\t<\/dt><\/dl><dl class='gallery-item'>\n\t\t\t<dt class='gallery-icon landscape'>\n\t\t\t\t<a href='http:\/\/osnovnaskolamalinskadubasnica.hr\/wp-content\/uploads\/IMG_20210617_085301.jpg' title=\"\" data-rl_title=\"\" class=\"rl-gallery-link\" data-rl_caption=\"\" data-rel=\"lightbox-gallery-1\"><img loading=\"lazy\" decoding=\"async\" width=\"150\" height=\"150\" src=\"http:\/\/osnovnaskolamalinskadubasnica.hr\/wp-content\/uploads\/IMG_20210617_085301-150x150.jpg\" class=\"attachment-thumbnail size-thumbnail\" alt=\"\" \/><\/a>\n\t\t\t<\/dt><\/dl><dl class='gallery-item'>\n\t\t\t<dt class='gallery-icon landscape'>\n\t\t\t\t<a href='http:\/\/osnovnaskolamalinskadubasnica.hr\/wp-content\/uploads\/IMG_20210617_085325.jpg' title=\"\" data-rl_title=\"\" class=\"rl-gallery-link\" data-rl_caption=\"\" data-rel=\"lightbox-gallery-1\"><img loading=\"lazy\" decoding=\"async\" width=\"150\" height=\"150\" src=\"http:\/\/osnovnaskolamalinskadubasnica.hr\/wp-content\/uploads\/IMG_20210617_085325-150x150.jpg\" class=\"attachment-thumbnail size-thumbnail\" alt=\"\" \/><\/a>\n\t\t\t<\/dt><\/dl><dl class='gallery-item'>\n\t\t\t<dt class='gallery-icon landscape'>\n\t\t\t\t<a href='http:\/\/osnovnaskolamalinskadubasnica.hr\/wp-content\/uploads\/IMG_20210617_092721.jpg' title=\"\" data-rl_title=\"\" class=\"rl-gallery-link\" data-rl_caption=\"\" data-rel=\"lightbox-gallery-1\"><img loading=\"lazy\" decoding=\"async\" width=\"150\" height=\"150\" src=\"http:\/\/osnovnaskolamalinskadubasnica.hr\/wp-content\/uploads\/IMG_20210617_092721-150x150.jpg\" class=\"attachment-thumbnail size-thumbnail\" alt=\"\" \/><\/a>\n\t\t\t<\/dt><\/dl><br style=\"clear: both\" \/><dl class='gallery-item'>\n\t\t\t<dt class='gallery-icon landscape'>\n\t\t\t\t<a href='http:\/\/osnovnaskolamalinskadubasnica.hr\/wp-content\/uploads\/IMG_20210617_092901.jpg' title=\"\" data-rl_title=\"\" class=\"rl-gallery-link\" data-rl_caption=\"\" data-rel=\"lightbox-gallery-1\"><img loading=\"lazy\" decoding=\"async\" width=\"150\" height=\"150\" src=\"http:\/\/osnovnaskolamalinskadubasnica.hr\/wp-content\/uploads\/IMG_20210617_092901-150x150.jpg\" class=\"attachment-thumbnail size-thumbnail\" alt=\"\" \/><\/a>\n\t\t\t<\/dt><\/dl><dl class='gallery-item'>\n\t\t\t<dt class='gallery-icon portrait'>\n\t\t\t\t<a href='http:\/\/osnovnaskolamalinskadubasnica.hr\/wp-content\/uploads\/IMG_20210617_093021.jpg' title=\"\" data-rl_title=\"\" class=\"rl-gallery-link\" data-rl_caption=\"\" data-rel=\"lightbox-gallery-1\"><img loading=\"lazy\" decoding=\"async\" width=\"150\" height=\"150\" src=\"http:\/\/osnovnaskolamalinskadubasnica.hr\/wp-content\/uploads\/IMG_20210617_093021-150x150.jpg\" class=\"attachment-thumbnail size-thumbnail\" alt=\"\" \/><\/a>\n\t\t\t<\/dt><\/dl><dl class='gallery-item'>\n\t\t\t<dt class='gallery-icon portrait'>\n\t\t\t\t<a href='http:\/\/osnovnaskolamalinskadubasnica.hr\/wp-content\/uploads\/IMG_20210617_093044.jpg' title=\"\" data-rl_title=\"\" class=\"rl-gallery-link\" data-rl_caption=\"\" data-rel=\"lightbox-gallery-1\"><img loading=\"lazy\" decoding=\"async\" width=\"150\" height=\"150\" src=\"http:\/\/osnovnaskolamalinskadubasnica.hr\/wp-content\/uploads\/IMG_20210617_093044-150x150.jpg\" class=\"attachment-thumbnail size-thumbnail\" alt=\"\" \/><\/a>\n\t\t\t<\/dt><\/dl><dl class='gallery-item'>\n\t\t\t<dt class='gallery-icon portrait'>\n\t\t\t\t<a href='http:\/\/osnovnaskolamalinskadubasnica.hr\/wp-content\/uploads\/IMG_20210617_093246.jpg' title=\"\" data-rl_title=\"\" class=\"rl-gallery-link\" data-rl_caption=\"\" data-rel=\"lightbox-gallery-1\"><img loading=\"lazy\" decoding=\"async\" width=\"150\" height=\"150\" src=\"http:\/\/osnovnaskolamalinskadubasnica.hr\/wp-content\/uploads\/IMG_20210617_093246-150x150.jpg\" class=\"attachment-thumbnail size-thumbnail\" alt=\"\" \/><\/a>\n\t\t\t<\/dt><\/dl><br style=\"clear: both\" \/><dl class='gallery-item'>\n\t\t\t<dt class='gallery-icon portrait'>\n\t\t\t\t<a href='http:\/\/osnovnaskolamalinskadubasnica.hr\/wp-content\/uploads\/IMG_20210617_093829.jpg' title=\"\" data-rl_title=\"\" class=\"rl-gallery-link\" data-rl_caption=\"\" data-rel=\"lightbox-gallery-1\"><img loading=\"lazy\" decoding=\"async\" width=\"150\" height=\"150\" src=\"http:\/\/osnovnaskolamalinskadubasnica.hr\/wp-content\/uploads\/IMG_20210617_093829-150x150.jpg\" class=\"attachment-thumbnail size-thumbnail\" alt=\"\" \/><\/a>\n\t\t\t<\/dt><\/dl><dl class='gallery-item'>\n\t\t\t<dt class='gallery-icon landscape'>\n\t\t\t\t<a href='http:\/\/osnovnaskolamalinskadubasnica.hr\/wp-content\/uploads\/IMG_20210617_101021.jpg' title=\"\" data-rl_title=\"\" class=\"rl-gallery-link\" data-rl_caption=\"\" data-rel=\"lightbox-gallery-1\"><img loading=\"lazy\" decoding=\"async\" width=\"150\" height=\"150\" src=\"http:\/\/osnovnaskolamalinskadubasnica.hr\/wp-content\/uploads\/IMG_20210617_101021-150x150.jpg\" class=\"attachment-thumbnail size-thumbnail\" alt=\"\" \/><\/a>\n\t\t\t<\/dt><\/dl><dl class='gallery-item'>\n\t\t\t<dt class='gallery-icon landscape'>\n\t\t\t\t<a href='http:\/\/osnovnaskolamalinskadubasnica.hr\/wp-content\/uploads\/IMG_20210617_105521.jpg' title=\"\" data-rl_title=\"\" class=\"rl-gallery-link\" data-rl_caption=\"\" data-rel=\"lightbox-gallery-1\"><img loading=\"lazy\" decoding=\"async\" width=\"150\" height=\"150\" src=\"http:\/\/osnovnaskolamalinskadubasnica.hr\/wp-content\/uploads\/IMG_20210617_105521-150x150.jpg\" class=\"attachment-thumbnail size-thumbnail\" alt=\"\" \/><\/a>\n\t\t\t<\/dt><\/dl><dl class='gallery-item'>\n\t\t\t<dt class='gallery-icon landscape'>\n\t\t\t\t<a href='http:\/\/osnovnaskolamalinskadubasnica.hr\/wp-content\/uploads\/IMG_20210617_152948.jpg' title=\"\" data-rl_title=\"\" class=\"rl-gallery-link\" data-rl_caption=\"\" data-rel=\"lightbox-gallery-1\"><img loading=\"lazy\" decoding=\"async\" width=\"150\" height=\"150\" src=\"http:\/\/osnovnaskolamalinskadubasnica.hr\/wp-content\/uploads\/IMG_20210617_152948-150x150.jpg\" class=\"attachment-thumbnail size-thumbnail\" alt=\"\" \/><\/a>\n\t\t\t<\/dt><\/dl><br style=\"clear: both\" \/><dl class='gallery-item'>\n\t\t\t<dt class='gallery-icon landscape'>\n\t\t\t\t<a href='http:\/\/osnovnaskolamalinskadubasnica.hr\/wp-content\/uploads\/IMG_20210617_125019.jpg' title=\"\" data-rl_title=\"\" class=\"rl-gallery-link\" data-rl_caption=\"\" data-rel=\"lightbox-gallery-1\"><img loading=\"lazy\" decoding=\"async\" width=\"150\" height=\"150\" src=\"http:\/\/osnovnaskolamalinskadubasnica.hr\/wp-content\/uploads\/IMG_20210617_125019-150x150.jpg\" class=\"attachment-thumbnail size-thumbnail\" alt=\"\" \/><\/a>\n\t\t\t<\/dt><\/dl><dl class='gallery-item'>\n\t\t\t<dt class='gallery-icon landscape'>\n\t\t\t\t<a href='http:\/\/osnovnaskolamalinskadubasnica.hr\/wp-content\/uploads\/IMG_20210617_152849.jpg' title=\"\" data-rl_title=\"\" class=\"rl-gallery-link\" data-rl_caption=\"\" data-rel=\"lightbox-gallery-1\"><img loading=\"lazy\" decoding=\"async\" width=\"150\" height=\"150\" src=\"http:\/\/osnovnaskolamalinskadubasnica.hr\/wp-content\/uploads\/IMG_20210617_152849-150x150.jpg\" class=\"attachment-thumbnail size-thumbnail\" alt=\"\" \/><\/a>\n\t\t\t<\/dt><\/dl><dl class='gallery-item'>\n\t\t\t<dt class='gallery-icon landscape'>\n\t\t\t\t<a href='http:\/\/osnovnaskolamalinskadubasnica.hr\/wp-content\/uploads\/IMG_20210617_152944.jpg' title=\"\" data-rl_title=\"\" class=\"rl-gallery-link\" data-rl_caption=\"\" data-rel=\"lightbox-gallery-1\"><img loading=\"lazy\" decoding=\"async\" width=\"150\" height=\"150\" src=\"http:\/\/osnovnaskolamalinskadubasnica.hr\/wp-content\/uploads\/IMG_20210617_152944-150x150.jpg\" class=\"attachment-thumbnail size-thumbnail\" alt=\"\" \/><\/a>\n\t\t\t<\/dt><\/dl><dl class='gallery-item'>\n\t\t\t<dt class='gallery-icon portrait'>\n\t\t\t\t<a href='http:\/\/osnovnaskolamalinskadubasnica.hr\/wp-content\/uploads\/IMG_20210617_125001.jpg' title=\"\" data-rl_title=\"\" class=\"rl-gallery-link\" data-rl_caption=\"\" data-rel=\"lightbox-gallery-1\"><img loading=\"lazy\" decoding=\"async\" width=\"150\" height=\"150\" src=\"http:\/\/osnovnaskolamalinskadubasnica.hr\/wp-content\/uploads\/IMG_20210617_125001-150x150.jpg\" class=\"attachment-thumbnail size-thumbnail\" alt=\"\" \/><\/a>\n\t\t\t<\/dt><\/dl><br style=\"clear: both\" \/>\n\t\t<\/div>\n\n<p style=\"text-align: center;\"><span style=\"color: #000000;\">tekst: Marija Ili\u010di\u0107<\/span><br \/>\n<span style=\"color: #000000;\">foto: Marta Smokvina<\/span><\/p>\n","protected":false},"excerpt":{"rendered":"<p>U \u010detvrtak 17. lipnja 2021. u\u010denici 8. a i 8. b razreda imali su priliku posjetiti mjesto Beli na otoku Cresu kako bi vidjeli bjeloglave supove i o\u010distili lokalnu pla\u017eu. \ud83c\udf1e<\/p>\n","protected":false},"author":1,"featured_media":0,"comment_status":"closed","ping_status":"closed","sticky":false,"template":"","format":"standard","meta":{"footnotes":""},"categories":[13,52,9],"tags":[1078,1079,447,661,1077,798,17],"class_list":["post-19421","post","type-post","status-publish","format-standard","hentry","category-izleti","category-terenska-nastava","category-vijesti","tag-beli","tag-bjeloglavi-supovi","tag-cres","tag-marija-ilicic","tag-marta-smokvina","tag-martina-bambic","tag-osmasi"],"yoast_head":"<!-- This site is optimized with the Yoast SEO plugin v27.4 - https:\/\/yoast.com\/product\/yoast-seo-wordpress\/ -->\n<title>Izlet osma\u0161a na Cres - Osnovna \u0161kola Malinska-Duba\u0161nica<\/title>\n<meta name=\"robots\" content=\"index, follow, max-snippet:-1, max-image-preview:large, max-video-preview:-1\" \/>\n<link rel=\"canonical\" href=\"http:\/\/osnovnaskolamalinskadubasnica.hr\/?p=19421\" \/>\n<meta property=\"og:locale\" content=\"hr_HR\" \/>\n<meta property=\"og:type\" content=\"article\" \/>\n<meta property=\"og:title\" content=\"Izlet osma\u0161a na Cres - Osnovna \u0161kola Malinska-Duba\u0161nica\" \/>\n<meta property=\"og:description\" content=\"U \u010detvrtak 17. lipnja 2021. u\u010denici 8. a i 8. b razreda imali su priliku posjetiti mjesto Beli na otoku Cresu kako bi vidjeli bjeloglave supove i o\u010distili lokalnu pla\u017eu. \ud83c\udf1e\" \/>\n<meta property=\"og:url\" content=\"http:\/\/osnovnaskolamalinskadubasnica.hr\/?p=19421\" \/>\n<meta property=\"og:site_name\" content=\"Osnovna \u0161kola Malinska-Duba\u0161nica\" \/>\n<meta property=\"article:publisher\" content=\"https:\/\/www.facebook.com\/osmalinskadubasnica\/\" \/>\n<meta property=\"article:published_time\" content=\"2021-06-22T19:08:13+00:00\" \/>\n<meta property=\"article:modified_time\" content=\"2021-06-22T19:09:05+00:00\" \/>\n<meta property=\"og:image\" content=\"http:\/\/osnovnaskolamalinskadubasnica.hr\/wp-content\/uploads\/IMG_20210617_085325.jpg\" \/>\n\t<meta property=\"og:image:width\" content=\"1066\" \/>\n\t<meta property=\"og:image:height\" content=\"662\" \/>\n\t<meta property=\"og:image:type\" content=\"image\/jpeg\" \/>\n<meta name=\"author\" content=\"O\u0160 Malinska-Duba\u0161nica\" \/>\n<meta name=\"twitter:card\" content=\"summary_large_image\" \/>\n<meta name=\"twitter:label1\" content=\"Napisao\/la\" \/>\n\t<meta name=\"twitter:data1\" content=\"O\u0160 Malinska-Duba\u0161nica\" \/>\n\t<meta name=\"twitter:label2\" content=\"Procijenjeno vrijeme \u010ditanja\" \/>\n\t<meta name=\"twitter:data2\" content=\"1 minuta\" \/>\n<script type=\"application\/ld+json\" class=\"yoast-schema-graph\">{\"@context\":\"https:\\\/\\\/schema.org\",\"@graph\":[{\"@type\":\"Article\",\"@id\":\"http:\\\/\\\/osnovnaskolamalinskadubasnica.hr\\\/?p=19421#article\",\"isPartOf\":{\"@id\":\"http:\\\/\\\/osnovnaskolamalinskadubasnica.hr\\\/?p=19421\"},\"author\":{\"name\":\"O\u0160 Malinska-Duba\u0161nica\",\"@id\":\"http:\\\/\\\/osnovnaskolamalinskadubasnica.hr\\\/#\\\/schema\\\/person\\\/ab4ffae0c646af016b083db5e2445e8f\"},\"headline\":\"Izlet osma\u0161a na Cres\",\"datePublished\":\"2021-06-22T19:08:13+00:00\",\"dateModified\":\"2021-06-22T19:09:05+00:00\",\"mainEntityOfPage\":{\"@id\":\"http:\\\/\\\/osnovnaskolamalinskadubasnica.hr\\\/?p=19421\"},\"wordCount\":97,\"image\":{\"@id\":\"http:\\\/\\\/osnovnaskolamalinskadubasnica.hr\\\/?p=19421#primaryimage\"},\"thumbnailUrl\":\"http:\\\/\\\/osnovnaskolamalinskadubasnica.hr\\\/wp-content\\\/uploads\\\/cres-8ab.jpg\",\"keywords\":[\"Beli\",\"bjeloglavi supovi\",\"Cres\",\"Marija Ili\u010di\u0107\",\"Marta Smokvina\",\"Martina Bambi\u0107\",\"osma\u0161i\"],\"articleSection\":[\"Izleti\",\"Terenska nastava\",\"Vijesti\"],\"inLanguage\":\"hr\"},{\"@type\":\"WebPage\",\"@id\":\"http:\\\/\\\/osnovnaskolamalinskadubasnica.hr\\\/?p=19421\",\"url\":\"http:\\\/\\\/osnovnaskolamalinskadubasnica.hr\\\/?p=19421\",\"name\":\"Izlet osma\u0161a na Cres - Osnovna \u0161kola Malinska-Duba\u0161nica\",\"isPartOf\":{\"@id\":\"http:\\\/\\\/osnovnaskolamalinskadubasnica.hr\\\/#website\"},\"primaryImageOfPage\":{\"@id\":\"http:\\\/\\\/osnovnaskolamalinskadubasnica.hr\\\/?p=19421#primaryimage\"},\"image\":{\"@id\":\"http:\\\/\\\/osnovnaskolamalinskadubasnica.hr\\\/?p=19421#primaryimage\"},\"thumbnailUrl\":\"http:\\\/\\\/osnovnaskolamalinskadubasnica.hr\\\/wp-content\\\/uploads\\\/cres-8ab.jpg\",\"datePublished\":\"2021-06-22T19:08:13+00:00\",\"dateModified\":\"2021-06-22T19:09:05+00:00\",\"author\":{\"@id\":\"http:\\\/\\\/osnovnaskolamalinskadubasnica.hr\\\/#\\\/schema\\\/person\\\/ab4ffae0c646af016b083db5e2445e8f\"},\"breadcrumb\":{\"@id\":\"http:\\\/\\\/osnovnaskolamalinskadubasnica.hr\\\/?p=19421#breadcrumb\"},\"inLanguage\":\"hr\",\"potentialAction\":[{\"@type\":\"ReadAction\",\"target\":[\"http:\\\/\\\/osnovnaskolamalinskadubasnica.hr\\\/?p=19421\"]}]},{\"@type\":\"ImageObject\",\"inLanguage\":\"hr\",\"@id\":\"http:\\\/\\\/osnovnaskolamalinskadubasnica.hr\\\/?p=19421#primaryimage\",\"url\":\"http:\\\/\\\/osnovnaskolamalinskadubasnica.hr\\\/wp-content\\\/uploads\\\/cres-8ab.jpg\",\"contentUrl\":\"http:\\\/\\\/osnovnaskolamalinskadubasnica.hr\\\/wp-content\\\/uploads\\\/cres-8ab.jpg\",\"width\":779,\"height\":428},{\"@type\":\"BreadcrumbList\",\"@id\":\"http:\\\/\\\/osnovnaskolamalinskadubasnica.hr\\\/?p=19421#breadcrumb\",\"itemListElement\":[{\"@type\":\"ListItem\",\"position\":1,\"name\":\"Po\u010detna stranica\",\"item\":\"http:\\\/\\\/osnovnaskolamalinskadubasnica.hr\\\/\"},{\"@type\":\"ListItem\",\"position\":2,\"name\":\"Izlet osma\u0161a na Cres\"}]},{\"@type\":\"WebSite\",\"@id\":\"http:\\\/\\\/osnovnaskolamalinskadubasnica.hr\\\/#website\",\"url\":\"http:\\\/\\\/osnovnaskolamalinskadubasnica.hr\\\/\",\"name\":\"Osnovna \u0161kola Malinska-Duba\u0161nica\",\"description\":\"\",\"potentialAction\":[{\"@type\":\"SearchAction\",\"target\":{\"@type\":\"EntryPoint\",\"urlTemplate\":\"http:\\\/\\\/osnovnaskolamalinskadubasnica.hr\\\/?s={search_term_string}\"},\"query-input\":{\"@type\":\"PropertyValueSpecification\",\"valueRequired\":true,\"valueName\":\"search_term_string\"}}],\"inLanguage\":\"hr\"},{\"@type\":\"Person\",\"@id\":\"http:\\\/\\\/osnovnaskolamalinskadubasnica.hr\\\/#\\\/schema\\\/person\\\/ab4ffae0c646af016b083db5e2445e8f\",\"name\":\"O\u0160 Malinska-Duba\u0161nica\",\"url\":\"http:\\\/\\\/osnovnaskolamalinskadubasnica.hr\\\/?author=1\"}]}<\/script>\n<!-- \/ Yoast SEO plugin. -->","yoast_head_json":{"title":"Izlet osma\u0161a na Cres - Osnovna \u0161kola Malinska-Duba\u0161nica","robots":{"index":"index","follow":"follow","max-snippet":"max-snippet:-1","max-image-preview":"max-image-preview:large","max-video-preview":"max-video-preview:-1"},"canonical":"http:\/\/osnovnaskolamalinskadubasnica.hr\/?p=19421","og_locale":"hr_HR","og_type":"article","og_title":"Izlet osma\u0161a na Cres - Osnovna \u0161kola Malinska-Duba\u0161nica","og_description":"U \u010detvrtak 17. lipnja 2021. u\u010denici 8. a i 8. b razreda imali su priliku posjetiti mjesto Beli na otoku Cresu kako bi vidjeli bjeloglave supove i o\u010distili lokalnu pla\u017eu. \ud83c\udf1e","og_url":"http:\/\/osnovnaskolamalinskadubasnica.hr\/?p=19421","og_site_name":"Osnovna \u0161kola Malinska-Duba\u0161nica","article_publisher":"https:\/\/www.facebook.com\/osmalinskadubasnica\/","article_published_time":"2021-06-22T19:08:13+00:00","article_modified_time":"2021-06-22T19:09:05+00:00","og_image":[{"width":1066,"height":662,"url":"http:\/\/osnovnaskolamalinskadubasnica.hr\/wp-content\/uploads\/IMG_20210617_085325.jpg","type":"image\/jpeg"}],"author":"O\u0160 Malinska-Duba\u0161nica","twitter_card":"summary_large_image","twitter_misc":{"Napisao\/la":"O\u0160 Malinska-Duba\u0161nica","Procijenjeno vrijeme \u010ditanja":"1 minuta"},"schema":{"@context":"https:\/\/schema.org","@graph":[{"@type":"Article","@id":"http:\/\/osnovnaskolamalinskadubasnica.hr\/?p=19421#article","isPartOf":{"@id":"http:\/\/osnovnaskolamalinskadubasnica.hr\/?p=19421"},"author":{"name":"O\u0160 Malinska-Duba\u0161nica","@id":"http:\/\/osnovnaskolamalinskadubasnica.hr\/#\/schema\/person\/ab4ffae0c646af016b083db5e2445e8f"},"headline":"Izlet osma\u0161a na Cres","datePublished":"2021-06-22T19:08:13+00:00","dateModified":"2021-06-22T19:09:05+00:00","mainEntityOfPage":{"@id":"http:\/\/osnovnaskolamalinskadubasnica.hr\/?p=19421"},"wordCount":97,"image":{"@id":"http:\/\/osnovnaskolamalinskadubasnica.hr\/?p=19421#primaryimage"},"thumbnailUrl":"http:\/\/osnovnaskolamalinskadubasnica.hr\/wp-content\/uploads\/cres-8ab.jpg","keywords":["Beli","bjeloglavi supovi","Cres","Marija Ili\u010di\u0107","Marta Smokvina","Martina Bambi\u0107","osma\u0161i"],"articleSection":["Izleti","Terenska nastava","Vijesti"],"inLanguage":"hr"},{"@type":"WebPage","@id":"http:\/\/osnovnaskolamalinskadubasnica.hr\/?p=19421","url":"http:\/\/osnovnaskolamalinskadubasnica.hr\/?p=19421","name":"Izlet osma\u0161a na Cres - Osnovna \u0161kola Malinska-Duba\u0161nica","isPartOf":{"@id":"http:\/\/osnovnaskolamalinskadubasnica.hr\/#website"},"primaryImageOfPage":{"@id":"http:\/\/osnovnaskolamalinskadubasnica.hr\/?p=19421#primaryimage"},"image":{"@id":"http:\/\/osnovnaskolamalinskadubasnica.hr\/?p=19421#primaryimage"},"thumbnailUrl":"http:\/\/osnovnaskolamalinskadubasnica.hr\/wp-content\/uploads\/cres-8ab.jpg","datePublished":"2021-06-22T19:08:13+00:00","dateModified":"2021-06-22T19:09:05+00:00","author":{"@id":"http:\/\/osnovnaskolamalinskadubasnica.hr\/#\/schema\/person\/ab4ffae0c646af016b083db5e2445e8f"},"breadcrumb":{"@id":"http:\/\/osnovnaskolamalinskadubasnica.hr\/?p=19421#breadcrumb"},"inLanguage":"hr","potentialAction":[{"@type":"ReadAction","target":["http:\/\/osnovnaskolamalinskadubasnica.hr\/?p=19421"]}]},{"@type":"ImageObject","inLanguage":"hr","@id":"http:\/\/osnovnaskolamalinskadubasnica.hr\/?p=19421#primaryimage","url":"http:\/\/osnovnaskolamalinskadubasnica.hr\/wp-content\/uploads\/cres-8ab.jpg","contentUrl":"http:\/\/osnovnaskolamalinskadubasnica.hr\/wp-content\/uploads\/cres-8ab.jpg","width":779,"height":428},{"@type":"BreadcrumbList","@id":"http:\/\/osnovnaskolamalinskadubasnica.hr\/?p=19421#breadcrumb","itemListElement":[{"@type":"ListItem","position":1,"name":"Po\u010detna stranica","item":"http:\/\/osnovnaskolamalinskadubasnica.hr\/"},{"@type":"ListItem","position":2,"name":"Izlet osma\u0161a na Cres"}]},{"@type":"WebSite","@id":"http:\/\/osnovnaskolamalinskadubasnica.hr\/#website","url":"http:\/\/osnovnaskolamalinskadubasnica.hr\/","name":"Osnovna \u0161kola Malinska-Duba\u0161nica","description":"","potentialAction":[{"@type":"SearchAction","target":{"@type":"EntryPoint","urlTemplate":"http:\/\/osnovnaskolamalinskadubasnica.hr\/?s={search_term_string}"},"query-input":{"@type":"PropertyValueSpecification","valueRequired":true,"valueName":"search_term_string"}}],"inLanguage":"hr"},{"@type":"Person","@id":"http:\/\/osnovnaskolamalinskadubasnica.hr\/#\/schema\/person\/ab4ffae0c646af016b083db5e2445e8f","name":"O\u0160 Malinska-Duba\u0161nica","url":"http:\/\/osnovnaskolamalinskadubasnica.hr\/?author=1"}]}},"_links":{"self":[{"href":"http:\/\/osnovnaskolamalinskadubasnica.hr\/index.php?rest_route=\/wp\/v2\/posts\/19421","targetHints":{"allow":["GET"]}}],"collection":[{"href":"http:\/\/osnovnaskolamalinskadubasnica.hr\/index.php?rest_route=\/wp\/v2\/posts"}],"about":[{"href":"http:\/\/osnovnaskolamalinskadubasnica.hr\/index.php?rest_route=\/wp\/v2\/types\/post"}],"author":[{"embeddable":true,"href":"http:\/\/osnovnaskolamalinskadubasnica.hr\/index.php?rest_route=\/wp\/v2\/users\/1"}],"replies":[{"embeddable":true,"href":"http:\/\/osnovnaskolamalinskadubasnica.hr\/index.php?rest_route=%2Fwp%2Fv2%2Fcomments&post=19421"}],"version-history":[{"count":2,"href":"http:\/\/osnovnaskolamalinskadubasnica.hr\/index.php?rest_route=\/wp\/v2\/posts\/19421\/revisions"}],"predecessor-version":[{"id":19423,"href":"http:\/\/osnovnaskolamalinskadubasnica.hr\/index.php?rest_route=\/wp\/v2\/posts\/19421\/revisions\/19423"}],"wp:attachment":[{"href":"http:\/\/osnovnaskolamalinskadubasnica.hr\/index.php?rest_route=%2Fwp%2Fv2%2Fmedia&parent=19421"}],"wp:term":[{"taxonomy":"category","embeddable":true,"href":"http:\/\/osnovnaskolamalinskadubasnica.hr\/index.php?rest_route=%2Fwp%2Fv2%2Fcategories&post=19421"},{"taxonomy":"post_tag","embeddable":true,"href":"http:\/\/osnovnaskolamalinskadubasnica.hr\/index.php?rest_route=%2Fwp%2Fv2%2Ftags&post=19421"}],"curies":[{"name":"wp","href":"https:\/\/api.w.org\/{rel}","templated":true}]}}