{"id":19313,"date":"2021-06-14T19:56:55","date_gmt":"2021-06-14T18:56:55","guid":{"rendered":"http:\/\/osnovnaskolamalinskadubasnica.hr\/?p=19313"},"modified":"2021-06-14T20:14:19","modified_gmt":"2021-06-14T19:14:19","slug":"u-susret-ljetu","status":"publish","type":"post","link":"http:\/\/osnovnaskolamalinskadubasnica.hr\/?p=19313","title":{"rendered":"U susret ljetu"},"content":{"rendered":"<p style=\"text-align: justify;\"><strong><a href=\"http:\/\/osnovnaskolamalinskadubasnica.hr\/wp-content\/uploads\/ljetna-priredba-web.jpg\" data-rel=\"lightbox-image-0\" data-rl_title=\"\" data-rl_caption=\"\" title=\"\"><img loading=\"lazy\" decoding=\"async\" class=\"alignleft wp-image-19314\" src=\"http:\/\/osnovnaskolamalinskadubasnica.hr\/wp-content\/uploads\/ljetna-priredba-web.jpg\" alt=\"\" width=\"272\" height=\"193\" srcset=\"http:\/\/osnovnaskolamalinskadubasnica.hr\/wp-content\/uploads\/ljetna-priredba-web.jpg 1059w, http:\/\/osnovnaskolamalinskadubasnica.hr\/wp-content\/uploads\/ljetna-priredba-web-768x545.jpg 768w\" sizes=\"auto, (max-width: 272px) 100vw, 272px\" \/><\/a><span style=\"color: #800000;\">Priredba recitatorske grupe i 3. a razreda<\/span><\/strong><\/p>\n<p style=\"text-align: justify;\"><span style=\"color: #000000;\">Veselo, ljetno i razigrano! \ud83d\ude0a Donosimo vam posebno, ljetno izdanje priredbe u\u010denika 3. a razreda koji su u susret ljetu krenuli pored mora, recitacijama i pjesmom.<\/span> \ud83d\udc99<\/p>\n<p><em><!--more--><\/em><\/p>\n<p style=\"text-align: justify;\"><span style=\"color: #000000;\">U\u010de\u0107i\u00a0 ponekad smo se mu\u010dili, a ponekad se\u00a0 i smijali svojim odgovorima, biserima. Podijelit \u0107emo s vama neke od njih, nastali prilikom rje\u0161avanja zadatka u kojem smo trebali odrediti zna\u010denje rije\u010di. \ud83d\ude0a<br \/>\n<\/span><\/p>\n<p><span style=\"color: #000000;\">MALODU\u0160AN: onaj koji ima malu du\u0161u<\/span><br \/>\n<span style=\"color: #000000;\">PRO\u0106ELAV: p\u010dela koja tra\u017ei cvijet<\/span><br \/>\n<span style=\"color: #000000;\">POMRSITI RA\u010cUNE: \u010dovjek koji mrzi ra\u010dune<\/span><br \/>\n<span style=\"color: #000000;\">KUPOPRODAJA: prodaja na Kupi<\/span><br \/>\n<span style=\"color: #000000;\">STROJOBRAVAR: \u010dovjek koji otklju\u010dava<\/span><br \/>\n<span style=\"color: #000000;\">VODOIZDA\u0160NOST: disanje pod vodom<\/span><br \/>\n<span style=\"color: #000000;\">LI\u010cILAC: onaj koji li\u010di na ne\u0161to<\/span><br \/>\n<span style=\"color: #000000;\">RUKOHVAT: lovi ruke<\/span><br \/>\n<span style=\"color: #000000;\">\u010cASTOHLEPAN: netko tko do\u0111e u zadnji \u010das<\/span><br \/>\n<span style=\"color: #000000;\">KOLOVO\u0110A: onaj koji vozi neka kola<\/span><br \/>\n<span style=\"color: #000000;\">VADI\u010cEP: \u010dovjek koji vadi \u010dep<\/span><br \/>\n<span style=\"color: #000000;\">LOVOSTAJ: lovi dok stoji<\/span><br \/>\n<span style=\"color: #000000;\">CJEPIDLAKA: \u010dovjek koji se cijepi<\/span><br \/>\n<span style=\"color: #000000;\">BAJATI:\u00a0 zlo\u010desti \u010dovjek<\/span><br \/>\n<span style=\"color: #000000;\">BRAKORAZVODNI: onaj koji razvodi ljude<\/span><br \/>\n<span style=\"color: #000000;\">DRUGORAZREDNI: u\u010denik drugog razreda<\/span><br \/>\n<span style=\"color: #000000;\">DVODNEVNI:\u00a0 dva dnevnika<\/span><br \/>\n<span style=\"color: #000000;\">VLASTORU\u010cAN: onaj koji sam radi<\/span><br \/>\n<span style=\"color: #000000;\">STAKLOPUHA\u010c: \u010disti stakla<\/span><br \/>\n<span style=\"color: #000000;\">RASPIKU\u0106A: ku\u0107a koja se raspala<\/span><br \/>\n<span style=\"color: #000000;\">DOBRO\u0106UDAN: \u010dovjek koji radi \u010duda<\/span><br \/>\n<span style=\"color: #000000;\">DUGOPRUGA\u0160: onaj koji ima dugu kosu<\/span><br \/>\n<span style=\"color: #000000;\">SAMOODGOJ: onaj koji stalno ne\u0161to jede<\/span><br \/>\n<span style=\"color: #000000;\">VODOSKOK: voda koja ska\u010de<\/span><br \/>\n<span style=\"color: #000000;\">NEISTOMI\u0160LJENIK: to je \u010dovjek koji nikada ne misli svojom glavom<\/span><br \/>\n<span style=\"color: #000000;\">NEIZBJE\u017dAN: to je \u010dovjek kojeg se mo\u017ee brzo uhvatiti<\/span><br \/>\n<span style=\"color: #000000;\">OBEZVRIJEDITI: to je \u010dovjek koji nikada nikoga ne vrije\u0111a<\/span><br \/>\n<span style=\"color: #000000;\">DOMOLJUBNI: to je \u010dovjek koji prima svih u ku\u0107u<\/span><\/p>\n<p style=\"text-align: justify;\"><span style=\"color: #000000;\">U susret ljetu poklanjamo vam\u00a0 recitacije, a od tre\u0107eg razreda opra\u0161tamo se s pjesmom Maestral.<br \/>\n<\/span><\/p>\n<p><iframe loading=\"lazy\" title=\"YouTube video player\" src=\"https:\/\/www.youtube.com\/embed\/3aAU2BiHipQ\" width=\"640\" height=\"360\" frameborder=\"0\" allowfullscreen=\"allowfullscreen\"><span style=\"display: inline-block; width: 0px; overflow: hidden; line-height: 0;\" data-mce-type=\"bookmark\" class=\"mce_SELRES_start\">\ufeff<\/span><\/iframe><\/p>\n<p><span style=\"color: #000000;\">Nastupili su:<\/span><\/p>\n<p><span style=\"color: #000000;\">Morska pjesma (Luka Kova\u010devi\u0107)<br \/>\n<\/span><span style=\"color: #000000;\">Sladoled (Korina Ko\u010di)<br \/>\n<\/span><span style=\"color: #000000;\">Sa suncem (Vid Mi\u0161kovi\u0107)<br \/>\n<\/span><span style=\"color: #000000;\">Svjetionik (Nika Luki\u0107)<br \/>\n<\/span><span style=\"color: #000000;\">\u0160koljka (Leona Petrovi\u0107)<\/span><\/p>\n<p style=\"text-align: right;\"><em><span style=\"color: #000000;\">Ivona Dundovi\u0107-Ljuti\u0107<\/span><\/em><\/p>\n","protected":false},"excerpt":{"rendered":"<p>Priredba recitatorske grupe i 3. a razreda Veselo, ljetno i razigrano! \ud83d\ude0a Donosimo vam posebno, ljetno izdanje priredbe u\u010denika 3. a razreda koji su u susret ljetu krenuli pored mora, recitacijama i pjesmom. \ud83d\udc99<\/p>\n","protected":false},"author":1,"featured_media":0,"comment_status":"closed","ping_status":"closed","sticky":false,"template":"","format":"standard","meta":{"footnotes":""},"categories":[517,441,9],"tags":[753,1075,1061],"class_list":["post-19313","post","type-post","status-publish","format-standard","hentry","category-glazba","category-video-kutak","category-vijesti","tag-ivona-dundovic-ljutic","tag-ljetna-priredba","tag-recitatorska-skupina"],"yoast_head":"<!-- This site is optimized with the Yoast SEO plugin v27.4 - https:\/\/yoast.com\/product\/yoast-seo-wordpress\/ -->\n<title>U susret ljetu - Osnovna \u0161kola Malinska-Duba\u0161nica<\/title>\n<meta name=\"robots\" content=\"index, follow, max-snippet:-1, max-image-preview:large, max-video-preview:-1\" \/>\n<link rel=\"canonical\" href=\"http:\/\/osnovnaskolamalinskadubasnica.hr\/?p=19313\" \/>\n<meta property=\"og:locale\" content=\"hr_HR\" \/>\n<meta property=\"og:type\" content=\"article\" \/>\n<meta property=\"og:title\" content=\"U susret ljetu - Osnovna \u0161kola Malinska-Duba\u0161nica\" \/>\n<meta property=\"og:description\" content=\"Priredba recitatorske grupe i 3. a razreda Veselo, ljetno i razigrano! \ud83d\ude0a Donosimo vam posebno, ljetno izdanje priredbe u\u010denika 3. a razreda koji su u susret ljetu krenuli pored mora, recitacijama i pjesmom. \ud83d\udc99\" \/>\n<meta property=\"og:url\" content=\"http:\/\/osnovnaskolamalinskadubasnica.hr\/?p=19313\" \/>\n<meta property=\"og:site_name\" content=\"Osnovna \u0161kola Malinska-Duba\u0161nica\" \/>\n<meta property=\"article:publisher\" content=\"https:\/\/www.facebook.com\/osmalinskadubasnica\/\" \/>\n<meta property=\"article:published_time\" content=\"2021-06-14T18:56:55+00:00\" \/>\n<meta property=\"article:modified_time\" content=\"2021-06-14T19:14:19+00:00\" \/>\n<meta property=\"og:image\" content=\"http:\/\/osnovnaskolamalinskadubasnica.hr\/wp-content\/uploads\/ljetna-priredba-za-FB.jpg\" \/>\n\t<meta property=\"og:image:width\" content=\"1006\" \/>\n\t<meta property=\"og:image:height\" content=\"590\" \/>\n\t<meta property=\"og:image:type\" content=\"image\/jpeg\" \/>\n<meta name=\"author\" content=\"O\u0160 Malinska-Duba\u0161nica\" \/>\n<meta name=\"twitter:card\" content=\"summary_large_image\" \/>\n<meta name=\"twitter:label1\" content=\"Napisao\/la\" \/>\n\t<meta name=\"twitter:data1\" content=\"O\u0160 Malinska-Duba\u0161nica\" \/>\n\t<meta name=\"twitter:label2\" content=\"Procijenjeno vrijeme \u010ditanja\" \/>\n\t<meta name=\"twitter:data2\" content=\"2 minute\" \/>\n<script type=\"application\/ld+json\" class=\"yoast-schema-graph\">{\"@context\":\"https:\\\/\\\/schema.org\",\"@graph\":[{\"@type\":\"Article\",\"@id\":\"http:\\\/\\\/osnovnaskolamalinskadubasnica.hr\\\/?p=19313#article\",\"isPartOf\":{\"@id\":\"http:\\\/\\\/osnovnaskolamalinskadubasnica.hr\\\/?p=19313\"},\"author\":{\"name\":\"O\u0160 Malinska-Duba\u0161nica\",\"@id\":\"http:\\\/\\\/osnovnaskolamalinskadubasnica.hr\\\/#\\\/schema\\\/person\\\/ab4ffae0c646af016b083db5e2445e8f\"},\"headline\":\"U susret ljetu\",\"datePublished\":\"2021-06-14T18:56:55+00:00\",\"dateModified\":\"2021-06-14T19:14:19+00:00\",\"mainEntityOfPage\":{\"@id\":\"http:\\\/\\\/osnovnaskolamalinskadubasnica.hr\\\/?p=19313\"},\"wordCount\":292,\"image\":{\"@id\":\"http:\\\/\\\/osnovnaskolamalinskadubasnica.hr\\\/?p=19313#primaryimage\"},\"thumbnailUrl\":\"http:\\\/\\\/osnovnaskolamalinskadubasnica.hr\\\/wp-content\\\/uploads\\\/ljetna-priredba-web.jpg\",\"keywords\":[\"Ivona Dundovi\u0107-Ljuti\u0107\",\"ljetna priredba\",\"recitatorska skupina\"],\"articleSection\":[\"Glazba\",\"Video kutak\",\"Vijesti\"],\"inLanguage\":\"hr\"},{\"@type\":\"WebPage\",\"@id\":\"http:\\\/\\\/osnovnaskolamalinskadubasnica.hr\\\/?p=19313\",\"url\":\"http:\\\/\\\/osnovnaskolamalinskadubasnica.hr\\\/?p=19313\",\"name\":\"U susret ljetu - Osnovna \u0161kola Malinska-Duba\u0161nica\",\"isPartOf\":{\"@id\":\"http:\\\/\\\/osnovnaskolamalinskadubasnica.hr\\\/#website\"},\"primaryImageOfPage\":{\"@id\":\"http:\\\/\\\/osnovnaskolamalinskadubasnica.hr\\\/?p=19313#primaryimage\"},\"image\":{\"@id\":\"http:\\\/\\\/osnovnaskolamalinskadubasnica.hr\\\/?p=19313#primaryimage\"},\"thumbnailUrl\":\"http:\\\/\\\/osnovnaskolamalinskadubasnica.hr\\\/wp-content\\\/uploads\\\/ljetna-priredba-web.jpg\",\"datePublished\":\"2021-06-14T18:56:55+00:00\",\"dateModified\":\"2021-06-14T19:14:19+00:00\",\"author\":{\"@id\":\"http:\\\/\\\/osnovnaskolamalinskadubasnica.hr\\\/#\\\/schema\\\/person\\\/ab4ffae0c646af016b083db5e2445e8f\"},\"breadcrumb\":{\"@id\":\"http:\\\/\\\/osnovnaskolamalinskadubasnica.hr\\\/?p=19313#breadcrumb\"},\"inLanguage\":\"hr\",\"potentialAction\":[{\"@type\":\"ReadAction\",\"target\":[\"http:\\\/\\\/osnovnaskolamalinskadubasnica.hr\\\/?p=19313\"]}]},{\"@type\":\"ImageObject\",\"inLanguage\":\"hr\",\"@id\":\"http:\\\/\\\/osnovnaskolamalinskadubasnica.hr\\\/?p=19313#primaryimage\",\"url\":\"http:\\\/\\\/osnovnaskolamalinskadubasnica.hr\\\/wp-content\\\/uploads\\\/ljetna-priredba-web.jpg\",\"contentUrl\":\"http:\\\/\\\/osnovnaskolamalinskadubasnica.hr\\\/wp-content\\\/uploads\\\/ljetna-priredba-web.jpg\",\"width\":1059,\"height\":752},{\"@type\":\"BreadcrumbList\",\"@id\":\"http:\\\/\\\/osnovnaskolamalinskadubasnica.hr\\\/?p=19313#breadcrumb\",\"itemListElement\":[{\"@type\":\"ListItem\",\"position\":1,\"name\":\"Po\u010detna stranica\",\"item\":\"http:\\\/\\\/osnovnaskolamalinskadubasnica.hr\\\/\"},{\"@type\":\"ListItem\",\"position\":2,\"name\":\"U susret ljetu\"}]},{\"@type\":\"WebSite\",\"@id\":\"http:\\\/\\\/osnovnaskolamalinskadubasnica.hr\\\/#website\",\"url\":\"http:\\\/\\\/osnovnaskolamalinskadubasnica.hr\\\/\",\"name\":\"Osnovna \u0161kola Malinska-Duba\u0161nica\",\"description\":\"\",\"potentialAction\":[{\"@type\":\"SearchAction\",\"target\":{\"@type\":\"EntryPoint\",\"urlTemplate\":\"http:\\\/\\\/osnovnaskolamalinskadubasnica.hr\\\/?s={search_term_string}\"},\"query-input\":{\"@type\":\"PropertyValueSpecification\",\"valueRequired\":true,\"valueName\":\"search_term_string\"}}],\"inLanguage\":\"hr\"},{\"@type\":\"Person\",\"@id\":\"http:\\\/\\\/osnovnaskolamalinskadubasnica.hr\\\/#\\\/schema\\\/person\\\/ab4ffae0c646af016b083db5e2445e8f\",\"name\":\"O\u0160 Malinska-Duba\u0161nica\",\"url\":\"http:\\\/\\\/osnovnaskolamalinskadubasnica.hr\\\/?author=1\"}]}<\/script>\n<!-- \/ Yoast SEO plugin. -->","yoast_head_json":{"title":"U susret ljetu - Osnovna \u0161kola Malinska-Duba\u0161nica","robots":{"index":"index","follow":"follow","max-snippet":"max-snippet:-1","max-image-preview":"max-image-preview:large","max-video-preview":"max-video-preview:-1"},"canonical":"http:\/\/osnovnaskolamalinskadubasnica.hr\/?p=19313","og_locale":"hr_HR","og_type":"article","og_title":"U susret ljetu - Osnovna \u0161kola Malinska-Duba\u0161nica","og_description":"Priredba recitatorske grupe i 3. a razreda Veselo, ljetno i razigrano! \ud83d\ude0a Donosimo vam posebno, ljetno izdanje priredbe u\u010denika 3. a razreda koji su u susret ljetu krenuli pored mora, recitacijama i pjesmom. \ud83d\udc99","og_url":"http:\/\/osnovnaskolamalinskadubasnica.hr\/?p=19313","og_site_name":"Osnovna \u0161kola Malinska-Duba\u0161nica","article_publisher":"https:\/\/www.facebook.com\/osmalinskadubasnica\/","article_published_time":"2021-06-14T18:56:55+00:00","article_modified_time":"2021-06-14T19:14:19+00:00","og_image":[{"width":1006,"height":590,"url":"http:\/\/osnovnaskolamalinskadubasnica.hr\/wp-content\/uploads\/ljetna-priredba-za-FB.jpg","type":"image\/jpeg"}],"author":"O\u0160 Malinska-Duba\u0161nica","twitter_card":"summary_large_image","twitter_misc":{"Napisao\/la":"O\u0160 Malinska-Duba\u0161nica","Procijenjeno vrijeme \u010ditanja":"2 minute"},"schema":{"@context":"https:\/\/schema.org","@graph":[{"@type":"Article","@id":"http:\/\/osnovnaskolamalinskadubasnica.hr\/?p=19313#article","isPartOf":{"@id":"http:\/\/osnovnaskolamalinskadubasnica.hr\/?p=19313"},"author":{"name":"O\u0160 Malinska-Duba\u0161nica","@id":"http:\/\/osnovnaskolamalinskadubasnica.hr\/#\/schema\/person\/ab4ffae0c646af016b083db5e2445e8f"},"headline":"U susret ljetu","datePublished":"2021-06-14T18:56:55+00:00","dateModified":"2021-06-14T19:14:19+00:00","mainEntityOfPage":{"@id":"http:\/\/osnovnaskolamalinskadubasnica.hr\/?p=19313"},"wordCount":292,"image":{"@id":"http:\/\/osnovnaskolamalinskadubasnica.hr\/?p=19313#primaryimage"},"thumbnailUrl":"http:\/\/osnovnaskolamalinskadubasnica.hr\/wp-content\/uploads\/ljetna-priredba-web.jpg","keywords":["Ivona Dundovi\u0107-Ljuti\u0107","ljetna priredba","recitatorska skupina"],"articleSection":["Glazba","Video kutak","Vijesti"],"inLanguage":"hr"},{"@type":"WebPage","@id":"http:\/\/osnovnaskolamalinskadubasnica.hr\/?p=19313","url":"http:\/\/osnovnaskolamalinskadubasnica.hr\/?p=19313","name":"U susret ljetu - Osnovna \u0161kola Malinska-Duba\u0161nica","isPartOf":{"@id":"http:\/\/osnovnaskolamalinskadubasnica.hr\/#website"},"primaryImageOfPage":{"@id":"http:\/\/osnovnaskolamalinskadubasnica.hr\/?p=19313#primaryimage"},"image":{"@id":"http:\/\/osnovnaskolamalinskadubasnica.hr\/?p=19313#primaryimage"},"thumbnailUrl":"http:\/\/osnovnaskolamalinskadubasnica.hr\/wp-content\/uploads\/ljetna-priredba-web.jpg","datePublished":"2021-06-14T18:56:55+00:00","dateModified":"2021-06-14T19:14:19+00:00","author":{"@id":"http:\/\/osnovnaskolamalinskadubasnica.hr\/#\/schema\/person\/ab4ffae0c646af016b083db5e2445e8f"},"breadcrumb":{"@id":"http:\/\/osnovnaskolamalinskadubasnica.hr\/?p=19313#breadcrumb"},"inLanguage":"hr","potentialAction":[{"@type":"ReadAction","target":["http:\/\/osnovnaskolamalinskadubasnica.hr\/?p=19313"]}]},{"@type":"ImageObject","inLanguage":"hr","@id":"http:\/\/osnovnaskolamalinskadubasnica.hr\/?p=19313#primaryimage","url":"http:\/\/osnovnaskolamalinskadubasnica.hr\/wp-content\/uploads\/ljetna-priredba-web.jpg","contentUrl":"http:\/\/osnovnaskolamalinskadubasnica.hr\/wp-content\/uploads\/ljetna-priredba-web.jpg","width":1059,"height":752},{"@type":"BreadcrumbList","@id":"http:\/\/osnovnaskolamalinskadubasnica.hr\/?p=19313#breadcrumb","itemListElement":[{"@type":"ListItem","position":1,"name":"Po\u010detna stranica","item":"http:\/\/osnovnaskolamalinskadubasnica.hr\/"},{"@type":"ListItem","position":2,"name":"U susret ljetu"}]},{"@type":"WebSite","@id":"http:\/\/osnovnaskolamalinskadubasnica.hr\/#website","url":"http:\/\/osnovnaskolamalinskadubasnica.hr\/","name":"Osnovna \u0161kola Malinska-Duba\u0161nica","description":"","potentialAction":[{"@type":"SearchAction","target":{"@type":"EntryPoint","urlTemplate":"http:\/\/osnovnaskolamalinskadubasnica.hr\/?s={search_term_string}"},"query-input":{"@type":"PropertyValueSpecification","valueRequired":true,"valueName":"search_term_string"}}],"inLanguage":"hr"},{"@type":"Person","@id":"http:\/\/osnovnaskolamalinskadubasnica.hr\/#\/schema\/person\/ab4ffae0c646af016b083db5e2445e8f","name":"O\u0160 Malinska-Duba\u0161nica","url":"http:\/\/osnovnaskolamalinskadubasnica.hr\/?author=1"}]}},"_links":{"self":[{"href":"http:\/\/osnovnaskolamalinskadubasnica.hr\/index.php?rest_route=\/wp\/v2\/posts\/19313","targetHints":{"allow":["GET"]}}],"collection":[{"href":"http:\/\/osnovnaskolamalinskadubasnica.hr\/index.php?rest_route=\/wp\/v2\/posts"}],"about":[{"href":"http:\/\/osnovnaskolamalinskadubasnica.hr\/index.php?rest_route=\/wp\/v2\/types\/post"}],"author":[{"embeddable":true,"href":"http:\/\/osnovnaskolamalinskadubasnica.hr\/index.php?rest_route=\/wp\/v2\/users\/1"}],"replies":[{"embeddable":true,"href":"http:\/\/osnovnaskolamalinskadubasnica.hr\/index.php?rest_route=%2Fwp%2Fv2%2Fcomments&post=19313"}],"version-history":[{"count":3,"href":"http:\/\/osnovnaskolamalinskadubasnica.hr\/index.php?rest_route=\/wp\/v2\/posts\/19313\/revisions"}],"predecessor-version":[{"id":19319,"href":"http:\/\/osnovnaskolamalinskadubasnica.hr\/index.php?rest_route=\/wp\/v2\/posts\/19313\/revisions\/19319"}],"wp:attachment":[{"href":"http:\/\/osnovnaskolamalinskadubasnica.hr\/index.php?rest_route=%2Fwp%2Fv2%2Fmedia&parent=19313"}],"wp:term":[{"taxonomy":"category","embeddable":true,"href":"http:\/\/osnovnaskolamalinskadubasnica.hr\/index.php?rest_route=%2Fwp%2Fv2%2Fcategories&post=19313"},{"taxonomy":"post_tag","embeddable":true,"href":"http:\/\/osnovnaskolamalinskadubasnica.hr\/index.php?rest_route=%2Fwp%2Fv2%2Ftags&post=19313"}],"curies":[{"name":"wp","href":"https:\/\/api.w.org\/{rel}","templated":true}]}}