{"id":18509,"date":"2021-02-04T18:10:21","date_gmt":"2021-02-04T17:10:21","guid":{"rendered":"http:\/\/osnovnaskolamalinskadubasnica.hr\/?p=18509"},"modified":"2021-02-04T18:58:15","modified_gmt":"2021-02-04T17:58:15","slug":"brini-o-sebi-budi-dobro-prozivi-covid","status":"publish","type":"post","link":"http:\/\/osnovnaskolamalinskadubasnica.hr\/?p=18509","title":{"rendered":"Brini o sebi &#8211; budi dobro &#8211; pro\u017dIVI COVID"},"content":{"rendered":"<p style=\"text-align: justify;\"><a href=\"http:\/\/osnovnaskolamalinskadubasnica.hr\/wp-content\/uploads\/brosura-brini-o-sebi.jpg\" data-rel=\"lightbox-image-0\" data-rl_title=\"\" data-rl_caption=\"\" title=\"\"><img loading=\"lazy\" decoding=\"async\" class=\"alignleft wp-image-18507\" src=\"http:\/\/osnovnaskolamalinskadubasnica.hr\/wp-content\/uploads\/brosura-brini-o-sebi.jpg\" alt=\"\" width=\"272\" height=\"210\" srcset=\"http:\/\/osnovnaskolamalinskadubasnica.hr\/wp-content\/uploads\/brosura-brini-o-sebi.jpg 772w, http:\/\/osnovnaskolamalinskadubasnica.hr\/wp-content\/uploads\/brosura-brini-o-sebi-768x592.jpg 768w\" sizes=\"auto, (max-width: 272px) 100vw, 272px\" \/><\/a><span style=\"color: #000000;\">Sredi\u0161nji dr\u017eavni ured za demografiju i mlade objavio je pou\u010dnu i zanimljivu bro\u0161uru namijenjenu mladima sa brojnim korisnim savjetima o tome kako brinuti o sebi, osje\u0107ati se bolje i \u0161to bezbolnije prevladati posljedice pandemije s kojom smo trenutno suo\u010deni.<br \/>\n<\/span><\/p>\n<p><em><!--more--><\/em><\/p>\n<p style=\"text-align: justify;\"><span style=\"color: #000000;\">Briga o sebi, o svom mentalnom zdravlju i vlastitoj dobrobiti, pomo\u0107i \u0107e vam da se osje\u0107ate bolje. Postoje razli\u010dite strategije brige o sebi koje nude razli\u010dita savjetovali\u0161ta, ustanove za brigu o djeci i mladima. Poku\u0161ajte prona\u0107i i isprobati ono \u0161to bi na vas najbolje djelovalo. Naglasci su navedeni u Bro\u0161uri Brini o sebi-budi dobro- pro\u017dIVI COVID koja je dostupna u nastavku. Tako\u0111er, u nastavku objavljujemo i letak s brojevima telefonskih linija za savjetovanje mladih koje mo\u017eete kontaktirati pozivom, sms-om ili putem WhatsApp-a.<\/span><\/p>\n<p><strong><span style=\"color: #800000;\">PREUZMITE:<\/span><\/strong><\/p>\n<ul style=\"list-style-type: circle;\">\n<li><strong><a href=\"http:\/\/osnovnaskolamalinskadubasnica.hr\/wp-content\/uploads\/mladi_hr_brosura.pdf\" target=\"_blank\" rel=\"noopener\">Bro\u0161ura Brini o sebi &#8211; budi dobro &#8211; pro\u017dIVI COVID<\/a><\/strong><\/li>\n<li><strong><a href=\"http:\/\/osnovnaskolamalinskadubasnica.hr\/wp-content\/uploads\/brojevi_telefona_photo.jpg\" target=\"_blank\" rel=\"noopener\" data-rel=\"lightbox-image-1\" data-rl_title=\"\" data-rl_caption=\"\" title=\"\">Letak s telefonskim brojevima za savjetovanje mladih<\/a><\/strong><\/li>\n<\/ul>\n<p>&nbsp;<\/p>\n","protected":false},"excerpt":{"rendered":"<p>Sredi\u0161nji dr\u017eavni ured za demografiju i mlade objavio je pou\u010dnu i zanimljivu bro\u0161uru namijenjenu mladima sa brojnim korisnim savjetima o tome kako brinuti o sebi, osje\u0107ati se bolje i \u0161to bezbolnije prevladati posljedice pandemije s kojom smo trenutno suo\u010deni.<\/p>\n","protected":false},"author":1,"featured_media":0,"comment_status":"closed","ping_status":"closed","sticky":false,"template":"","format":"standard","meta":{"footnotes":""},"categories":[30,9],"tags":[1044,1046,1045],"class_list":["post-18509","post","type-post","status-publish","format-standard","hentry","category-projekti","category-vijesti","tag-brosura","tag-mladi","tag-pandemija"],"yoast_head":"<!-- This site is optimized with the Yoast SEO plugin v27.4 - https:\/\/yoast.com\/product\/yoast-seo-wordpress\/ -->\n<title>Brini o sebi - budi dobro - pro\u017dIVI COVID - Osnovna \u0161kola Malinska-Duba\u0161nica<\/title>\n<meta name=\"robots\" content=\"index, follow, max-snippet:-1, max-image-preview:large, max-video-preview:-1\" \/>\n<link rel=\"canonical\" href=\"http:\/\/osnovnaskolamalinskadubasnica.hr\/?p=18509\" \/>\n<meta property=\"og:locale\" content=\"hr_HR\" \/>\n<meta property=\"og:type\" content=\"article\" \/>\n<meta property=\"og:title\" content=\"Brini o sebi - budi dobro - pro\u017dIVI COVID - Osnovna \u0161kola Malinska-Duba\u0161nica\" \/>\n<meta property=\"og:description\" content=\"Sredi\u0161nji dr\u017eavni ured za demografiju i mlade objavio je pou\u010dnu i zanimljivu bro\u0161uru namijenjenu mladima sa brojnim korisnim savjetima o tome kako brinuti o sebi, osje\u0107ati se bolje i \u0161to bezbolnije prevladati posljedice pandemije s kojom smo trenutno suo\u010deni.\" \/>\n<meta property=\"og:url\" content=\"http:\/\/osnovnaskolamalinskadubasnica.hr\/?p=18509\" \/>\n<meta property=\"og:site_name\" content=\"Osnovna \u0161kola Malinska-Duba\u0161nica\" \/>\n<meta property=\"article:publisher\" content=\"https:\/\/www.facebook.com\/osmalinskadubasnica\/\" \/>\n<meta property=\"article:published_time\" content=\"2021-02-04T17:10:21+00:00\" \/>\n<meta property=\"article:modified_time\" content=\"2021-02-04T17:58:15+00:00\" \/>\n<meta property=\"og:image\" content=\"http:\/\/osnovnaskolamalinskadubasnica.hr\/wp-content\/uploads\/brosura-brini-o-sebi-FB.jpg\" \/>\n\t<meta property=\"og:image:width\" content=\"1000\" \/>\n\t<meta property=\"og:image:height\" content=\"533\" \/>\n\t<meta property=\"og:image:type\" content=\"image\/jpeg\" \/>\n<meta name=\"author\" content=\"O\u0160 Malinska-Duba\u0161nica\" \/>\n<meta name=\"twitter:card\" content=\"summary_large_image\" \/>\n<meta name=\"twitter:label1\" content=\"Napisao\/la\" \/>\n\t<meta name=\"twitter:data1\" content=\"O\u0160 Malinska-Duba\u0161nica\" \/>\n\t<meta name=\"twitter:label2\" content=\"Procijenjeno vrijeme \u010ditanja\" \/>\n\t<meta name=\"twitter:data2\" content=\"1 minuta\" \/>\n<script type=\"application\/ld+json\" class=\"yoast-schema-graph\">{\"@context\":\"https:\\\/\\\/schema.org\",\"@graph\":[{\"@type\":\"Article\",\"@id\":\"http:\\\/\\\/osnovnaskolamalinskadubasnica.hr\\\/?p=18509#article\",\"isPartOf\":{\"@id\":\"http:\\\/\\\/osnovnaskolamalinskadubasnica.hr\\\/?p=18509\"},\"author\":{\"name\":\"O\u0160 Malinska-Duba\u0161nica\",\"@id\":\"http:\\\/\\\/osnovnaskolamalinskadubasnica.hr\\\/#\\\/schema\\\/person\\\/ab4ffae0c646af016b083db5e2445e8f\"},\"headline\":\"Brini o sebi &#8211; budi dobro &#8211; pro\u017dIVI COVID\",\"datePublished\":\"2021-02-04T17:10:21+00:00\",\"dateModified\":\"2021-02-04T17:58:15+00:00\",\"mainEntityOfPage\":{\"@id\":\"http:\\\/\\\/osnovnaskolamalinskadubasnica.hr\\\/?p=18509\"},\"wordCount\":169,\"image\":{\"@id\":\"http:\\\/\\\/osnovnaskolamalinskadubasnica.hr\\\/?p=18509#primaryimage\"},\"thumbnailUrl\":\"http:\\\/\\\/osnovnaskolamalinskadubasnica.hr\\\/wp-content\\\/uploads\\\/brosura-brini-o-sebi.jpg\",\"keywords\":[\"bro\u0161ura\",\"mladi\",\"pandemija\"],\"articleSection\":[\"Projekti\",\"Vijesti\"],\"inLanguage\":\"hr\"},{\"@type\":\"WebPage\",\"@id\":\"http:\\\/\\\/osnovnaskolamalinskadubasnica.hr\\\/?p=18509\",\"url\":\"http:\\\/\\\/osnovnaskolamalinskadubasnica.hr\\\/?p=18509\",\"name\":\"Brini o sebi - budi dobro - pro\u017dIVI COVID - Osnovna \u0161kola Malinska-Duba\u0161nica\",\"isPartOf\":{\"@id\":\"http:\\\/\\\/osnovnaskolamalinskadubasnica.hr\\\/#website\"},\"primaryImageOfPage\":{\"@id\":\"http:\\\/\\\/osnovnaskolamalinskadubasnica.hr\\\/?p=18509#primaryimage\"},\"image\":{\"@id\":\"http:\\\/\\\/osnovnaskolamalinskadubasnica.hr\\\/?p=18509#primaryimage\"},\"thumbnailUrl\":\"http:\\\/\\\/osnovnaskolamalinskadubasnica.hr\\\/wp-content\\\/uploads\\\/brosura-brini-o-sebi.jpg\",\"datePublished\":\"2021-02-04T17:10:21+00:00\",\"dateModified\":\"2021-02-04T17:58:15+00:00\",\"author\":{\"@id\":\"http:\\\/\\\/osnovnaskolamalinskadubasnica.hr\\\/#\\\/schema\\\/person\\\/ab4ffae0c646af016b083db5e2445e8f\"},\"breadcrumb\":{\"@id\":\"http:\\\/\\\/osnovnaskolamalinskadubasnica.hr\\\/?p=18509#breadcrumb\"},\"inLanguage\":\"hr\",\"potentialAction\":[{\"@type\":\"ReadAction\",\"target\":[\"http:\\\/\\\/osnovnaskolamalinskadubasnica.hr\\\/?p=18509\"]}]},{\"@type\":\"ImageObject\",\"inLanguage\":\"hr\",\"@id\":\"http:\\\/\\\/osnovnaskolamalinskadubasnica.hr\\\/?p=18509#primaryimage\",\"url\":\"http:\\\/\\\/osnovnaskolamalinskadubasnica.hr\\\/wp-content\\\/uploads\\\/brosura-brini-o-sebi.jpg\",\"contentUrl\":\"http:\\\/\\\/osnovnaskolamalinskadubasnica.hr\\\/wp-content\\\/uploads\\\/brosura-brini-o-sebi.jpg\",\"width\":772,\"height\":595},{\"@type\":\"BreadcrumbList\",\"@id\":\"http:\\\/\\\/osnovnaskolamalinskadubasnica.hr\\\/?p=18509#breadcrumb\",\"itemListElement\":[{\"@type\":\"ListItem\",\"position\":1,\"name\":\"Po\u010detna stranica\",\"item\":\"http:\\\/\\\/osnovnaskolamalinskadubasnica.hr\\\/\"},{\"@type\":\"ListItem\",\"position\":2,\"name\":\"Brini o sebi &#8211; budi dobro &#8211; pro\u017dIVI COVID\"}]},{\"@type\":\"WebSite\",\"@id\":\"http:\\\/\\\/osnovnaskolamalinskadubasnica.hr\\\/#website\",\"url\":\"http:\\\/\\\/osnovnaskolamalinskadubasnica.hr\\\/\",\"name\":\"Osnovna \u0161kola Malinska-Duba\u0161nica\",\"description\":\"\",\"potentialAction\":[{\"@type\":\"SearchAction\",\"target\":{\"@type\":\"EntryPoint\",\"urlTemplate\":\"http:\\\/\\\/osnovnaskolamalinskadubasnica.hr\\\/?s={search_term_string}\"},\"query-input\":{\"@type\":\"PropertyValueSpecification\",\"valueRequired\":true,\"valueName\":\"search_term_string\"}}],\"inLanguage\":\"hr\"},{\"@type\":\"Person\",\"@id\":\"http:\\\/\\\/osnovnaskolamalinskadubasnica.hr\\\/#\\\/schema\\\/person\\\/ab4ffae0c646af016b083db5e2445e8f\",\"name\":\"O\u0160 Malinska-Duba\u0161nica\",\"url\":\"http:\\\/\\\/osnovnaskolamalinskadubasnica.hr\\\/?author=1\"}]}<\/script>\n<!-- \/ Yoast SEO plugin. -->","yoast_head_json":{"title":"Brini o sebi - budi dobro - pro\u017dIVI COVID - Osnovna \u0161kola Malinska-Duba\u0161nica","robots":{"index":"index","follow":"follow","max-snippet":"max-snippet:-1","max-image-preview":"max-image-preview:large","max-video-preview":"max-video-preview:-1"},"canonical":"http:\/\/osnovnaskolamalinskadubasnica.hr\/?p=18509","og_locale":"hr_HR","og_type":"article","og_title":"Brini o sebi - budi dobro - pro\u017dIVI COVID - Osnovna \u0161kola Malinska-Duba\u0161nica","og_description":"Sredi\u0161nji dr\u017eavni ured za demografiju i mlade objavio je pou\u010dnu i zanimljivu bro\u0161uru namijenjenu mladima sa brojnim korisnim savjetima o tome kako brinuti o sebi, osje\u0107ati se bolje i \u0161to bezbolnije prevladati posljedice pandemije s kojom smo trenutno suo\u010deni.","og_url":"http:\/\/osnovnaskolamalinskadubasnica.hr\/?p=18509","og_site_name":"Osnovna \u0161kola Malinska-Duba\u0161nica","article_publisher":"https:\/\/www.facebook.com\/osmalinskadubasnica\/","article_published_time":"2021-02-04T17:10:21+00:00","article_modified_time":"2021-02-04T17:58:15+00:00","og_image":[{"width":1000,"height":533,"url":"http:\/\/osnovnaskolamalinskadubasnica.hr\/wp-content\/uploads\/brosura-brini-o-sebi-FB.jpg","type":"image\/jpeg"}],"author":"O\u0160 Malinska-Duba\u0161nica","twitter_card":"summary_large_image","twitter_misc":{"Napisao\/la":"O\u0160 Malinska-Duba\u0161nica","Procijenjeno vrijeme \u010ditanja":"1 minuta"},"schema":{"@context":"https:\/\/schema.org","@graph":[{"@type":"Article","@id":"http:\/\/osnovnaskolamalinskadubasnica.hr\/?p=18509#article","isPartOf":{"@id":"http:\/\/osnovnaskolamalinskadubasnica.hr\/?p=18509"},"author":{"name":"O\u0160 Malinska-Duba\u0161nica","@id":"http:\/\/osnovnaskolamalinskadubasnica.hr\/#\/schema\/person\/ab4ffae0c646af016b083db5e2445e8f"},"headline":"Brini o sebi &#8211; budi dobro &#8211; pro\u017dIVI COVID","datePublished":"2021-02-04T17:10:21+00:00","dateModified":"2021-02-04T17:58:15+00:00","mainEntityOfPage":{"@id":"http:\/\/osnovnaskolamalinskadubasnica.hr\/?p=18509"},"wordCount":169,"image":{"@id":"http:\/\/osnovnaskolamalinskadubasnica.hr\/?p=18509#primaryimage"},"thumbnailUrl":"http:\/\/osnovnaskolamalinskadubasnica.hr\/wp-content\/uploads\/brosura-brini-o-sebi.jpg","keywords":["bro\u0161ura","mladi","pandemija"],"articleSection":["Projekti","Vijesti"],"inLanguage":"hr"},{"@type":"WebPage","@id":"http:\/\/osnovnaskolamalinskadubasnica.hr\/?p=18509","url":"http:\/\/osnovnaskolamalinskadubasnica.hr\/?p=18509","name":"Brini o sebi - budi dobro - pro\u017dIVI COVID - Osnovna \u0161kola Malinska-Duba\u0161nica","isPartOf":{"@id":"http:\/\/osnovnaskolamalinskadubasnica.hr\/#website"},"primaryImageOfPage":{"@id":"http:\/\/osnovnaskolamalinskadubasnica.hr\/?p=18509#primaryimage"},"image":{"@id":"http:\/\/osnovnaskolamalinskadubasnica.hr\/?p=18509#primaryimage"},"thumbnailUrl":"http:\/\/osnovnaskolamalinskadubasnica.hr\/wp-content\/uploads\/brosura-brini-o-sebi.jpg","datePublished":"2021-02-04T17:10:21+00:00","dateModified":"2021-02-04T17:58:15+00:00","author":{"@id":"http:\/\/osnovnaskolamalinskadubasnica.hr\/#\/schema\/person\/ab4ffae0c646af016b083db5e2445e8f"},"breadcrumb":{"@id":"http:\/\/osnovnaskolamalinskadubasnica.hr\/?p=18509#breadcrumb"},"inLanguage":"hr","potentialAction":[{"@type":"ReadAction","target":["http:\/\/osnovnaskolamalinskadubasnica.hr\/?p=18509"]}]},{"@type":"ImageObject","inLanguage":"hr","@id":"http:\/\/osnovnaskolamalinskadubasnica.hr\/?p=18509#primaryimage","url":"http:\/\/osnovnaskolamalinskadubasnica.hr\/wp-content\/uploads\/brosura-brini-o-sebi.jpg","contentUrl":"http:\/\/osnovnaskolamalinskadubasnica.hr\/wp-content\/uploads\/brosura-brini-o-sebi.jpg","width":772,"height":595},{"@type":"BreadcrumbList","@id":"http:\/\/osnovnaskolamalinskadubasnica.hr\/?p=18509#breadcrumb","itemListElement":[{"@type":"ListItem","position":1,"name":"Po\u010detna stranica","item":"http:\/\/osnovnaskolamalinskadubasnica.hr\/"},{"@type":"ListItem","position":2,"name":"Brini o sebi &#8211; budi dobro &#8211; pro\u017dIVI COVID"}]},{"@type":"WebSite","@id":"http:\/\/osnovnaskolamalinskadubasnica.hr\/#website","url":"http:\/\/osnovnaskolamalinskadubasnica.hr\/","name":"Osnovna \u0161kola Malinska-Duba\u0161nica","description":"","potentialAction":[{"@type":"SearchAction","target":{"@type":"EntryPoint","urlTemplate":"http:\/\/osnovnaskolamalinskadubasnica.hr\/?s={search_term_string}"},"query-input":{"@type":"PropertyValueSpecification","valueRequired":true,"valueName":"search_term_string"}}],"inLanguage":"hr"},{"@type":"Person","@id":"http:\/\/osnovnaskolamalinskadubasnica.hr\/#\/schema\/person\/ab4ffae0c646af016b083db5e2445e8f","name":"O\u0160 Malinska-Duba\u0161nica","url":"http:\/\/osnovnaskolamalinskadubasnica.hr\/?author=1"}]}},"_links":{"self":[{"href":"http:\/\/osnovnaskolamalinskadubasnica.hr\/index.php?rest_route=\/wp\/v2\/posts\/18509","targetHints":{"allow":["GET"]}}],"collection":[{"href":"http:\/\/osnovnaskolamalinskadubasnica.hr\/index.php?rest_route=\/wp\/v2\/posts"}],"about":[{"href":"http:\/\/osnovnaskolamalinskadubasnica.hr\/index.php?rest_route=\/wp\/v2\/types\/post"}],"author":[{"embeddable":true,"href":"http:\/\/osnovnaskolamalinskadubasnica.hr\/index.php?rest_route=\/wp\/v2\/users\/1"}],"replies":[{"embeddable":true,"href":"http:\/\/osnovnaskolamalinskadubasnica.hr\/index.php?rest_route=%2Fwp%2Fv2%2Fcomments&post=18509"}],"version-history":[{"count":5,"href":"http:\/\/osnovnaskolamalinskadubasnica.hr\/index.php?rest_route=\/wp\/v2\/posts\/18509\/revisions"}],"predecessor-version":[{"id":18514,"href":"http:\/\/osnovnaskolamalinskadubasnica.hr\/index.php?rest_route=\/wp\/v2\/posts\/18509\/revisions\/18514"}],"wp:attachment":[{"href":"http:\/\/osnovnaskolamalinskadubasnica.hr\/index.php?rest_route=%2Fwp%2Fv2%2Fmedia&parent=18509"}],"wp:term":[{"taxonomy":"category","embeddable":true,"href":"http:\/\/osnovnaskolamalinskadubasnica.hr\/index.php?rest_route=%2Fwp%2Fv2%2Fcategories&post=18509"},{"taxonomy":"post_tag","embeddable":true,"href":"http:\/\/osnovnaskolamalinskadubasnica.hr\/index.php?rest_route=%2Fwp%2Fv2%2Ftags&post=18509"}],"curies":[{"name":"wp","href":"https:\/\/api.w.org\/{rel}","templated":true}]}}