{"id":18413,"date":"2020-12-21T14:50:51","date_gmt":"2020-12-21T13:50:51","guid":{"rendered":"http:\/\/osnovnaskolamalinskadubasnica.hr\/?p=18413"},"modified":"2020-12-21T16:14:33","modified_gmt":"2020-12-21T15:14:33","slug":"pogledajte-nasu-jubilarnu-bozicnu-priredbu-%f0%9f%92%96","status":"publish","type":"post","link":"http:\/\/osnovnaskolamalinskadubasnica.hr\/?p=18413","title":{"rendered":"Pogledajte na\u0161u jubilarnu bo\u017ei\u0107nu priredbu \ud83d\udc96"},"content":{"rendered":"<p style=\"text-align: justify;\"><a href=\"http:\/\/osnovnaskolamalinskadubasnica.hr\/wp-content\/uploads\/web-naslovnica-priredba-clanak.jpg\" data-rel=\"lightbox-image-0\" data-rl_title=\"\" data-rl_caption=\"\" title=\"\"><img loading=\"lazy\" decoding=\"async\" class=\"alignleft wp-image-18414\" src=\"http:\/\/osnovnaskolamalinskadubasnica.hr\/wp-content\/uploads\/web-naslovnica-priredba-clanak.jpg\" alt=\"\" width=\"272\" height=\"176\" srcset=\"http:\/\/osnovnaskolamalinskadubasnica.hr\/wp-content\/uploads\/web-naslovnica-priredba-clanak.jpg 886w, http:\/\/osnovnaskolamalinskadubasnica.hr\/wp-content\/uploads\/web-naslovnica-priredba-clanak-768x497.jpg 768w\" sizes=\"auto, (max-width: 272px) 100vw, 272px\" \/><\/a><span style=\"color: #000000;\">S ponosom i iznimnom rado\u0161\u0107u obavje\u0161tavamo sve nama drage ljude, prijatelje na\u0161e \u0161kole, u\u010denike, roditelje, djedove i bake da je na\u0161a jubilarna bo\u017ei\u0107na priredba spremna za gledanje. Protrljajte o\u010di, razbistrite um, otvorite srca za ono \u0161to slijedi. \ud83c\udf84 \ud83d\udc96 \ud83c\udf84 \u2728<br \/>\n<\/span><\/p>\n<p><em><!--more--><\/em><\/p>\n<p style=\"text-align: justify;\"><span style=\"color: #000000;\">U godini koja je sve samo ne uobi\u010dajena, zajedni\u010dkim smo snagama ostvarili ne\u0161to \u0161to je nadraslo sva po\u010detna o\u010dekivanja i ideje. Jo\u0161 smo u rujnu odlu\u010dili da od tradicije ne odustajemo, samo smo morali prona\u0107i na\u010din da taj cilj i ostvarimo. Desetu godinu zaredom u\u010denici na\u0161e \u0161kole sudjelovali su u projektu stvaranja novogodi\u0161njega kalendara i prigodnog scenskog programa. Suradnja s <em>Miki\u0107 grupom<\/em> koja kalendar oplemenjen u\u010deni\u010dkim radovima uru\u010duje svojim partnerima tako je proslavila svoj deseti ro\u0111endan na obostrano zadovoljstvo. Ornament kao temu ovogodi\u0161njega kalendara razradio je Predrag Znaor, u\u010ditelj Likovne kulture, a izvedbu su, osim njega, usmjeravale u\u010diteljice razredne nastave. Interpretacije teme vrlo su raznolike, a odabrani u\u010deni\u010dki radovi prava su umjetni\u010dka djela. Kao \u0161to je obi\u010daj bio svake godine do sada, u\u010deni\u010dki radovi predstavljeni su u dijelu priredbe koju smo iz \u0161kolske sportske dvorane preselili na va\u0161e ekrane.<\/span><\/p>\n<p style=\"text-align: justify;\"><span style=\"color: #000000;\">O razlozima na\u0161eg iznimnog ponosa govore i brojke, naime u ovogodi\u0161njem programu sudjeluje svih 16 razrednih odjeljenja s \u010dak 20 to\u010daka. U\u010denike razredne nastave pripremale su njihove razredne u\u010diteljice Mihaela Ko\u0161i\u0107 i \u0110ana Krn\u010devi\u0107, Iva Spiciarich i Anita \u010cemelji\u0107 Karabai\u0107, Ivona Dundovi\u0107 Ljuti\u0107 i Ana Marija \u0160viderski Jurinjak, Anamarija \u010cubrani\u0107 i Karmen Depikolozvane te u\u010diteljica produ\u017eenoga boravka Vedrana Kresi\u0107, dok su u\u010denike predmetne nastave pripremale u\u010diteljice Hrvatskoga jezika Marija Ili\u010di\u0107, Petrica Mrakov\u010di\u0107 i Simona \u0160amani\u0107 Je\u017eabek, glazbene je to\u010dke pratio na klaviru u\u010ditelj Davor Burlovi\u0107, a obradu i monta\u017eu videozapisa preuzela je Alenka \u017du\u017ei\u0107.<\/span><\/p>\n<p style=\"text-align: justify;\"><span style=\"color: #000000;\">U periodu priprema, uvje\u017ebavanja, a potom i snimanja nailazili smo na prepreke, me\u0111utim vje\u0161to smo se prilago\u0111avali novim uvjetima, u hipu nalazili rje\u0161enja i ulagali mnogo vremena i truda da sve na vrijeme napravimo.<\/span><\/p>\n<p style=\"text-align: justify;\"><span style=\"color: #000000;\">Razmi\u0161ljaju\u0107i o tome \u0161to napisati u popratnome tekstu ovoga dugoo\u010dekivanoga videouratka, odabiremo samo radost i optimizam. Nadamo se da \u0107emo na gledatelje uspjeti prenijeti barem djeli\u0107 veselja i pozitivne atmosfere koja se \u0161irila na\u0161im hodnicima tijekom snimanja.<\/span><\/p>\n<p style=\"text-align: justify;\"><span style=\"color: #000000;\">Naposljetku, prepustimo se stru\u010dnom vodstvu na\u0161ih ovogodi\u0161njih voditelja Petra Tehomili\u0107a i Laure Kralji\u0107 i krenimo u avanturu. Podsje\u0107amo da \u0107e dobrovoljni prilozi koji \u0107e se skupiti distribucijom kalendara u\u010denicima i djelatnicima \u0161kole biti usmjereni akciji <em>Teov put do prvog koraka<\/em>.<\/span><\/p>\n<p><iframe loading=\"lazy\" src=\"https:\/\/www.youtube.com\/embed\/NgktCZY9k1M\" width=\"640\" height=\"360\" frameborder=\"0\" allowfullscreen=\"allowfullscreen\"><span style=\"display: inline-block; width: 0px; overflow: hidden; line-height: 0;\" data-mce-type=\"bookmark\" class=\"mce_SELRES_start\">\ufeff<\/span><\/iframe><\/p>\n<p style=\"text-align: right;\"><em><span style=\"color: #000000;\">Simona \u0160amani\u0107 Je\u017eabek<\/span><\/em><\/p>\n<p style=\"text-align: justify;\"><strong>Va\u017eno!<\/strong> <em><span style=\"color: #800000;\">Snimanja su za pojedine to\u010dke zapo\u010dela jo\u0161 u listopadu kada su propisane mjere za\u0161tite zdravlja bile manje restriktivne. Sve su se to\u010dke realizirale na razini pojedinih razrednih odjeljenja \u0161to zna\u010di da se u\u010denici nisu mije\u0161ali. Ve\u0107ina je izvedbi snimljena u holu \u0161kole prema utvr\u0111enome rasporedu kojim nije dolazilo do susretanja u\u010denika razli\u010ditih odjeljenja ili pak u razrednim u\u010dionicama koje u\u010denici ne dijele ni sa kim. \u0160kolski su prostori odr\u017eavani u skladu s mjerama, \u010desto provjetravani i dezinficirani.<\/span><\/em><\/p>\n","protected":false},"excerpt":{"rendered":"<p>S ponosom i iznimnom rado\u0161\u0107u obavje\u0161tavamo sve nama drage ljude, prijatelje na\u0161e \u0161kole, u\u010denike, roditelje, djedove i bake da je na\u0161a jubilarna bo\u017ei\u0107na priredba spremna za gledanje. Protrljajte o\u010di, razbistrite um, otvorite srca za ono \u0161to slijedi. \ud83c\udf84 \ud83d\udc96 \ud83c\udf84 &hellip; <a href=\"http:\/\/osnovnaskolamalinskadubasnica.hr\/?p=18413\">Nastavi \u010ditati <span class=\"meta-nav\">&rarr;<\/span><\/a><\/p>\n","protected":false},"author":1,"featured_media":0,"comment_status":"closed","ping_status":"closed","sticky":false,"template":"","format":"standard","meta":{"footnotes":""},"categories":[24,30,47,441,9],"tags":[49,966,50,357,1040,1039],"class_list":["post-18413","post","type-post","status-publish","format-standard","hentry","category-dogadanja","category-projekti","category-svecanosti","category-video-kutak","category-vijesti","tag-bozic","tag-bozicna-priredba","tag-kalendar","tag-nova-godina","tag-virtualna-priredba","tag-youtube"],"yoast_head":"<!-- This site is optimized with the Yoast SEO plugin v27.4 - https:\/\/yoast.com\/product\/yoast-seo-wordpress\/ -->\n<title>Pogledajte na\u0161u jubilarnu bo\u017ei\u0107nu priredbu \ud83d\udc96 - Osnovna \u0161kola Malinska-Duba\u0161nica<\/title>\n<meta name=\"robots\" content=\"index, follow, max-snippet:-1, max-image-preview:large, max-video-preview:-1\" \/>\n<link rel=\"canonical\" href=\"http:\/\/osnovnaskolamalinskadubasnica.hr\/?p=18413\" \/>\n<meta property=\"og:locale\" content=\"hr_HR\" \/>\n<meta property=\"og:type\" content=\"article\" \/>\n<meta property=\"og:title\" content=\"Pogledajte na\u0161u jubilarnu bo\u017ei\u0107nu priredbu \ud83d\udc96 - Osnovna \u0161kola Malinska-Duba\u0161nica\" \/>\n<meta property=\"og:description\" content=\"S ponosom i iznimnom rado\u0161\u0107u obavje\u0161tavamo sve nama drage ljude, prijatelje na\u0161e \u0161kole, u\u010denike, roditelje, djedove i bake da je na\u0161a jubilarna bo\u017ei\u0107na priredba spremna za gledanje. Protrljajte o\u010di, razbistrite um, otvorite srca za ono \u0161to slijedi. \ud83c\udf84 \ud83d\udc96 \ud83c\udf84 &hellip; Nastavi \u010ditati &rarr;\" \/>\n<meta property=\"og:url\" content=\"http:\/\/osnovnaskolamalinskadubasnica.hr\/?p=18413\" \/>\n<meta property=\"og:site_name\" content=\"Osnovna \u0161kola Malinska-Duba\u0161nica\" \/>\n<meta property=\"article:publisher\" content=\"https:\/\/www.facebook.com\/osmalinskadubasnica\/\" \/>\n<meta property=\"article:published_time\" content=\"2020-12-21T13:50:51+00:00\" \/>\n<meta property=\"article:modified_time\" content=\"2020-12-21T15:14:33+00:00\" \/>\n<meta property=\"og:image\" content=\"http:\/\/osnovnaskolamalinskadubasnica.hr\/wp-content\/uploads\/web-naslovnica-priredba.jpg\" \/>\n\t<meta property=\"og:image:width\" content=\"1200\" \/>\n\t<meta property=\"og:image:height\" content=\"750\" \/>\n\t<meta property=\"og:image:type\" content=\"image\/jpeg\" \/>\n<meta name=\"author\" content=\"O\u0160 Malinska-Duba\u0161nica\" \/>\n<meta name=\"twitter:card\" content=\"summary_large_image\" \/>\n<meta name=\"twitter:label1\" content=\"Napisao\/la\" \/>\n\t<meta name=\"twitter:data1\" content=\"O\u0160 Malinska-Duba\u0161nica\" \/>\n\t<meta name=\"twitter:label2\" content=\"Procijenjeno vrijeme \u010ditanja\" \/>\n\t<meta name=\"twitter:data2\" content=\"3 minute\" \/>\n<script type=\"application\/ld+json\" class=\"yoast-schema-graph\">{\"@context\":\"https:\\\/\\\/schema.org\",\"@graph\":[{\"@type\":\"Article\",\"@id\":\"http:\\\/\\\/osnovnaskolamalinskadubasnica.hr\\\/?p=18413#article\",\"isPartOf\":{\"@id\":\"http:\\\/\\\/osnovnaskolamalinskadubasnica.hr\\\/?p=18413\"},\"author\":{\"name\":\"O\u0160 Malinska-Duba\u0161nica\",\"@id\":\"http:\\\/\\\/osnovnaskolamalinskadubasnica.hr\\\/#\\\/schema\\\/person\\\/ab4ffae0c646af016b083db5e2445e8f\"},\"headline\":\"Pogledajte na\u0161u jubilarnu bo\u017ei\u0107nu priredbu \ud83d\udc96\",\"datePublished\":\"2020-12-21T13:50:51+00:00\",\"dateModified\":\"2020-12-21T15:14:33+00:00\",\"mainEntityOfPage\":{\"@id\":\"http:\\\/\\\/osnovnaskolamalinskadubasnica.hr\\\/?p=18413\"},\"wordCount\":550,\"image\":{\"@id\":\"http:\\\/\\\/osnovnaskolamalinskadubasnica.hr\\\/?p=18413#primaryimage\"},\"thumbnailUrl\":\"http:\\\/\\\/osnovnaskolamalinskadubasnica.hr\\\/wp-content\\\/uploads\\\/web-naslovnica-priredba-clanak.jpg\",\"keywords\":[\"Bo\u017ei\u0107\",\"Bo\u017ei\u0107na priredba\",\"kalendar\",\"Nova godina\",\"virtualna priredba\",\"YouTube\"],\"articleSection\":[\"Doga\u0111anja\",\"Projekti\",\"Sve\u010danosti\",\"Video kutak\",\"Vijesti\"],\"inLanguage\":\"hr\"},{\"@type\":\"WebPage\",\"@id\":\"http:\\\/\\\/osnovnaskolamalinskadubasnica.hr\\\/?p=18413\",\"url\":\"http:\\\/\\\/osnovnaskolamalinskadubasnica.hr\\\/?p=18413\",\"name\":\"Pogledajte na\u0161u jubilarnu bo\u017ei\u0107nu priredbu \ud83d\udc96 - Osnovna \u0161kola Malinska-Duba\u0161nica\",\"isPartOf\":{\"@id\":\"http:\\\/\\\/osnovnaskolamalinskadubasnica.hr\\\/#website\"},\"primaryImageOfPage\":{\"@id\":\"http:\\\/\\\/osnovnaskolamalinskadubasnica.hr\\\/?p=18413#primaryimage\"},\"image\":{\"@id\":\"http:\\\/\\\/osnovnaskolamalinskadubasnica.hr\\\/?p=18413#primaryimage\"},\"thumbnailUrl\":\"http:\\\/\\\/osnovnaskolamalinskadubasnica.hr\\\/wp-content\\\/uploads\\\/web-naslovnica-priredba-clanak.jpg\",\"datePublished\":\"2020-12-21T13:50:51+00:00\",\"dateModified\":\"2020-12-21T15:14:33+00:00\",\"author\":{\"@id\":\"http:\\\/\\\/osnovnaskolamalinskadubasnica.hr\\\/#\\\/schema\\\/person\\\/ab4ffae0c646af016b083db5e2445e8f\"},\"breadcrumb\":{\"@id\":\"http:\\\/\\\/osnovnaskolamalinskadubasnica.hr\\\/?p=18413#breadcrumb\"},\"inLanguage\":\"hr\",\"potentialAction\":[{\"@type\":\"ReadAction\",\"target\":[\"http:\\\/\\\/osnovnaskolamalinskadubasnica.hr\\\/?p=18413\"]}]},{\"@type\":\"ImageObject\",\"inLanguage\":\"hr\",\"@id\":\"http:\\\/\\\/osnovnaskolamalinskadubasnica.hr\\\/?p=18413#primaryimage\",\"url\":\"http:\\\/\\\/osnovnaskolamalinskadubasnica.hr\\\/wp-content\\\/uploads\\\/web-naslovnica-priredba-clanak.jpg\",\"contentUrl\":\"http:\\\/\\\/osnovnaskolamalinskadubasnica.hr\\\/wp-content\\\/uploads\\\/web-naslovnica-priredba-clanak.jpg\",\"width\":886,\"height\":573},{\"@type\":\"BreadcrumbList\",\"@id\":\"http:\\\/\\\/osnovnaskolamalinskadubasnica.hr\\\/?p=18413#breadcrumb\",\"itemListElement\":[{\"@type\":\"ListItem\",\"position\":1,\"name\":\"Po\u010detna stranica\",\"item\":\"http:\\\/\\\/osnovnaskolamalinskadubasnica.hr\\\/\"},{\"@type\":\"ListItem\",\"position\":2,\"name\":\"Pogledajte na\u0161u jubilarnu bo\u017ei\u0107nu priredbu \ud83d\udc96\"}]},{\"@type\":\"WebSite\",\"@id\":\"http:\\\/\\\/osnovnaskolamalinskadubasnica.hr\\\/#website\",\"url\":\"http:\\\/\\\/osnovnaskolamalinskadubasnica.hr\\\/\",\"name\":\"Osnovna \u0161kola Malinska-Duba\u0161nica\",\"description\":\"\",\"potentialAction\":[{\"@type\":\"SearchAction\",\"target\":{\"@type\":\"EntryPoint\",\"urlTemplate\":\"http:\\\/\\\/osnovnaskolamalinskadubasnica.hr\\\/?s={search_term_string}\"},\"query-input\":{\"@type\":\"PropertyValueSpecification\",\"valueRequired\":true,\"valueName\":\"search_term_string\"}}],\"inLanguage\":\"hr\"},{\"@type\":\"Person\",\"@id\":\"http:\\\/\\\/osnovnaskolamalinskadubasnica.hr\\\/#\\\/schema\\\/person\\\/ab4ffae0c646af016b083db5e2445e8f\",\"name\":\"O\u0160 Malinska-Duba\u0161nica\",\"url\":\"http:\\\/\\\/osnovnaskolamalinskadubasnica.hr\\\/?author=1\"}]}<\/script>\n<!-- \/ Yoast SEO plugin. -->","yoast_head_json":{"title":"Pogledajte na\u0161u jubilarnu bo\u017ei\u0107nu priredbu \ud83d\udc96 - Osnovna \u0161kola Malinska-Duba\u0161nica","robots":{"index":"index","follow":"follow","max-snippet":"max-snippet:-1","max-image-preview":"max-image-preview:large","max-video-preview":"max-video-preview:-1"},"canonical":"http:\/\/osnovnaskolamalinskadubasnica.hr\/?p=18413","og_locale":"hr_HR","og_type":"article","og_title":"Pogledajte na\u0161u jubilarnu bo\u017ei\u0107nu priredbu \ud83d\udc96 - Osnovna \u0161kola Malinska-Duba\u0161nica","og_description":"S ponosom i iznimnom rado\u0161\u0107u obavje\u0161tavamo sve nama drage ljude, prijatelje na\u0161e \u0161kole, u\u010denike, roditelje, djedove i bake da je na\u0161a jubilarna bo\u017ei\u0107na priredba spremna za gledanje. Protrljajte o\u010di, razbistrite um, otvorite srca za ono \u0161to slijedi. \ud83c\udf84 \ud83d\udc96 \ud83c\udf84 &hellip; Nastavi \u010ditati &rarr;","og_url":"http:\/\/osnovnaskolamalinskadubasnica.hr\/?p=18413","og_site_name":"Osnovna \u0161kola Malinska-Duba\u0161nica","article_publisher":"https:\/\/www.facebook.com\/osmalinskadubasnica\/","article_published_time":"2020-12-21T13:50:51+00:00","article_modified_time":"2020-12-21T15:14:33+00:00","og_image":[{"width":1200,"height":750,"url":"http:\/\/osnovnaskolamalinskadubasnica.hr\/wp-content\/uploads\/web-naslovnica-priredba.jpg","type":"image\/jpeg"}],"author":"O\u0160 Malinska-Duba\u0161nica","twitter_card":"summary_large_image","twitter_misc":{"Napisao\/la":"O\u0160 Malinska-Duba\u0161nica","Procijenjeno vrijeme \u010ditanja":"3 minute"},"schema":{"@context":"https:\/\/schema.org","@graph":[{"@type":"Article","@id":"http:\/\/osnovnaskolamalinskadubasnica.hr\/?p=18413#article","isPartOf":{"@id":"http:\/\/osnovnaskolamalinskadubasnica.hr\/?p=18413"},"author":{"name":"O\u0160 Malinska-Duba\u0161nica","@id":"http:\/\/osnovnaskolamalinskadubasnica.hr\/#\/schema\/person\/ab4ffae0c646af016b083db5e2445e8f"},"headline":"Pogledajte na\u0161u jubilarnu bo\u017ei\u0107nu priredbu \ud83d\udc96","datePublished":"2020-12-21T13:50:51+00:00","dateModified":"2020-12-21T15:14:33+00:00","mainEntityOfPage":{"@id":"http:\/\/osnovnaskolamalinskadubasnica.hr\/?p=18413"},"wordCount":550,"image":{"@id":"http:\/\/osnovnaskolamalinskadubasnica.hr\/?p=18413#primaryimage"},"thumbnailUrl":"http:\/\/osnovnaskolamalinskadubasnica.hr\/wp-content\/uploads\/web-naslovnica-priredba-clanak.jpg","keywords":["Bo\u017ei\u0107","Bo\u017ei\u0107na priredba","kalendar","Nova godina","virtualna priredba","YouTube"],"articleSection":["Doga\u0111anja","Projekti","Sve\u010danosti","Video kutak","Vijesti"],"inLanguage":"hr"},{"@type":"WebPage","@id":"http:\/\/osnovnaskolamalinskadubasnica.hr\/?p=18413","url":"http:\/\/osnovnaskolamalinskadubasnica.hr\/?p=18413","name":"Pogledajte na\u0161u jubilarnu bo\u017ei\u0107nu priredbu \ud83d\udc96 - Osnovna \u0161kola Malinska-Duba\u0161nica","isPartOf":{"@id":"http:\/\/osnovnaskolamalinskadubasnica.hr\/#website"},"primaryImageOfPage":{"@id":"http:\/\/osnovnaskolamalinskadubasnica.hr\/?p=18413#primaryimage"},"image":{"@id":"http:\/\/osnovnaskolamalinskadubasnica.hr\/?p=18413#primaryimage"},"thumbnailUrl":"http:\/\/osnovnaskolamalinskadubasnica.hr\/wp-content\/uploads\/web-naslovnica-priredba-clanak.jpg","datePublished":"2020-12-21T13:50:51+00:00","dateModified":"2020-12-21T15:14:33+00:00","author":{"@id":"http:\/\/osnovnaskolamalinskadubasnica.hr\/#\/schema\/person\/ab4ffae0c646af016b083db5e2445e8f"},"breadcrumb":{"@id":"http:\/\/osnovnaskolamalinskadubasnica.hr\/?p=18413#breadcrumb"},"inLanguage":"hr","potentialAction":[{"@type":"ReadAction","target":["http:\/\/osnovnaskolamalinskadubasnica.hr\/?p=18413"]}]},{"@type":"ImageObject","inLanguage":"hr","@id":"http:\/\/osnovnaskolamalinskadubasnica.hr\/?p=18413#primaryimage","url":"http:\/\/osnovnaskolamalinskadubasnica.hr\/wp-content\/uploads\/web-naslovnica-priredba-clanak.jpg","contentUrl":"http:\/\/osnovnaskolamalinskadubasnica.hr\/wp-content\/uploads\/web-naslovnica-priredba-clanak.jpg","width":886,"height":573},{"@type":"BreadcrumbList","@id":"http:\/\/osnovnaskolamalinskadubasnica.hr\/?p=18413#breadcrumb","itemListElement":[{"@type":"ListItem","position":1,"name":"Po\u010detna stranica","item":"http:\/\/osnovnaskolamalinskadubasnica.hr\/"},{"@type":"ListItem","position":2,"name":"Pogledajte na\u0161u jubilarnu bo\u017ei\u0107nu priredbu \ud83d\udc96"}]},{"@type":"WebSite","@id":"http:\/\/osnovnaskolamalinskadubasnica.hr\/#website","url":"http:\/\/osnovnaskolamalinskadubasnica.hr\/","name":"Osnovna \u0161kola Malinska-Duba\u0161nica","description":"","potentialAction":[{"@type":"SearchAction","target":{"@type":"EntryPoint","urlTemplate":"http:\/\/osnovnaskolamalinskadubasnica.hr\/?s={search_term_string}"},"query-input":{"@type":"PropertyValueSpecification","valueRequired":true,"valueName":"search_term_string"}}],"inLanguage":"hr"},{"@type":"Person","@id":"http:\/\/osnovnaskolamalinskadubasnica.hr\/#\/schema\/person\/ab4ffae0c646af016b083db5e2445e8f","name":"O\u0160 Malinska-Duba\u0161nica","url":"http:\/\/osnovnaskolamalinskadubasnica.hr\/?author=1"}]}},"_links":{"self":[{"href":"http:\/\/osnovnaskolamalinskadubasnica.hr\/index.php?rest_route=\/wp\/v2\/posts\/18413","targetHints":{"allow":["GET"]}}],"collection":[{"href":"http:\/\/osnovnaskolamalinskadubasnica.hr\/index.php?rest_route=\/wp\/v2\/posts"}],"about":[{"href":"http:\/\/osnovnaskolamalinskadubasnica.hr\/index.php?rest_route=\/wp\/v2\/types\/post"}],"author":[{"embeddable":true,"href":"http:\/\/osnovnaskolamalinskadubasnica.hr\/index.php?rest_route=\/wp\/v2\/users\/1"}],"replies":[{"embeddable":true,"href":"http:\/\/osnovnaskolamalinskadubasnica.hr\/index.php?rest_route=%2Fwp%2Fv2%2Fcomments&post=18413"}],"version-history":[{"count":4,"href":"http:\/\/osnovnaskolamalinskadubasnica.hr\/index.php?rest_route=\/wp\/v2\/posts\/18413\/revisions"}],"predecessor-version":[{"id":18419,"href":"http:\/\/osnovnaskolamalinskadubasnica.hr\/index.php?rest_route=\/wp\/v2\/posts\/18413\/revisions\/18419"}],"wp:attachment":[{"href":"http:\/\/osnovnaskolamalinskadubasnica.hr\/index.php?rest_route=%2Fwp%2Fv2%2Fmedia&parent=18413"}],"wp:term":[{"taxonomy":"category","embeddable":true,"href":"http:\/\/osnovnaskolamalinskadubasnica.hr\/index.php?rest_route=%2Fwp%2Fv2%2Fcategories&post=18413"},{"taxonomy":"post_tag","embeddable":true,"href":"http:\/\/osnovnaskolamalinskadubasnica.hr\/index.php?rest_route=%2Fwp%2Fv2%2Ftags&post=18413"}],"curies":[{"name":"wp","href":"https:\/\/api.w.org\/{rel}","templated":true}]}}