{"id":17125,"date":"2019-12-09T21:13:06","date_gmt":"2019-12-09T21:13:06","guid":{"rendered":"http:\/\/osnovnaskolamalinskadubasnica.hr\/?p=17125"},"modified":"2019-12-09T21:14:00","modified_gmt":"2019-12-09T21:14:00","slug":"stella-novak-prva-na-kickboxing-prvenstvu-osnovnih-skola-primorsko-goranske-zupanije","status":"publish","type":"post","link":"http:\/\/osnovnaskolamalinskadubasnica.hr\/?p=17125","title":{"rendered":"Stella Novak prva na Kickboxing prvenstvu osnovnih \u0161kola Primorsko-goranske \u017eupanije"},"content":{"rendered":"<p style=\"text-align: justify;\"><a href=\"http:\/\/osnovnaskolamalinskadubasnica.hr\/wp-content\/uploads\/kickboxing-2019.jpg\" data-rel=\"lightbox-image-0\" data-rl_title=\"\" data-rl_caption=\"\" title=\"\"><img loading=\"lazy\" decoding=\"async\" class=\"alignleft wp-image-17123\" src=\"http:\/\/osnovnaskolamalinskadubasnica.hr\/wp-content\/uploads\/kickboxing-2019.jpg\" alt=\"\" width=\"272\" height=\"204\" srcset=\"http:\/\/osnovnaskolamalinskadubasnica.hr\/wp-content\/uploads\/kickboxing-2019.jpg 846w, http:\/\/osnovnaskolamalinskadubasnica.hr\/wp-content\/uploads\/kickboxing-2019-768x576.jpg 768w\" sizes=\"auto, (max-width: 272px) 100vw, 272px\" \/><\/a><span style=\"color: #000000;\">Stella Novak, u\u010denica 8.a razreda na\u0161e \u0161kole i \u010dlanica Kickboxing kluba Malinska osvojila je prvo mjesto na Kickboxing prvenstvu \u0161kolskih sportskih dru\u0161tava Primorsko-goranske \u017eupanije. <\/span><\/p>\n<p><span style=\"color: #000000;\">\u010cestitke!!! \ud83c\udfc6 \ud83d\ude0a\u00a0\u2764\ufe0f<\/span><\/p>\n<p><em><!--more--><\/em><\/p>\n<p style=\"text-align: justify;\"><span style=\"color: #000000;\">Natjecanje je odr\u017eano u disciplini point fighting za u\u010denike osnovnih \u0161kola, a Stella je nastupila u skupini do 60 kg. Tako je ponovila svoj pro\u0161logodi\u0161nji uspjeh kada je bila prva do 50 kg. Odli\u010dne su bile i u\u010denice Paola Ivana Medved, iz 5.b razreda koja je<b> <\/b>osvojila broncu te Jelena Dundovi\u0107 iz 5.a razreda koja je zauzela peto mjesto<b>. <\/b>One su<b> <\/b>nastupile u skupini do 37 kg. <\/span><\/p>\n<p style=\"text-align: justify;\"><span style=\"color: #000000;\">Prvenstvo je odr\u017eano u subotu 7. prosinca u Rijeci u sportskoj dvorani O\u0160 Gornja Ve\u017eica. Nastupilo je 57 natjecatelja iz 20 osnovnih \u0161kola PG\u017d. Na\u0161e u\u010denice je vodio njihov trener i u\u010ditelj Predrag Znaor.<\/span><\/p>\n<p><strong><span style=\"color: #800000;\">FOTOGALERIJA:<\/span><\/strong><\/p>\n<div id='gallery-1' class='gallery galleryid-17125 gallery-columns-3 gallery-size-thumbnail'><dl class='gallery-item'>\n\t\t\t<dt class='gallery-icon landscape'>\n\t\t\t\t<a href='http:\/\/osnovnaskolamalinskadubasnica.hr\/wp-content\/uploads\/1-Predrag-Znaor-KBK-Malinska-\u0160kP-PG\u017d-Rijeka-7.12.2019-2-ii.jpg' title=\"\" data-rl_title=\"\" class=\"rl-gallery-link\" data-rl_caption=\"\" data-rel=\"lightbox-gallery-1\"><img loading=\"lazy\" decoding=\"async\" width=\"150\" height=\"150\" src=\"http:\/\/osnovnaskolamalinskadubasnica.hr\/wp-content\/uploads\/1-Predrag-Znaor-KBK-Malinska-\u0160kP-PG\u017d-Rijeka-7.12.2019-2-ii-150x150.jpg\" class=\"attachment-thumbnail size-thumbnail\" alt=\"\" \/><\/a>\n\t\t\t<\/dt><\/dl><dl class='gallery-item'>\n\t\t\t<dt class='gallery-icon portrait'>\n\t\t\t\t<a href='http:\/\/osnovnaskolamalinskadubasnica.hr\/wp-content\/uploads\/4-Paola-Ivana-Medved-Ema-Be\u0107irba\u0161i\u0107-\u0160kP-PG\u017d-Rijeka-7.12.2019-5-i.jpg' title=\"\" data-rl_title=\"\" class=\"rl-gallery-link\" data-rl_caption=\"\" data-rel=\"lightbox-gallery-1\"><img loading=\"lazy\" decoding=\"async\" width=\"150\" height=\"150\" src=\"http:\/\/osnovnaskolamalinskadubasnica.hr\/wp-content\/uploads\/4-Paola-Ivana-Medved-Ema-Be\u0107irba\u0161i\u0107-\u0160kP-PG\u017d-Rijeka-7.12.2019-5-i-150x150.jpg\" class=\"attachment-thumbnail size-thumbnail\" alt=\"\" \/><\/a>\n\t\t\t<\/dt><\/dl><dl class='gallery-item'>\n\t\t\t<dt class='gallery-icon landscape'>\n\t\t\t\t<a href='http:\/\/osnovnaskolamalinskadubasnica.hr\/wp-content\/uploads\/5-Jelena-Dundovi\u0107-Eva-Bedi-\u0160kP-PG\u017d-Rijeka-7.12.2019-3.jpg' title=\"\" data-rl_title=\"\" class=\"rl-gallery-link\" data-rl_caption=\"\" data-rel=\"lightbox-gallery-1\"><img loading=\"lazy\" decoding=\"async\" width=\"150\" height=\"150\" src=\"http:\/\/osnovnaskolamalinskadubasnica.hr\/wp-content\/uploads\/5-Jelena-Dundovi\u0107-Eva-Bedi-\u0160kP-PG\u017d-Rijeka-7.12.2019-3-150x150.jpg\" class=\"attachment-thumbnail size-thumbnail\" alt=\"\" \/><\/a>\n\t\t\t<\/dt><\/dl><br style=\"clear: both\" \/><dl class='gallery-item'>\n\t\t\t<dt class='gallery-icon landscape'>\n\t\t\t\t<a href='http:\/\/osnovnaskolamalinskadubasnica.hr\/wp-content\/uploads\/7-Stella-Novak-Isabelle-Mandrapa-\u0160kP-PG\u017d-Rijeka-7.12.2019-3.jpg' title=\"\" data-rl_title=\"\" class=\"rl-gallery-link\" data-rl_caption=\"\" data-rel=\"lightbox-gallery-1\"><img loading=\"lazy\" decoding=\"async\" width=\"150\" height=\"150\" src=\"http:\/\/osnovnaskolamalinskadubasnica.hr\/wp-content\/uploads\/7-Stella-Novak-Isabelle-Mandrapa-\u0160kP-PG\u017d-Rijeka-7.12.2019-3-150x150.jpg\" class=\"attachment-thumbnail size-thumbnail\" alt=\"\" \/><\/a>\n\t\t\t<\/dt><\/dl><dl class='gallery-item'>\n\t\t\t<dt class='gallery-icon landscape'>\n\t\t\t\t<a href='http:\/\/osnovnaskolamalinskadubasnica.hr\/wp-content\/uploads\/8-Stella-Novak-Isabelle-Mandrapa-\u0160kP-PG\u017d-Rijeka-7.12.2019-10.jpg' title=\"\" data-rl_title=\"\" class=\"rl-gallery-link\" data-rl_caption=\"\" data-rel=\"lightbox-gallery-1\"><img loading=\"lazy\" decoding=\"async\" width=\"150\" height=\"150\" src=\"http:\/\/osnovnaskolamalinskadubasnica.hr\/wp-content\/uploads\/8-Stella-Novak-Isabelle-Mandrapa-\u0160kP-PG\u017d-Rijeka-7.12.2019-10-150x150.jpg\" class=\"attachment-thumbnail size-thumbnail\" alt=\"\" \/><\/a>\n\t\t\t<\/dt><\/dl><dl class='gallery-item'>\n\t\t\t<dt class='gallery-icon portrait'>\n\t\t\t\t<a href='http:\/\/osnovnaskolamalinskadubasnica.hr\/wp-content\/uploads\/16-Paola-Ivana-Medved-Ema-Be\u0107irba\u0161i\u0107-\u0160kP-PG\u017d-Rijeka-7.12.2019-10.jpg' title=\"\" data-rl_title=\"\" class=\"rl-gallery-link\" data-rl_caption=\"\" data-rel=\"lightbox-gallery-1\"><img loading=\"lazy\" decoding=\"async\" width=\"150\" height=\"150\" src=\"http:\/\/osnovnaskolamalinskadubasnica.hr\/wp-content\/uploads\/16-Paola-Ivana-Medved-Ema-Be\u0107irba\u0161i\u0107-\u0160kP-PG\u017d-Rijeka-7.12.2019-10-150x150.jpg\" class=\"attachment-thumbnail size-thumbnail\" alt=\"\" \/><\/a>\n\t\t\t<\/dt><\/dl><br style=\"clear: both\" \/><dl class='gallery-item'>\n\t\t\t<dt class='gallery-icon landscape'>\n\t\t\t\t<a href='http:\/\/osnovnaskolamalinskadubasnica.hr\/wp-content\/uploads\/19-Paola-Ivana-Medved-Ema-Be\u0107irba\u0161i\u0107-\u0160kP-PG\u017d-Rijeka-7.12.2019-19-i.jpg' title=\"\" data-rl_title=\"\" class=\"rl-gallery-link\" data-rl_caption=\"\" data-rel=\"lightbox-gallery-1\"><img loading=\"lazy\" decoding=\"async\" width=\"150\" height=\"150\" src=\"http:\/\/osnovnaskolamalinskadubasnica.hr\/wp-content\/uploads\/19-Paola-Ivana-Medved-Ema-Be\u0107irba\u0161i\u0107-\u0160kP-PG\u017d-Rijeka-7.12.2019-19-i-150x150.jpg\" class=\"attachment-thumbnail size-thumbnail\" alt=\"\" \/><\/a>\n\t\t\t<\/dt><\/dl><dl class='gallery-item'>\n\t\t\t<dt class='gallery-icon landscape'>\n\t\t\t\t<a href='http:\/\/osnovnaskolamalinskadubasnica.hr\/wp-content\/uploads\/20-Paola-Ivana-Medved-Ema-Be\u0107irba\u0161i\u0107-\u0160kP-PG\u017d-Rijeka-7.12.2019-21.jpg' title=\"\" data-rl_title=\"\" class=\"rl-gallery-link\" data-rl_caption=\"\" data-rel=\"lightbox-gallery-1\"><img loading=\"lazy\" decoding=\"async\" width=\"150\" height=\"150\" src=\"http:\/\/osnovnaskolamalinskadubasnica.hr\/wp-content\/uploads\/20-Paola-Ivana-Medved-Ema-Be\u0107irba\u0161i\u0107-\u0160kP-PG\u017d-Rijeka-7.12.2019-21-150x150.jpg\" class=\"attachment-thumbnail size-thumbnail\" alt=\"\" \/><\/a>\n\t\t\t<\/dt><\/dl><dl class='gallery-item'>\n\t\t\t<dt class='gallery-icon landscape'>\n\t\t\t\t<a href='http:\/\/osnovnaskolamalinskadubasnica.hr\/wp-content\/uploads\/26-Jelena-Dundovi\u0107-Eva-Bedi-\u0160kP-PG\u017d-Rijeka-7.12.2019-8.jpg' title=\"\" data-rl_title=\"\" class=\"rl-gallery-link\" data-rl_caption=\"\" data-rel=\"lightbox-gallery-1\"><img loading=\"lazy\" decoding=\"async\" width=\"150\" height=\"150\" src=\"http:\/\/osnovnaskolamalinskadubasnica.hr\/wp-content\/uploads\/26-Jelena-Dundovi\u0107-Eva-Bedi-\u0160kP-PG\u017d-Rijeka-7.12.2019-8-150x150.jpg\" class=\"attachment-thumbnail size-thumbnail\" alt=\"\" \/><\/a>\n\t\t\t<\/dt><\/dl><br style=\"clear: both\" \/><dl class='gallery-item'>\n\t\t\t<dt class='gallery-icon landscape'>\n\t\t\t\t<a href='http:\/\/osnovnaskolamalinskadubasnica.hr\/wp-content\/uploads\/27-Jelena-Dundovi\u0107-Eva-Bedi-\u0160kP-PG\u017d-Rijeka-7.12.2019-9.jpg' title=\"\" data-rl_title=\"\" class=\"rl-gallery-link\" data-rl_caption=\"\" data-rel=\"lightbox-gallery-1\"><img loading=\"lazy\" decoding=\"async\" width=\"150\" height=\"150\" src=\"http:\/\/osnovnaskolamalinskadubasnica.hr\/wp-content\/uploads\/27-Jelena-Dundovi\u0107-Eva-Bedi-\u0160kP-PG\u017d-Rijeka-7.12.2019-9-150x150.jpg\" class=\"attachment-thumbnail size-thumbnail\" alt=\"\" \/><\/a>\n\t\t\t<\/dt><\/dl><dl class='gallery-item'>\n\t\t\t<dt class='gallery-icon landscape'>\n\t\t\t\t<a href='http:\/\/osnovnaskolamalinskadubasnica.hr\/wp-content\/uploads\/29-O\u0160-Malinska-Duba\u0161nica-\u0160kP-PG\u017d-Rijeka-7.12.2019-1.jpg' title=\"\" data-rl_title=\"\" class=\"rl-gallery-link\" data-rl_caption=\"\" data-rel=\"lightbox-gallery-1\"><img loading=\"lazy\" decoding=\"async\" width=\"150\" height=\"150\" src=\"http:\/\/osnovnaskolamalinskadubasnica.hr\/wp-content\/uploads\/29-O\u0160-Malinska-Duba\u0161nica-\u0160kP-PG\u017d-Rijeka-7.12.2019-1-150x150.jpg\" class=\"attachment-thumbnail size-thumbnail\" alt=\"\" \/><\/a>\n\t\t\t<\/dt><\/dl><dl class='gallery-item'>\n\t\t\t<dt class='gallery-icon landscape'>\n\t\t\t\t<a href='http:\/\/osnovnaskolamalinskadubasnica.hr\/wp-content\/uploads\/28-Jelena-i-Paola-\u017d-37-kg-\u0160kP-PG\u017d-Rijeka-7.12.2019-2.jpg' title=\"\" data-rl_title=\"\" class=\"rl-gallery-link\" data-rl_caption=\"\" data-rel=\"lightbox-gallery-1\"><img loading=\"lazy\" decoding=\"async\" width=\"150\" height=\"150\" src=\"http:\/\/osnovnaskolamalinskadubasnica.hr\/wp-content\/uploads\/28-Jelena-i-Paola-\u017d-37-kg-\u0160kP-PG\u017d-Rijeka-7.12.2019-2-150x150.jpg\" class=\"attachment-thumbnail size-thumbnail\" alt=\"\" \/><\/a>\n\t\t\t<\/dt><\/dl><br style=\"clear: both\" \/><dl class='gallery-item'>\n\t\t\t<dt class='gallery-icon landscape'>\n\t\t\t\t<a href='http:\/\/osnovnaskolamalinskadubasnica.hr\/wp-content\/uploads\/31-\u0160kolsko-prvenstvo-PG\u017d-G.Ve\u017eica-Rijeka-7.12.2019-9.jpg' title=\"\" data-rl_title=\"\" class=\"rl-gallery-link\" data-rl_caption=\"\" data-rel=\"lightbox-gallery-1\"><img loading=\"lazy\" decoding=\"async\" width=\"150\" height=\"150\" src=\"http:\/\/osnovnaskolamalinskadubasnica.hr\/wp-content\/uploads\/31-\u0160kolsko-prvenstvo-PG\u017d-G.Ve\u017eica-Rijeka-7.12.2019-9-150x150.jpg\" class=\"attachment-thumbnail size-thumbnail\" alt=\"\" \/><\/a>\n\t\t\t<\/dt><\/dl><dl class='gallery-item'>\n\t\t\t<dt class='gallery-icon landscape'>\n\t\t\t\t<a href='http:\/\/osnovnaskolamalinskadubasnica.hr\/wp-content\/uploads\/34-Predrag-Znaor-KBK-Malinska-\u0160kP-PG\u017d-Rijeka-7.12.2019-4.jpg' title=\"\" data-rl_title=\"\" class=\"rl-gallery-link\" data-rl_caption=\"\" data-rel=\"lightbox-gallery-1\"><img loading=\"lazy\" decoding=\"async\" width=\"150\" height=\"150\" src=\"http:\/\/osnovnaskolamalinskadubasnica.hr\/wp-content\/uploads\/34-Predrag-Znaor-KBK-Malinska-\u0160kP-PG\u017d-Rijeka-7.12.2019-4-150x150.jpg\" class=\"attachment-thumbnail size-thumbnail\" alt=\"\" \/><\/a>\n\t\t\t<\/dt><\/dl><dl class='gallery-item'>\n\t\t\t<dt class='gallery-icon landscape'>\n\t\t\t\t<a href='http:\/\/osnovnaskolamalinskadubasnica.hr\/wp-content\/uploads\/33-KBK-Malinska-\u0160kP-PG\u017d-Rijeka-7.12.2019-1-i.jpg' title=\"\" data-rl_title=\"\" class=\"rl-gallery-link\" data-rl_caption=\"\" data-rel=\"lightbox-gallery-1\"><img loading=\"lazy\" decoding=\"async\" width=\"150\" height=\"150\" src=\"http:\/\/osnovnaskolamalinskadubasnica.hr\/wp-content\/uploads\/33-KBK-Malinska-\u0160kP-PG\u017d-Rijeka-7.12.2019-1-i-150x150.jpg\" class=\"attachment-thumbnail size-thumbnail\" alt=\"\" \/><\/a>\n\t\t\t<\/dt><\/dl><br style=\"clear: both\" \/>\n\t\t<\/div>\n\n","protected":false},"excerpt":{"rendered":"<p>Stella Novak, u\u010denica 8.a razreda na\u0161e \u0161kole i \u010dlanica Kickboxing kluba Malinska osvojila je prvo mjesto na Kickboxing prvenstvu \u0161kolskih sportskih dru\u0161tava Primorsko-goranske \u017eupanije. \u010cestitke!!! \ud83c\udfc6 \ud83d\ude0a\u00a0\u2764\ufe0f<\/p>\n","protected":false},"author":1,"featured_media":0,"comment_status":"closed","ping_status":"closed","sticky":false,"template":"","format":"standard","meta":{"footnotes":""},"categories":[19,9],"tags":[965,69,803,118,964],"class_list":["post-17125","post","type-post","status-publish","format-standard","hentry","category-sport-2","category-vijesti","tag-jelena-dundovic","tag-kickboxing","tag-paola-ivana-medved","tag-predrag-znaor","tag-stella-novak"],"yoast_head":"<!-- This site is optimized with the Yoast SEO plugin v27.5 - https:\/\/yoast.com\/product\/yoast-seo-wordpress\/ -->\n<title>Stella Novak prva na Kickboxing prvenstvu osnovnih \u0161kola Primorsko-goranske \u017eupanije - Osnovna \u0161kola Malinska-Duba\u0161nica<\/title>\n<meta name=\"robots\" content=\"index, follow, max-snippet:-1, max-image-preview:large, max-video-preview:-1\" \/>\n<link rel=\"canonical\" href=\"https:\/\/osnovnaskolamalinskadubasnica.hr\/?p=17125\" \/>\n<meta property=\"og:locale\" content=\"hr_HR\" \/>\n<meta property=\"og:type\" content=\"article\" \/>\n<meta property=\"og:title\" content=\"Stella Novak prva na Kickboxing prvenstvu osnovnih \u0161kola Primorsko-goranske \u017eupanije - Osnovna \u0161kola Malinska-Duba\u0161nica\" \/>\n<meta property=\"og:description\" content=\"Stella Novak, u\u010denica 8.a razreda na\u0161e \u0161kole i \u010dlanica Kickboxing kluba Malinska osvojila je prvo mjesto na Kickboxing prvenstvu \u0161kolskih sportskih dru\u0161tava Primorsko-goranske \u017eupanije. \u010cestitke!!! \ud83c\udfc6 \ud83d\ude0a\u00a0\u2764\ufe0f\" \/>\n<meta property=\"og:url\" content=\"https:\/\/osnovnaskolamalinskadubasnica.hr\/?p=17125\" \/>\n<meta property=\"og:site_name\" content=\"Osnovna \u0161kola Malinska-Duba\u0161nica\" \/>\n<meta property=\"article:publisher\" content=\"https:\/\/www.facebook.com\/osmalinskadubasnica\/\" \/>\n<meta property=\"article:published_time\" content=\"2019-12-09T21:13:06+00:00\" \/>\n<meta property=\"article:modified_time\" content=\"2019-12-09T21:14:00+00:00\" \/>\n<meta property=\"og:image\" content=\"https:\/\/osnovnaskolamalinskadubasnica.hr\/wp-content\/uploads\/kickboxing-pgz-fb.jpg\" \/>\n\t<meta property=\"og:image:width\" content=\"850\" \/>\n\t<meta property=\"og:image:height\" content=\"515\" \/>\n\t<meta property=\"og:image:type\" content=\"image\/jpeg\" \/>\n<meta name=\"author\" content=\"O\u0160 Malinska-Duba\u0161nica\" \/>\n<meta name=\"twitter:card\" content=\"summary_large_image\" \/>\n<meta name=\"twitter:label1\" content=\"Napisao\/la\" \/>\n\t<meta name=\"twitter:data1\" content=\"O\u0160 Malinska-Duba\u0161nica\" \/>\n\t<meta name=\"twitter:label2\" content=\"Procijenjeno vrijeme \u010ditanja\" \/>\n\t<meta name=\"twitter:data2\" content=\"1 minuta\" \/>\n<script type=\"application\/ld+json\" class=\"yoast-schema-graph\">{\"@context\":\"https:\\\/\\\/schema.org\",\"@graph\":[{\"@type\":\"Article\",\"@id\":\"https:\\\/\\\/osnovnaskolamalinskadubasnica.hr\\\/?p=17125#article\",\"isPartOf\":{\"@id\":\"https:\\\/\\\/osnovnaskolamalinskadubasnica.hr\\\/?p=17125\"},\"author\":{\"name\":\"O\u0160 Malinska-Duba\u0161nica\",\"@id\":\"http:\\\/\\\/osnovnaskolamalinskadubasnica.hr\\\/#\\\/schema\\\/person\\\/ab4ffae0c646af016b083db5e2445e8f\"},\"headline\":\"Stella Novak prva na Kickboxing prvenstvu osnovnih \u0161kola Primorsko-goranske \u017eupanije\",\"datePublished\":\"2019-12-09T21:13:06+00:00\",\"dateModified\":\"2019-12-09T21:14:00+00:00\",\"mainEntityOfPage\":{\"@id\":\"https:\\\/\\\/osnovnaskolamalinskadubasnica.hr\\\/?p=17125\"},\"wordCount\":147,\"image\":{\"@id\":\"https:\\\/\\\/osnovnaskolamalinskadubasnica.hr\\\/?p=17125#primaryimage\"},\"thumbnailUrl\":\"http:\\\/\\\/osnovnaskolamalinskadubasnica.hr\\\/wp-content\\\/uploads\\\/kickboxing-2019.jpg\",\"keywords\":[\"Jelena Dundovi\u0107\",\"kickboxing\",\"Paola Ivana Medved\",\"Predrag Znaor\",\"Stella Novak\"],\"articleSection\":[\"Sport\",\"Vijesti\"],\"inLanguage\":\"hr\"},{\"@type\":\"WebPage\",\"@id\":\"https:\\\/\\\/osnovnaskolamalinskadubasnica.hr\\\/?p=17125\",\"url\":\"https:\\\/\\\/osnovnaskolamalinskadubasnica.hr\\\/?p=17125\",\"name\":\"Stella Novak prva na Kickboxing prvenstvu osnovnih \u0161kola Primorsko-goranske \u017eupanije - Osnovna \u0161kola Malinska-Duba\u0161nica\",\"isPartOf\":{\"@id\":\"http:\\\/\\\/osnovnaskolamalinskadubasnica.hr\\\/#website\"},\"primaryImageOfPage\":{\"@id\":\"https:\\\/\\\/osnovnaskolamalinskadubasnica.hr\\\/?p=17125#primaryimage\"},\"image\":{\"@id\":\"https:\\\/\\\/osnovnaskolamalinskadubasnica.hr\\\/?p=17125#primaryimage\"},\"thumbnailUrl\":\"http:\\\/\\\/osnovnaskolamalinskadubasnica.hr\\\/wp-content\\\/uploads\\\/kickboxing-2019.jpg\",\"datePublished\":\"2019-12-09T21:13:06+00:00\",\"dateModified\":\"2019-12-09T21:14:00+00:00\",\"author\":{\"@id\":\"http:\\\/\\\/osnovnaskolamalinskadubasnica.hr\\\/#\\\/schema\\\/person\\\/ab4ffae0c646af016b083db5e2445e8f\"},\"breadcrumb\":{\"@id\":\"https:\\\/\\\/osnovnaskolamalinskadubasnica.hr\\\/?p=17125#breadcrumb\"},\"inLanguage\":\"hr\",\"potentialAction\":[{\"@type\":\"ReadAction\",\"target\":[\"https:\\\/\\\/osnovnaskolamalinskadubasnica.hr\\\/?p=17125\"]}]},{\"@type\":\"ImageObject\",\"inLanguage\":\"hr\",\"@id\":\"https:\\\/\\\/osnovnaskolamalinskadubasnica.hr\\\/?p=17125#primaryimage\",\"url\":\"http:\\\/\\\/osnovnaskolamalinskadubasnica.hr\\\/wp-content\\\/uploads\\\/kickboxing-2019.jpg\",\"contentUrl\":\"http:\\\/\\\/osnovnaskolamalinskadubasnica.hr\\\/wp-content\\\/uploads\\\/kickboxing-2019.jpg\"},{\"@type\":\"BreadcrumbList\",\"@id\":\"https:\\\/\\\/osnovnaskolamalinskadubasnica.hr\\\/?p=17125#breadcrumb\",\"itemListElement\":[{\"@type\":\"ListItem\",\"position\":1,\"name\":\"Po\u010detna stranica\",\"item\":\"http:\\\/\\\/osnovnaskolamalinskadubasnica.hr\\\/\"},{\"@type\":\"ListItem\",\"position\":2,\"name\":\"Stella Novak prva na Kickboxing prvenstvu osnovnih \u0161kola Primorsko-goranske \u017eupanije\"}]},{\"@type\":\"WebSite\",\"@id\":\"http:\\\/\\\/osnovnaskolamalinskadubasnica.hr\\\/#website\",\"url\":\"http:\\\/\\\/osnovnaskolamalinskadubasnica.hr\\\/\",\"name\":\"Osnovna \u0161kola Malinska-Duba\u0161nica\",\"description\":\"\",\"potentialAction\":[{\"@type\":\"SearchAction\",\"target\":{\"@type\":\"EntryPoint\",\"urlTemplate\":\"http:\\\/\\\/osnovnaskolamalinskadubasnica.hr\\\/?s={search_term_string}\"},\"query-input\":{\"@type\":\"PropertyValueSpecification\",\"valueRequired\":true,\"valueName\":\"search_term_string\"}}],\"inLanguage\":\"hr\"},{\"@type\":\"Person\",\"@id\":\"http:\\\/\\\/osnovnaskolamalinskadubasnica.hr\\\/#\\\/schema\\\/person\\\/ab4ffae0c646af016b083db5e2445e8f\",\"name\":\"O\u0160 Malinska-Duba\u0161nica\",\"url\":\"http:\\\/\\\/osnovnaskolamalinskadubasnica.hr\\\/?author=1\"}]}<\/script>\n<!-- \/ Yoast SEO plugin. -->","yoast_head_json":{"title":"Stella Novak prva na Kickboxing prvenstvu osnovnih \u0161kola Primorsko-goranske \u017eupanije - Osnovna \u0161kola Malinska-Duba\u0161nica","robots":{"index":"index","follow":"follow","max-snippet":"max-snippet:-1","max-image-preview":"max-image-preview:large","max-video-preview":"max-video-preview:-1"},"canonical":"https:\/\/osnovnaskolamalinskadubasnica.hr\/?p=17125","og_locale":"hr_HR","og_type":"article","og_title":"Stella Novak prva na Kickboxing prvenstvu osnovnih \u0161kola Primorsko-goranske \u017eupanije - Osnovna \u0161kola Malinska-Duba\u0161nica","og_description":"Stella Novak, u\u010denica 8.a razreda na\u0161e \u0161kole i \u010dlanica Kickboxing kluba Malinska osvojila je prvo mjesto na Kickboxing prvenstvu \u0161kolskih sportskih dru\u0161tava Primorsko-goranske \u017eupanije. \u010cestitke!!! \ud83c\udfc6 \ud83d\ude0a\u00a0\u2764\ufe0f","og_url":"https:\/\/osnovnaskolamalinskadubasnica.hr\/?p=17125","og_site_name":"Osnovna \u0161kola Malinska-Duba\u0161nica","article_publisher":"https:\/\/www.facebook.com\/osmalinskadubasnica\/","article_published_time":"2019-12-09T21:13:06+00:00","article_modified_time":"2019-12-09T21:14:00+00:00","og_image":[{"width":850,"height":515,"url":"https:\/\/osnovnaskolamalinskadubasnica.hr\/wp-content\/uploads\/kickboxing-pgz-fb.jpg","type":"image\/jpeg"}],"author":"O\u0160 Malinska-Duba\u0161nica","twitter_card":"summary_large_image","twitter_misc":{"Napisao\/la":"O\u0160 Malinska-Duba\u0161nica","Procijenjeno vrijeme \u010ditanja":"1 minuta"},"schema":{"@context":"https:\/\/schema.org","@graph":[{"@type":"Article","@id":"https:\/\/osnovnaskolamalinskadubasnica.hr\/?p=17125#article","isPartOf":{"@id":"https:\/\/osnovnaskolamalinskadubasnica.hr\/?p=17125"},"author":{"name":"O\u0160 Malinska-Duba\u0161nica","@id":"http:\/\/osnovnaskolamalinskadubasnica.hr\/#\/schema\/person\/ab4ffae0c646af016b083db5e2445e8f"},"headline":"Stella Novak prva na Kickboxing prvenstvu osnovnih \u0161kola Primorsko-goranske \u017eupanije","datePublished":"2019-12-09T21:13:06+00:00","dateModified":"2019-12-09T21:14:00+00:00","mainEntityOfPage":{"@id":"https:\/\/osnovnaskolamalinskadubasnica.hr\/?p=17125"},"wordCount":147,"image":{"@id":"https:\/\/osnovnaskolamalinskadubasnica.hr\/?p=17125#primaryimage"},"thumbnailUrl":"http:\/\/osnovnaskolamalinskadubasnica.hr\/wp-content\/uploads\/kickboxing-2019.jpg","keywords":["Jelena Dundovi\u0107","kickboxing","Paola Ivana Medved","Predrag Znaor","Stella Novak"],"articleSection":["Sport","Vijesti"],"inLanguage":"hr"},{"@type":"WebPage","@id":"https:\/\/osnovnaskolamalinskadubasnica.hr\/?p=17125","url":"https:\/\/osnovnaskolamalinskadubasnica.hr\/?p=17125","name":"Stella Novak prva na Kickboxing prvenstvu osnovnih \u0161kola Primorsko-goranske \u017eupanije - Osnovna \u0161kola Malinska-Duba\u0161nica","isPartOf":{"@id":"http:\/\/osnovnaskolamalinskadubasnica.hr\/#website"},"primaryImageOfPage":{"@id":"https:\/\/osnovnaskolamalinskadubasnica.hr\/?p=17125#primaryimage"},"image":{"@id":"https:\/\/osnovnaskolamalinskadubasnica.hr\/?p=17125#primaryimage"},"thumbnailUrl":"http:\/\/osnovnaskolamalinskadubasnica.hr\/wp-content\/uploads\/kickboxing-2019.jpg","datePublished":"2019-12-09T21:13:06+00:00","dateModified":"2019-12-09T21:14:00+00:00","author":{"@id":"http:\/\/osnovnaskolamalinskadubasnica.hr\/#\/schema\/person\/ab4ffae0c646af016b083db5e2445e8f"},"breadcrumb":{"@id":"https:\/\/osnovnaskolamalinskadubasnica.hr\/?p=17125#breadcrumb"},"inLanguage":"hr","potentialAction":[{"@type":"ReadAction","target":["https:\/\/osnovnaskolamalinskadubasnica.hr\/?p=17125"]}]},{"@type":"ImageObject","inLanguage":"hr","@id":"https:\/\/osnovnaskolamalinskadubasnica.hr\/?p=17125#primaryimage","url":"http:\/\/osnovnaskolamalinskadubasnica.hr\/wp-content\/uploads\/kickboxing-2019.jpg","contentUrl":"http:\/\/osnovnaskolamalinskadubasnica.hr\/wp-content\/uploads\/kickboxing-2019.jpg"},{"@type":"BreadcrumbList","@id":"https:\/\/osnovnaskolamalinskadubasnica.hr\/?p=17125#breadcrumb","itemListElement":[{"@type":"ListItem","position":1,"name":"Po\u010detna stranica","item":"http:\/\/osnovnaskolamalinskadubasnica.hr\/"},{"@type":"ListItem","position":2,"name":"Stella Novak prva na Kickboxing prvenstvu osnovnih \u0161kola Primorsko-goranske \u017eupanije"}]},{"@type":"WebSite","@id":"http:\/\/osnovnaskolamalinskadubasnica.hr\/#website","url":"http:\/\/osnovnaskolamalinskadubasnica.hr\/","name":"Osnovna \u0161kola Malinska-Duba\u0161nica","description":"","potentialAction":[{"@type":"SearchAction","target":{"@type":"EntryPoint","urlTemplate":"http:\/\/osnovnaskolamalinskadubasnica.hr\/?s={search_term_string}"},"query-input":{"@type":"PropertyValueSpecification","valueRequired":true,"valueName":"search_term_string"}}],"inLanguage":"hr"},{"@type":"Person","@id":"http:\/\/osnovnaskolamalinskadubasnica.hr\/#\/schema\/person\/ab4ffae0c646af016b083db5e2445e8f","name":"O\u0160 Malinska-Duba\u0161nica","url":"http:\/\/osnovnaskolamalinskadubasnica.hr\/?author=1"}]}},"_links":{"self":[{"href":"http:\/\/osnovnaskolamalinskadubasnica.hr\/index.php?rest_route=\/wp\/v2\/posts\/17125","targetHints":{"allow":["GET"]}}],"collection":[{"href":"http:\/\/osnovnaskolamalinskadubasnica.hr\/index.php?rest_route=\/wp\/v2\/posts"}],"about":[{"href":"http:\/\/osnovnaskolamalinskadubasnica.hr\/index.php?rest_route=\/wp\/v2\/types\/post"}],"author":[{"embeddable":true,"href":"http:\/\/osnovnaskolamalinskadubasnica.hr\/index.php?rest_route=\/wp\/v2\/users\/1"}],"replies":[{"embeddable":true,"href":"http:\/\/osnovnaskolamalinskadubasnica.hr\/index.php?rest_route=%2Fwp%2Fv2%2Fcomments&post=17125"}],"version-history":[{"count":1,"href":"http:\/\/osnovnaskolamalinskadubasnica.hr\/index.php?rest_route=\/wp\/v2\/posts\/17125\/revisions"}],"predecessor-version":[{"id":17126,"href":"http:\/\/osnovnaskolamalinskadubasnica.hr\/index.php?rest_route=\/wp\/v2\/posts\/17125\/revisions\/17126"}],"wp:attachment":[{"href":"http:\/\/osnovnaskolamalinskadubasnica.hr\/index.php?rest_route=%2Fwp%2Fv2%2Fmedia&parent=17125"}],"wp:term":[{"taxonomy":"category","embeddable":true,"href":"http:\/\/osnovnaskolamalinskadubasnica.hr\/index.php?rest_route=%2Fwp%2Fv2%2Fcategories&post=17125"},{"taxonomy":"post_tag","embeddable":true,"href":"http:\/\/osnovnaskolamalinskadubasnica.hr\/index.php?rest_route=%2Fwp%2Fv2%2Ftags&post=17125"}],"curies":[{"name":"wp","href":"https:\/\/api.w.org\/{rel}","templated":true}]}}