{"id":17098,"date":"2019-12-08T19:24:31","date_gmt":"2019-12-08T19:24:31","guid":{"rendered":"http:\/\/osnovnaskolamalinskadubasnica.hr\/?p=17098"},"modified":"2019-12-08T19:39:15","modified_gmt":"2019-12-08T19:39:15","slug":"sveti-nikola-razveselio-male-dubasljane","status":"publish","type":"post","link":"http:\/\/osnovnaskolamalinskadubasnica.hr\/?p=17098","title":{"rendered":"Sveti Nikola razveselio male duba\u0161ljane"},"content":{"rendered":"<p style=\"text-align: justify;\"><a href=\"http:\/\/osnovnaskolamalinskadubasnica.hr\/wp-content\/uploads\/sveti-nikola-2019.jpg\" data-rel=\"lightbox-image-0\" data-rl_title=\"\" data-rl_caption=\"\" title=\"\"><img loading=\"lazy\" decoding=\"async\" class=\"alignleft wp-image-17097\" src=\"http:\/\/osnovnaskolamalinskadubasnica.hr\/wp-content\/uploads\/sveti-nikola-2019.jpg\" alt=\"\" width=\"272\" height=\"204\" srcset=\"http:\/\/osnovnaskolamalinskadubasnica.hr\/wp-content\/uploads\/sveti-nikola-2019.jpg 970w, http:\/\/osnovnaskolamalinskadubasnica.hr\/wp-content\/uploads\/sveti-nikola-2019-768x577.jpg 768w\" sizes=\"auto, (max-width: 272px) 100vw, 272px\" \/><\/a><span style=\"color: #000000;\">U \u010detvrtak 5. prosinca 2019. godine sveti Nikola je posjetio Duba\u0161nicu i razveselio brojne mali\u0161ane koji su se okupili u prepunoj \u0161kolskoj sportskoj dvorani. Te su ve\u010deri, na\u0161i najmla\u0111i i njihovi roditelji u\u017eivali i u predstavi Tajna bo\u017ei\u0107ne no\u0107i. \ud83c\udf84\u2728<\/span><\/p>\n<p><em><!--more--><\/em><\/p>\n<p style=\"text-align: justify;\"><span style=\"color: #000000;\">Predstavu su izveli glumci Kazali\u0161ne skupine Teatar Mjesec iz Zagreba. Tajna bo\u017ei\u0107ne no\u0107i je topla pri\u010da o koja govori o obitelji te me\u0111usobnom pomaganju i oprostu.<\/span><\/p>\n<p style=\"text-align: justify;\"><span style=\"color: #000000;\">Nakon predstave, u dvorani se pojavio sveti Nikola, svima dragi gost kojeg su na\u0161i mali duba\u0161ljani ve\u0107 danima nestrpljivo i\u0161\u010dekivali. Pred\u0161kolci i u\u010denici mla\u0111ih razreda pripremili su kratki program za svetog Nikolu, a on je sve njih razveselio lijepim poklonima.<\/span> \ud83d\udc96<\/p>\n<p><strong><span style=\"color: #800000;\">FOTOGALERIJA:<\/span><\/strong><\/p>\n<div id='gallery-1' class='gallery galleryid-17098 gallery-columns-3 gallery-size-thumbnail'><dl class='gallery-item'>\n\t\t\t<dt class='gallery-icon landscape'>\n\t\t\t\t<a href='http:\/\/osnovnaskolamalinskadubasnica.hr\/wp-content\/uploads\/20191205_170532.jpg' title=\"\" data-rl_title=\"\" class=\"rl-gallery-link\" data-rl_caption=\"\" data-rel=\"lightbox-gallery-1\"><img loading=\"lazy\" decoding=\"async\" width=\"150\" height=\"150\" src=\"http:\/\/osnovnaskolamalinskadubasnica.hr\/wp-content\/uploads\/20191205_170532-150x150.jpg\" class=\"attachment-thumbnail size-thumbnail\" alt=\"\" \/><\/a>\n\t\t\t<\/dt><\/dl><dl class='gallery-item'>\n\t\t\t<dt class='gallery-icon landscape'>\n\t\t\t\t<a href='http:\/\/osnovnaskolamalinskadubasnica.hr\/wp-content\/uploads\/20191205_170438.jpg' title=\"\" data-rl_title=\"\" class=\"rl-gallery-link\" data-rl_caption=\"\" data-rel=\"lightbox-gallery-1\"><img loading=\"lazy\" decoding=\"async\" width=\"150\" height=\"150\" src=\"http:\/\/osnovnaskolamalinskadubasnica.hr\/wp-content\/uploads\/20191205_170438-150x150.jpg\" class=\"attachment-thumbnail size-thumbnail\" alt=\"\" \/><\/a>\n\t\t\t<\/dt><\/dl><dl class='gallery-item'>\n\t\t\t<dt class='gallery-icon landscape'>\n\t\t\t\t<a href='http:\/\/osnovnaskolamalinskadubasnica.hr\/wp-content\/uploads\/20191205_170551.jpg' title=\"\" data-rl_title=\"\" class=\"rl-gallery-link\" data-rl_caption=\"\" data-rel=\"lightbox-gallery-1\"><img loading=\"lazy\" decoding=\"async\" width=\"150\" height=\"150\" src=\"http:\/\/osnovnaskolamalinskadubasnica.hr\/wp-content\/uploads\/20191205_170551-150x150.jpg\" class=\"attachment-thumbnail size-thumbnail\" alt=\"\" \/><\/a>\n\t\t\t<\/dt><\/dl><br style=\"clear: both\" \/><dl class='gallery-item'>\n\t\t\t<dt class='gallery-icon landscape'>\n\t\t\t\t<a href='http:\/\/osnovnaskolamalinskadubasnica.hr\/wp-content\/uploads\/20191205_170515.jpg' title=\"\" data-rl_title=\"\" class=\"rl-gallery-link\" data-rl_caption=\"\" data-rel=\"lightbox-gallery-1\"><img loading=\"lazy\" decoding=\"async\" width=\"150\" height=\"150\" src=\"http:\/\/osnovnaskolamalinskadubasnica.hr\/wp-content\/uploads\/20191205_170515-150x150.jpg\" class=\"attachment-thumbnail size-thumbnail\" alt=\"\" \/><\/a>\n\t\t\t<\/dt><\/dl><dl class='gallery-item'>\n\t\t\t<dt class='gallery-icon landscape'>\n\t\t\t\t<a href='http:\/\/osnovnaskolamalinskadubasnica.hr\/wp-content\/uploads\/20191205_170529.jpg' title=\"\" data-rl_title=\"\" class=\"rl-gallery-link\" data-rl_caption=\"\" data-rel=\"lightbox-gallery-1\"><img loading=\"lazy\" decoding=\"async\" width=\"150\" height=\"150\" src=\"http:\/\/osnovnaskolamalinskadubasnica.hr\/wp-content\/uploads\/20191205_170529-150x150.jpg\" class=\"attachment-thumbnail size-thumbnail\" alt=\"\" \/><\/a>\n\t\t\t<\/dt><\/dl><dl class='gallery-item'>\n\t\t\t<dt class='gallery-icon landscape'>\n\t\t\t\t<a href='http:\/\/osnovnaskolamalinskadubasnica.hr\/wp-content\/uploads\/20191205_171520.jpg' title=\"\" data-rl_title=\"\" class=\"rl-gallery-link\" data-rl_caption=\"\" data-rel=\"lightbox-gallery-1\"><img loading=\"lazy\" decoding=\"async\" width=\"150\" height=\"150\" src=\"http:\/\/osnovnaskolamalinskadubasnica.hr\/wp-content\/uploads\/20191205_171520-150x150.jpg\" class=\"attachment-thumbnail size-thumbnail\" alt=\"\" \/><\/a>\n\t\t\t<\/dt><\/dl><br style=\"clear: both\" \/><dl class='gallery-item'>\n\t\t\t<dt class='gallery-icon landscape'>\n\t\t\t\t<a href='http:\/\/osnovnaskolamalinskadubasnica.hr\/wp-content\/uploads\/20191205_170541.jpg' title=\"\" data-rl_title=\"\" class=\"rl-gallery-link\" data-rl_caption=\"\" data-rel=\"lightbox-gallery-1\"><img loading=\"lazy\" decoding=\"async\" width=\"150\" height=\"150\" src=\"http:\/\/osnovnaskolamalinskadubasnica.hr\/wp-content\/uploads\/20191205_170541-150x150.jpg\" class=\"attachment-thumbnail size-thumbnail\" alt=\"\" \/><\/a>\n\t\t\t<\/dt><\/dl><dl class='gallery-item'>\n\t\t\t<dt class='gallery-icon landscape'>\n\t\t\t\t<a href='http:\/\/osnovnaskolamalinskadubasnica.hr\/wp-content\/uploads\/20191205_171535.jpg' title=\"\" data-rl_title=\"\" class=\"rl-gallery-link\" data-rl_caption=\"\" data-rel=\"lightbox-gallery-1\"><img loading=\"lazy\" decoding=\"async\" width=\"150\" height=\"150\" src=\"http:\/\/osnovnaskolamalinskadubasnica.hr\/wp-content\/uploads\/20191205_171535-150x150.jpg\" class=\"attachment-thumbnail size-thumbnail\" alt=\"\" \/><\/a>\n\t\t\t<\/dt><\/dl><dl class='gallery-item'>\n\t\t\t<dt class='gallery-icon landscape'>\n\t\t\t\t<a href='http:\/\/osnovnaskolamalinskadubasnica.hr\/wp-content\/uploads\/20191205_171648.jpg' title=\"\" data-rl_title=\"\" class=\"rl-gallery-link\" data-rl_caption=\"\" data-rel=\"lightbox-gallery-1\"><img loading=\"lazy\" decoding=\"async\" width=\"150\" height=\"150\" src=\"http:\/\/osnovnaskolamalinskadubasnica.hr\/wp-content\/uploads\/20191205_171648-150x150.jpg\" class=\"attachment-thumbnail size-thumbnail\" alt=\"\" \/><\/a>\n\t\t\t<\/dt><\/dl><br style=\"clear: both\" \/><dl class='gallery-item'>\n\t\t\t<dt class='gallery-icon landscape'>\n\t\t\t\t<a href='http:\/\/osnovnaskolamalinskadubasnica.hr\/wp-content\/uploads\/20191205_173348.jpg' title=\"\" data-rl_title=\"\" class=\"rl-gallery-link\" data-rl_caption=\"\" data-rel=\"lightbox-gallery-1\"><img loading=\"lazy\" decoding=\"async\" width=\"150\" height=\"150\" src=\"http:\/\/osnovnaskolamalinskadubasnica.hr\/wp-content\/uploads\/20191205_173348-150x150.jpg\" class=\"attachment-thumbnail size-thumbnail\" alt=\"\" \/><\/a>\n\t\t\t<\/dt><\/dl><dl class='gallery-item'>\n\t\t\t<dt class='gallery-icon landscape'>\n\t\t\t\t<a href='http:\/\/osnovnaskolamalinskadubasnica.hr\/wp-content\/uploads\/20191205_173416.jpg' title=\"\" data-rl_title=\"\" class=\"rl-gallery-link\" data-rl_caption=\"\" data-rel=\"lightbox-gallery-1\"><img loading=\"lazy\" decoding=\"async\" width=\"150\" height=\"150\" src=\"http:\/\/osnovnaskolamalinskadubasnica.hr\/wp-content\/uploads\/20191205_173416-150x150.jpg\" class=\"attachment-thumbnail size-thumbnail\" alt=\"\" \/><\/a>\n\t\t\t<\/dt><\/dl><dl class='gallery-item'>\n\t\t\t<dt class='gallery-icon landscape'>\n\t\t\t\t<a href='http:\/\/osnovnaskolamalinskadubasnica.hr\/wp-content\/uploads\/20191205_173512.jpg' title=\"\" data-rl_title=\"\" class=\"rl-gallery-link\" data-rl_caption=\"\" data-rel=\"lightbox-gallery-1\"><img loading=\"lazy\" decoding=\"async\" width=\"150\" height=\"150\" src=\"http:\/\/osnovnaskolamalinskadubasnica.hr\/wp-content\/uploads\/20191205_173512-150x150.jpg\" class=\"attachment-thumbnail size-thumbnail\" alt=\"\" \/><\/a>\n\t\t\t<\/dt><\/dl><br style=\"clear: both\" \/><dl class='gallery-item'>\n\t\t\t<dt class='gallery-icon landscape'>\n\t\t\t\t<a href='http:\/\/osnovnaskolamalinskadubasnica.hr\/wp-content\/uploads\/20191205_173408.jpg' title=\"\" data-rl_title=\"\" class=\"rl-gallery-link\" data-rl_caption=\"\" data-rel=\"lightbox-gallery-1\"><img loading=\"lazy\" decoding=\"async\" width=\"150\" height=\"150\" src=\"http:\/\/osnovnaskolamalinskadubasnica.hr\/wp-content\/uploads\/20191205_173408-150x150.jpg\" class=\"attachment-thumbnail size-thumbnail\" alt=\"\" \/><\/a>\n\t\t\t<\/dt><\/dl><dl class='gallery-item'>\n\t\t\t<dt class='gallery-icon landscape'>\n\t\t\t\t<a href='http:\/\/osnovnaskolamalinskadubasnica.hr\/wp-content\/uploads\/20191205_173546.jpg' title=\"\" data-rl_title=\"\" class=\"rl-gallery-link\" data-rl_caption=\"\" data-rel=\"lightbox-gallery-1\"><img loading=\"lazy\" decoding=\"async\" width=\"150\" height=\"150\" src=\"http:\/\/osnovnaskolamalinskadubasnica.hr\/wp-content\/uploads\/20191205_173546-150x150.jpg\" class=\"attachment-thumbnail size-thumbnail\" alt=\"\" \/><\/a>\n\t\t\t<\/dt><\/dl><dl class='gallery-item'>\n\t\t\t<dt class='gallery-icon landscape'>\n\t\t\t\t<a href='http:\/\/osnovnaskolamalinskadubasnica.hr\/wp-content\/uploads\/20191205_173640.jpg' title=\"\" data-rl_title=\"\" class=\"rl-gallery-link\" data-rl_caption=\"\" data-rel=\"lightbox-gallery-1\"><img loading=\"lazy\" decoding=\"async\" width=\"150\" height=\"150\" src=\"http:\/\/osnovnaskolamalinskadubasnica.hr\/wp-content\/uploads\/20191205_173640-150x150.jpg\" class=\"attachment-thumbnail size-thumbnail\" alt=\"\" \/><\/a>\n\t\t\t<\/dt><\/dl><br style=\"clear: both\" \/><dl class='gallery-item'>\n\t\t\t<dt class='gallery-icon landscape'>\n\t\t\t\t<a href='http:\/\/osnovnaskolamalinskadubasnica.hr\/wp-content\/uploads\/20191205_173731.jpg' title=\"\" data-rl_title=\"\" class=\"rl-gallery-link\" data-rl_caption=\"\" data-rel=\"lightbox-gallery-1\"><img loading=\"lazy\" decoding=\"async\" width=\"150\" height=\"150\" src=\"http:\/\/osnovnaskolamalinskadubasnica.hr\/wp-content\/uploads\/20191205_173731-150x150.jpg\" class=\"attachment-thumbnail size-thumbnail\" alt=\"\" \/><\/a>\n\t\t\t<\/dt><\/dl><dl class='gallery-item'>\n\t\t\t<dt class='gallery-icon landscape'>\n\t\t\t\t<a href='http:\/\/osnovnaskolamalinskadubasnica.hr\/wp-content\/uploads\/20191205_173752.jpg' title=\"\" data-rl_title=\"\" class=\"rl-gallery-link\" data-rl_caption=\"\" data-rel=\"lightbox-gallery-1\"><img loading=\"lazy\" decoding=\"async\" width=\"150\" height=\"150\" src=\"http:\/\/osnovnaskolamalinskadubasnica.hr\/wp-content\/uploads\/20191205_173752-150x150.jpg\" class=\"attachment-thumbnail size-thumbnail\" alt=\"\" \/><\/a>\n\t\t\t<\/dt><\/dl><dl class='gallery-item'>\n\t\t\t<dt class='gallery-icon landscape'>\n\t\t\t\t<a href='http:\/\/osnovnaskolamalinskadubasnica.hr\/wp-content\/uploads\/20191205_174210.jpg' title=\"\" data-rl_title=\"\" class=\"rl-gallery-link\" data-rl_caption=\"\" data-rel=\"lightbox-gallery-1\"><img loading=\"lazy\" decoding=\"async\" width=\"150\" height=\"150\" src=\"http:\/\/osnovnaskolamalinskadubasnica.hr\/wp-content\/uploads\/20191205_174210-150x150.jpg\" class=\"attachment-thumbnail size-thumbnail\" alt=\"\" \/><\/a>\n\t\t\t<\/dt><\/dl><br style=\"clear: both\" \/><dl class='gallery-item'>\n\t\t\t<dt class='gallery-icon landscape'>\n\t\t\t\t<a href='http:\/\/osnovnaskolamalinskadubasnica.hr\/wp-content\/uploads\/20191205_174229.jpg' title=\"\" data-rl_title=\"\" class=\"rl-gallery-link\" data-rl_caption=\"\" data-rel=\"lightbox-gallery-1\"><img loading=\"lazy\" decoding=\"async\" width=\"150\" height=\"150\" src=\"http:\/\/osnovnaskolamalinskadubasnica.hr\/wp-content\/uploads\/20191205_174229-150x150.jpg\" class=\"attachment-thumbnail size-thumbnail\" alt=\"\" \/><\/a>\n\t\t\t<\/dt><\/dl><dl class='gallery-item'>\n\t\t\t<dt class='gallery-icon landscape'>\n\t\t\t\t<a href='http:\/\/osnovnaskolamalinskadubasnica.hr\/wp-content\/uploads\/20191205_174248.jpg' title=\"\" data-rl_title=\"\" class=\"rl-gallery-link\" data-rl_caption=\"\" data-rel=\"lightbox-gallery-1\"><img loading=\"lazy\" decoding=\"async\" width=\"150\" height=\"150\" src=\"http:\/\/osnovnaskolamalinskadubasnica.hr\/wp-content\/uploads\/20191205_174248-150x150.jpg\" class=\"attachment-thumbnail size-thumbnail\" alt=\"\" \/><\/a>\n\t\t\t<\/dt><\/dl><dl class='gallery-item'>\n\t\t\t<dt class='gallery-icon landscape'>\n\t\t\t\t<a href='http:\/\/osnovnaskolamalinskadubasnica.hr\/wp-content\/uploads\/20191205_174314.jpg' title=\"\" data-rl_title=\"\" class=\"rl-gallery-link\" data-rl_caption=\"\" data-rel=\"lightbox-gallery-1\"><img loading=\"lazy\" decoding=\"async\" width=\"150\" height=\"150\" src=\"http:\/\/osnovnaskolamalinskadubasnica.hr\/wp-content\/uploads\/20191205_174314-150x150.jpg\" class=\"attachment-thumbnail size-thumbnail\" alt=\"\" \/><\/a>\n\t\t\t<\/dt><\/dl><br style=\"clear: both\" \/>\n\t\t<\/div>\n\n<p style=\"text-align: center;\"><span style=\"color: #000000;\">foto: Dragan Kremeni\u0107<\/span><\/p>\n<p>&nbsp;<\/p>\n","protected":false},"excerpt":{"rendered":"<p>U \u010detvrtak 5. prosinca 2019. godine sveti Nikola je posjetio Duba\u0161nicu i razveselio brojne mali\u0161ane koji su se okupili u prepunoj \u0161kolskoj sportskoj dvorani. Te su ve\u010deri, na\u0161i najmla\u0111i i njihovi roditelji u\u017eivali i u predstavi Tajna bo\u017ei\u0107ne no\u0107i. \ud83c\udf84\u2728<\/p>\n","protected":false},"author":1,"featured_media":0,"comment_status":"closed","ping_status":"closed","sticky":false,"template":"","format":"standard","meta":{"footnotes":""},"categories":[24,47,9],"tags":[44,962,963],"class_list":["post-17098","post","type-post","status-publish","format-standard","hentry","category-dogadanja","category-svecanosti","category-vijesti","tag-sveti-nikola","tag-tajna-bozicne-noci","tag-teatar-mjesec"],"yoast_head":"<!-- This site is optimized with the Yoast SEO plugin v27.4 - https:\/\/yoast.com\/product\/yoast-seo-wordpress\/ -->\n<title>Sveti Nikola razveselio male duba\u0161ljane - Osnovna \u0161kola Malinska-Duba\u0161nica<\/title>\n<meta name=\"robots\" content=\"index, follow, max-snippet:-1, max-image-preview:large, max-video-preview:-1\" \/>\n<link rel=\"canonical\" href=\"https:\/\/osnovnaskolamalinskadubasnica.hr\/?p=17098\" \/>\n<meta property=\"og:locale\" content=\"hr_HR\" \/>\n<meta property=\"og:type\" content=\"article\" \/>\n<meta property=\"og:title\" content=\"Sveti Nikola razveselio male duba\u0161ljane - Osnovna \u0161kola Malinska-Duba\u0161nica\" \/>\n<meta property=\"og:description\" content=\"U \u010detvrtak 5. prosinca 2019. godine sveti Nikola je posjetio Duba\u0161nicu i razveselio brojne mali\u0161ane koji su se okupili u prepunoj \u0161kolskoj sportskoj dvorani. Te su ve\u010deri, na\u0161i najmla\u0111i i njihovi roditelji u\u017eivali i u predstavi Tajna bo\u017ei\u0107ne no\u0107i. \ud83c\udf84\u2728\" \/>\n<meta property=\"og:url\" content=\"https:\/\/osnovnaskolamalinskadubasnica.hr\/?p=17098\" \/>\n<meta property=\"og:site_name\" content=\"Osnovna \u0161kola Malinska-Duba\u0161nica\" \/>\n<meta property=\"article:publisher\" content=\"https:\/\/www.facebook.com\/osmalinskadubasnica\/\" \/>\n<meta property=\"article:published_time\" content=\"2019-12-08T19:24:31+00:00\" \/>\n<meta property=\"article:modified_time\" content=\"2019-12-08T19:39:15+00:00\" \/>\n<meta property=\"og:image\" content=\"https:\/\/osnovnaskolamalinskadubasnica.hr\/wp-content\/uploads\/sveti-nikola-2019-FB.jpg\" \/>\n\t<meta property=\"og:image:width\" content=\"950\" \/>\n\t<meta property=\"og:image:height\" content=\"563\" \/>\n\t<meta property=\"og:image:type\" content=\"image\/jpeg\" \/>\n<meta name=\"author\" content=\"O\u0160 Malinska-Duba\u0161nica\" \/>\n<meta name=\"twitter:card\" content=\"summary_large_image\" \/>\n<meta name=\"twitter:label1\" content=\"Napisao\/la\" \/>\n\t<meta name=\"twitter:data1\" content=\"O\u0160 Malinska-Duba\u0161nica\" \/>\n\t<meta name=\"twitter:label2\" content=\"Procijenjeno vrijeme \u010ditanja\" \/>\n\t<meta name=\"twitter:data2\" content=\"1 minuta\" \/>\n<script type=\"application\/ld+json\" class=\"yoast-schema-graph\">{\"@context\":\"https:\\\/\\\/schema.org\",\"@graph\":[{\"@type\":\"Article\",\"@id\":\"https:\\\/\\\/osnovnaskolamalinskadubasnica.hr\\\/?p=17098#article\",\"isPartOf\":{\"@id\":\"https:\\\/\\\/osnovnaskolamalinskadubasnica.hr\\\/?p=17098\"},\"author\":{\"name\":\"O\u0160 Malinska-Duba\u0161nica\",\"@id\":\"http:\\\/\\\/osnovnaskolamalinskadubasnica.hr\\\/#\\\/schema\\\/person\\\/ab4ffae0c646af016b083db5e2445e8f\"},\"headline\":\"Sveti Nikola razveselio male duba\u0161ljane\",\"datePublished\":\"2019-12-08T19:24:31+00:00\",\"dateModified\":\"2019-12-08T19:39:15+00:00\",\"mainEntityOfPage\":{\"@id\":\"https:\\\/\\\/osnovnaskolamalinskadubasnica.hr\\\/?p=17098\"},\"wordCount\":137,\"image\":{\"@id\":\"https:\\\/\\\/osnovnaskolamalinskadubasnica.hr\\\/?p=17098#primaryimage\"},\"thumbnailUrl\":\"http:\\\/\\\/osnovnaskolamalinskadubasnica.hr\\\/wp-content\\\/uploads\\\/sveti-nikola-2019.jpg\",\"keywords\":[\"sveti Nikola\",\"Tajna bo\u017ei\u0107ne no\u0107i\",\"Teatar Mjesec\"],\"articleSection\":[\"Doga\u0111anja\",\"Sve\u010danosti\",\"Vijesti\"],\"inLanguage\":\"hr\"},{\"@type\":\"WebPage\",\"@id\":\"https:\\\/\\\/osnovnaskolamalinskadubasnica.hr\\\/?p=17098\",\"url\":\"https:\\\/\\\/osnovnaskolamalinskadubasnica.hr\\\/?p=17098\",\"name\":\"Sveti Nikola razveselio male duba\u0161ljane - Osnovna \u0161kola Malinska-Duba\u0161nica\",\"isPartOf\":{\"@id\":\"http:\\\/\\\/osnovnaskolamalinskadubasnica.hr\\\/#website\"},\"primaryImageOfPage\":{\"@id\":\"https:\\\/\\\/osnovnaskolamalinskadubasnica.hr\\\/?p=17098#primaryimage\"},\"image\":{\"@id\":\"https:\\\/\\\/osnovnaskolamalinskadubasnica.hr\\\/?p=17098#primaryimage\"},\"thumbnailUrl\":\"http:\\\/\\\/osnovnaskolamalinskadubasnica.hr\\\/wp-content\\\/uploads\\\/sveti-nikola-2019.jpg\",\"datePublished\":\"2019-12-08T19:24:31+00:00\",\"dateModified\":\"2019-12-08T19:39:15+00:00\",\"author\":{\"@id\":\"http:\\\/\\\/osnovnaskolamalinskadubasnica.hr\\\/#\\\/schema\\\/person\\\/ab4ffae0c646af016b083db5e2445e8f\"},\"breadcrumb\":{\"@id\":\"https:\\\/\\\/osnovnaskolamalinskadubasnica.hr\\\/?p=17098#breadcrumb\"},\"inLanguage\":\"hr\",\"potentialAction\":[{\"@type\":\"ReadAction\",\"target\":[\"https:\\\/\\\/osnovnaskolamalinskadubasnica.hr\\\/?p=17098\"]}]},{\"@type\":\"ImageObject\",\"inLanguage\":\"hr\",\"@id\":\"https:\\\/\\\/osnovnaskolamalinskadubasnica.hr\\\/?p=17098#primaryimage\",\"url\":\"http:\\\/\\\/osnovnaskolamalinskadubasnica.hr\\\/wp-content\\\/uploads\\\/sveti-nikola-2019.jpg\",\"contentUrl\":\"http:\\\/\\\/osnovnaskolamalinskadubasnica.hr\\\/wp-content\\\/uploads\\\/sveti-nikola-2019.jpg\"},{\"@type\":\"BreadcrumbList\",\"@id\":\"https:\\\/\\\/osnovnaskolamalinskadubasnica.hr\\\/?p=17098#breadcrumb\",\"itemListElement\":[{\"@type\":\"ListItem\",\"position\":1,\"name\":\"Po\u010detna stranica\",\"item\":\"http:\\\/\\\/osnovnaskolamalinskadubasnica.hr\\\/\"},{\"@type\":\"ListItem\",\"position\":2,\"name\":\"Sveti Nikola razveselio male duba\u0161ljane\"}]},{\"@type\":\"WebSite\",\"@id\":\"http:\\\/\\\/osnovnaskolamalinskadubasnica.hr\\\/#website\",\"url\":\"http:\\\/\\\/osnovnaskolamalinskadubasnica.hr\\\/\",\"name\":\"Osnovna \u0161kola Malinska-Duba\u0161nica\",\"description\":\"\",\"potentialAction\":[{\"@type\":\"SearchAction\",\"target\":{\"@type\":\"EntryPoint\",\"urlTemplate\":\"http:\\\/\\\/osnovnaskolamalinskadubasnica.hr\\\/?s={search_term_string}\"},\"query-input\":{\"@type\":\"PropertyValueSpecification\",\"valueRequired\":true,\"valueName\":\"search_term_string\"}}],\"inLanguage\":\"hr\"},{\"@type\":\"Person\",\"@id\":\"http:\\\/\\\/osnovnaskolamalinskadubasnica.hr\\\/#\\\/schema\\\/person\\\/ab4ffae0c646af016b083db5e2445e8f\",\"name\":\"O\u0160 Malinska-Duba\u0161nica\",\"url\":\"http:\\\/\\\/osnovnaskolamalinskadubasnica.hr\\\/?author=1\"}]}<\/script>\n<!-- \/ Yoast SEO plugin. -->","yoast_head_json":{"title":"Sveti Nikola razveselio male duba\u0161ljane - Osnovna \u0161kola Malinska-Duba\u0161nica","robots":{"index":"index","follow":"follow","max-snippet":"max-snippet:-1","max-image-preview":"max-image-preview:large","max-video-preview":"max-video-preview:-1"},"canonical":"https:\/\/osnovnaskolamalinskadubasnica.hr\/?p=17098","og_locale":"hr_HR","og_type":"article","og_title":"Sveti Nikola razveselio male duba\u0161ljane - Osnovna \u0161kola Malinska-Duba\u0161nica","og_description":"U \u010detvrtak 5. prosinca 2019. godine sveti Nikola je posjetio Duba\u0161nicu i razveselio brojne mali\u0161ane koji su se okupili u prepunoj \u0161kolskoj sportskoj dvorani. Te su ve\u010deri, na\u0161i najmla\u0111i i njihovi roditelji u\u017eivali i u predstavi Tajna bo\u017ei\u0107ne no\u0107i. \ud83c\udf84\u2728","og_url":"https:\/\/osnovnaskolamalinskadubasnica.hr\/?p=17098","og_site_name":"Osnovna \u0161kola Malinska-Duba\u0161nica","article_publisher":"https:\/\/www.facebook.com\/osmalinskadubasnica\/","article_published_time":"2019-12-08T19:24:31+00:00","article_modified_time":"2019-12-08T19:39:15+00:00","og_image":[{"width":950,"height":563,"url":"https:\/\/osnovnaskolamalinskadubasnica.hr\/wp-content\/uploads\/sveti-nikola-2019-FB.jpg","type":"image\/jpeg"}],"author":"O\u0160 Malinska-Duba\u0161nica","twitter_card":"summary_large_image","twitter_misc":{"Napisao\/la":"O\u0160 Malinska-Duba\u0161nica","Procijenjeno vrijeme \u010ditanja":"1 minuta"},"schema":{"@context":"https:\/\/schema.org","@graph":[{"@type":"Article","@id":"https:\/\/osnovnaskolamalinskadubasnica.hr\/?p=17098#article","isPartOf":{"@id":"https:\/\/osnovnaskolamalinskadubasnica.hr\/?p=17098"},"author":{"name":"O\u0160 Malinska-Duba\u0161nica","@id":"http:\/\/osnovnaskolamalinskadubasnica.hr\/#\/schema\/person\/ab4ffae0c646af016b083db5e2445e8f"},"headline":"Sveti Nikola razveselio male duba\u0161ljane","datePublished":"2019-12-08T19:24:31+00:00","dateModified":"2019-12-08T19:39:15+00:00","mainEntityOfPage":{"@id":"https:\/\/osnovnaskolamalinskadubasnica.hr\/?p=17098"},"wordCount":137,"image":{"@id":"https:\/\/osnovnaskolamalinskadubasnica.hr\/?p=17098#primaryimage"},"thumbnailUrl":"http:\/\/osnovnaskolamalinskadubasnica.hr\/wp-content\/uploads\/sveti-nikola-2019.jpg","keywords":["sveti Nikola","Tajna bo\u017ei\u0107ne no\u0107i","Teatar Mjesec"],"articleSection":["Doga\u0111anja","Sve\u010danosti","Vijesti"],"inLanguage":"hr"},{"@type":"WebPage","@id":"https:\/\/osnovnaskolamalinskadubasnica.hr\/?p=17098","url":"https:\/\/osnovnaskolamalinskadubasnica.hr\/?p=17098","name":"Sveti Nikola razveselio male duba\u0161ljane - Osnovna \u0161kola Malinska-Duba\u0161nica","isPartOf":{"@id":"http:\/\/osnovnaskolamalinskadubasnica.hr\/#website"},"primaryImageOfPage":{"@id":"https:\/\/osnovnaskolamalinskadubasnica.hr\/?p=17098#primaryimage"},"image":{"@id":"https:\/\/osnovnaskolamalinskadubasnica.hr\/?p=17098#primaryimage"},"thumbnailUrl":"http:\/\/osnovnaskolamalinskadubasnica.hr\/wp-content\/uploads\/sveti-nikola-2019.jpg","datePublished":"2019-12-08T19:24:31+00:00","dateModified":"2019-12-08T19:39:15+00:00","author":{"@id":"http:\/\/osnovnaskolamalinskadubasnica.hr\/#\/schema\/person\/ab4ffae0c646af016b083db5e2445e8f"},"breadcrumb":{"@id":"https:\/\/osnovnaskolamalinskadubasnica.hr\/?p=17098#breadcrumb"},"inLanguage":"hr","potentialAction":[{"@type":"ReadAction","target":["https:\/\/osnovnaskolamalinskadubasnica.hr\/?p=17098"]}]},{"@type":"ImageObject","inLanguage":"hr","@id":"https:\/\/osnovnaskolamalinskadubasnica.hr\/?p=17098#primaryimage","url":"http:\/\/osnovnaskolamalinskadubasnica.hr\/wp-content\/uploads\/sveti-nikola-2019.jpg","contentUrl":"http:\/\/osnovnaskolamalinskadubasnica.hr\/wp-content\/uploads\/sveti-nikola-2019.jpg"},{"@type":"BreadcrumbList","@id":"https:\/\/osnovnaskolamalinskadubasnica.hr\/?p=17098#breadcrumb","itemListElement":[{"@type":"ListItem","position":1,"name":"Po\u010detna stranica","item":"http:\/\/osnovnaskolamalinskadubasnica.hr\/"},{"@type":"ListItem","position":2,"name":"Sveti Nikola razveselio male duba\u0161ljane"}]},{"@type":"WebSite","@id":"http:\/\/osnovnaskolamalinskadubasnica.hr\/#website","url":"http:\/\/osnovnaskolamalinskadubasnica.hr\/","name":"Osnovna \u0161kola Malinska-Duba\u0161nica","description":"","potentialAction":[{"@type":"SearchAction","target":{"@type":"EntryPoint","urlTemplate":"http:\/\/osnovnaskolamalinskadubasnica.hr\/?s={search_term_string}"},"query-input":{"@type":"PropertyValueSpecification","valueRequired":true,"valueName":"search_term_string"}}],"inLanguage":"hr"},{"@type":"Person","@id":"http:\/\/osnovnaskolamalinskadubasnica.hr\/#\/schema\/person\/ab4ffae0c646af016b083db5e2445e8f","name":"O\u0160 Malinska-Duba\u0161nica","url":"http:\/\/osnovnaskolamalinskadubasnica.hr\/?author=1"}]}},"_links":{"self":[{"href":"http:\/\/osnovnaskolamalinskadubasnica.hr\/index.php?rest_route=\/wp\/v2\/posts\/17098","targetHints":{"allow":["GET"]}}],"collection":[{"href":"http:\/\/osnovnaskolamalinskadubasnica.hr\/index.php?rest_route=\/wp\/v2\/posts"}],"about":[{"href":"http:\/\/osnovnaskolamalinskadubasnica.hr\/index.php?rest_route=\/wp\/v2\/types\/post"}],"author":[{"embeddable":true,"href":"http:\/\/osnovnaskolamalinskadubasnica.hr\/index.php?rest_route=\/wp\/v2\/users\/1"}],"replies":[{"embeddable":true,"href":"http:\/\/osnovnaskolamalinskadubasnica.hr\/index.php?rest_route=%2Fwp%2Fv2%2Fcomments&post=17098"}],"version-history":[{"count":4,"href":"http:\/\/osnovnaskolamalinskadubasnica.hr\/index.php?rest_route=\/wp\/v2\/posts\/17098\/revisions"}],"predecessor-version":[{"id":17102,"href":"http:\/\/osnovnaskolamalinskadubasnica.hr\/index.php?rest_route=\/wp\/v2\/posts\/17098\/revisions\/17102"}],"wp:attachment":[{"href":"http:\/\/osnovnaskolamalinskadubasnica.hr\/index.php?rest_route=%2Fwp%2Fv2%2Fmedia&parent=17098"}],"wp:term":[{"taxonomy":"category","embeddable":true,"href":"http:\/\/osnovnaskolamalinskadubasnica.hr\/index.php?rest_route=%2Fwp%2Fv2%2Fcategories&post=17098"},{"taxonomy":"post_tag","embeddable":true,"href":"http:\/\/osnovnaskolamalinskadubasnica.hr\/index.php?rest_route=%2Fwp%2Fv2%2Ftags&post=17098"}],"curies":[{"name":"wp","href":"https:\/\/api.w.org\/{rel}","templated":true}]}}