{"id":13682,"date":"2018-06-17T19:25:43","date_gmt":"2018-06-17T19:25:43","guid":{"rendered":"http:\/\/osnovnaskolamalinskadubasnica.hr\/?p=13682"},"modified":"2018-06-17T19:55:09","modified_gmt":"2018-06-17T19:55:09","slug":"zavrsna-priredba-ucenika-cetvrtih-razreda","status":"publish","type":"post","link":"http:\/\/osnovnaskolamalinskadubasnica.hr\/?p=13682","title":{"rendered":"Zavr\u0161na priredba u\u010denika \u010detvrtih razreda"},"content":{"rendered":"<p style=\"text-align: justify;\"><a href=\"http:\/\/osnovnaskolamalinskadubasnica.hr\/wp-content\/uploads\/oprostajna-priredba.jpg\" data-rel=\"lightbox-image-0\" data-rl_title=\"\" data-rl_caption=\"\" title=\"\"><img loading=\"lazy\" decoding=\"async\" class=\"alignleft wp-image-13681\" src=\"http:\/\/osnovnaskolamalinskadubasnica.hr\/wp-content\/uploads\/oprostajna-priredba.jpg\" alt=\"\" width=\"272\" height=\"204\" \/><\/a><span style=\"color: #000000;\">Vrijeme brzo prolazi. Tako su i ove \u010detiri godine protekle za tren. Kao da je ju\u010der bilo. Tako mali, a sad ve\u0107 tako veliki. Slovo po slovo, broj po broj do\u0161li smo i do kraja \u010detvrtog razreda. Napravili prvi najve\u0107i i najte\u017ei, rekla bih i najzna\u010dajniji korak u na\u0161em malom velikom \u017eivotu.<\/span><\/p>\n<p><em><!--more--><\/em><\/p>\n<p style=\"text-align: justify;\"><span style=\"color: #000000;\">Kroz smijeh, ponekad i suze, savladavali smo spremno sve \u0161to se od nas o\u010dekivalo. Nau\u010dili smo vjerovati u sebe i to nam je pomoglo u svladavanju mnogobrojnih prepreka. Na\u0161 rad okrunili smo priredbom za koju smo se zdu\u0161no pripremali, u\u010dili i svakodnevno u \u0161koli vje\u017ebali. Bila je to lepeza na\u0161ih najboljih i najdra\u017eih radova koje smo tijekom \u010detvrtog razreda ostvarili. Najdra\u017ea u\u010ditelji\u010dina pjesma Maestral, najdra\u017ea u\u010deni\u010dka pjesma Falile se Duba\u0161ljanke (obrada pjesme Falile se Ka\u0161telanke), uslijedila je Cesarica u na\u0161oj izvedbi, na na\u0161 na\u010din, zatim recital Mama song s kojim je Mia predstavlja \u0160kolu na ovogodi\u0161njem natjecanju Lidrano, te pjesma Za mamu. Priredbu smo posebno obogatili izvedbom dva igrokaza na \u010dakavskom narje\u010dju Duba\u0161ljanski te\u017eak i Tre\u0161ete. I u ovoj priredbi do\u0161la je do izra\u017eaja na\u0161a ma\u0161tovitost i kreativnost pa smo svaku to\u010dku izveli na svoj originalan na\u010din \u0161to je ujedno i krajnji cilj kojeg mi u\u010ditelji postavljamo u \u0161koli. Poznato i znano prika\u017ei druk\u010dije &#8211; to je znanje, a ne \u010dista reprodukcija.<\/span><\/p>\n<p style=\"text-align: justify;\"><a href=\"http:\/\/osnovnaskolamalinskadubasnica.hr\/wp-content\/uploads\/image-0-02-05-d2dd25432f52e9cbf9c0fcfc9788b07d93433240d8c7998ae6e33bf76774a4c0-V.jpg\" data-rel=\"lightbox-image-1\" data-rl_title=\"\" data-rl_caption=\"\" title=\"\"><img loading=\"lazy\" decoding=\"async\" class=\"aligncenter size-full wp-image-13679\" src=\"http:\/\/osnovnaskolamalinskadubasnica.hr\/wp-content\/uploads\/image-0-02-05-d2dd25432f52e9cbf9c0fcfc9788b07d93433240d8c7998ae6e33bf76774a4c0-V.jpg\" alt=\"\" width=\"850\" height=\"478\" srcset=\"http:\/\/osnovnaskolamalinskadubasnica.hr\/wp-content\/uploads\/image-0-02-05-d2dd25432f52e9cbf9c0fcfc9788b07d93433240d8c7998ae6e33bf76774a4c0-V.jpg 850w, http:\/\/osnovnaskolamalinskadubasnica.hr\/wp-content\/uploads\/image-0-02-05-d2dd25432f52e9cbf9c0fcfc9788b07d93433240d8c7998ae6e33bf76774a4c0-V-768x432.jpg 768w\" sizes=\"auto, (max-width: 850px) 100vw, 850px\" \/><\/a><span style=\"color: #000000;\">Na kraju programa Lucija se zahvalila razrednici pjesmom Na\u0161oj u\u010diteljici u kojoj je iskazana vrijednost i umije\u0107e u\u010diteljskog posla. Najljep\u0161e je kada netko prepozna va\u0161 trud i rad, a to je u nekoliko re\u010denica izrekla mama Daniela: &#8220;<em>Hvala na upornosti, brizi, trudu i ulo\u017eenom vremenu prema na\u0161oj djeci i za njih, a ponajvi\u0161e \u017eelji i volji da ih usmjerite na pravi put. Va\u017ena je i matematika i hrvatski, ali jo\u0161 je va\u017enije da uz svih nas odrastu u dobre i vrijedne ljude.<\/em>&#8220;<\/span><\/p>\n<p style=\"text-align: justify;\"><span style=\"color: #000000;\">Svako dijete oboga\u0107uje svijet svojim potencijalima, talentima i snovima, zato draga djeco hvala vam \u0161to ste me tijekom protekle \u010detiri godine pustili u svoje snove pa sam i ja mogla putovati s vama na najljep\u0161em putu \u017eivota, a to je djetinjstvo. Va\u0161im roditeljima zahvaljujem na suradnji. U\u010de\u0107i vas, mnogo sam toga nau\u010dila od vas.<\/span><\/p>\n<p style=\"text-align: right;\"><em><span style=\"color: #000000;\">Va\u0161a u\u010diteljica Ivona<\/span><\/em><\/p>\n<p style=\"text-align: justify;\"><span style=\"color: #000000;\">I u\u010denici 4. b su, sa svojom u\u010diteljicom Ana Marijom \u0160viderski-Jurinjak, zaokru\u017eili svoje \u010detverogodi\u0161nje \u0161kolsko dru\u017eenje sve\u010danom priredbom na kojoj su u\u010denici pjeva\u010dkim, plesnim i glazbenim nastupima pokazali svoje talente i koliko su toga lijepoga nau\u010dili. I roditelji i u\u010denici zahvalili su u\u010diteljici Ana Mariji za sve trenutke u kojima su zajedno odrastali i u\u010dili. Puno \u0107e toga lijepoga zauvijek pamtiti i nositi u srcu; brojne izlete, priredbe, kreativne radionice,&#8230; I u\u010diteljica Ana Marija zahvalila je roditeljima na suradnji, a svakom je u\u010deniku poklonila svoj ru\u010dni rad, \u0161alicu sa njihovim imenom.\u00a0<\/span><\/p>\n<p><strong><span style=\"color: #800000;\">FOTOGALERIJA:<\/span><\/strong><\/p>\n<div id='gallery-1' class='gallery galleryid-13682 gallery-columns-3 gallery-size-thumbnail'><dl class='gallery-item'>\n\t\t\t<dt class='gallery-icon landscape'>\n\t\t\t\t<a href='http:\/\/osnovnaskolamalinskadubasnica.hr\/wp-content\/uploads\/image-0-02-04-700fce3d7e397ca225d1a277158fc82251c567c0e2bcf47454b3debe66dccd9f-V.jpg' title=\"\" data-rl_title=\"\" class=\"rl-gallery-link\" data-rl_caption=\"\" data-rel=\"lightbox-gallery-1\"><img loading=\"lazy\" decoding=\"async\" width=\"150\" height=\"150\" src=\"http:\/\/osnovnaskolamalinskadubasnica.hr\/wp-content\/uploads\/image-0-02-04-700fce3d7e397ca225d1a277158fc82251c567c0e2bcf47454b3debe66dccd9f-V-150x150.jpg\" class=\"attachment-thumbnail size-thumbnail\" alt=\"\" \/><\/a>\n\t\t\t<\/dt><\/dl><dl class='gallery-item'>\n\t\t\t<dt class='gallery-icon landscape'>\n\t\t\t\t<a href='http:\/\/osnovnaskolamalinskadubasnica.hr\/wp-content\/uploads\/image-0-02-04-4df8ffbc6e612c1cb399a466b219bc2227f3b112f4dba74742d1df81e79c104a-V.jpg' title=\"\" data-rl_title=\"\" class=\"rl-gallery-link\" data-rl_caption=\"\" data-rel=\"lightbox-gallery-1\"><img loading=\"lazy\" decoding=\"async\" width=\"150\" height=\"150\" src=\"http:\/\/osnovnaskolamalinskadubasnica.hr\/wp-content\/uploads\/image-0-02-04-4df8ffbc6e612c1cb399a466b219bc2227f3b112f4dba74742d1df81e79c104a-V-150x150.jpg\" class=\"attachment-thumbnail size-thumbnail\" alt=\"\" \/><\/a>\n\t\t\t<\/dt><\/dl><dl class='gallery-item'>\n\t\t\t<dt class='gallery-icon landscape'>\n\t\t\t\t<a href='http:\/\/osnovnaskolamalinskadubasnica.hr\/wp-content\/uploads\/image-0-02-05-d2dd25432f52e9cbf9c0fcfc9788b07d93433240d8c7998ae6e33bf76774a4c0-V.jpg' title=\"\" data-rl_title=\"\" class=\"rl-gallery-link\" data-rl_caption=\"\" data-rel=\"lightbox-gallery-1\"><img loading=\"lazy\" decoding=\"async\" width=\"150\" height=\"150\" src=\"http:\/\/osnovnaskolamalinskadubasnica.hr\/wp-content\/uploads\/image-0-02-05-d2dd25432f52e9cbf9c0fcfc9788b07d93433240d8c7998ae6e33bf76774a4c0-V-150x150.jpg\" class=\"attachment-thumbnail size-thumbnail\" alt=\"\" \/><\/a>\n\t\t\t<\/dt><\/dl><br style=\"clear: both\" \/><dl class='gallery-item'>\n\t\t\t<dt class='gallery-icon landscape'>\n\t\t\t\t<a href='http:\/\/osnovnaskolamalinskadubasnica.hr\/wp-content\/uploads\/image-0-02-05-768e55cd69c96fc20d59a54407332de54d93aec4ac2e445c8f9fd530249219be-V.jpg' title=\"\" data-rl_title=\"\" class=\"rl-gallery-link\" data-rl_caption=\"\" data-rel=\"lightbox-gallery-1\"><img loading=\"lazy\" decoding=\"async\" width=\"150\" height=\"150\" src=\"http:\/\/osnovnaskolamalinskadubasnica.hr\/wp-content\/uploads\/image-0-02-05-768e55cd69c96fc20d59a54407332de54d93aec4ac2e445c8f9fd530249219be-V-150x150.jpg\" class=\"attachment-thumbnail size-thumbnail\" alt=\"\" \/><\/a>\n\t\t\t<\/dt><\/dl><dl class='gallery-item'>\n\t\t\t<dt class='gallery-icon landscape'>\n\t\t\t\t<a href='http:\/\/osnovnaskolamalinskadubasnica.hr\/wp-content\/uploads\/image-0-02-05-e22195d39038f82b78bb903a8cf5342b5ef28ff442e4e0785cf782219d0f9f87-V.jpg' title=\"\" data-rl_title=\"\" class=\"rl-gallery-link\" data-rl_caption=\"\" data-rel=\"lightbox-gallery-1\"><img loading=\"lazy\" decoding=\"async\" width=\"150\" height=\"150\" src=\"http:\/\/osnovnaskolamalinskadubasnica.hr\/wp-content\/uploads\/image-0-02-05-e22195d39038f82b78bb903a8cf5342b5ef28ff442e4e0785cf782219d0f9f87-V-150x150.jpg\" class=\"attachment-thumbnail size-thumbnail\" alt=\"\" \/><\/a>\n\t\t\t<\/dt><\/dl><dl class='gallery-item'>\n\t\t\t<dt class='gallery-icon landscape'>\n\t\t\t\t<a href='http:\/\/osnovnaskolamalinskadubasnica.hr\/wp-content\/uploads\/image-0-02-04-dd4f53bb623e0dd9938f5ca8cf494524e862a482a6b31b43e696e7fc04e5b590-V.jpg' title=\"\" data-rl_title=\"\" class=\"rl-gallery-link\" data-rl_caption=\"\" data-rel=\"lightbox-gallery-1\"><img loading=\"lazy\" decoding=\"async\" width=\"150\" height=\"150\" src=\"http:\/\/osnovnaskolamalinskadubasnica.hr\/wp-content\/uploads\/image-0-02-04-dd4f53bb623e0dd9938f5ca8cf494524e862a482a6b31b43e696e7fc04e5b590-V-150x150.jpg\" class=\"attachment-thumbnail size-thumbnail\" alt=\"\" \/><\/a>\n\t\t\t<\/dt><\/dl><br style=\"clear: both\" \/><dl class='gallery-item'>\n\t\t\t<dt class='gallery-icon portrait'>\n\t\t\t\t<a href='http:\/\/osnovnaskolamalinskadubasnica.hr\/wp-content\/uploads\/image-0-02-05-14a84fb9773ff983f100115d20001b60fcfa9d817ec702b528dda93d144ca89b-V.jpg' title=\"\" data-rl_title=\"\" class=\"rl-gallery-link\" data-rl_caption=\"\" data-rel=\"lightbox-gallery-1\"><img loading=\"lazy\" decoding=\"async\" width=\"150\" height=\"150\" src=\"http:\/\/osnovnaskolamalinskadubasnica.hr\/wp-content\/uploads\/image-0-02-05-14a84fb9773ff983f100115d20001b60fcfa9d817ec702b528dda93d144ca89b-V-150x150.jpg\" class=\"attachment-thumbnail size-thumbnail\" alt=\"\" \/><\/a>\n\t\t\t<\/dt><\/dl><dl class='gallery-item'>\n\t\t\t<dt class='gallery-icon portrait'>\n\t\t\t\t<a href='http:\/\/osnovnaskolamalinskadubasnica.hr\/wp-content\/uploads\/image-0-02-05-69b6b9286a4afc10099db22f81d03cdaa04fe832d33b83163c9b2e1902667eaf-V.jpg' title=\"\" data-rl_title=\"\" class=\"rl-gallery-link\" data-rl_caption=\"\" data-rel=\"lightbox-gallery-1\"><img loading=\"lazy\" decoding=\"async\" width=\"150\" height=\"150\" src=\"http:\/\/osnovnaskolamalinskadubasnica.hr\/wp-content\/uploads\/image-0-02-05-69b6b9286a4afc10099db22f81d03cdaa04fe832d33b83163c9b2e1902667eaf-V-150x150.jpg\" class=\"attachment-thumbnail size-thumbnail\" alt=\"\" \/><\/a>\n\t\t\t<\/dt><\/dl><dl class='gallery-item'>\n\t\t\t<dt class='gallery-icon landscape'>\n\t\t\t\t<a href='http:\/\/osnovnaskolamalinskadubasnica.hr\/wp-content\/uploads\/image-0-02-05-965468832872d71b9165a5340e3581e6ee59a6fec59526b80e9235154c75a4a4-V.jpg' title=\"\" data-rl_title=\"\" class=\"rl-gallery-link\" data-rl_caption=\"\" data-rel=\"lightbox-gallery-1\"><img loading=\"lazy\" decoding=\"async\" width=\"150\" height=\"150\" src=\"http:\/\/osnovnaskolamalinskadubasnica.hr\/wp-content\/uploads\/image-0-02-05-965468832872d71b9165a5340e3581e6ee59a6fec59526b80e9235154c75a4a4-V-150x150.jpg\" class=\"attachment-thumbnail size-thumbnail\" alt=\"\" \/><\/a>\n\t\t\t<\/dt><\/dl><br style=\"clear: both\" \/>\n\t\t<\/div>\n\n","protected":false},"excerpt":{"rendered":"<p>Vrijeme brzo prolazi. Tako su i ove \u010detiri godine protekle za tren. Kao da je ju\u010der bilo. Tako mali, a sad ve\u0107 tako veliki. Slovo po slovo, broj po broj do\u0161li smo i do kraja \u010detvrtog razreda. Napravili prvi najve\u0107i &hellip; <a href=\"http:\/\/osnovnaskolamalinskadubasnica.hr\/?p=13682\">Nastavi \u010ditati <span class=\"meta-nav\">&rarr;<\/span><\/a><\/p>\n","protected":false},"author":1,"featured_media":0,"comment_status":"closed","ping_status":"closed","sticky":false,"template":"","format":"standard","meta":{"footnotes":""},"categories":[24,47,9],"tags":[751,111,753,48],"class_list":["post-13682","post","type-post","status-publish","format-standard","hentry","category-dogadanja","category-svecanosti","category-vijesti","tag-ana-marija-sviderski-jurinjak","tag-cetvrtasi","tag-ivona-dundovic-ljutic","tag-priredba"],"yoast_head":"<!-- This site is optimized with the Yoast SEO plugin v27.4 - https:\/\/yoast.com\/product\/yoast-seo-wordpress\/ -->\n<title>Zavr\u0161na priredba u\u010denika \u010detvrtih razreda - Osnovna \u0161kola Malinska-Duba\u0161nica<\/title>\n<meta name=\"robots\" content=\"index, follow, max-snippet:-1, max-image-preview:large, max-video-preview:-1\" \/>\n<link rel=\"canonical\" href=\"https:\/\/osnovnaskolamalinskadubasnica.hr\/?p=13682\" \/>\n<meta property=\"og:locale\" content=\"hr_HR\" \/>\n<meta property=\"og:type\" content=\"article\" \/>\n<meta property=\"og:title\" content=\"Zavr\u0161na priredba u\u010denika \u010detvrtih razreda - Osnovna \u0161kola Malinska-Duba\u0161nica\" \/>\n<meta property=\"og:description\" content=\"Vrijeme brzo prolazi. Tako su i ove \u010detiri godine protekle za tren. Kao da je ju\u010der bilo. Tako mali, a sad ve\u0107 tako veliki. Slovo po slovo, broj po broj do\u0161li smo i do kraja \u010detvrtog razreda. Napravili prvi najve\u0107i &hellip; Nastavi \u010ditati &rarr;\" \/>\n<meta property=\"og:url\" content=\"https:\/\/osnovnaskolamalinskadubasnica.hr\/?p=13682\" \/>\n<meta property=\"og:site_name\" content=\"Osnovna \u0161kola Malinska-Duba\u0161nica\" \/>\n<meta property=\"article:publisher\" content=\"https:\/\/www.facebook.com\/osmalinskadubasnica\/\" \/>\n<meta property=\"article:published_time\" content=\"2018-06-17T19:25:43+00:00\" \/>\n<meta property=\"article:modified_time\" content=\"2018-06-17T19:55:09+00:00\" \/>\n<meta property=\"og:image\" content=\"https:\/\/osnovnaskolamalinskadubasnica.hr\/wp-content\/uploads\/image-0-02-04-700fce3d7e397ca225d1a277158fc82251c567c0e2bcf47454b3debe66dccd9f-V-150x150.jpg\" \/>\n<meta name=\"author\" content=\"O\u0160 Malinska-Duba\u0161nica\" \/>\n<meta name=\"twitter:card\" content=\"summary_large_image\" \/>\n<meta name=\"twitter:label1\" content=\"Napisao\/la\" \/>\n\t<meta name=\"twitter:data1\" content=\"O\u0160 Malinska-Duba\u0161nica\" \/>\n\t<meta name=\"twitter:label2\" content=\"Procijenjeno vrijeme \u010ditanja\" \/>\n\t<meta name=\"twitter:data2\" content=\"3 minute\" \/>\n<script type=\"application\/ld+json\" class=\"yoast-schema-graph\">{\"@context\":\"https:\\\/\\\/schema.org\",\"@graph\":[{\"@type\":\"Article\",\"@id\":\"https:\\\/\\\/osnovnaskolamalinskadubasnica.hr\\\/?p=13682#article\",\"isPartOf\":{\"@id\":\"https:\\\/\\\/osnovnaskolamalinskadubasnica.hr\\\/?p=13682\"},\"author\":{\"name\":\"O\u0160 Malinska-Duba\u0161nica\",\"@id\":\"http:\\\/\\\/osnovnaskolamalinskadubasnica.hr\\\/#\\\/schema\\\/person\\\/ab4ffae0c646af016b083db5e2445e8f\"},\"headline\":\"Zavr\u0161na priredba u\u010denika \u010detvrtih razreda\",\"datePublished\":\"2018-06-17T19:25:43+00:00\",\"dateModified\":\"2018-06-17T19:55:09+00:00\",\"mainEntityOfPage\":{\"@id\":\"https:\\\/\\\/osnovnaskolamalinskadubasnica.hr\\\/?p=13682\"},\"wordCount\":524,\"image\":{\"@id\":\"https:\\\/\\\/osnovnaskolamalinskadubasnica.hr\\\/?p=13682#primaryimage\"},\"thumbnailUrl\":\"http:\\\/\\\/osnovnaskolamalinskadubasnica.hr\\\/wp-content\\\/uploads\\\/oprostajna-priredba.jpg\",\"keywords\":[\"Ana Marija \u0160viderski - Jurinjak\",\"\u010detvrta\u0161i\",\"Ivona Dundovi\u0107-Ljuti\u0107\",\"priredba\"],\"articleSection\":[\"Doga\u0111anja\",\"Sve\u010danosti\",\"Vijesti\"],\"inLanguage\":\"hr\"},{\"@type\":\"WebPage\",\"@id\":\"https:\\\/\\\/osnovnaskolamalinskadubasnica.hr\\\/?p=13682\",\"url\":\"https:\\\/\\\/osnovnaskolamalinskadubasnica.hr\\\/?p=13682\",\"name\":\"Zavr\u0161na priredba u\u010denika \u010detvrtih razreda - Osnovna \u0161kola Malinska-Duba\u0161nica\",\"isPartOf\":{\"@id\":\"http:\\\/\\\/osnovnaskolamalinskadubasnica.hr\\\/#website\"},\"primaryImageOfPage\":{\"@id\":\"https:\\\/\\\/osnovnaskolamalinskadubasnica.hr\\\/?p=13682#primaryimage\"},\"image\":{\"@id\":\"https:\\\/\\\/osnovnaskolamalinskadubasnica.hr\\\/?p=13682#primaryimage\"},\"thumbnailUrl\":\"http:\\\/\\\/osnovnaskolamalinskadubasnica.hr\\\/wp-content\\\/uploads\\\/oprostajna-priredba.jpg\",\"datePublished\":\"2018-06-17T19:25:43+00:00\",\"dateModified\":\"2018-06-17T19:55:09+00:00\",\"author\":{\"@id\":\"http:\\\/\\\/osnovnaskolamalinskadubasnica.hr\\\/#\\\/schema\\\/person\\\/ab4ffae0c646af016b083db5e2445e8f\"},\"breadcrumb\":{\"@id\":\"https:\\\/\\\/osnovnaskolamalinskadubasnica.hr\\\/?p=13682#breadcrumb\"},\"inLanguage\":\"hr\",\"potentialAction\":[{\"@type\":\"ReadAction\",\"target\":[\"https:\\\/\\\/osnovnaskolamalinskadubasnica.hr\\\/?p=13682\"]}]},{\"@type\":\"ImageObject\",\"inLanguage\":\"hr\",\"@id\":\"https:\\\/\\\/osnovnaskolamalinskadubasnica.hr\\\/?p=13682#primaryimage\",\"url\":\"http:\\\/\\\/osnovnaskolamalinskadubasnica.hr\\\/wp-content\\\/uploads\\\/oprostajna-priredba.jpg\",\"contentUrl\":\"http:\\\/\\\/osnovnaskolamalinskadubasnica.hr\\\/wp-content\\\/uploads\\\/oprostajna-priredba.jpg\"},{\"@type\":\"BreadcrumbList\",\"@id\":\"https:\\\/\\\/osnovnaskolamalinskadubasnica.hr\\\/?p=13682#breadcrumb\",\"itemListElement\":[{\"@type\":\"ListItem\",\"position\":1,\"name\":\"Po\u010detna stranica\",\"item\":\"http:\\\/\\\/osnovnaskolamalinskadubasnica.hr\\\/\"},{\"@type\":\"ListItem\",\"position\":2,\"name\":\"Zavr\u0161na priredba u\u010denika \u010detvrtih razreda\"}]},{\"@type\":\"WebSite\",\"@id\":\"http:\\\/\\\/osnovnaskolamalinskadubasnica.hr\\\/#website\",\"url\":\"http:\\\/\\\/osnovnaskolamalinskadubasnica.hr\\\/\",\"name\":\"Osnovna \u0161kola Malinska-Duba\u0161nica\",\"description\":\"\",\"potentialAction\":[{\"@type\":\"SearchAction\",\"target\":{\"@type\":\"EntryPoint\",\"urlTemplate\":\"http:\\\/\\\/osnovnaskolamalinskadubasnica.hr\\\/?s={search_term_string}\"},\"query-input\":{\"@type\":\"PropertyValueSpecification\",\"valueRequired\":true,\"valueName\":\"search_term_string\"}}],\"inLanguage\":\"hr\"},{\"@type\":\"Person\",\"@id\":\"http:\\\/\\\/osnovnaskolamalinskadubasnica.hr\\\/#\\\/schema\\\/person\\\/ab4ffae0c646af016b083db5e2445e8f\",\"name\":\"O\u0160 Malinska-Duba\u0161nica\",\"url\":\"http:\\\/\\\/osnovnaskolamalinskadubasnica.hr\\\/?author=1\"}]}<\/script>\n<!-- \/ Yoast SEO plugin. -->","yoast_head_json":{"title":"Zavr\u0161na priredba u\u010denika \u010detvrtih razreda - Osnovna \u0161kola Malinska-Duba\u0161nica","robots":{"index":"index","follow":"follow","max-snippet":"max-snippet:-1","max-image-preview":"max-image-preview:large","max-video-preview":"max-video-preview:-1"},"canonical":"https:\/\/osnovnaskolamalinskadubasnica.hr\/?p=13682","og_locale":"hr_HR","og_type":"article","og_title":"Zavr\u0161na priredba u\u010denika \u010detvrtih razreda - Osnovna \u0161kola Malinska-Duba\u0161nica","og_description":"Vrijeme brzo prolazi. Tako su i ove \u010detiri godine protekle za tren. Kao da je ju\u010der bilo. Tako mali, a sad ve\u0107 tako veliki. Slovo po slovo, broj po broj do\u0161li smo i do kraja \u010detvrtog razreda. Napravili prvi najve\u0107i &hellip; Nastavi \u010ditati &rarr;","og_url":"https:\/\/osnovnaskolamalinskadubasnica.hr\/?p=13682","og_site_name":"Osnovna \u0161kola Malinska-Duba\u0161nica","article_publisher":"https:\/\/www.facebook.com\/osmalinskadubasnica\/","article_published_time":"2018-06-17T19:25:43+00:00","article_modified_time":"2018-06-17T19:55:09+00:00","og_image":[{"url":"https:\/\/osnovnaskolamalinskadubasnica.hr\/wp-content\/uploads\/image-0-02-04-700fce3d7e397ca225d1a277158fc82251c567c0e2bcf47454b3debe66dccd9f-V-150x150.jpg","type":"","width":"","height":""}],"author":"O\u0160 Malinska-Duba\u0161nica","twitter_card":"summary_large_image","twitter_misc":{"Napisao\/la":"O\u0160 Malinska-Duba\u0161nica","Procijenjeno vrijeme \u010ditanja":"3 minute"},"schema":{"@context":"https:\/\/schema.org","@graph":[{"@type":"Article","@id":"https:\/\/osnovnaskolamalinskadubasnica.hr\/?p=13682#article","isPartOf":{"@id":"https:\/\/osnovnaskolamalinskadubasnica.hr\/?p=13682"},"author":{"name":"O\u0160 Malinska-Duba\u0161nica","@id":"http:\/\/osnovnaskolamalinskadubasnica.hr\/#\/schema\/person\/ab4ffae0c646af016b083db5e2445e8f"},"headline":"Zavr\u0161na priredba u\u010denika \u010detvrtih razreda","datePublished":"2018-06-17T19:25:43+00:00","dateModified":"2018-06-17T19:55:09+00:00","mainEntityOfPage":{"@id":"https:\/\/osnovnaskolamalinskadubasnica.hr\/?p=13682"},"wordCount":524,"image":{"@id":"https:\/\/osnovnaskolamalinskadubasnica.hr\/?p=13682#primaryimage"},"thumbnailUrl":"http:\/\/osnovnaskolamalinskadubasnica.hr\/wp-content\/uploads\/oprostajna-priredba.jpg","keywords":["Ana Marija \u0160viderski - Jurinjak","\u010detvrta\u0161i","Ivona Dundovi\u0107-Ljuti\u0107","priredba"],"articleSection":["Doga\u0111anja","Sve\u010danosti","Vijesti"],"inLanguage":"hr"},{"@type":"WebPage","@id":"https:\/\/osnovnaskolamalinskadubasnica.hr\/?p=13682","url":"https:\/\/osnovnaskolamalinskadubasnica.hr\/?p=13682","name":"Zavr\u0161na priredba u\u010denika \u010detvrtih razreda - Osnovna \u0161kola Malinska-Duba\u0161nica","isPartOf":{"@id":"http:\/\/osnovnaskolamalinskadubasnica.hr\/#website"},"primaryImageOfPage":{"@id":"https:\/\/osnovnaskolamalinskadubasnica.hr\/?p=13682#primaryimage"},"image":{"@id":"https:\/\/osnovnaskolamalinskadubasnica.hr\/?p=13682#primaryimage"},"thumbnailUrl":"http:\/\/osnovnaskolamalinskadubasnica.hr\/wp-content\/uploads\/oprostajna-priredba.jpg","datePublished":"2018-06-17T19:25:43+00:00","dateModified":"2018-06-17T19:55:09+00:00","author":{"@id":"http:\/\/osnovnaskolamalinskadubasnica.hr\/#\/schema\/person\/ab4ffae0c646af016b083db5e2445e8f"},"breadcrumb":{"@id":"https:\/\/osnovnaskolamalinskadubasnica.hr\/?p=13682#breadcrumb"},"inLanguage":"hr","potentialAction":[{"@type":"ReadAction","target":["https:\/\/osnovnaskolamalinskadubasnica.hr\/?p=13682"]}]},{"@type":"ImageObject","inLanguage":"hr","@id":"https:\/\/osnovnaskolamalinskadubasnica.hr\/?p=13682#primaryimage","url":"http:\/\/osnovnaskolamalinskadubasnica.hr\/wp-content\/uploads\/oprostajna-priredba.jpg","contentUrl":"http:\/\/osnovnaskolamalinskadubasnica.hr\/wp-content\/uploads\/oprostajna-priredba.jpg"},{"@type":"BreadcrumbList","@id":"https:\/\/osnovnaskolamalinskadubasnica.hr\/?p=13682#breadcrumb","itemListElement":[{"@type":"ListItem","position":1,"name":"Po\u010detna stranica","item":"http:\/\/osnovnaskolamalinskadubasnica.hr\/"},{"@type":"ListItem","position":2,"name":"Zavr\u0161na priredba u\u010denika \u010detvrtih razreda"}]},{"@type":"WebSite","@id":"http:\/\/osnovnaskolamalinskadubasnica.hr\/#website","url":"http:\/\/osnovnaskolamalinskadubasnica.hr\/","name":"Osnovna \u0161kola Malinska-Duba\u0161nica","description":"","potentialAction":[{"@type":"SearchAction","target":{"@type":"EntryPoint","urlTemplate":"http:\/\/osnovnaskolamalinskadubasnica.hr\/?s={search_term_string}"},"query-input":{"@type":"PropertyValueSpecification","valueRequired":true,"valueName":"search_term_string"}}],"inLanguage":"hr"},{"@type":"Person","@id":"http:\/\/osnovnaskolamalinskadubasnica.hr\/#\/schema\/person\/ab4ffae0c646af016b083db5e2445e8f","name":"O\u0160 Malinska-Duba\u0161nica","url":"http:\/\/osnovnaskolamalinskadubasnica.hr\/?author=1"}]}},"_links":{"self":[{"href":"http:\/\/osnovnaskolamalinskadubasnica.hr\/index.php?rest_route=\/wp\/v2\/posts\/13682","targetHints":{"allow":["GET"]}}],"collection":[{"href":"http:\/\/osnovnaskolamalinskadubasnica.hr\/index.php?rest_route=\/wp\/v2\/posts"}],"about":[{"href":"http:\/\/osnovnaskolamalinskadubasnica.hr\/index.php?rest_route=\/wp\/v2\/types\/post"}],"author":[{"embeddable":true,"href":"http:\/\/osnovnaskolamalinskadubasnica.hr\/index.php?rest_route=\/wp\/v2\/users\/1"}],"replies":[{"embeddable":true,"href":"http:\/\/osnovnaskolamalinskadubasnica.hr\/index.php?rest_route=%2Fwp%2Fv2%2Fcomments&post=13682"}],"version-history":[{"count":4,"href":"http:\/\/osnovnaskolamalinskadubasnica.hr\/index.php?rest_route=\/wp\/v2\/posts\/13682\/revisions"}],"predecessor-version":[{"id":13686,"href":"http:\/\/osnovnaskolamalinskadubasnica.hr\/index.php?rest_route=\/wp\/v2\/posts\/13682\/revisions\/13686"}],"wp:attachment":[{"href":"http:\/\/osnovnaskolamalinskadubasnica.hr\/index.php?rest_route=%2Fwp%2Fv2%2Fmedia&parent=13682"}],"wp:term":[{"taxonomy":"category","embeddable":true,"href":"http:\/\/osnovnaskolamalinskadubasnica.hr\/index.php?rest_route=%2Fwp%2Fv2%2Fcategories&post=13682"},{"taxonomy":"post_tag","embeddable":true,"href":"http:\/\/osnovnaskolamalinskadubasnica.hr\/index.php?rest_route=%2Fwp%2Fv2%2Ftags&post=13682"}],"curies":[{"name":"wp","href":"https:\/\/api.w.org\/{rel}","templated":true}]}}