{"id":12786,"date":"2018-03-18T15:32:05","date_gmt":"2018-03-18T15:32:05","guid":{"rendered":"http:\/\/osnovnaskolamalinskadubasnica.hr\/?p=12786"},"modified":"2018-03-18T15:32:05","modified_gmt":"2018-03-18T15:32:05","slug":"malo-kazaliste-sjena-proljetno-budenje","status":"publish","type":"post","link":"http:\/\/osnovnaskolamalinskadubasnica.hr\/?p=12786","title":{"rendered":"Malo kazali\u0161te sjena: Proljetno bu\u0111enje"},"content":{"rendered":"<p style=\"text-align: justify;\"><a href=\"http:\/\/osnovnaskolamalinskadubasnica.hr\/wp-content\/uploads\/igrokaz-sjena.jpg\" data-rel=\"lightbox-image-0\" data-rl_title=\"\" data-rl_caption=\"\" title=\"\"><img loading=\"lazy\" decoding=\"async\" class=\"alignleft wp-image-12773\" src=\"http:\/\/osnovnaskolamalinskadubasnica.hr\/wp-content\/uploads\/igrokaz-sjena.jpg\" alt=\"\" width=\"272\" height=\"202\" \/><\/a><span style=\"color: #000000;\">Jo\u0161 samo nekoliko dana i priroda \u0107e se probuditi iz zimskog sna. Prvi dan prolje\u0107a tako je blizu, a njegov dolazak obilje\u017eili su u\u010denici 1.b razreda sa svojom u\u010diteljicom Jasenkom Znaor. U\u010dinili su to na jedan sasvim neobi\u010dan, kreativan i zabavan na\u010din. Na trenutak, njhova je u\u010dionica postala malo kazali\u0161te sjena u kojem su izveli igrokaz <em>Proljetno bu\u0111enje<\/em>.<\/span><\/p>\n<p><em><!--more--><\/em><\/p>\n<p style=\"text-align: justify;\"><span style=\"color: #000000;\">Kako bi uprizorili igrokaz <em>Proljetno bu\u0111enje<\/em> Jadranke \u010cun\u010di\u0107 &#8211; Bandov, u\u010denici su se vrijedno pripremili i zadatku pristupili s puno veselja. Dobro su nau\u010dili tekst, a kad su pti\u010dica i medo o\u017eivjeli igrom sjena, cijelu je u\u010dionicu ispunilo veselje. I ba\u0161 su se odli\u010dno\u00a0 se zabavili!<\/span> \ud83d\ude0d<\/p>\n<p><span style=\"color: #800000;\"><a href=\"http:\/\/osnovnaskolamalinskadubasnica.hr\/wp-content\/uploads\/image-0-02-04-3c4dfa30fc927585d74fa8249a8d42aac97204b30dc694abf236f9ef866cd7ea-V.jpg\" data-rel=\"lightbox-image-1\" data-rl_title=\"\" data-rl_caption=\"\" title=\"\"><img loading=\"lazy\" decoding=\"async\" class=\"alignleft wp-image-12774\" src=\"http:\/\/osnovnaskolamalinskadubasnica.hr\/wp-content\/uploads\/image-0-02-04-3c4dfa30fc927585d74fa8249a8d42aac97204b30dc694abf236f9ef866cd7ea-V.jpg\" alt=\"\" width=\"300\" height=\"361\" \/><\/a>PTI\u010cICA:<\/span><br \/>\n<em><span style=\"color: #000000;\">Probudi se medo! Prekini san. <\/span><\/em><br \/>\n<em> <span style=\"color: #000000;\">Danas je prvi proljetni dan!<\/span><\/em><\/p>\n<p style=\"text-align: justify;\"><span style=\"color: #800000;\">MEDO:<\/span><br \/>\n<em><span style=\"color: #000000;\">Ba\u0161 danas je prolje\u0107e moralo do\u0107i.<\/span><\/em><br \/>\n<em> <span style=\"color: #000000;\">Jo\u0161 mi se spava,<\/span><\/em><br \/>\n<em> <span style=\"color: #000000;\">sklapaju o\u010di.<\/span><\/em><\/p>\n<p><span style=\"color: #800000;\">PTI\u010cICA:<\/span><br \/>\n<em><span style=\"color: #000000;\">Hajde, napusti zimske snove.<\/span><\/em><br \/>\n<em><span style=\"color: #000000;\"> Livada puna cvije\u0107a te zove.<\/span><\/em><\/p>\n<p><span style=\"color: #800000;\">MEDO:<br \/>\n<em><span style=\"color: #000000;\">Ba\u0161 me je briga za cvije\u0107e neko<\/span><\/em><br \/>\n<em><span style=\"color: #000000;\">jo\u0161 mi se spava, ve\u0107 sam ti reko.<\/span><\/em><br \/>\n<\/span><\/p>\n<p><span style=\"color: #800000;\"><a href=\"http:\/\/osnovnaskolamalinskadubasnica.hr\/wp-content\/uploads\/image-0-02-05-5712a967e2c0a579af6f4a76cd36e35b3cccdf32a41ef033a9a293a3ad1b1d0d-V.jpg\" data-rel=\"lightbox-image-2\" data-rl_title=\"\" data-rl_caption=\"\" title=\"\"><img loading=\"lazy\" decoding=\"async\" class=\"alignleft wp-image-12784\" src=\"http:\/\/osnovnaskolamalinskadubasnica.hr\/wp-content\/uploads\/image-0-02-05-5712a967e2c0a579af6f4a76cd36e35b3cccdf32a41ef033a9a293a3ad1b1d0d-V.jpg\" alt=\"\" width=\"300\" height=\"225\" srcset=\"http:\/\/osnovnaskolamalinskadubasnica.hr\/wp-content\/uploads\/image-0-02-05-5712a967e2c0a579af6f4a76cd36e35b3cccdf32a41ef033a9a293a3ad1b1d0d-V.jpg 850w, http:\/\/osnovnaskolamalinskadubasnica.hr\/wp-content\/uploads\/image-0-02-05-5712a967e2c0a579af6f4a76cd36e35b3cccdf32a41ef033a9a293a3ad1b1d0d-V-768x576.jpg 768w\" sizes=\"auto, (max-width: 300px) 100vw, 300px\" \/><\/a>PTI\u010cICA:<\/span><br \/>\n<em><span style=\"color: #000000;\">Poslu\u0161aj medo!<\/span><\/em><br \/>\n<em><span style=\"color: #000000;\">\u0160ta se to \u010duje?<\/span><\/em><br \/>\n<em><span style=\"color: #000000;\">Okolo cvije\u0107a p\u010delice zuje.<\/span><\/em><\/p>\n<p><span style=\"color: #800000;\">MEDO:<\/span><br \/>\n<em><span style=\"color: #000000;\">P\u010delice zuje!<\/span><\/em><br \/>\n<em><span style=\"color: #000000;\">Bit \u0107e slasnog meda.<\/span><\/em><br \/>\n<em><span style=\"color: #000000;\">Moram ustat brzo,<\/span><\/em><br \/>\n<em><span style=\"color: #000000;\">makar mi se ne da.<\/span><\/em><\/p>\n<p><strong><span style=\"color: #800000;\">FOTOGALERIJA:<\/span><\/strong><\/p>\n<div id='gallery-1' class='gallery galleryid-12786 gallery-columns-3 gallery-size-thumbnail'><dl class='gallery-item'>\n\t\t\t<dt class='gallery-icon portrait'>\n\t\t\t\t<a href='http:\/\/osnovnaskolamalinskadubasnica.hr\/wp-content\/uploads\/image-0-02-04-3c4dfa30fc927585d74fa8249a8d42aac97204b30dc694abf236f9ef866cd7ea-V.jpg' title=\"\" data-rl_title=\"\" class=\"rl-gallery-link\" data-rl_caption=\"\" data-rel=\"lightbox-gallery-1\"><img loading=\"lazy\" decoding=\"async\" width=\"150\" height=\"150\" src=\"http:\/\/osnovnaskolamalinskadubasnica.hr\/wp-content\/uploads\/image-0-02-04-3c4dfa30fc927585d74fa8249a8d42aac97204b30dc694abf236f9ef866cd7ea-V-150x150.jpg\" class=\"attachment-thumbnail size-thumbnail\" alt=\"\" \/><\/a>\n\t\t\t<\/dt><\/dl><dl class='gallery-item'>\n\t\t\t<dt class='gallery-icon landscape'>\n\t\t\t\t<a href='http:\/\/osnovnaskolamalinskadubasnica.hr\/wp-content\/uploads\/image-0-02-04-9c12bb5c92d1e8b9584247f5c0e32e87b14e62fd52079c875afc4b509c12e68e-V.jpg' title=\"\" data-rl_title=\"\" class=\"rl-gallery-link\" data-rl_caption=\"\" data-rel=\"lightbox-gallery-1\"><img loading=\"lazy\" decoding=\"async\" width=\"150\" height=\"150\" src=\"http:\/\/osnovnaskolamalinskadubasnica.hr\/wp-content\/uploads\/image-0-02-04-9c12bb5c92d1e8b9584247f5c0e32e87b14e62fd52079c875afc4b509c12e68e-V-150x150.jpg\" class=\"attachment-thumbnail size-thumbnail\" alt=\"\" \/><\/a>\n\t\t\t<\/dt><\/dl><dl class='gallery-item'>\n\t\t\t<dt class='gallery-icon portrait'>\n\t\t\t\t<a href='http:\/\/osnovnaskolamalinskadubasnica.hr\/wp-content\/uploads\/image-0-02-04-49d500d528932095e88e352b383da809b176f8ba0b6931345c05e90cf5e3ef89-V.jpg' title=\"\" data-rl_title=\"\" class=\"rl-gallery-link\" data-rl_caption=\"\" data-rel=\"lightbox-gallery-1\"><img loading=\"lazy\" decoding=\"async\" width=\"150\" height=\"150\" src=\"http:\/\/osnovnaskolamalinskadubasnica.hr\/wp-content\/uploads\/image-0-02-04-49d500d528932095e88e352b383da809b176f8ba0b6931345c05e90cf5e3ef89-V-150x150.jpg\" class=\"attachment-thumbnail size-thumbnail\" alt=\"\" \/><\/a>\n\t\t\t<\/dt><\/dl><br style=\"clear: both\" \/><dl class='gallery-item'>\n\t\t\t<dt class='gallery-icon landscape'>\n\t\t\t\t<a href='http:\/\/osnovnaskolamalinskadubasnica.hr\/wp-content\/uploads\/image-0-02-04-77dc6f1cb045e93b72bdd82e7d7a840b9ae06325c99516a9ad4dba0caa54c0f1-V.jpg' title=\"\" data-rl_title=\"\" class=\"rl-gallery-link\" data-rl_caption=\"\" data-rel=\"lightbox-gallery-1\"><img loading=\"lazy\" decoding=\"async\" width=\"150\" height=\"150\" src=\"http:\/\/osnovnaskolamalinskadubasnica.hr\/wp-content\/uploads\/image-0-02-04-77dc6f1cb045e93b72bdd82e7d7a840b9ae06325c99516a9ad4dba0caa54c0f1-V-150x150.jpg\" class=\"attachment-thumbnail size-thumbnail\" alt=\"\" \/><\/a>\n\t\t\t<\/dt><\/dl><dl class='gallery-item'>\n\t\t\t<dt class='gallery-icon portrait'>\n\t\t\t\t<a href='http:\/\/osnovnaskolamalinskadubasnica.hr\/wp-content\/uploads\/image-0-02-04-4519cb869cf60610c6acde8e1e5c1f574d89c015b67f858b2153ab64cea55d60-V.jpg' title=\"\" data-rl_title=\"\" class=\"rl-gallery-link\" data-rl_caption=\"\" data-rel=\"lightbox-gallery-1\"><img loading=\"lazy\" decoding=\"async\" width=\"150\" height=\"150\" src=\"http:\/\/osnovnaskolamalinskadubasnica.hr\/wp-content\/uploads\/image-0-02-04-4519cb869cf60610c6acde8e1e5c1f574d89c015b67f858b2153ab64cea55d60-V-150x150.jpg\" class=\"attachment-thumbnail size-thumbnail\" alt=\"\" \/><\/a>\n\t\t\t<\/dt><\/dl><dl class='gallery-item'>\n\t\t\t<dt class='gallery-icon landscape'>\n\t\t\t\t<a href='http:\/\/osnovnaskolamalinskadubasnica.hr\/wp-content\/uploads\/image-0-02-04-72630c1ba322b1064d0145af5def1340be56dcb6538e5eee66cd4310dd520a3a-V.jpg' title=\"\" data-rl_title=\"\" class=\"rl-gallery-link\" data-rl_caption=\"\" data-rel=\"lightbox-gallery-1\"><img loading=\"lazy\" decoding=\"async\" width=\"150\" height=\"150\" src=\"http:\/\/osnovnaskolamalinskadubasnica.hr\/wp-content\/uploads\/image-0-02-04-72630c1ba322b1064d0145af5def1340be56dcb6538e5eee66cd4310dd520a3a-V-150x150.jpg\" class=\"attachment-thumbnail size-thumbnail\" alt=\"\" \/><\/a>\n\t\t\t<\/dt><\/dl><br style=\"clear: both\" \/><dl class='gallery-item'>\n\t\t\t<dt class='gallery-icon portrait'>\n\t\t\t\t<a href='http:\/\/osnovnaskolamalinskadubasnica.hr\/wp-content\/uploads\/image-0-02-04-acdae062a0eeefb105d915c9fe8719d72466cead5fb495c37325058a50f96a71-V.jpg' title=\"\" data-rl_title=\"\" class=\"rl-gallery-link\" data-rl_caption=\"\" data-rel=\"lightbox-gallery-1\"><img loading=\"lazy\" decoding=\"async\" width=\"150\" height=\"150\" src=\"http:\/\/osnovnaskolamalinskadubasnica.hr\/wp-content\/uploads\/image-0-02-04-acdae062a0eeefb105d915c9fe8719d72466cead5fb495c37325058a50f96a71-V-150x150.jpg\" class=\"attachment-thumbnail size-thumbnail\" alt=\"\" \/><\/a>\n\t\t\t<\/dt><\/dl><dl class='gallery-item'>\n\t\t\t<dt class='gallery-icon portrait'>\n\t\t\t\t<a href='http:\/\/osnovnaskolamalinskadubasnica.hr\/wp-content\/uploads\/image-0-02-04-ce3f5ccc40cca8eda1856f907f3febb00edb7f1af36ce77dcfcf17ba55094e5b-V.jpg' title=\"\" data-rl_title=\"\" class=\"rl-gallery-link\" data-rl_caption=\"\" data-rel=\"lightbox-gallery-1\"><img loading=\"lazy\" decoding=\"async\" width=\"150\" height=\"150\" src=\"http:\/\/osnovnaskolamalinskadubasnica.hr\/wp-content\/uploads\/image-0-02-04-ce3f5ccc40cca8eda1856f907f3febb00edb7f1af36ce77dcfcf17ba55094e5b-V-150x150.jpg\" class=\"attachment-thumbnail size-thumbnail\" alt=\"\" \/><\/a>\n\t\t\t<\/dt><\/dl><dl class='gallery-item'>\n\t\t\t<dt class='gallery-icon portrait'>\n\t\t\t\t<a href='http:\/\/osnovnaskolamalinskadubasnica.hr\/wp-content\/uploads\/image-0-02-04-dadbf7d5c000b1399da017d9aeb8b165c9d74fcd2db5a334969970fbe9b955e5-V.jpg' title=\"\" data-rl_title=\"\" class=\"rl-gallery-link\" data-rl_caption=\"\" data-rel=\"lightbox-gallery-1\"><img loading=\"lazy\" decoding=\"async\" width=\"150\" height=\"150\" src=\"http:\/\/osnovnaskolamalinskadubasnica.hr\/wp-content\/uploads\/image-0-02-04-dadbf7d5c000b1399da017d9aeb8b165c9d74fcd2db5a334969970fbe9b955e5-V-150x150.jpg\" class=\"attachment-thumbnail size-thumbnail\" alt=\"\" \/><\/a>\n\t\t\t<\/dt><\/dl><br style=\"clear: both\" \/><dl class='gallery-item'>\n\t\t\t<dt class='gallery-icon landscape'>\n\t\t\t\t<a href='http:\/\/osnovnaskolamalinskadubasnica.hr\/wp-content\/uploads\/image-0-02-04-f7cf061cd7a90eb20bf4aeb9c0983dc3b688f422566f05df63433ecdb4c2811f-V.jpg' title=\"\" data-rl_title=\"\" class=\"rl-gallery-link\" data-rl_caption=\"\" data-rel=\"lightbox-gallery-1\"><img loading=\"lazy\" decoding=\"async\" width=\"150\" height=\"150\" src=\"http:\/\/osnovnaskolamalinskadubasnica.hr\/wp-content\/uploads\/image-0-02-04-f7cf061cd7a90eb20bf4aeb9c0983dc3b688f422566f05df63433ecdb4c2811f-V-150x150.jpg\" class=\"attachment-thumbnail size-thumbnail\" alt=\"\" \/><\/a>\n\t\t\t<\/dt><\/dl><dl class='gallery-item'>\n\t\t\t<dt class='gallery-icon landscape'>\n\t\t\t\t<a href='http:\/\/osnovnaskolamalinskadubasnica.hr\/wp-content\/uploads\/image-0-02-05-5712a967e2c0a579af6f4a76cd36e35b3cccdf32a41ef033a9a293a3ad1b1d0d-V.jpg' title=\"\" data-rl_title=\"\" class=\"rl-gallery-link\" data-rl_caption=\"\" data-rel=\"lightbox-gallery-1\"><img loading=\"lazy\" decoding=\"async\" width=\"150\" height=\"150\" src=\"http:\/\/osnovnaskolamalinskadubasnica.hr\/wp-content\/uploads\/image-0-02-05-5712a967e2c0a579af6f4a76cd36e35b3cccdf32a41ef033a9a293a3ad1b1d0d-V-150x150.jpg\" class=\"attachment-thumbnail size-thumbnail\" alt=\"\" \/><\/a>\n\t\t\t<\/dt><\/dl><dl class='gallery-item'>\n\t\t\t<dt class='gallery-icon landscape'>\n\t\t\t\t<a href='http:\/\/osnovnaskolamalinskadubasnica.hr\/wp-content\/uploads\/image-0-02-05-eae17ebcbf5b2421054f1e98087b1cc14106333e42521b3c256c60c4da1d7dc8-V.jpg' title=\"\" data-rl_title=\"\" class=\"rl-gallery-link\" data-rl_caption=\"\" data-rel=\"lightbox-gallery-1\"><img loading=\"lazy\" decoding=\"async\" width=\"150\" height=\"150\" src=\"http:\/\/osnovnaskolamalinskadubasnica.hr\/wp-content\/uploads\/image-0-02-05-eae17ebcbf5b2421054f1e98087b1cc14106333e42521b3c256c60c4da1d7dc8-V-150x150.jpg\" class=\"attachment-thumbnail size-thumbnail\" alt=\"\" \/><\/a>\n\t\t\t<\/dt><\/dl><br style=\"clear: both\" \/>\n\t\t<\/div>\n\n<p style=\"text-align: center;\"><span style=\"color: #000000;\">foto: <em>Jasenka Znaor<\/em><\/span><\/p>\n<p>&nbsp;<\/p>\n<p>&nbsp;<\/p>\n","protected":false},"excerpt":{"rendered":"<p>Jo\u0161 samo nekoliko dana i priroda \u0107e se probuditi iz zimskog sna. Prvi dan prolje\u0107a tako je blizu, a njegov dolazak obilje\u017eili su u\u010denici 1.b razreda sa svojom u\u010diteljicom Jasenkom Znaor. U\u010dinili su to na jedan sasvim neobi\u010dan, kreativan i &hellip; <a href=\"http:\/\/osnovnaskolamalinskadubasnica.hr\/?p=12786\">Nastavi \u010ditati <span class=\"meta-nav\">&rarr;<\/span><\/a><\/p>\n","protected":false},"author":1,"featured_media":0,"comment_status":"closed","ping_status":"closed","sticky":false,"template":"","format":"standard","meta":{"footnotes":""},"categories":[154,30,9,102],"tags":[511,481,764,765,89],"class_list":["post-12786","post","type-post","status-publish","format-standard","hentry","category-kreativac","category-projekti","category-vijesti","category-zanimljivosti-2","tag-igrokaz","tag-jasenka-znaor","tag-kazaliste-sjena","tag-proljetno-budenje","tag-prvasici"],"yoast_head":"<!-- This site is optimized with the Yoast SEO plugin v27.5 - https:\/\/yoast.com\/product\/yoast-seo-wordpress\/ -->\n<title>Malo kazali\u0161te sjena: Proljetno bu\u0111enje - Osnovna \u0161kola Malinska-Duba\u0161nica<\/title>\n<meta name=\"robots\" content=\"index, follow, max-snippet:-1, max-image-preview:large, max-video-preview:-1\" \/>\n<link rel=\"canonical\" href=\"http:\/\/osnovnaskolamalinskadubasnica.hr\/?p=12786\" \/>\n<meta property=\"og:locale\" content=\"hr_HR\" \/>\n<meta property=\"og:type\" content=\"article\" \/>\n<meta property=\"og:title\" content=\"Malo kazali\u0161te sjena: Proljetno bu\u0111enje - Osnovna \u0161kola Malinska-Duba\u0161nica\" \/>\n<meta property=\"og:description\" content=\"Jo\u0161 samo nekoliko dana i priroda \u0107e se probuditi iz zimskog sna. Prvi dan prolje\u0107a tako je blizu, a njegov dolazak obilje\u017eili su u\u010denici 1.b razreda sa svojom u\u010diteljicom Jasenkom Znaor. U\u010dinili su to na jedan sasvim neobi\u010dan, kreativan i &hellip; Nastavi \u010ditati &rarr;\" \/>\n<meta property=\"og:url\" content=\"http:\/\/osnovnaskolamalinskadubasnica.hr\/?p=12786\" \/>\n<meta property=\"og:site_name\" content=\"Osnovna \u0161kola Malinska-Duba\u0161nica\" \/>\n<meta property=\"article:publisher\" content=\"https:\/\/www.facebook.com\/osmalinskadubasnica\/\" \/>\n<meta property=\"article:published_time\" content=\"2018-03-18T15:32:05+00:00\" \/>\n<meta property=\"og:image\" content=\"http:\/\/osnovnaskolamalinskadubasnica.hr\/wp-content\/uploads\/image-0-02-04-3c4dfa30fc927585d74fa8249a8d42aac97204b30dc694abf236f9ef866cd7ea-V-150x150.jpg\" \/>\n<meta name=\"author\" content=\"O\u0160 Malinska-Duba\u0161nica\" \/>\n<meta name=\"twitter:card\" content=\"summary_large_image\" \/>\n<meta name=\"twitter:label1\" content=\"Napisao\/la\" \/>\n\t<meta name=\"twitter:data1\" content=\"O\u0160 Malinska-Duba\u0161nica\" \/>\n\t<meta name=\"twitter:label2\" content=\"Procijenjeno vrijeme \u010ditanja\" \/>\n\t<meta name=\"twitter:data2\" content=\"1 minuta\" \/>\n<script type=\"application\/ld+json\" class=\"yoast-schema-graph\">{\"@context\":\"https:\\\/\\\/schema.org\",\"@graph\":[{\"@type\":\"Article\",\"@id\":\"http:\\\/\\\/osnovnaskolamalinskadubasnica.hr\\\/?p=12786#article\",\"isPartOf\":{\"@id\":\"http:\\\/\\\/osnovnaskolamalinskadubasnica.hr\\\/?p=12786\"},\"author\":{\"name\":\"O\u0160 Malinska-Duba\u0161nica\",\"@id\":\"http:\\\/\\\/osnovnaskolamalinskadubasnica.hr\\\/#\\\/schema\\\/person\\\/ab4ffae0c646af016b083db5e2445e8f\"},\"headline\":\"Malo kazali\u0161te sjena: Proljetno bu\u0111enje\",\"datePublished\":\"2018-03-18T15:32:05+00:00\",\"mainEntityOfPage\":{\"@id\":\"http:\\\/\\\/osnovnaskolamalinskadubasnica.hr\\\/?p=12786\"},\"wordCount\":225,\"image\":{\"@id\":\"http:\\\/\\\/osnovnaskolamalinskadubasnica.hr\\\/?p=12786#primaryimage\"},\"thumbnailUrl\":\"http:\\\/\\\/osnovnaskolamalinskadubasnica.hr\\\/wp-content\\\/uploads\\\/igrokaz-sjena.jpg\",\"keywords\":[\"igrokaz\",\"Jasenka Znaor\",\"kazali\u0161te sjena\",\"Proljetno bu\u0111enje\",\"prva\u0161i\u0107i\"],\"articleSection\":[\"Kreativac\",\"Projekti\",\"Vijesti\",\"Zanimljivosti\"],\"inLanguage\":\"hr\"},{\"@type\":\"WebPage\",\"@id\":\"http:\\\/\\\/osnovnaskolamalinskadubasnica.hr\\\/?p=12786\",\"url\":\"http:\\\/\\\/osnovnaskolamalinskadubasnica.hr\\\/?p=12786\",\"name\":\"Malo kazali\u0161te sjena: Proljetno bu\u0111enje - Osnovna \u0161kola Malinska-Duba\u0161nica\",\"isPartOf\":{\"@id\":\"http:\\\/\\\/osnovnaskolamalinskadubasnica.hr\\\/#website\"},\"primaryImageOfPage\":{\"@id\":\"http:\\\/\\\/osnovnaskolamalinskadubasnica.hr\\\/?p=12786#primaryimage\"},\"image\":{\"@id\":\"http:\\\/\\\/osnovnaskolamalinskadubasnica.hr\\\/?p=12786#primaryimage\"},\"thumbnailUrl\":\"http:\\\/\\\/osnovnaskolamalinskadubasnica.hr\\\/wp-content\\\/uploads\\\/igrokaz-sjena.jpg\",\"datePublished\":\"2018-03-18T15:32:05+00:00\",\"author\":{\"@id\":\"http:\\\/\\\/osnovnaskolamalinskadubasnica.hr\\\/#\\\/schema\\\/person\\\/ab4ffae0c646af016b083db5e2445e8f\"},\"breadcrumb\":{\"@id\":\"http:\\\/\\\/osnovnaskolamalinskadubasnica.hr\\\/?p=12786#breadcrumb\"},\"inLanguage\":\"hr\",\"potentialAction\":[{\"@type\":\"ReadAction\",\"target\":[\"http:\\\/\\\/osnovnaskolamalinskadubasnica.hr\\\/?p=12786\"]}]},{\"@type\":\"ImageObject\",\"inLanguage\":\"hr\",\"@id\":\"http:\\\/\\\/osnovnaskolamalinskadubasnica.hr\\\/?p=12786#primaryimage\",\"url\":\"http:\\\/\\\/osnovnaskolamalinskadubasnica.hr\\\/wp-content\\\/uploads\\\/igrokaz-sjena.jpg\",\"contentUrl\":\"http:\\\/\\\/osnovnaskolamalinskadubasnica.hr\\\/wp-content\\\/uploads\\\/igrokaz-sjena.jpg\"},{\"@type\":\"BreadcrumbList\",\"@id\":\"http:\\\/\\\/osnovnaskolamalinskadubasnica.hr\\\/?p=12786#breadcrumb\",\"itemListElement\":[{\"@type\":\"ListItem\",\"position\":1,\"name\":\"Po\u010detna stranica\",\"item\":\"http:\\\/\\\/osnovnaskolamalinskadubasnica.hr\\\/\"},{\"@type\":\"ListItem\",\"position\":2,\"name\":\"Malo kazali\u0161te sjena: Proljetno bu\u0111enje\"}]},{\"@type\":\"WebSite\",\"@id\":\"http:\\\/\\\/osnovnaskolamalinskadubasnica.hr\\\/#website\",\"url\":\"http:\\\/\\\/osnovnaskolamalinskadubasnica.hr\\\/\",\"name\":\"Osnovna \u0161kola Malinska-Duba\u0161nica\",\"description\":\"\",\"potentialAction\":[{\"@type\":\"SearchAction\",\"target\":{\"@type\":\"EntryPoint\",\"urlTemplate\":\"http:\\\/\\\/osnovnaskolamalinskadubasnica.hr\\\/?s={search_term_string}\"},\"query-input\":{\"@type\":\"PropertyValueSpecification\",\"valueRequired\":true,\"valueName\":\"search_term_string\"}}],\"inLanguage\":\"hr\"},{\"@type\":\"Person\",\"@id\":\"http:\\\/\\\/osnovnaskolamalinskadubasnica.hr\\\/#\\\/schema\\\/person\\\/ab4ffae0c646af016b083db5e2445e8f\",\"name\":\"O\u0160 Malinska-Duba\u0161nica\",\"url\":\"http:\\\/\\\/osnovnaskolamalinskadubasnica.hr\\\/?author=1\"}]}<\/script>\n<!-- \/ Yoast SEO plugin. -->","yoast_head_json":{"title":"Malo kazali\u0161te sjena: Proljetno bu\u0111enje - Osnovna \u0161kola Malinska-Duba\u0161nica","robots":{"index":"index","follow":"follow","max-snippet":"max-snippet:-1","max-image-preview":"max-image-preview:large","max-video-preview":"max-video-preview:-1"},"canonical":"http:\/\/osnovnaskolamalinskadubasnica.hr\/?p=12786","og_locale":"hr_HR","og_type":"article","og_title":"Malo kazali\u0161te sjena: Proljetno bu\u0111enje - Osnovna \u0161kola Malinska-Duba\u0161nica","og_description":"Jo\u0161 samo nekoliko dana i priroda \u0107e se probuditi iz zimskog sna. Prvi dan prolje\u0107a tako je blizu, a njegov dolazak obilje\u017eili su u\u010denici 1.b razreda sa svojom u\u010diteljicom Jasenkom Znaor. U\u010dinili su to na jedan sasvim neobi\u010dan, kreativan i &hellip; Nastavi \u010ditati &rarr;","og_url":"http:\/\/osnovnaskolamalinskadubasnica.hr\/?p=12786","og_site_name":"Osnovna \u0161kola Malinska-Duba\u0161nica","article_publisher":"https:\/\/www.facebook.com\/osmalinskadubasnica\/","article_published_time":"2018-03-18T15:32:05+00:00","og_image":[{"url":"http:\/\/osnovnaskolamalinskadubasnica.hr\/wp-content\/uploads\/image-0-02-04-3c4dfa30fc927585d74fa8249a8d42aac97204b30dc694abf236f9ef866cd7ea-V-150x150.jpg","type":"","width":"","height":""}],"author":"O\u0160 Malinska-Duba\u0161nica","twitter_card":"summary_large_image","twitter_misc":{"Napisao\/la":"O\u0160 Malinska-Duba\u0161nica","Procijenjeno vrijeme \u010ditanja":"1 minuta"},"schema":{"@context":"https:\/\/schema.org","@graph":[{"@type":"Article","@id":"http:\/\/osnovnaskolamalinskadubasnica.hr\/?p=12786#article","isPartOf":{"@id":"http:\/\/osnovnaskolamalinskadubasnica.hr\/?p=12786"},"author":{"name":"O\u0160 Malinska-Duba\u0161nica","@id":"http:\/\/osnovnaskolamalinskadubasnica.hr\/#\/schema\/person\/ab4ffae0c646af016b083db5e2445e8f"},"headline":"Malo kazali\u0161te sjena: Proljetno bu\u0111enje","datePublished":"2018-03-18T15:32:05+00:00","mainEntityOfPage":{"@id":"http:\/\/osnovnaskolamalinskadubasnica.hr\/?p=12786"},"wordCount":225,"image":{"@id":"http:\/\/osnovnaskolamalinskadubasnica.hr\/?p=12786#primaryimage"},"thumbnailUrl":"http:\/\/osnovnaskolamalinskadubasnica.hr\/wp-content\/uploads\/igrokaz-sjena.jpg","keywords":["igrokaz","Jasenka Znaor","kazali\u0161te sjena","Proljetno bu\u0111enje","prva\u0161i\u0107i"],"articleSection":["Kreativac","Projekti","Vijesti","Zanimljivosti"],"inLanguage":"hr"},{"@type":"WebPage","@id":"http:\/\/osnovnaskolamalinskadubasnica.hr\/?p=12786","url":"http:\/\/osnovnaskolamalinskadubasnica.hr\/?p=12786","name":"Malo kazali\u0161te sjena: Proljetno bu\u0111enje - Osnovna \u0161kola Malinska-Duba\u0161nica","isPartOf":{"@id":"http:\/\/osnovnaskolamalinskadubasnica.hr\/#website"},"primaryImageOfPage":{"@id":"http:\/\/osnovnaskolamalinskadubasnica.hr\/?p=12786#primaryimage"},"image":{"@id":"http:\/\/osnovnaskolamalinskadubasnica.hr\/?p=12786#primaryimage"},"thumbnailUrl":"http:\/\/osnovnaskolamalinskadubasnica.hr\/wp-content\/uploads\/igrokaz-sjena.jpg","datePublished":"2018-03-18T15:32:05+00:00","author":{"@id":"http:\/\/osnovnaskolamalinskadubasnica.hr\/#\/schema\/person\/ab4ffae0c646af016b083db5e2445e8f"},"breadcrumb":{"@id":"http:\/\/osnovnaskolamalinskadubasnica.hr\/?p=12786#breadcrumb"},"inLanguage":"hr","potentialAction":[{"@type":"ReadAction","target":["http:\/\/osnovnaskolamalinskadubasnica.hr\/?p=12786"]}]},{"@type":"ImageObject","inLanguage":"hr","@id":"http:\/\/osnovnaskolamalinskadubasnica.hr\/?p=12786#primaryimage","url":"http:\/\/osnovnaskolamalinskadubasnica.hr\/wp-content\/uploads\/igrokaz-sjena.jpg","contentUrl":"http:\/\/osnovnaskolamalinskadubasnica.hr\/wp-content\/uploads\/igrokaz-sjena.jpg"},{"@type":"BreadcrumbList","@id":"http:\/\/osnovnaskolamalinskadubasnica.hr\/?p=12786#breadcrumb","itemListElement":[{"@type":"ListItem","position":1,"name":"Po\u010detna stranica","item":"http:\/\/osnovnaskolamalinskadubasnica.hr\/"},{"@type":"ListItem","position":2,"name":"Malo kazali\u0161te sjena: Proljetno bu\u0111enje"}]},{"@type":"WebSite","@id":"http:\/\/osnovnaskolamalinskadubasnica.hr\/#website","url":"http:\/\/osnovnaskolamalinskadubasnica.hr\/","name":"Osnovna \u0161kola Malinska-Duba\u0161nica","description":"","potentialAction":[{"@type":"SearchAction","target":{"@type":"EntryPoint","urlTemplate":"http:\/\/osnovnaskolamalinskadubasnica.hr\/?s={search_term_string}"},"query-input":{"@type":"PropertyValueSpecification","valueRequired":true,"valueName":"search_term_string"}}],"inLanguage":"hr"},{"@type":"Person","@id":"http:\/\/osnovnaskolamalinskadubasnica.hr\/#\/schema\/person\/ab4ffae0c646af016b083db5e2445e8f","name":"O\u0160 Malinska-Duba\u0161nica","url":"http:\/\/osnovnaskolamalinskadubasnica.hr\/?author=1"}]}},"_links":{"self":[{"href":"http:\/\/osnovnaskolamalinskadubasnica.hr\/index.php?rest_route=\/wp\/v2\/posts\/12786","targetHints":{"allow":["GET"]}}],"collection":[{"href":"http:\/\/osnovnaskolamalinskadubasnica.hr\/index.php?rest_route=\/wp\/v2\/posts"}],"about":[{"href":"http:\/\/osnovnaskolamalinskadubasnica.hr\/index.php?rest_route=\/wp\/v2\/types\/post"}],"author":[{"embeddable":true,"href":"http:\/\/osnovnaskolamalinskadubasnica.hr\/index.php?rest_route=\/wp\/v2\/users\/1"}],"replies":[{"embeddable":true,"href":"http:\/\/osnovnaskolamalinskadubasnica.hr\/index.php?rest_route=%2Fwp%2Fv2%2Fcomments&post=12786"}],"version-history":[{"count":7,"href":"http:\/\/osnovnaskolamalinskadubasnica.hr\/index.php?rest_route=\/wp\/v2\/posts\/12786\/revisions"}],"predecessor-version":[{"id":12796,"href":"http:\/\/osnovnaskolamalinskadubasnica.hr\/index.php?rest_route=\/wp\/v2\/posts\/12786\/revisions\/12796"}],"wp:attachment":[{"href":"http:\/\/osnovnaskolamalinskadubasnica.hr\/index.php?rest_route=%2Fwp%2Fv2%2Fmedia&parent=12786"}],"wp:term":[{"taxonomy":"category","embeddable":true,"href":"http:\/\/osnovnaskolamalinskadubasnica.hr\/index.php?rest_route=%2Fwp%2Fv2%2Fcategories&post=12786"},{"taxonomy":"post_tag","embeddable":true,"href":"http:\/\/osnovnaskolamalinskadubasnica.hr\/index.php?rest_route=%2Fwp%2Fv2%2Ftags&post=12786"}],"curies":[{"name":"wp","href":"https:\/\/api.w.org\/{rel}","templated":true}]}}