{"id":11521,"date":"2017-10-30T22:01:45","date_gmt":"2017-10-30T22:01:45","guid":{"rendered":"http:\/\/osnovnaskolamalinskadubasnica.hr\/?p=11521"},"modified":"2017-10-30T22:12:11","modified_gmt":"2017-10-30T22:12:11","slug":"31-listopada-svjetski-dan-stednje","status":"publish","type":"post","link":"http:\/\/osnovnaskolamalinskadubasnica.hr\/?p=11521","title":{"rendered":"31. listopada &#8211; Svjetski dan \u0161tednje"},"content":{"rendered":"<p><img loading=\"lazy\" decoding=\"async\" class=\"alignleft wp-image-11522\" src=\"http:\/\/osnovnaskolamalinskadubasnica.hr\/wp-content\/uploads\/stednja.jpg\" alt=\"\" width=\"272\" height=\"191\" \/><\/p>\n<p style=\"text-align: justify;\"><span style=\"color: #000000;\">Svjetski dan \u0161tednje obilje\u017eava se posljednjeg dana u mjesecu listopadu, kao sje\u0107anje na 31. listopada 1924. godine kada su se u Milanu sastali prestavnici svjetskih \u0161tednih institucija. Na tom je skupu istaknuta va\u017enost \u0161tednje za razvoj \u010dovje\u010danstva i va\u017enost borbe protiv svakog oblika rasipni\u0161tva.<\/span><\/p>\n<p style=\"text-align: justify;\"><em><!--more--><\/em><\/p>\n<p style=\"text-align: justify;\"><span style=\"color: #000000;\">Poruka obilje\u017eavanja ovog dana je kako novac svakako treba \u0161tedjeti, ali i prirodne resurse koji su ograni\u010deni i s kojima treba raspolagati savjesno.<\/span><\/p>\n<p style=\"text-align: justify;\"><span style=\"color: #800000;\">Povodom Svjetskog dana \u0161tednje donosimo pjesmu <strong>Medo \u0160tedo<\/strong> koju je napisala <strong>Sara Cvrtila<\/strong>, u\u010denica 4. a razreda.<\/span><\/p>\n<p><img loading=\"lazy\" decoding=\"async\" class=\"aligncenter wp-image-11525 size-full\" src=\"http:\/\/osnovnaskolamalinskadubasnica.hr\/wp-content\/uploads\/sara-cvrtila.jpg\" alt=\"\" width=\"800\" height=\"1054\" srcset=\"http:\/\/osnovnaskolamalinskadubasnica.hr\/wp-content\/uploads\/sara-cvrtila.jpg 800w, http:\/\/osnovnaskolamalinskadubasnica.hr\/wp-content\/uploads\/sara-cvrtila-768x1012.jpg 768w\" sizes=\"auto, (max-width: 800px) 100vw, 800px\" \/><\/p>\n","protected":false},"excerpt":{"rendered":"<p>Svjetski dan \u0161tednje obilje\u017eava se posljednjeg dana u mjesecu listopadu, kao sje\u0107anje na 31. listopada 1924. godine kada su se u Milanu sastali prestavnici svjetskih \u0161tednih institucija. Na tom je skupu istaknuta va\u017enost \u0161tednje za razvoj \u010dovje\u010danstva i va\u017enost borbe &hellip; <a href=\"http:\/\/osnovnaskolamalinskadubasnica.hr\/?p=11521\">Nastavi \u010ditati <span class=\"meta-nav\">&rarr;<\/span><\/a><\/p>\n","protected":false},"author":1,"featured_media":0,"comment_status":"closed","ping_status":"closed","sticky":false,"template":"","format":"standard","meta":{"footnotes":""},"categories":[120,154,9,102],"tags":[502,688,689,500],"class_list":["post-11521","post","type-post","status-publish","format-standard","hentry","category-kalendar-2","category-kreativac","category-vijesti","category-zanimljivosti-2","tag-medo-stedo","tag-sara-cvrtila","tag-stednja","tag-svjetski-dan-stednje"],"yoast_head":"<!-- This site is optimized with the Yoast SEO plugin v27.5 - https:\/\/yoast.com\/product\/yoast-seo-wordpress\/ -->\n<title>31. listopada - Svjetski dan \u0161tednje - Osnovna \u0161kola Malinska-Duba\u0161nica<\/title>\n<meta name=\"robots\" content=\"index, follow, max-snippet:-1, max-image-preview:large, max-video-preview:-1\" \/>\n<link rel=\"canonical\" href=\"https:\/\/osnovnaskolamalinskadubasnica.hr\/?p=11521\" \/>\n<meta property=\"og:locale\" content=\"hr_HR\" \/>\n<meta property=\"og:type\" content=\"article\" \/>\n<meta property=\"og:title\" content=\"31. listopada - Svjetski dan \u0161tednje - Osnovna \u0161kola Malinska-Duba\u0161nica\" \/>\n<meta property=\"og:description\" content=\"Svjetski dan \u0161tednje obilje\u017eava se posljednjeg dana u mjesecu listopadu, kao sje\u0107anje na 31. listopada 1924. godine kada su se u Milanu sastali prestavnici svjetskih \u0161tednih institucija. Na tom je skupu istaknuta va\u017enost \u0161tednje za razvoj \u010dovje\u010danstva i va\u017enost borbe &hellip; Nastavi \u010ditati &rarr;\" \/>\n<meta property=\"og:url\" content=\"https:\/\/osnovnaskolamalinskadubasnica.hr\/?p=11521\" \/>\n<meta property=\"og:site_name\" content=\"Osnovna \u0161kola Malinska-Duba\u0161nica\" \/>\n<meta property=\"article:publisher\" content=\"https:\/\/www.facebook.com\/osmalinskadubasnica\/\" \/>\n<meta property=\"article:published_time\" content=\"2017-10-30T22:01:45+00:00\" \/>\n<meta property=\"article:modified_time\" content=\"2017-10-30T22:12:11+00:00\" \/>\n<meta property=\"og:image\" content=\"http:\/\/osnovnaskolamalinskadubasnica.hr\/wp-content\/uploads\/stednja.jpg\" \/>\n<meta name=\"author\" content=\"O\u0160 Malinska-Duba\u0161nica\" \/>\n<meta name=\"twitter:card\" content=\"summary_large_image\" \/>\n<meta name=\"twitter:label1\" content=\"Napisao\/la\" \/>\n\t<meta name=\"twitter:data1\" content=\"O\u0160 Malinska-Duba\u0161nica\" \/>\n<script type=\"application\/ld+json\" class=\"yoast-schema-graph\">{\"@context\":\"https:\\\/\\\/schema.org\",\"@graph\":[{\"@type\":\"Article\",\"@id\":\"https:\\\/\\\/osnovnaskolamalinskadubasnica.hr\\\/?p=11521#article\",\"isPartOf\":{\"@id\":\"https:\\\/\\\/osnovnaskolamalinskadubasnica.hr\\\/?p=11521\"},\"author\":{\"name\":\"O\u0160 Malinska-Duba\u0161nica\",\"@id\":\"http:\\\/\\\/osnovnaskolamalinskadubasnica.hr\\\/#\\\/schema\\\/person\\\/ab4ffae0c646af016b083db5e2445e8f\"},\"headline\":\"31. listopada &#8211; Svjetski dan \u0161tednje\",\"datePublished\":\"2017-10-30T22:01:45+00:00\",\"dateModified\":\"2017-10-30T22:12:11+00:00\",\"mainEntityOfPage\":{\"@id\":\"https:\\\/\\\/osnovnaskolamalinskadubasnica.hr\\\/?p=11521\"},\"wordCount\":95,\"image\":{\"@id\":\"https:\\\/\\\/osnovnaskolamalinskadubasnica.hr\\\/?p=11521#primaryimage\"},\"thumbnailUrl\":\"http:\\\/\\\/osnovnaskolamalinskadubasnica.hr\\\/wp-content\\\/uploads\\\/stednja.jpg\",\"keywords\":[\"Medo \u0160tedo\",\"Sara Cvrtila\",\"\u0161tednja\",\"Svjetski dan \u0161tednje\"],\"articleSection\":[\"Kalendar\",\"Kreativac\",\"Vijesti\",\"Zanimljivosti\"],\"inLanguage\":\"hr\"},{\"@type\":\"WebPage\",\"@id\":\"https:\\\/\\\/osnovnaskolamalinskadubasnica.hr\\\/?p=11521\",\"url\":\"https:\\\/\\\/osnovnaskolamalinskadubasnica.hr\\\/?p=11521\",\"name\":\"31. listopada - Svjetski dan \u0161tednje - Osnovna \u0161kola Malinska-Duba\u0161nica\",\"isPartOf\":{\"@id\":\"http:\\\/\\\/osnovnaskolamalinskadubasnica.hr\\\/#website\"},\"primaryImageOfPage\":{\"@id\":\"https:\\\/\\\/osnovnaskolamalinskadubasnica.hr\\\/?p=11521#primaryimage\"},\"image\":{\"@id\":\"https:\\\/\\\/osnovnaskolamalinskadubasnica.hr\\\/?p=11521#primaryimage\"},\"thumbnailUrl\":\"http:\\\/\\\/osnovnaskolamalinskadubasnica.hr\\\/wp-content\\\/uploads\\\/stednja.jpg\",\"datePublished\":\"2017-10-30T22:01:45+00:00\",\"dateModified\":\"2017-10-30T22:12:11+00:00\",\"author\":{\"@id\":\"http:\\\/\\\/osnovnaskolamalinskadubasnica.hr\\\/#\\\/schema\\\/person\\\/ab4ffae0c646af016b083db5e2445e8f\"},\"breadcrumb\":{\"@id\":\"https:\\\/\\\/osnovnaskolamalinskadubasnica.hr\\\/?p=11521#breadcrumb\"},\"inLanguage\":\"hr\",\"potentialAction\":[{\"@type\":\"ReadAction\",\"target\":[\"https:\\\/\\\/osnovnaskolamalinskadubasnica.hr\\\/?p=11521\"]}]},{\"@type\":\"ImageObject\",\"inLanguage\":\"hr\",\"@id\":\"https:\\\/\\\/osnovnaskolamalinskadubasnica.hr\\\/?p=11521#primaryimage\",\"url\":\"http:\\\/\\\/osnovnaskolamalinskadubasnica.hr\\\/wp-content\\\/uploads\\\/stednja.jpg\",\"contentUrl\":\"http:\\\/\\\/osnovnaskolamalinskadubasnica.hr\\\/wp-content\\\/uploads\\\/stednja.jpg\",\"width\":765,\"height\":537},{\"@type\":\"BreadcrumbList\",\"@id\":\"https:\\\/\\\/osnovnaskolamalinskadubasnica.hr\\\/?p=11521#breadcrumb\",\"itemListElement\":[{\"@type\":\"ListItem\",\"position\":1,\"name\":\"Po\u010detna stranica\",\"item\":\"http:\\\/\\\/osnovnaskolamalinskadubasnica.hr\\\/\"},{\"@type\":\"ListItem\",\"position\":2,\"name\":\"31. listopada &#8211; Svjetski dan \u0161tednje\"}]},{\"@type\":\"WebSite\",\"@id\":\"http:\\\/\\\/osnovnaskolamalinskadubasnica.hr\\\/#website\",\"url\":\"http:\\\/\\\/osnovnaskolamalinskadubasnica.hr\\\/\",\"name\":\"Osnovna \u0161kola Malinska-Duba\u0161nica\",\"description\":\"\",\"potentialAction\":[{\"@type\":\"SearchAction\",\"target\":{\"@type\":\"EntryPoint\",\"urlTemplate\":\"http:\\\/\\\/osnovnaskolamalinskadubasnica.hr\\\/?s={search_term_string}\"},\"query-input\":{\"@type\":\"PropertyValueSpecification\",\"valueRequired\":true,\"valueName\":\"search_term_string\"}}],\"inLanguage\":\"hr\"},{\"@type\":\"Person\",\"@id\":\"http:\\\/\\\/osnovnaskolamalinskadubasnica.hr\\\/#\\\/schema\\\/person\\\/ab4ffae0c646af016b083db5e2445e8f\",\"name\":\"O\u0160 Malinska-Duba\u0161nica\",\"url\":\"http:\\\/\\\/osnovnaskolamalinskadubasnica.hr\\\/?author=1\"}]}<\/script>\n<!-- \/ Yoast SEO plugin. -->","yoast_head_json":{"title":"31. listopada - Svjetski dan \u0161tednje - Osnovna \u0161kola Malinska-Duba\u0161nica","robots":{"index":"index","follow":"follow","max-snippet":"max-snippet:-1","max-image-preview":"max-image-preview:large","max-video-preview":"max-video-preview:-1"},"canonical":"https:\/\/osnovnaskolamalinskadubasnica.hr\/?p=11521","og_locale":"hr_HR","og_type":"article","og_title":"31. listopada - Svjetski dan \u0161tednje - Osnovna \u0161kola Malinska-Duba\u0161nica","og_description":"Svjetski dan \u0161tednje obilje\u017eava se posljednjeg dana u mjesecu listopadu, kao sje\u0107anje na 31. listopada 1924. godine kada su se u Milanu sastali prestavnici svjetskih \u0161tednih institucija. Na tom je skupu istaknuta va\u017enost \u0161tednje za razvoj \u010dovje\u010danstva i va\u017enost borbe &hellip; Nastavi \u010ditati &rarr;","og_url":"https:\/\/osnovnaskolamalinskadubasnica.hr\/?p=11521","og_site_name":"Osnovna \u0161kola Malinska-Duba\u0161nica","article_publisher":"https:\/\/www.facebook.com\/osmalinskadubasnica\/","article_published_time":"2017-10-30T22:01:45+00:00","article_modified_time":"2017-10-30T22:12:11+00:00","og_image":[{"url":"http:\/\/osnovnaskolamalinskadubasnica.hr\/wp-content\/uploads\/stednja.jpg","type":"","width":"","height":""}],"author":"O\u0160 Malinska-Duba\u0161nica","twitter_card":"summary_large_image","twitter_misc":{"Napisao\/la":"O\u0160 Malinska-Duba\u0161nica"},"schema":{"@context":"https:\/\/schema.org","@graph":[{"@type":"Article","@id":"https:\/\/osnovnaskolamalinskadubasnica.hr\/?p=11521#article","isPartOf":{"@id":"https:\/\/osnovnaskolamalinskadubasnica.hr\/?p=11521"},"author":{"name":"O\u0160 Malinska-Duba\u0161nica","@id":"http:\/\/osnovnaskolamalinskadubasnica.hr\/#\/schema\/person\/ab4ffae0c646af016b083db5e2445e8f"},"headline":"31. listopada &#8211; Svjetski dan \u0161tednje","datePublished":"2017-10-30T22:01:45+00:00","dateModified":"2017-10-30T22:12:11+00:00","mainEntityOfPage":{"@id":"https:\/\/osnovnaskolamalinskadubasnica.hr\/?p=11521"},"wordCount":95,"image":{"@id":"https:\/\/osnovnaskolamalinskadubasnica.hr\/?p=11521#primaryimage"},"thumbnailUrl":"http:\/\/osnovnaskolamalinskadubasnica.hr\/wp-content\/uploads\/stednja.jpg","keywords":["Medo \u0160tedo","Sara Cvrtila","\u0161tednja","Svjetski dan \u0161tednje"],"articleSection":["Kalendar","Kreativac","Vijesti","Zanimljivosti"],"inLanguage":"hr"},{"@type":"WebPage","@id":"https:\/\/osnovnaskolamalinskadubasnica.hr\/?p=11521","url":"https:\/\/osnovnaskolamalinskadubasnica.hr\/?p=11521","name":"31. listopada - Svjetski dan \u0161tednje - Osnovna \u0161kola Malinska-Duba\u0161nica","isPartOf":{"@id":"http:\/\/osnovnaskolamalinskadubasnica.hr\/#website"},"primaryImageOfPage":{"@id":"https:\/\/osnovnaskolamalinskadubasnica.hr\/?p=11521#primaryimage"},"image":{"@id":"https:\/\/osnovnaskolamalinskadubasnica.hr\/?p=11521#primaryimage"},"thumbnailUrl":"http:\/\/osnovnaskolamalinskadubasnica.hr\/wp-content\/uploads\/stednja.jpg","datePublished":"2017-10-30T22:01:45+00:00","dateModified":"2017-10-30T22:12:11+00:00","author":{"@id":"http:\/\/osnovnaskolamalinskadubasnica.hr\/#\/schema\/person\/ab4ffae0c646af016b083db5e2445e8f"},"breadcrumb":{"@id":"https:\/\/osnovnaskolamalinskadubasnica.hr\/?p=11521#breadcrumb"},"inLanguage":"hr","potentialAction":[{"@type":"ReadAction","target":["https:\/\/osnovnaskolamalinskadubasnica.hr\/?p=11521"]}]},{"@type":"ImageObject","inLanguage":"hr","@id":"https:\/\/osnovnaskolamalinskadubasnica.hr\/?p=11521#primaryimage","url":"http:\/\/osnovnaskolamalinskadubasnica.hr\/wp-content\/uploads\/stednja.jpg","contentUrl":"http:\/\/osnovnaskolamalinskadubasnica.hr\/wp-content\/uploads\/stednja.jpg","width":765,"height":537},{"@type":"BreadcrumbList","@id":"https:\/\/osnovnaskolamalinskadubasnica.hr\/?p=11521#breadcrumb","itemListElement":[{"@type":"ListItem","position":1,"name":"Po\u010detna stranica","item":"http:\/\/osnovnaskolamalinskadubasnica.hr\/"},{"@type":"ListItem","position":2,"name":"31. listopada &#8211; Svjetski dan \u0161tednje"}]},{"@type":"WebSite","@id":"http:\/\/osnovnaskolamalinskadubasnica.hr\/#website","url":"http:\/\/osnovnaskolamalinskadubasnica.hr\/","name":"Osnovna \u0161kola Malinska-Duba\u0161nica","description":"","potentialAction":[{"@type":"SearchAction","target":{"@type":"EntryPoint","urlTemplate":"http:\/\/osnovnaskolamalinskadubasnica.hr\/?s={search_term_string}"},"query-input":{"@type":"PropertyValueSpecification","valueRequired":true,"valueName":"search_term_string"}}],"inLanguage":"hr"},{"@type":"Person","@id":"http:\/\/osnovnaskolamalinskadubasnica.hr\/#\/schema\/person\/ab4ffae0c646af016b083db5e2445e8f","name":"O\u0160 Malinska-Duba\u0161nica","url":"http:\/\/osnovnaskolamalinskadubasnica.hr\/?author=1"}]}},"_links":{"self":[{"href":"http:\/\/osnovnaskolamalinskadubasnica.hr\/index.php?rest_route=\/wp\/v2\/posts\/11521","targetHints":{"allow":["GET"]}}],"collection":[{"href":"http:\/\/osnovnaskolamalinskadubasnica.hr\/index.php?rest_route=\/wp\/v2\/posts"}],"about":[{"href":"http:\/\/osnovnaskolamalinskadubasnica.hr\/index.php?rest_route=\/wp\/v2\/types\/post"}],"author":[{"embeddable":true,"href":"http:\/\/osnovnaskolamalinskadubasnica.hr\/index.php?rest_route=\/wp\/v2\/users\/1"}],"replies":[{"embeddable":true,"href":"http:\/\/osnovnaskolamalinskadubasnica.hr\/index.php?rest_route=%2Fwp%2Fv2%2Fcomments&post=11521"}],"version-history":[{"count":4,"href":"http:\/\/osnovnaskolamalinskadubasnica.hr\/index.php?rest_route=\/wp\/v2\/posts\/11521\/revisions"}],"predecessor-version":[{"id":11529,"href":"http:\/\/osnovnaskolamalinskadubasnica.hr\/index.php?rest_route=\/wp\/v2\/posts\/11521\/revisions\/11529"}],"wp:attachment":[{"href":"http:\/\/osnovnaskolamalinskadubasnica.hr\/index.php?rest_route=%2Fwp%2Fv2%2Fmedia&parent=11521"}],"wp:term":[{"taxonomy":"category","embeddable":true,"href":"http:\/\/osnovnaskolamalinskadubasnica.hr\/index.php?rest_route=%2Fwp%2Fv2%2Fcategories&post=11521"},{"taxonomy":"post_tag","embeddable":true,"href":"http:\/\/osnovnaskolamalinskadubasnica.hr\/index.php?rest_route=%2Fwp%2Fv2%2Ftags&post=11521"}],"curies":[{"name":"wp","href":"https:\/\/api.w.org\/{rel}","templated":true}]}}