{"id":11256,"date":"2017-10-15T16:46:22","date_gmt":"2017-10-15T16:46:22","guid":{"rendered":"http:\/\/osnovnaskolamalinskadubasnica.hr\/?p=11256"},"modified":"2017-10-16T21:24:49","modified_gmt":"2017-10-16T21:24:49","slug":"dani-kruha-u-produzenom-boravku","status":"publish","type":"post","link":"http:\/\/osnovnaskolamalinskadubasnica.hr\/?p=11256","title":{"rendered":"Dani kruha u produ\u017eenom boravku"},"content":{"rendered":"<p style=\"text-align: justify;\"><a href=\"http:\/\/osnovnaskolamalinskadubasnica.hr\/wp-content\/uploads\/dani-kruha-PB.jpg\" data-rel=\"lightbox-image-0\" data-rl_title=\"\" data-rl_caption=\"\" title=\"\"><img loading=\"lazy\" decoding=\"async\" class=\"alignleft wp-image-11234\" src=\"http:\/\/osnovnaskolamalinskadubasnica.hr\/wp-content\/uploads\/dani-kruha-PB.jpg\" alt=\"\" width=\"272\" height=\"214\" \/><\/a><span style=\"color: #000000;\">U kreativnoj radionici \u201e<em>Kad se vrijedne ruke slo\u017ee<\/em>\u201c, koja od ove godine djeluje u sklopu programa produ\u017eenog boravka, u \u010detrvtak i petak 12. i 13. listopada u\u010denici i njihove u\u010diteljice Ivana i Sanja na kreativan su na\u010din obilje\u017eili\u00a0 Dane kruha. Na zadatku su se na\u0161li slani i slatki pekarski proizvodi. \ud83c\udf6a \ud83d\ude0d<br \/>\n<\/span><\/p>\n<p style=\"text-align: justify;\"><em><!--more--><\/em><\/p>\n<p style=\"text-align: justify;\"><span style=\"color: #000000;\">Kola\u010de koje su ispekli izlo\u017eili su na na\u0161em \u0161tandu na Svehrvatskoj smotri Dana kruha koja se odr\u017eala u nedelju 15. listopada upravo u na\u0161oj sportskoj dvorani. Osim finih kola\u010da, \u0161tand na\u0161e \u0161kole krasile su i lijepe rukotvorine od filcane vune koje su tako\u0111er izradili na\u0161i mali kreativci iz produ\u017eenog boravka.<\/span><\/p>\n<p style=\"text-align: justify;\"><span style=\"color: #000000;\">Za izradu \u0161tapi\u0107a od prhkog i lisnatog tijesta, u\u010denici su izrezivali tijesto na trake, premazivali ih i posipali sezamom. Na kraju smo tijesto ispekli u pe\u0107nici.<\/span><\/p>\n<p style=\"text-align: justify;\"><span style=\"color: #000000;\">Potom je uslijedila makovnja\u010da. Na izra\u0111eno tijesto premazali smo smjesu od maka te smo omotali tijesto u roladu. Pripremljene makovnja\u010de ispekli smo u pe\u0107nici.<\/span><\/p>\n<p style=\"text-align: justify;\"><span style=\"color: #000000;\">Izra\u0111ivali smo i ru\u017eice od lisnatog tijesta. Odmrznuto lisnato tijesto razvaljali smo u kvadrat. Tijesto smo razrezali na deblje trake koje smo premazali marmeladom. Na rubove traka poslagali smo obarene plo\u0161ke jabuka.\u00a0 Tijesto smo preklopili te smo ga omotali u ru\u017eicu.\u00a0 Potom smo \u201eru\u017eice\u201c ispekli u pe\u0107nici i posipali \u0161e\u0107erom u prahu.<\/span><\/p>\n<p style=\"text-align: justify;\"><span style=\"color: #000000;\">Kao pravi pekari, naravno da smo na\u0161e uratke i isprobali. Zaklju\u010dili smo da ni\u0161ta nije bolje od kola\u010da koje su na\u0161e vrijedne ruke same napravile. \ud83d\ude0a<br \/>\n<\/span><\/p>\n<p style=\"text-align: right;\"><span style=\"color: #000000;\"><em>Sanja \u0160palj<\/em><br \/>\n<\/span><\/p>\n<p style=\"text-align: justify;\"><strong><span style=\"color: #800000;\">FOTOGALERIJA:<\/span><\/strong><\/p>\n<div id='gallery-1' class='gallery galleryid-11256 gallery-columns-3 gallery-size-thumbnail'><dl class='gallery-item'>\n\t\t\t<dt class='gallery-icon portrait'>\n\t\t\t\t<a href='http:\/\/osnovnaskolamalinskadubasnica.hr\/wp-content\/uploads\/image-0-02-05-6f3e9d9ac53198b3dc79f40025f1020fd482e8c3abc41c71530ea2b87b9aa813-V.jpg' title=\"\" data-rl_title=\"\" class=\"rl-gallery-link\" data-rl_caption=\"\" data-rel=\"lightbox-gallery-1\"><img loading=\"lazy\" decoding=\"async\" width=\"150\" height=\"150\" src=\"http:\/\/osnovnaskolamalinskadubasnica.hr\/wp-content\/uploads\/image-0-02-05-6f3e9d9ac53198b3dc79f40025f1020fd482e8c3abc41c71530ea2b87b9aa813-V-150x150.jpg\" class=\"attachment-thumbnail size-thumbnail\" alt=\"\" \/><\/a>\n\t\t\t<\/dt><\/dl><dl class='gallery-item'>\n\t\t\t<dt class='gallery-icon landscape'>\n\t\t\t\t<a href='http:\/\/osnovnaskolamalinskadubasnica.hr\/wp-content\/uploads\/image-0-02-05-d5cfec4450f2cc338671dfcab178352a1777916ead314dbaa654c5c137548321-V.jpg' title=\"\" data-rl_title=\"\" class=\"rl-gallery-link\" data-rl_caption=\"\" data-rel=\"lightbox-gallery-1\"><img loading=\"lazy\" decoding=\"async\" width=\"150\" height=\"150\" src=\"http:\/\/osnovnaskolamalinskadubasnica.hr\/wp-content\/uploads\/image-0-02-05-d5cfec4450f2cc338671dfcab178352a1777916ead314dbaa654c5c137548321-V-150x150.jpg\" class=\"attachment-thumbnail size-thumbnail\" alt=\"\" \/><\/a>\n\t\t\t<\/dt><\/dl><dl class='gallery-item'>\n\t\t\t<dt class='gallery-icon portrait'>\n\t\t\t\t<a href='http:\/\/osnovnaskolamalinskadubasnica.hr\/wp-content\/uploads\/image-0-02-05-a54a998a5daff9e6e81b9b83a552ea1746b520a4732161a350fc776dc7bde4f4-V.jpg' title=\"\" data-rl_title=\"\" class=\"rl-gallery-link\" data-rl_caption=\"\" data-rel=\"lightbox-gallery-1\"><img loading=\"lazy\" decoding=\"async\" width=\"150\" height=\"150\" src=\"http:\/\/osnovnaskolamalinskadubasnica.hr\/wp-content\/uploads\/image-0-02-05-a54a998a5daff9e6e81b9b83a552ea1746b520a4732161a350fc776dc7bde4f4-V-150x150.jpg\" class=\"attachment-thumbnail size-thumbnail\" alt=\"\" \/><\/a>\n\t\t\t<\/dt><\/dl><br style=\"clear: both\" \/><dl class='gallery-item'>\n\t\t\t<dt class='gallery-icon landscape'>\n\t\t\t\t<a href='http:\/\/osnovnaskolamalinskadubasnica.hr\/wp-content\/uploads\/image-0-02-04-6ca71f0023807763d6a23d83ce017f3a8a09f1b7d6b526aa37beae61257bdee9-V.jpg' title=\"\" data-rl_title=\"\" class=\"rl-gallery-link\" data-rl_caption=\"\" data-rel=\"lightbox-gallery-1\"><img loading=\"lazy\" decoding=\"async\" width=\"150\" height=\"150\" src=\"http:\/\/osnovnaskolamalinskadubasnica.hr\/wp-content\/uploads\/image-0-02-04-6ca71f0023807763d6a23d83ce017f3a8a09f1b7d6b526aa37beae61257bdee9-V-150x150.jpg\" class=\"attachment-thumbnail size-thumbnail\" alt=\"\" \/><\/a>\n\t\t\t<\/dt><\/dl><dl class='gallery-item'>\n\t\t\t<dt class='gallery-icon landscape'>\n\t\t\t\t<a href='http:\/\/osnovnaskolamalinskadubasnica.hr\/wp-content\/uploads\/image-0-02-05-43e3d078a4ff81bc1c4ffe90906ac860b98a3f4ed90e2c0424bf9498e5d97f0b-V.jpg' title=\"\" data-rl_title=\"\" class=\"rl-gallery-link\" data-rl_caption=\"\" data-rel=\"lightbox-gallery-1\"><img loading=\"lazy\" decoding=\"async\" width=\"150\" height=\"150\" src=\"http:\/\/osnovnaskolamalinskadubasnica.hr\/wp-content\/uploads\/image-0-02-05-43e3d078a4ff81bc1c4ffe90906ac860b98a3f4ed90e2c0424bf9498e5d97f0b-V-150x150.jpg\" class=\"attachment-thumbnail size-thumbnail\" alt=\"\" \/><\/a>\n\t\t\t<\/dt><\/dl><dl class='gallery-item'>\n\t\t\t<dt class='gallery-icon portrait'>\n\t\t\t\t<a href='http:\/\/osnovnaskolamalinskadubasnica.hr\/wp-content\/uploads\/image-0-02-05-d5b2a9a537e3409631e90d39629c94853c845d558318b9dca8dbd1d44b815a91-V.jpg' title=\"\" data-rl_title=\"\" class=\"rl-gallery-link\" data-rl_caption=\"\" data-rel=\"lightbox-gallery-1\"><img loading=\"lazy\" decoding=\"async\" width=\"150\" height=\"150\" src=\"http:\/\/osnovnaskolamalinskadubasnica.hr\/wp-content\/uploads\/image-0-02-05-d5b2a9a537e3409631e90d39629c94853c845d558318b9dca8dbd1d44b815a91-V-150x150.jpg\" class=\"attachment-thumbnail size-thumbnail\" alt=\"\" \/><\/a>\n\t\t\t<\/dt><\/dl><br style=\"clear: both\" \/><dl class='gallery-item'>\n\t\t\t<dt class='gallery-icon landscape'>\n\t\t\t\t<a href='http:\/\/osnovnaskolamalinskadubasnica.hr\/wp-content\/uploads\/image-0-02-05-bdf05c94b2f27c033cba25ce7e581db4c03b755435c3829e1014d03cfde120a7-V.jpg' title=\"\" data-rl_title=\"\" class=\"rl-gallery-link\" data-rl_caption=\"\" data-rel=\"lightbox-gallery-1\"><img loading=\"lazy\" decoding=\"async\" width=\"150\" height=\"150\" src=\"http:\/\/osnovnaskolamalinskadubasnica.hr\/wp-content\/uploads\/image-0-02-05-bdf05c94b2f27c033cba25ce7e581db4c03b755435c3829e1014d03cfde120a7-V-150x150.jpg\" class=\"attachment-thumbnail size-thumbnail\" alt=\"\" \/><\/a>\n\t\t\t<\/dt><\/dl><dl class='gallery-item'>\n\t\t\t<dt class='gallery-icon portrait'>\n\t\t\t\t<a href='http:\/\/osnovnaskolamalinskadubasnica.hr\/wp-content\/uploads\/image-0-02-05-0bb220ed14e8daf9653769353dc1b1bc11ecac0ec38aa65e277ca241d02af02b-V.jpg' title=\"\" data-rl_title=\"\" class=\"rl-gallery-link\" data-rl_caption=\"\" data-rel=\"lightbox-gallery-1\"><img loading=\"lazy\" decoding=\"async\" width=\"150\" height=\"150\" src=\"http:\/\/osnovnaskolamalinskadubasnica.hr\/wp-content\/uploads\/image-0-02-05-0bb220ed14e8daf9653769353dc1b1bc11ecac0ec38aa65e277ca241d02af02b-V-150x150.jpg\" class=\"attachment-thumbnail size-thumbnail\" alt=\"\" \/><\/a>\n\t\t\t<\/dt><\/dl><dl class='gallery-item'>\n\t\t\t<dt class='gallery-icon portrait'>\n\t\t\t\t<a href='http:\/\/osnovnaskolamalinskadubasnica.hr\/wp-content\/uploads\/image-0-02-04-d1b0cc5160724239278efdf3fee321d34a13ab8061479d15669a9ca7eb7332d3-V.jpg' title=\"\" data-rl_title=\"\" class=\"rl-gallery-link\" data-rl_caption=\"\" data-rel=\"lightbox-gallery-1\"><img loading=\"lazy\" decoding=\"async\" width=\"150\" height=\"150\" src=\"http:\/\/osnovnaskolamalinskadubasnica.hr\/wp-content\/uploads\/image-0-02-04-d1b0cc5160724239278efdf3fee321d34a13ab8061479d15669a9ca7eb7332d3-V-150x150.jpg\" class=\"attachment-thumbnail size-thumbnail\" alt=\"\" \/><\/a>\n\t\t\t<\/dt><\/dl><br style=\"clear: both\" \/><dl class='gallery-item'>\n\t\t\t<dt class='gallery-icon portrait'>\n\t\t\t\t<a href='http:\/\/osnovnaskolamalinskadubasnica.hr\/wp-content\/uploads\/image-0-02-05-8813a2368c30527785b0b95c34d97db8320534d45363730000eef0424ed12c81-V.jpg' title=\"\" data-rl_title=\"\" class=\"rl-gallery-link\" data-rl_caption=\"\" data-rel=\"lightbox-gallery-1\"><img loading=\"lazy\" decoding=\"async\" width=\"150\" height=\"150\" src=\"http:\/\/osnovnaskolamalinskadubasnica.hr\/wp-content\/uploads\/image-0-02-05-8813a2368c30527785b0b95c34d97db8320534d45363730000eef0424ed12c81-V-150x150.jpg\" class=\"attachment-thumbnail size-thumbnail\" alt=\"\" \/><\/a>\n\t\t\t<\/dt><\/dl><dl class='gallery-item'>\n\t\t\t<dt class='gallery-icon landscape'>\n\t\t\t\t<a href='http:\/\/osnovnaskolamalinskadubasnica.hr\/wp-content\/uploads\/image-0-02-05-246f68f1248e2a267414039f007301960605371614e89292d24f0fc1fcb84615-V.jpg' title=\"\" data-rl_title=\"\" class=\"rl-gallery-link\" data-rl_caption=\"\" data-rel=\"lightbox-gallery-1\"><img loading=\"lazy\" decoding=\"async\" width=\"150\" height=\"150\" src=\"http:\/\/osnovnaskolamalinskadubasnica.hr\/wp-content\/uploads\/image-0-02-05-246f68f1248e2a267414039f007301960605371614e89292d24f0fc1fcb84615-V-150x150.jpg\" class=\"attachment-thumbnail size-thumbnail\" alt=\"\" \/><\/a>\n\t\t\t<\/dt><\/dl><dl class='gallery-item'>\n\t\t\t<dt class='gallery-icon portrait'>\n\t\t\t\t<a href='http:\/\/osnovnaskolamalinskadubasnica.hr\/wp-content\/uploads\/image-0-02-04-81cc96bde3ab89286ba7e49e7917304966dd551708657b27329aeced22c641a9-V.jpg' title=\"\" data-rl_title=\"\" class=\"rl-gallery-link\" data-rl_caption=\"\" data-rel=\"lightbox-gallery-1\"><img loading=\"lazy\" decoding=\"async\" width=\"150\" height=\"150\" src=\"http:\/\/osnovnaskolamalinskadubasnica.hr\/wp-content\/uploads\/image-0-02-04-81cc96bde3ab89286ba7e49e7917304966dd551708657b27329aeced22c641a9-V-150x150.jpg\" class=\"attachment-thumbnail size-thumbnail\" alt=\"\" \/><\/a>\n\t\t\t<\/dt><\/dl><br style=\"clear: both\" \/><dl class='gallery-item'>\n\t\t\t<dt class='gallery-icon portrait'>\n\t\t\t\t<a href='http:\/\/osnovnaskolamalinskadubasnica.hr\/wp-content\/uploads\/image-0-02-05-4b68763354a27a8956b67a81668f6162afd2bc4ec21b6774dc1b05f3114097c2-V.jpg' title=\"\" data-rl_title=\"\" class=\"rl-gallery-link\" data-rl_caption=\"\" data-rel=\"lightbox-gallery-1\"><img loading=\"lazy\" decoding=\"async\" width=\"150\" height=\"150\" src=\"http:\/\/osnovnaskolamalinskadubasnica.hr\/wp-content\/uploads\/image-0-02-05-4b68763354a27a8956b67a81668f6162afd2bc4ec21b6774dc1b05f3114097c2-V-150x150.jpg\" class=\"attachment-thumbnail size-thumbnail\" alt=\"\" \/><\/a>\n\t\t\t<\/dt><\/dl><dl class='gallery-item'>\n\t\t\t<dt class='gallery-icon portrait'>\n\t\t\t\t<a href='http:\/\/osnovnaskolamalinskadubasnica.hr\/wp-content\/uploads\/image-0-02-05-5bd878145bb22503896bc508f20ea84ad4a7d98972c6c0825eb4ec5077491bb3-V.jpg' title=\"\" data-rl_title=\"\" class=\"rl-gallery-link\" data-rl_caption=\"\" data-rel=\"lightbox-gallery-1\"><img loading=\"lazy\" decoding=\"async\" width=\"150\" height=\"150\" src=\"http:\/\/osnovnaskolamalinskadubasnica.hr\/wp-content\/uploads\/image-0-02-05-5bd878145bb22503896bc508f20ea84ad4a7d98972c6c0825eb4ec5077491bb3-V-150x150.jpg\" class=\"attachment-thumbnail size-thumbnail\" alt=\"\" \/><\/a>\n\t\t\t<\/dt><\/dl><dl class='gallery-item'>\n\t\t\t<dt class='gallery-icon portrait'>\n\t\t\t\t<a href='http:\/\/osnovnaskolamalinskadubasnica.hr\/wp-content\/uploads\/image-0-02-05-b09254527e0fa19309af4c97a4efbe8842063a78d49bc0c93b257471d2fae28e-V.jpg' title=\"\" data-rl_title=\"\" class=\"rl-gallery-link\" data-rl_caption=\"\" data-rel=\"lightbox-gallery-1\"><img loading=\"lazy\" decoding=\"async\" width=\"150\" height=\"150\" src=\"http:\/\/osnovnaskolamalinskadubasnica.hr\/wp-content\/uploads\/image-0-02-05-b09254527e0fa19309af4c97a4efbe8842063a78d49bc0c93b257471d2fae28e-V-150x150.jpg\" class=\"attachment-thumbnail size-thumbnail\" alt=\"\" \/><\/a>\n\t\t\t<\/dt><\/dl><br style=\"clear: both\" \/><dl class='gallery-item'>\n\t\t\t<dt class='gallery-icon landscape'>\n\t\t\t\t<a href='http:\/\/osnovnaskolamalinskadubasnica.hr\/wp-content\/uploads\/image-0-02-05-353bd05d99e7999a245412b15f7b08fec5cc8bc6f04d7bc088c421dcdb054945-V.jpg' title=\"\" data-rl_title=\"\" class=\"rl-gallery-link\" data-rl_caption=\"\" data-rel=\"lightbox-gallery-1\"><img loading=\"lazy\" decoding=\"async\" width=\"150\" height=\"150\" src=\"http:\/\/osnovnaskolamalinskadubasnica.hr\/wp-content\/uploads\/image-0-02-05-353bd05d99e7999a245412b15f7b08fec5cc8bc6f04d7bc088c421dcdb054945-V-150x150.jpg\" class=\"attachment-thumbnail size-thumbnail\" alt=\"\" \/><\/a>\n\t\t\t<\/dt><\/dl><dl class='gallery-item'>\n\t\t\t<dt class='gallery-icon portrait'>\n\t\t\t\t<a href='http:\/\/osnovnaskolamalinskadubasnica.hr\/wp-content\/uploads\/image-0-02-05-b04e852fa56b4c7bdbb58004d2d1b0bef028869affd43af99c4d5373fade93cf-V.jpg' title=\"\" data-rl_title=\"\" class=\"rl-gallery-link\" data-rl_caption=\"\" data-rel=\"lightbox-gallery-1\"><img loading=\"lazy\" decoding=\"async\" width=\"150\" height=\"150\" src=\"http:\/\/osnovnaskolamalinskadubasnica.hr\/wp-content\/uploads\/image-0-02-05-b04e852fa56b4c7bdbb58004d2d1b0bef028869affd43af99c4d5373fade93cf-V-150x150.jpg\" class=\"attachment-thumbnail size-thumbnail\" alt=\"\" \/><\/a>\n\t\t\t<\/dt><\/dl><dl class='gallery-item'>\n\t\t\t<dt class='gallery-icon landscape'>\n\t\t\t\t<a href='http:\/\/osnovnaskolamalinskadubasnica.hr\/wp-content\/uploads\/image-0-02-05-3457ca88b7b3a513e01ef6cd5a6e0c262bc12488ed69e422877aaf67f9e3e07b-V.jpg' title=\"\" data-rl_title=\"\" class=\"rl-gallery-link\" data-rl_caption=\"\" data-rel=\"lightbox-gallery-1\"><img loading=\"lazy\" decoding=\"async\" width=\"150\" height=\"150\" src=\"http:\/\/osnovnaskolamalinskadubasnica.hr\/wp-content\/uploads\/image-0-02-05-3457ca88b7b3a513e01ef6cd5a6e0c262bc12488ed69e422877aaf67f9e3e07b-V-150x150.jpg\" class=\"attachment-thumbnail size-thumbnail\" alt=\"\" \/><\/a>\n\t\t\t<\/dt><\/dl><br style=\"clear: both\" \/><dl class='gallery-item'>\n\t\t\t<dt class='gallery-icon portrait'>\n\t\t\t\t<a href='http:\/\/osnovnaskolamalinskadubasnica.hr\/wp-content\/uploads\/image-0-02-05-55959b2b30a7393fcc646b1555c9f5245627af9a2492f92b257ea300008e0364-V.jpg' title=\"\" data-rl_title=\"\" class=\"rl-gallery-link\" data-rl_caption=\"\" data-rel=\"lightbox-gallery-1\"><img loading=\"lazy\" decoding=\"async\" width=\"150\" height=\"150\" src=\"http:\/\/osnovnaskolamalinskadubasnica.hr\/wp-content\/uploads\/image-0-02-05-55959b2b30a7393fcc646b1555c9f5245627af9a2492f92b257ea300008e0364-V-150x150.jpg\" class=\"attachment-thumbnail size-thumbnail\" alt=\"\" \/><\/a>\n\t\t\t<\/dt><\/dl><dl class='gallery-item'>\n\t\t\t<dt class='gallery-icon landscape'>\n\t\t\t\t<a href='http:\/\/osnovnaskolamalinskadubasnica.hr\/wp-content\/uploads\/image-0-02-05-67ebe6774a9d6630856ea14e7e33b5c5cda686ea1c54bac28edaef7aad8b1cf2-V.jpg' title=\"\" data-rl_title=\"\" class=\"rl-gallery-link\" data-rl_caption=\"\" data-rel=\"lightbox-gallery-1\"><img loading=\"lazy\" decoding=\"async\" width=\"150\" height=\"150\" src=\"http:\/\/osnovnaskolamalinskadubasnica.hr\/wp-content\/uploads\/image-0-02-05-67ebe6774a9d6630856ea14e7e33b5c5cda686ea1c54bac28edaef7aad8b1cf2-V-150x150.jpg\" class=\"attachment-thumbnail size-thumbnail\" alt=\"\" \/><\/a>\n\t\t\t<\/dt><\/dl><dl class='gallery-item'>\n\t\t\t<dt class='gallery-icon portrait'>\n\t\t\t\t<a href='http:\/\/osnovnaskolamalinskadubasnica.hr\/wp-content\/uploads\/image-0-02-05-27175d5853a05b468a6cf4d224c5691f756dba881bb44f6dabd91d9477fbcb69-V.jpg' title=\"\" data-rl_title=\"\" class=\"rl-gallery-link\" data-rl_caption=\"\" data-rel=\"lightbox-gallery-1\"><img loading=\"lazy\" decoding=\"async\" width=\"150\" height=\"150\" src=\"http:\/\/osnovnaskolamalinskadubasnica.hr\/wp-content\/uploads\/image-0-02-05-27175d5853a05b468a6cf4d224c5691f756dba881bb44f6dabd91d9477fbcb69-V-150x150.jpg\" class=\"attachment-thumbnail size-thumbnail\" alt=\"\" \/><\/a>\n\t\t\t<\/dt><\/dl><br style=\"clear: both\" \/>\n\t\t<\/div>\n\n","protected":false},"excerpt":{"rendered":"<p>U kreativnoj radionici \u201eKad se vrijedne ruke slo\u017ee\u201c, koja od ove godine djeluje u sklopu programa produ\u017eenog boravka, u \u010detrvtak i petak 12. i 13. listopada u\u010denici i njihove u\u010diteljice Ivana i Sanja na kreativan su na\u010din obilje\u017eili\u00a0 Dane kruha. &hellip; <a href=\"http:\/\/osnovnaskolamalinskadubasnica.hr\/?p=11256\">Nastavi \u010ditati <span class=\"meta-nav\">&rarr;<\/span><\/a><\/p>\n","protected":false},"author":1,"featured_media":0,"comment_status":"closed","ping_status":"closed","sticky":false,"template":"","format":"standard","meta":{"footnotes":""},"categories":[24,120,154,671,30,9,102],"tags":[171,493,680,679,491,492],"class_list":["post-11256","post","type-post","status-publish","format-standard","hentry","category-dogadanja","category-kalendar-2","category-kreativac","category-produzeni-boravak","category-projekti","category-vijesti","category-zanimljivosti-2","tag-dani-kruha","tag-ivana-miskovic","tag-izrada-kolaca","tag-mali-pekari","tag-produzeni-boravak","tag-sanja-spalj"],"yoast_head":"<!-- This site is optimized with the Yoast SEO plugin v27.5 - https:\/\/yoast.com\/product\/yoast-seo-wordpress\/ -->\n<title>Dani kruha u produ\u017eenom boravku - Osnovna \u0161kola Malinska-Duba\u0161nica<\/title>\n<meta name=\"robots\" content=\"index, follow, max-snippet:-1, max-image-preview:large, max-video-preview:-1\" \/>\n<link rel=\"canonical\" href=\"https:\/\/osnovnaskolamalinskadubasnica.hr\/?p=11256\" \/>\n<meta property=\"og:locale\" content=\"hr_HR\" \/>\n<meta property=\"og:type\" content=\"article\" \/>\n<meta property=\"og:title\" content=\"Dani kruha u produ\u017eenom boravku - Osnovna \u0161kola Malinska-Duba\u0161nica\" \/>\n<meta property=\"og:description\" content=\"U kreativnoj radionici \u201eKad se vrijedne ruke slo\u017ee\u201c, koja od ove godine djeluje u sklopu programa produ\u017eenog boravka, u \u010detrvtak i petak 12. i 13. listopada u\u010denici i njihove u\u010diteljice Ivana i Sanja na kreativan su na\u010din obilje\u017eili\u00a0 Dane kruha. &hellip; Nastavi \u010ditati &rarr;\" \/>\n<meta property=\"og:url\" content=\"https:\/\/osnovnaskolamalinskadubasnica.hr\/?p=11256\" \/>\n<meta property=\"og:site_name\" content=\"Osnovna \u0161kola Malinska-Duba\u0161nica\" \/>\n<meta property=\"article:publisher\" content=\"https:\/\/www.facebook.com\/osmalinskadubasnica\/\" \/>\n<meta property=\"article:published_time\" content=\"2017-10-15T16:46:22+00:00\" \/>\n<meta property=\"article:modified_time\" content=\"2017-10-16T21:24:49+00:00\" \/>\n<meta property=\"og:image\" content=\"https:\/\/osnovnaskolamalinskadubasnica.hr\/wp-content\/uploads\/image-0-02-05-6f3e9d9ac53198b3dc79f40025f1020fd482e8c3abc41c71530ea2b87b9aa813-V-150x150.jpg\" \/>\n<meta name=\"author\" content=\"O\u0160 Malinska-Duba\u0161nica\" \/>\n<meta name=\"twitter:card\" content=\"summary_large_image\" \/>\n<meta name=\"twitter:label1\" content=\"Napisao\/la\" \/>\n\t<meta name=\"twitter:data1\" content=\"O\u0160 Malinska-Duba\u0161nica\" \/>\n\t<meta name=\"twitter:label2\" content=\"Procijenjeno vrijeme \u010ditanja\" \/>\n\t<meta name=\"twitter:data2\" content=\"1 minuta\" \/>\n<script type=\"application\/ld+json\" class=\"yoast-schema-graph\">{\"@context\":\"https:\\\/\\\/schema.org\",\"@graph\":[{\"@type\":\"Article\",\"@id\":\"https:\\\/\\\/osnovnaskolamalinskadubasnica.hr\\\/?p=11256#article\",\"isPartOf\":{\"@id\":\"https:\\\/\\\/osnovnaskolamalinskadubasnica.hr\\\/?p=11256\"},\"author\":{\"name\":\"O\u0160 Malinska-Duba\u0161nica\",\"@id\":\"http:\\\/\\\/osnovnaskolamalinskadubasnica.hr\\\/#\\\/schema\\\/person\\\/ab4ffae0c646af016b083db5e2445e8f\"},\"headline\":\"Dani kruha u produ\u017eenom boravku\",\"datePublished\":\"2017-10-15T16:46:22+00:00\",\"dateModified\":\"2017-10-16T21:24:49+00:00\",\"mainEntityOfPage\":{\"@id\":\"https:\\\/\\\/osnovnaskolamalinskadubasnica.hr\\\/?p=11256\"},\"wordCount\":271,\"image\":{\"@id\":\"https:\\\/\\\/osnovnaskolamalinskadubasnica.hr\\\/?p=11256#primaryimage\"},\"thumbnailUrl\":\"http:\\\/\\\/osnovnaskolamalinskadubasnica.hr\\\/wp-content\\\/uploads\\\/dani-kruha-PB.jpg\",\"keywords\":[\"Dani kruha\",\"Ivana Mi\u0161kovi\u0107\",\"izrada kola\u010da\",\"mali pekari\",\"produ\u017eeni boravak\",\"Sanja \u0160palj\"],\"articleSection\":[\"Doga\u0111anja\",\"Kalendar\",\"Kreativac\",\"Produ\u017eeni boravak\",\"Projekti\",\"Vijesti\",\"Zanimljivosti\"],\"inLanguage\":\"hr\"},{\"@type\":\"WebPage\",\"@id\":\"https:\\\/\\\/osnovnaskolamalinskadubasnica.hr\\\/?p=11256\",\"url\":\"https:\\\/\\\/osnovnaskolamalinskadubasnica.hr\\\/?p=11256\",\"name\":\"Dani kruha u produ\u017eenom boravku - Osnovna \u0161kola Malinska-Duba\u0161nica\",\"isPartOf\":{\"@id\":\"http:\\\/\\\/osnovnaskolamalinskadubasnica.hr\\\/#website\"},\"primaryImageOfPage\":{\"@id\":\"https:\\\/\\\/osnovnaskolamalinskadubasnica.hr\\\/?p=11256#primaryimage\"},\"image\":{\"@id\":\"https:\\\/\\\/osnovnaskolamalinskadubasnica.hr\\\/?p=11256#primaryimage\"},\"thumbnailUrl\":\"http:\\\/\\\/osnovnaskolamalinskadubasnica.hr\\\/wp-content\\\/uploads\\\/dani-kruha-PB.jpg\",\"datePublished\":\"2017-10-15T16:46:22+00:00\",\"dateModified\":\"2017-10-16T21:24:49+00:00\",\"author\":{\"@id\":\"http:\\\/\\\/osnovnaskolamalinskadubasnica.hr\\\/#\\\/schema\\\/person\\\/ab4ffae0c646af016b083db5e2445e8f\"},\"breadcrumb\":{\"@id\":\"https:\\\/\\\/osnovnaskolamalinskadubasnica.hr\\\/?p=11256#breadcrumb\"},\"inLanguage\":\"hr\",\"potentialAction\":[{\"@type\":\"ReadAction\",\"target\":[\"https:\\\/\\\/osnovnaskolamalinskadubasnica.hr\\\/?p=11256\"]}]},{\"@type\":\"ImageObject\",\"inLanguage\":\"hr\",\"@id\":\"https:\\\/\\\/osnovnaskolamalinskadubasnica.hr\\\/?p=11256#primaryimage\",\"url\":\"http:\\\/\\\/osnovnaskolamalinskadubasnica.hr\\\/wp-content\\\/uploads\\\/dani-kruha-PB.jpg\",\"contentUrl\":\"http:\\\/\\\/osnovnaskolamalinskadubasnica.hr\\\/wp-content\\\/uploads\\\/dani-kruha-PB.jpg\"},{\"@type\":\"BreadcrumbList\",\"@id\":\"https:\\\/\\\/osnovnaskolamalinskadubasnica.hr\\\/?p=11256#breadcrumb\",\"itemListElement\":[{\"@type\":\"ListItem\",\"position\":1,\"name\":\"Po\u010detna stranica\",\"item\":\"http:\\\/\\\/osnovnaskolamalinskadubasnica.hr\\\/\"},{\"@type\":\"ListItem\",\"position\":2,\"name\":\"Dani kruha u produ\u017eenom boravku\"}]},{\"@type\":\"WebSite\",\"@id\":\"http:\\\/\\\/osnovnaskolamalinskadubasnica.hr\\\/#website\",\"url\":\"http:\\\/\\\/osnovnaskolamalinskadubasnica.hr\\\/\",\"name\":\"Osnovna \u0161kola Malinska-Duba\u0161nica\",\"description\":\"\",\"potentialAction\":[{\"@type\":\"SearchAction\",\"target\":{\"@type\":\"EntryPoint\",\"urlTemplate\":\"http:\\\/\\\/osnovnaskolamalinskadubasnica.hr\\\/?s={search_term_string}\"},\"query-input\":{\"@type\":\"PropertyValueSpecification\",\"valueRequired\":true,\"valueName\":\"search_term_string\"}}],\"inLanguage\":\"hr\"},{\"@type\":\"Person\",\"@id\":\"http:\\\/\\\/osnovnaskolamalinskadubasnica.hr\\\/#\\\/schema\\\/person\\\/ab4ffae0c646af016b083db5e2445e8f\",\"name\":\"O\u0160 Malinska-Duba\u0161nica\",\"url\":\"http:\\\/\\\/osnovnaskolamalinskadubasnica.hr\\\/?author=1\"}]}<\/script>\n<!-- \/ Yoast SEO plugin. -->","yoast_head_json":{"title":"Dani kruha u produ\u017eenom boravku - Osnovna \u0161kola Malinska-Duba\u0161nica","robots":{"index":"index","follow":"follow","max-snippet":"max-snippet:-1","max-image-preview":"max-image-preview:large","max-video-preview":"max-video-preview:-1"},"canonical":"https:\/\/osnovnaskolamalinskadubasnica.hr\/?p=11256","og_locale":"hr_HR","og_type":"article","og_title":"Dani kruha u produ\u017eenom boravku - Osnovna \u0161kola Malinska-Duba\u0161nica","og_description":"U kreativnoj radionici \u201eKad se vrijedne ruke slo\u017ee\u201c, koja od ove godine djeluje u sklopu programa produ\u017eenog boravka, u \u010detrvtak i petak 12. i 13. listopada u\u010denici i njihove u\u010diteljice Ivana i Sanja na kreativan su na\u010din obilje\u017eili\u00a0 Dane kruha. &hellip; Nastavi \u010ditati &rarr;","og_url":"https:\/\/osnovnaskolamalinskadubasnica.hr\/?p=11256","og_site_name":"Osnovna \u0161kola Malinska-Duba\u0161nica","article_publisher":"https:\/\/www.facebook.com\/osmalinskadubasnica\/","article_published_time":"2017-10-15T16:46:22+00:00","article_modified_time":"2017-10-16T21:24:49+00:00","og_image":[{"url":"https:\/\/osnovnaskolamalinskadubasnica.hr\/wp-content\/uploads\/image-0-02-05-6f3e9d9ac53198b3dc79f40025f1020fd482e8c3abc41c71530ea2b87b9aa813-V-150x150.jpg","type":"","width":"","height":""}],"author":"O\u0160 Malinska-Duba\u0161nica","twitter_card":"summary_large_image","twitter_misc":{"Napisao\/la":"O\u0160 Malinska-Duba\u0161nica","Procijenjeno vrijeme \u010ditanja":"1 minuta"},"schema":{"@context":"https:\/\/schema.org","@graph":[{"@type":"Article","@id":"https:\/\/osnovnaskolamalinskadubasnica.hr\/?p=11256#article","isPartOf":{"@id":"https:\/\/osnovnaskolamalinskadubasnica.hr\/?p=11256"},"author":{"name":"O\u0160 Malinska-Duba\u0161nica","@id":"http:\/\/osnovnaskolamalinskadubasnica.hr\/#\/schema\/person\/ab4ffae0c646af016b083db5e2445e8f"},"headline":"Dani kruha u produ\u017eenom boravku","datePublished":"2017-10-15T16:46:22+00:00","dateModified":"2017-10-16T21:24:49+00:00","mainEntityOfPage":{"@id":"https:\/\/osnovnaskolamalinskadubasnica.hr\/?p=11256"},"wordCount":271,"image":{"@id":"https:\/\/osnovnaskolamalinskadubasnica.hr\/?p=11256#primaryimage"},"thumbnailUrl":"http:\/\/osnovnaskolamalinskadubasnica.hr\/wp-content\/uploads\/dani-kruha-PB.jpg","keywords":["Dani kruha","Ivana Mi\u0161kovi\u0107","izrada kola\u010da","mali pekari","produ\u017eeni boravak","Sanja \u0160palj"],"articleSection":["Doga\u0111anja","Kalendar","Kreativac","Produ\u017eeni boravak","Projekti","Vijesti","Zanimljivosti"],"inLanguage":"hr"},{"@type":"WebPage","@id":"https:\/\/osnovnaskolamalinskadubasnica.hr\/?p=11256","url":"https:\/\/osnovnaskolamalinskadubasnica.hr\/?p=11256","name":"Dani kruha u produ\u017eenom boravku - Osnovna \u0161kola Malinska-Duba\u0161nica","isPartOf":{"@id":"http:\/\/osnovnaskolamalinskadubasnica.hr\/#website"},"primaryImageOfPage":{"@id":"https:\/\/osnovnaskolamalinskadubasnica.hr\/?p=11256#primaryimage"},"image":{"@id":"https:\/\/osnovnaskolamalinskadubasnica.hr\/?p=11256#primaryimage"},"thumbnailUrl":"http:\/\/osnovnaskolamalinskadubasnica.hr\/wp-content\/uploads\/dani-kruha-PB.jpg","datePublished":"2017-10-15T16:46:22+00:00","dateModified":"2017-10-16T21:24:49+00:00","author":{"@id":"http:\/\/osnovnaskolamalinskadubasnica.hr\/#\/schema\/person\/ab4ffae0c646af016b083db5e2445e8f"},"breadcrumb":{"@id":"https:\/\/osnovnaskolamalinskadubasnica.hr\/?p=11256#breadcrumb"},"inLanguage":"hr","potentialAction":[{"@type":"ReadAction","target":["https:\/\/osnovnaskolamalinskadubasnica.hr\/?p=11256"]}]},{"@type":"ImageObject","inLanguage":"hr","@id":"https:\/\/osnovnaskolamalinskadubasnica.hr\/?p=11256#primaryimage","url":"http:\/\/osnovnaskolamalinskadubasnica.hr\/wp-content\/uploads\/dani-kruha-PB.jpg","contentUrl":"http:\/\/osnovnaskolamalinskadubasnica.hr\/wp-content\/uploads\/dani-kruha-PB.jpg"},{"@type":"BreadcrumbList","@id":"https:\/\/osnovnaskolamalinskadubasnica.hr\/?p=11256#breadcrumb","itemListElement":[{"@type":"ListItem","position":1,"name":"Po\u010detna stranica","item":"http:\/\/osnovnaskolamalinskadubasnica.hr\/"},{"@type":"ListItem","position":2,"name":"Dani kruha u produ\u017eenom boravku"}]},{"@type":"WebSite","@id":"http:\/\/osnovnaskolamalinskadubasnica.hr\/#website","url":"http:\/\/osnovnaskolamalinskadubasnica.hr\/","name":"Osnovna \u0161kola Malinska-Duba\u0161nica","description":"","potentialAction":[{"@type":"SearchAction","target":{"@type":"EntryPoint","urlTemplate":"http:\/\/osnovnaskolamalinskadubasnica.hr\/?s={search_term_string}"},"query-input":{"@type":"PropertyValueSpecification","valueRequired":true,"valueName":"search_term_string"}}],"inLanguage":"hr"},{"@type":"Person","@id":"http:\/\/osnovnaskolamalinskadubasnica.hr\/#\/schema\/person\/ab4ffae0c646af016b083db5e2445e8f","name":"O\u0160 Malinska-Duba\u0161nica","url":"http:\/\/osnovnaskolamalinskadubasnica.hr\/?author=1"}]}},"_links":{"self":[{"href":"http:\/\/osnovnaskolamalinskadubasnica.hr\/index.php?rest_route=\/wp\/v2\/posts\/11256","targetHints":{"allow":["GET"]}}],"collection":[{"href":"http:\/\/osnovnaskolamalinskadubasnica.hr\/index.php?rest_route=\/wp\/v2\/posts"}],"about":[{"href":"http:\/\/osnovnaskolamalinskadubasnica.hr\/index.php?rest_route=\/wp\/v2\/types\/post"}],"author":[{"embeddable":true,"href":"http:\/\/osnovnaskolamalinskadubasnica.hr\/index.php?rest_route=\/wp\/v2\/users\/1"}],"replies":[{"embeddable":true,"href":"http:\/\/osnovnaskolamalinskadubasnica.hr\/index.php?rest_route=%2Fwp%2Fv2%2Fcomments&post=11256"}],"version-history":[{"count":2,"href":"http:\/\/osnovnaskolamalinskadubasnica.hr\/index.php?rest_route=\/wp\/v2\/posts\/11256\/revisions"}],"predecessor-version":[{"id":11258,"href":"http:\/\/osnovnaskolamalinskadubasnica.hr\/index.php?rest_route=\/wp\/v2\/posts\/11256\/revisions\/11258"}],"wp:attachment":[{"href":"http:\/\/osnovnaskolamalinskadubasnica.hr\/index.php?rest_route=%2Fwp%2Fv2%2Fmedia&parent=11256"}],"wp:term":[{"taxonomy":"category","embeddable":true,"href":"http:\/\/osnovnaskolamalinskadubasnica.hr\/index.php?rest_route=%2Fwp%2Fv2%2Fcategories&post=11256"},{"taxonomy":"post_tag","embeddable":true,"href":"http:\/\/osnovnaskolamalinskadubasnica.hr\/index.php?rest_route=%2Fwp%2Fv2%2Ftags&post=11256"}],"curies":[{"name":"wp","href":"https:\/\/api.w.org\/{rel}","templated":true}]}}