{"id":11211,"date":"2017-10-02T21:28:03","date_gmt":"2017-10-02T21:28:03","guid":{"rendered":"http:\/\/osnovnaskolamalinskadubasnica.hr\/?p=11211"},"modified":"2017-10-02T21:29:39","modified_gmt":"2017-10-02T21:29:39","slug":"likovne-teme-za-ovogodisnji-kalendar","status":"publish","type":"post","link":"http:\/\/osnovnaskolamalinskadubasnica.hr\/?p=11211","title":{"rendered":"Likovne teme za ovogodi\u0161nji kalendar"},"content":{"rendered":"<p><img loading=\"lazy\" decoding=\"async\" class=\"alignleft wp-image-11220\" src=\"http:\/\/osnovnaskolamalinskadubasnica.hr\/wp-content\/uploads\/likovni-radovi-kalendar.jpg\" alt=\"\" width=\"272\" height=\"188\" \/><\/p>\n<p style=\"text-align: justify;\"><span style=\"color: #000000;\">Ve\u0107 sedmu godinu kre\u0107emo u uzbudljivu likovnu avanturu oblikovanja godi\u0161njeg kalendara tvrtke G.P.P. Miki\u0107. <\/span><\/p>\n<p style=\"text-align: justify;\"><span style=\"color: #000000;\">Inspiraciju smo prona\u0161li u na\u0161oj Duba\u0161nici &#8211; 160 let plovanske crikve sv. Apolinara.<\/span><\/p>\n<p><em><!--more--><span style=\"color: #800000;\">Evo predlo\u017eenih tema za likovne radove:<\/span><\/em><\/p>\n<ol>\n<li><em><span style=\"color: #800000;\">Zvonik<\/span><\/em><\/li>\n<li><em><span style=\"color: #800000;\">Dana\u0161nja duba\u0161ljanska crkva\u00a0 sv. Apolinara ( pro\u010delje, bo\u010dno izgled)<\/span><\/em><\/li>\n<li><em><span style=\"color: #800000;\">Duba\u0161ljanske kapele (bilo koja izvana ili iznutra )<\/span><\/em><\/li>\n<li><em><span style=\"color: #800000;\">Vitraji u crkvi sv. Apolinara<\/span><\/em><\/li>\n<li><em><span style=\"color: #800000;\">Glavni oltar ili bo\u010dni oltar ili samo detalj s nekog oltara<\/span><\/em><\/li>\n<li><em><span style=\"color: #800000;\">Krstionica<\/span><\/em><\/li>\n<li><em><span style=\"color: #800000;\">ambon<\/span><\/em><\/li>\n<li><em><span style=\"color: #800000;\">orgulje<\/span><\/em><\/li>\n<li><em><span style=\"color: #800000;\">freske<\/span><\/em><\/li>\n<li><em><span style=\"color: #800000;\">raspelo<\/span><\/em><\/li>\n<li><em><span style=\"color: #800000;\">kri\u017e<\/span><\/em><\/li>\n<li><em><span style=\"color: #800000;\">svje\u0107njaci<\/span><\/em><\/li>\n<li><em><span style=\"color: #800000;\">Svetohrani\u0161te<\/span><\/em><\/li>\n<li><em><span style=\"color: #800000;\">klupe s detaljima<\/span><\/em><\/li>\n<li><em><span style=\"color: #800000;\">svod<\/span><\/em><\/li>\n<li><em><span style=\"color: #800000;\">bilo koji dio \/ detalj crkve iznutra<\/span><\/em><\/li>\n<li><em><span style=\"color: #800000;\">Zvonik u duba\u0161nici (staro groblje)<\/span><\/em><\/li>\n<li><em><span style=\"color: #800000;\">Zvoni<\/span><\/em><\/li>\n<\/ol>\n<p style=\"text-align: justify;\"><span style=\"color: #000000;\">Popisu mo\u017eete nadodati svoju temu, crkva sv. Apolinara prepuna je lijepih detalja koji vas mogu inspirirati. <strong>Sve likovne tehnike su dozvoljene<\/strong>,\u00a0<span style=\"color: #000000;\">a rok za predaju radova je <strong>16. 10.<\/strong> <strong>2017. godine<\/strong>.<\/span><\/span><\/p>\n<p style=\"text-align: justify;\"><span style=\"color: #000000;\">Stru\u010dna komisija odabrati \u0107e 13 najboljih radova koji \u0107e, uz literarne radove, krasiti listove kalendara za 2018. godinu.<\/span><\/p>\n<p style=\"text-align: justify;\"><span style=\"color: #000000;\">Kao i svake godine, na bo\u017ei\u0107no &#8211; novogodi\u0161njoj priredbi krajem prosinca biti \u0107e sve\u010dano predstavljanje kalendara i nagra\u0111enih autora odabranih radova.<\/span><\/p>\n<p style=\"text-align: justify;\"><span style=\"color: #000000;\">Pozivamo sve da sudjeluju u ovom zanimljivom likovnom natje\u010daju.\u00a0 \ud83d\ude42\u00a0<\/span><\/p>\n<p style=\"text-align: justify;\"><span style=\"color: #000000;\">Na\u0161i \u010detvrta\u0161i ve\u0107 su se uputili u crkvu sv. Apolinara:<\/span><\/p>\n<div id='gallery-1' class='gallery galleryid-11211 gallery-columns-4 gallery-size-thumbnail'><dl class='gallery-item'>\n\t\t\t<dt class='gallery-icon portrait'>\n\t\t\t\t<a href='http:\/\/osnovnaskolamalinskadubasnica.hr\/wp-content\/uploads\/image-0-02-04-3ad4cac74d1164b32fe1795ea3bcdb1968f156b43a08ef4a3daca35d4c3b71e7-V.jpg' title=\"\" data-rl_title=\"\" class=\"rl-gallery-link\" data-rl_caption=\"\" data-rel=\"lightbox-gallery-1\"><img loading=\"lazy\" decoding=\"async\" width=\"150\" height=\"150\" src=\"http:\/\/osnovnaskolamalinskadubasnica.hr\/wp-content\/uploads\/image-0-02-04-3ad4cac74d1164b32fe1795ea3bcdb1968f156b43a08ef4a3daca35d4c3b71e7-V-150x150.jpg\" class=\"attachment-thumbnail size-thumbnail\" alt=\"\" \/><\/a>\n\t\t\t<\/dt><\/dl><dl class='gallery-item'>\n\t\t\t<dt class='gallery-icon landscape'>\n\t\t\t\t<a href='http:\/\/osnovnaskolamalinskadubasnica.hr\/wp-content\/uploads\/image-0-02-04-40dac5a4f15b7a1da21b569ef966167199d6ab144b2b203ac53817defbd49581-V.jpg' title=\"\" data-rl_title=\"\" class=\"rl-gallery-link\" data-rl_caption=\"\" data-rel=\"lightbox-gallery-1\"><img loading=\"lazy\" decoding=\"async\" width=\"150\" height=\"150\" src=\"http:\/\/osnovnaskolamalinskadubasnica.hr\/wp-content\/uploads\/image-0-02-04-40dac5a4f15b7a1da21b569ef966167199d6ab144b2b203ac53817defbd49581-V-150x150.jpg\" class=\"attachment-thumbnail size-thumbnail\" alt=\"\" \/><\/a>\n\t\t\t<\/dt><\/dl><dl class='gallery-item'>\n\t\t\t<dt class='gallery-icon portrait'>\n\t\t\t\t<a href='http:\/\/osnovnaskolamalinskadubasnica.hr\/wp-content\/uploads\/image-0-02-05-02ee04357f633d142e56da5802569f2a4aafec0c62a63e05dc6d8152f58e7b95-V.jpg' title=\"\" data-rl_title=\"\" class=\"rl-gallery-link\" data-rl_caption=\"\" data-rel=\"lightbox-gallery-1\"><img loading=\"lazy\" decoding=\"async\" width=\"150\" height=\"150\" src=\"http:\/\/osnovnaskolamalinskadubasnica.hr\/wp-content\/uploads\/image-0-02-05-02ee04357f633d142e56da5802569f2a4aafec0c62a63e05dc6d8152f58e7b95-V-150x150.jpg\" class=\"attachment-thumbnail size-thumbnail\" alt=\"\" \/><\/a>\n\t\t\t<\/dt><\/dl><dl class='gallery-item'>\n\t\t\t<dt class='gallery-icon portrait'>\n\t\t\t\t<a href='http:\/\/osnovnaskolamalinskadubasnica.hr\/wp-content\/uploads\/image-0-02-04-695903eef5630eb7a857ed106a9ba8b44f7e754070c0949561f2767c3365deb9-V.jpg' title=\"\" data-rl_title=\"\" class=\"rl-gallery-link\" data-rl_caption=\"\" data-rel=\"lightbox-gallery-1\"><img loading=\"lazy\" decoding=\"async\" width=\"150\" height=\"150\" src=\"http:\/\/osnovnaskolamalinskadubasnica.hr\/wp-content\/uploads\/image-0-02-04-695903eef5630eb7a857ed106a9ba8b44f7e754070c0949561f2767c3365deb9-V-150x150.jpg\" class=\"attachment-thumbnail size-thumbnail\" alt=\"\" \/><\/a>\n\t\t\t<\/dt><\/dl><br style=\"clear: both\" \/><dl class='gallery-item'>\n\t\t\t<dt class='gallery-icon portrait'>\n\t\t\t\t<a href='http:\/\/osnovnaskolamalinskadubasnica.hr\/wp-content\/uploads\/image-0-02-05-c096a4b4493e15d67fa40b152bc2678998a31f92fad38048f40b4f831cb4767d-V.jpg' title=\"\" data-rl_title=\"\" class=\"rl-gallery-link\" data-rl_caption=\"\" data-rel=\"lightbox-gallery-1\"><img loading=\"lazy\" decoding=\"async\" width=\"150\" height=\"150\" src=\"http:\/\/osnovnaskolamalinskadubasnica.hr\/wp-content\/uploads\/image-0-02-05-c096a4b4493e15d67fa40b152bc2678998a31f92fad38048f40b4f831cb4767d-V-150x150.jpg\" class=\"attachment-thumbnail size-thumbnail\" alt=\"\" \/><\/a>\n\t\t\t<\/dt><\/dl><dl class='gallery-item'>\n\t\t\t<dt class='gallery-icon portrait'>\n\t\t\t\t<a href='http:\/\/osnovnaskolamalinskadubasnica.hr\/wp-content\/uploads\/image-0-02-04-d024c3b5ba30290a651f1b9e84c4d99ffc893b8e5213b286046a77a95cd3aa5a-V.jpg' title=\"\" data-rl_title=\"\" class=\"rl-gallery-link\" data-rl_caption=\"\" data-rel=\"lightbox-gallery-1\"><img loading=\"lazy\" decoding=\"async\" width=\"150\" height=\"150\" src=\"http:\/\/osnovnaskolamalinskadubasnica.hr\/wp-content\/uploads\/image-0-02-04-d024c3b5ba30290a651f1b9e84c4d99ffc893b8e5213b286046a77a95cd3aa5a-V-150x150.jpg\" class=\"attachment-thumbnail size-thumbnail\" alt=\"\" \/><\/a>\n\t\t\t<\/dt><\/dl><dl class='gallery-item'>\n\t\t\t<dt class='gallery-icon portrait'>\n\t\t\t\t<a href='http:\/\/osnovnaskolamalinskadubasnica.hr\/wp-content\/uploads\/image-0-02-05-f9b51799ef92864e24214a12e10e6e9ef6f829c42ae4f189bade8cf105ac4a99-V.jpg' title=\"\" data-rl_title=\"\" class=\"rl-gallery-link\" data-rl_caption=\"\" data-rel=\"lightbox-gallery-1\"><img loading=\"lazy\" decoding=\"async\" width=\"150\" height=\"150\" src=\"http:\/\/osnovnaskolamalinskadubasnica.hr\/wp-content\/uploads\/image-0-02-05-f9b51799ef92864e24214a12e10e6e9ef6f829c42ae4f189bade8cf105ac4a99-V-150x150.jpg\" class=\"attachment-thumbnail size-thumbnail\" alt=\"\" \/><\/a>\n\t\t\t<\/dt><\/dl><dl class='gallery-item'>\n\t\t\t<dt class='gallery-icon landscape'>\n\t\t\t\t<a href='http:\/\/osnovnaskolamalinskadubasnica.hr\/wp-content\/uploads\/image-0-02-05-dfd726fa872fa919a0017b0378a72e0587c75772ce8df56abd98919bd615b10a-V.jpg' title=\"\" data-rl_title=\"\" class=\"rl-gallery-link\" data-rl_caption=\"\" data-rel=\"lightbox-gallery-1\"><img loading=\"lazy\" decoding=\"async\" width=\"150\" height=\"150\" src=\"http:\/\/osnovnaskolamalinskadubasnica.hr\/wp-content\/uploads\/image-0-02-05-dfd726fa872fa919a0017b0378a72e0587c75772ce8df56abd98919bd615b10a-V-150x150.jpg\" class=\"attachment-thumbnail size-thumbnail\" alt=\"\" \/><\/a>\n\t\t\t<\/dt><\/dl><br style=\"clear: both\" \/>\n\t\t<\/div>\n\n","protected":false},"excerpt":{"rendered":"<p>Ve\u0107 sedmu godinu kre\u0107emo u uzbudljivu likovnu avanturu oblikovanja godi\u0161njeg kalendara tvrtke G.P.P. Miki\u0107. Inspiraciju smo prona\u0161li u na\u0161oj Duba\u0161nici &#8211; 160 let plovanske crikve sv. Apolinara.<\/p>\n","protected":false},"author":1,"featured_media":0,"comment_status":"closed","ping_status":"closed","sticky":false,"template":"","format":"standard","meta":{"footnotes":""},"categories":[154,30,9],"tags":[674,50,347],"class_list":["post-11211","post","type-post","status-publish","format-standard","hentry","category-kreativac","category-projekti","category-vijesti","tag-crkva-sv-apolinara","tag-kalendar","tag-likovni-radovi"],"yoast_head":"<!-- This site is optimized with the Yoast SEO plugin v27.5 - https:\/\/yoast.com\/product\/yoast-seo-wordpress\/ -->\n<title>Likovne teme za ovogodi\u0161nji kalendar - Osnovna \u0161kola Malinska-Duba\u0161nica<\/title>\n<meta name=\"robots\" content=\"index, follow, max-snippet:-1, max-image-preview:large, max-video-preview:-1\" \/>\n<link rel=\"canonical\" href=\"https:\/\/osnovnaskolamalinskadubasnica.hr\/?p=11211\" \/>\n<meta property=\"og:locale\" content=\"hr_HR\" \/>\n<meta property=\"og:type\" content=\"article\" \/>\n<meta property=\"og:title\" content=\"Likovne teme za ovogodi\u0161nji kalendar - Osnovna \u0161kola Malinska-Duba\u0161nica\" \/>\n<meta property=\"og:description\" content=\"Ve\u0107 sedmu godinu kre\u0107emo u uzbudljivu likovnu avanturu oblikovanja godi\u0161njeg kalendara tvrtke G.P.P. Miki\u0107. Inspiraciju smo prona\u0161li u na\u0161oj Duba\u0161nici &#8211; 160 let plovanske crikve sv. Apolinara.\" \/>\n<meta property=\"og:url\" content=\"https:\/\/osnovnaskolamalinskadubasnica.hr\/?p=11211\" \/>\n<meta property=\"og:site_name\" content=\"Osnovna \u0161kola Malinska-Duba\u0161nica\" \/>\n<meta property=\"article:publisher\" content=\"https:\/\/www.facebook.com\/osmalinskadubasnica\/\" \/>\n<meta property=\"article:published_time\" content=\"2017-10-02T21:28:03+00:00\" \/>\n<meta property=\"article:modified_time\" content=\"2017-10-02T21:29:39+00:00\" \/>\n<meta property=\"og:image\" content=\"https:\/\/osnovnaskolamalinskadubasnica.hr\/wp-content\/uploads\/image-0-02-04-3ad4cac74d1164b32fe1795ea3bcdb1968f156b43a08ef4a3daca35d4c3b71e7-V-150x150.jpg\" \/>\n<meta name=\"author\" content=\"O\u0160 Malinska-Duba\u0161nica\" \/>\n<meta name=\"twitter:card\" content=\"summary_large_image\" \/>\n<meta name=\"twitter:label1\" content=\"Napisao\/la\" \/>\n\t<meta name=\"twitter:data1\" content=\"O\u0160 Malinska-Duba\u0161nica\" \/>\n\t<meta name=\"twitter:label2\" content=\"Procijenjeno vrijeme \u010ditanja\" \/>\n\t<meta name=\"twitter:data2\" content=\"1 minuta\" \/>\n<script type=\"application\/ld+json\" class=\"yoast-schema-graph\">{\"@context\":\"https:\\\/\\\/schema.org\",\"@graph\":[{\"@type\":\"Article\",\"@id\":\"https:\\\/\\\/osnovnaskolamalinskadubasnica.hr\\\/?p=11211#article\",\"isPartOf\":{\"@id\":\"https:\\\/\\\/osnovnaskolamalinskadubasnica.hr\\\/?p=11211\"},\"author\":{\"name\":\"O\u0160 Malinska-Duba\u0161nica\",\"@id\":\"http:\\\/\\\/osnovnaskolamalinskadubasnica.hr\\\/#\\\/schema\\\/person\\\/ab4ffae0c646af016b083db5e2445e8f\"},\"headline\":\"Likovne teme za ovogodi\u0161nji kalendar\",\"datePublished\":\"2017-10-02T21:28:03+00:00\",\"dateModified\":\"2017-10-02T21:29:39+00:00\",\"mainEntityOfPage\":{\"@id\":\"https:\\\/\\\/osnovnaskolamalinskadubasnica.hr\\\/?p=11211\"},\"wordCount\":209,\"image\":{\"@id\":\"https:\\\/\\\/osnovnaskolamalinskadubasnica.hr\\\/?p=11211#primaryimage\"},\"thumbnailUrl\":\"http:\\\/\\\/osnovnaskolamalinskadubasnica.hr\\\/wp-content\\\/uploads\\\/likovni-radovi-kalendar.jpg\",\"keywords\":[\"crkva sv. Apolinara\",\"kalendar\",\"likovni radovi\"],\"articleSection\":[\"Kreativac\",\"Projekti\",\"Vijesti\"],\"inLanguage\":\"hr\"},{\"@type\":\"WebPage\",\"@id\":\"https:\\\/\\\/osnovnaskolamalinskadubasnica.hr\\\/?p=11211\",\"url\":\"https:\\\/\\\/osnovnaskolamalinskadubasnica.hr\\\/?p=11211\",\"name\":\"Likovne teme za ovogodi\u0161nji kalendar - Osnovna \u0161kola Malinska-Duba\u0161nica\",\"isPartOf\":{\"@id\":\"http:\\\/\\\/osnovnaskolamalinskadubasnica.hr\\\/#website\"},\"primaryImageOfPage\":{\"@id\":\"https:\\\/\\\/osnovnaskolamalinskadubasnica.hr\\\/?p=11211#primaryimage\"},\"image\":{\"@id\":\"https:\\\/\\\/osnovnaskolamalinskadubasnica.hr\\\/?p=11211#primaryimage\"},\"thumbnailUrl\":\"http:\\\/\\\/osnovnaskolamalinskadubasnica.hr\\\/wp-content\\\/uploads\\\/likovni-radovi-kalendar.jpg\",\"datePublished\":\"2017-10-02T21:28:03+00:00\",\"dateModified\":\"2017-10-02T21:29:39+00:00\",\"author\":{\"@id\":\"http:\\\/\\\/osnovnaskolamalinskadubasnica.hr\\\/#\\\/schema\\\/person\\\/ab4ffae0c646af016b083db5e2445e8f\"},\"breadcrumb\":{\"@id\":\"https:\\\/\\\/osnovnaskolamalinskadubasnica.hr\\\/?p=11211#breadcrumb\"},\"inLanguage\":\"hr\",\"potentialAction\":[{\"@type\":\"ReadAction\",\"target\":[\"https:\\\/\\\/osnovnaskolamalinskadubasnica.hr\\\/?p=11211\"]}]},{\"@type\":\"ImageObject\",\"inLanguage\":\"hr\",\"@id\":\"https:\\\/\\\/osnovnaskolamalinskadubasnica.hr\\\/?p=11211#primaryimage\",\"url\":\"http:\\\/\\\/osnovnaskolamalinskadubasnica.hr\\\/wp-content\\\/uploads\\\/likovni-radovi-kalendar.jpg\",\"contentUrl\":\"http:\\\/\\\/osnovnaskolamalinskadubasnica.hr\\\/wp-content\\\/uploads\\\/likovni-radovi-kalendar.jpg\",\"width\":658,\"height\":455},{\"@type\":\"BreadcrumbList\",\"@id\":\"https:\\\/\\\/osnovnaskolamalinskadubasnica.hr\\\/?p=11211#breadcrumb\",\"itemListElement\":[{\"@type\":\"ListItem\",\"position\":1,\"name\":\"Po\u010detna stranica\",\"item\":\"http:\\\/\\\/osnovnaskolamalinskadubasnica.hr\\\/\"},{\"@type\":\"ListItem\",\"position\":2,\"name\":\"Likovne teme za ovogodi\u0161nji kalendar\"}]},{\"@type\":\"WebSite\",\"@id\":\"http:\\\/\\\/osnovnaskolamalinskadubasnica.hr\\\/#website\",\"url\":\"http:\\\/\\\/osnovnaskolamalinskadubasnica.hr\\\/\",\"name\":\"Osnovna \u0161kola Malinska-Duba\u0161nica\",\"description\":\"\",\"potentialAction\":[{\"@type\":\"SearchAction\",\"target\":{\"@type\":\"EntryPoint\",\"urlTemplate\":\"http:\\\/\\\/osnovnaskolamalinskadubasnica.hr\\\/?s={search_term_string}\"},\"query-input\":{\"@type\":\"PropertyValueSpecification\",\"valueRequired\":true,\"valueName\":\"search_term_string\"}}],\"inLanguage\":\"hr\"},{\"@type\":\"Person\",\"@id\":\"http:\\\/\\\/osnovnaskolamalinskadubasnica.hr\\\/#\\\/schema\\\/person\\\/ab4ffae0c646af016b083db5e2445e8f\",\"name\":\"O\u0160 Malinska-Duba\u0161nica\",\"url\":\"http:\\\/\\\/osnovnaskolamalinskadubasnica.hr\\\/?author=1\"}]}<\/script>\n<!-- \/ Yoast SEO plugin. -->","yoast_head_json":{"title":"Likovne teme za ovogodi\u0161nji kalendar - Osnovna \u0161kola Malinska-Duba\u0161nica","robots":{"index":"index","follow":"follow","max-snippet":"max-snippet:-1","max-image-preview":"max-image-preview:large","max-video-preview":"max-video-preview:-1"},"canonical":"https:\/\/osnovnaskolamalinskadubasnica.hr\/?p=11211","og_locale":"hr_HR","og_type":"article","og_title":"Likovne teme za ovogodi\u0161nji kalendar - Osnovna \u0161kola Malinska-Duba\u0161nica","og_description":"Ve\u0107 sedmu godinu kre\u0107emo u uzbudljivu likovnu avanturu oblikovanja godi\u0161njeg kalendara tvrtke G.P.P. Miki\u0107. Inspiraciju smo prona\u0161li u na\u0161oj Duba\u0161nici &#8211; 160 let plovanske crikve sv. Apolinara.","og_url":"https:\/\/osnovnaskolamalinskadubasnica.hr\/?p=11211","og_site_name":"Osnovna \u0161kola Malinska-Duba\u0161nica","article_publisher":"https:\/\/www.facebook.com\/osmalinskadubasnica\/","article_published_time":"2017-10-02T21:28:03+00:00","article_modified_time":"2017-10-02T21:29:39+00:00","og_image":[{"url":"https:\/\/osnovnaskolamalinskadubasnica.hr\/wp-content\/uploads\/image-0-02-04-3ad4cac74d1164b32fe1795ea3bcdb1968f156b43a08ef4a3daca35d4c3b71e7-V-150x150.jpg","type":"","width":"","height":""}],"author":"O\u0160 Malinska-Duba\u0161nica","twitter_card":"summary_large_image","twitter_misc":{"Napisao\/la":"O\u0160 Malinska-Duba\u0161nica","Procijenjeno vrijeme \u010ditanja":"1 minuta"},"schema":{"@context":"https:\/\/schema.org","@graph":[{"@type":"Article","@id":"https:\/\/osnovnaskolamalinskadubasnica.hr\/?p=11211#article","isPartOf":{"@id":"https:\/\/osnovnaskolamalinskadubasnica.hr\/?p=11211"},"author":{"name":"O\u0160 Malinska-Duba\u0161nica","@id":"http:\/\/osnovnaskolamalinskadubasnica.hr\/#\/schema\/person\/ab4ffae0c646af016b083db5e2445e8f"},"headline":"Likovne teme za ovogodi\u0161nji kalendar","datePublished":"2017-10-02T21:28:03+00:00","dateModified":"2017-10-02T21:29:39+00:00","mainEntityOfPage":{"@id":"https:\/\/osnovnaskolamalinskadubasnica.hr\/?p=11211"},"wordCount":209,"image":{"@id":"https:\/\/osnovnaskolamalinskadubasnica.hr\/?p=11211#primaryimage"},"thumbnailUrl":"http:\/\/osnovnaskolamalinskadubasnica.hr\/wp-content\/uploads\/likovni-radovi-kalendar.jpg","keywords":["crkva sv. Apolinara","kalendar","likovni radovi"],"articleSection":["Kreativac","Projekti","Vijesti"],"inLanguage":"hr"},{"@type":"WebPage","@id":"https:\/\/osnovnaskolamalinskadubasnica.hr\/?p=11211","url":"https:\/\/osnovnaskolamalinskadubasnica.hr\/?p=11211","name":"Likovne teme za ovogodi\u0161nji kalendar - Osnovna \u0161kola Malinska-Duba\u0161nica","isPartOf":{"@id":"http:\/\/osnovnaskolamalinskadubasnica.hr\/#website"},"primaryImageOfPage":{"@id":"https:\/\/osnovnaskolamalinskadubasnica.hr\/?p=11211#primaryimage"},"image":{"@id":"https:\/\/osnovnaskolamalinskadubasnica.hr\/?p=11211#primaryimage"},"thumbnailUrl":"http:\/\/osnovnaskolamalinskadubasnica.hr\/wp-content\/uploads\/likovni-radovi-kalendar.jpg","datePublished":"2017-10-02T21:28:03+00:00","dateModified":"2017-10-02T21:29:39+00:00","author":{"@id":"http:\/\/osnovnaskolamalinskadubasnica.hr\/#\/schema\/person\/ab4ffae0c646af016b083db5e2445e8f"},"breadcrumb":{"@id":"https:\/\/osnovnaskolamalinskadubasnica.hr\/?p=11211#breadcrumb"},"inLanguage":"hr","potentialAction":[{"@type":"ReadAction","target":["https:\/\/osnovnaskolamalinskadubasnica.hr\/?p=11211"]}]},{"@type":"ImageObject","inLanguage":"hr","@id":"https:\/\/osnovnaskolamalinskadubasnica.hr\/?p=11211#primaryimage","url":"http:\/\/osnovnaskolamalinskadubasnica.hr\/wp-content\/uploads\/likovni-radovi-kalendar.jpg","contentUrl":"http:\/\/osnovnaskolamalinskadubasnica.hr\/wp-content\/uploads\/likovni-radovi-kalendar.jpg","width":658,"height":455},{"@type":"BreadcrumbList","@id":"https:\/\/osnovnaskolamalinskadubasnica.hr\/?p=11211#breadcrumb","itemListElement":[{"@type":"ListItem","position":1,"name":"Po\u010detna stranica","item":"http:\/\/osnovnaskolamalinskadubasnica.hr\/"},{"@type":"ListItem","position":2,"name":"Likovne teme za ovogodi\u0161nji kalendar"}]},{"@type":"WebSite","@id":"http:\/\/osnovnaskolamalinskadubasnica.hr\/#website","url":"http:\/\/osnovnaskolamalinskadubasnica.hr\/","name":"Osnovna \u0161kola Malinska-Duba\u0161nica","description":"","potentialAction":[{"@type":"SearchAction","target":{"@type":"EntryPoint","urlTemplate":"http:\/\/osnovnaskolamalinskadubasnica.hr\/?s={search_term_string}"},"query-input":{"@type":"PropertyValueSpecification","valueRequired":true,"valueName":"search_term_string"}}],"inLanguage":"hr"},{"@type":"Person","@id":"http:\/\/osnovnaskolamalinskadubasnica.hr\/#\/schema\/person\/ab4ffae0c646af016b083db5e2445e8f","name":"O\u0160 Malinska-Duba\u0161nica","url":"http:\/\/osnovnaskolamalinskadubasnica.hr\/?author=1"}]}},"_links":{"self":[{"href":"http:\/\/osnovnaskolamalinskadubasnica.hr\/index.php?rest_route=\/wp\/v2\/posts\/11211","targetHints":{"allow":["GET"]}}],"collection":[{"href":"http:\/\/osnovnaskolamalinskadubasnica.hr\/index.php?rest_route=\/wp\/v2\/posts"}],"about":[{"href":"http:\/\/osnovnaskolamalinskadubasnica.hr\/index.php?rest_route=\/wp\/v2\/types\/post"}],"author":[{"embeddable":true,"href":"http:\/\/osnovnaskolamalinskadubasnica.hr\/index.php?rest_route=\/wp\/v2\/users\/1"}],"replies":[{"embeddable":true,"href":"http:\/\/osnovnaskolamalinskadubasnica.hr\/index.php?rest_route=%2Fwp%2Fv2%2Fcomments&post=11211"}],"version-history":[{"count":3,"href":"http:\/\/osnovnaskolamalinskadubasnica.hr\/index.php?rest_route=\/wp\/v2\/posts\/11211\/revisions"}],"predecessor-version":[{"id":11223,"href":"http:\/\/osnovnaskolamalinskadubasnica.hr\/index.php?rest_route=\/wp\/v2\/posts\/11211\/revisions\/11223"}],"wp:attachment":[{"href":"http:\/\/osnovnaskolamalinskadubasnica.hr\/index.php?rest_route=%2Fwp%2Fv2%2Fmedia&parent=11211"}],"wp:term":[{"taxonomy":"category","embeddable":true,"href":"http:\/\/osnovnaskolamalinskadubasnica.hr\/index.php?rest_route=%2Fwp%2Fv2%2Fcategories&post=11211"},{"taxonomy":"post_tag","embeddable":true,"href":"http:\/\/osnovnaskolamalinskadubasnica.hr\/index.php?rest_route=%2Fwp%2Fv2%2Ftags&post=11211"}],"curies":[{"name":"wp","href":"https:\/\/api.w.org\/{rel}","templated":true}]}}